{"id":60127,"date":"2021-07-15T11:30:40","date_gmt":"2021-07-15T11:30:40","guid":{"rendered":"http:\/\/www.noticiasradioreflejos.com.ar\/2021\/?p=60127"},"modified":"2021-07-15T11:34:05","modified_gmt":"2021-07-15T11:34:05","slug":"de-aquella-tardes-pasadas-en-nuestra-ninez-revivimos-las-voces-de-personajes-inolvidables-junto-al-disenador-pelusa-suero","status":"publish","type":"post","link":"https:\/\/www.noticiasradioreflejos.com.ar\/2021\/de-aquella-tardes-pasadas-en-nuestra-ninez-revivimos-las-voces-de-personajes-inolvidables-junto-al-disenador-pelusa-suero\/","title":{"rendered":"De aquellas tardes pasadas en nuestra ni\u00f1ez, revivimos las voces de personajes inolvidables junto al dise\u00f1ador Pelusa Suero"},"content":{"rendered":"<p>Tuvimos el honor de hablar con un dise\u00f1ador de voces, una persona que marco nuestras vidas a partir de darle voz a varios personajes de dibujos animados, publicidades, jingles y doblajes en espa\u00f1ol. De aquella tardes pasadas en nuestra ni\u00f1ez, all\u00e1 lejos en el tiempo, a la hora de la merienda, Hijitus y sus amigos eran una compa\u00f1\u00eda sana y divertida. El se\u00f1or <strong>Pedro Domingo \u00abPelusa\u00bb Suero<\/strong>, locutor y actor de voz argentino, ha prestado su voz a muchos personajes animados en las pel\u00edculas animadas, series y anuncios del dibujante Manuel Garc\u00eda Ferr\u00e9. Su personaje m\u00e1s conocido de estos dibujos animados es Larguirucho.<!--more--><\/p>\n<p>\u00abHace casi 7 d\u00e9cadas que trabajo de esto. Tengo 82 a\u00f1os y empec\u00e9 a los 14, y en ese tiempo hemos grabado unos 6000 comerciales\u00bb.<\/p>\n<p>Naci\u00f3 en casa de m\u00fasicos, su mam\u00e1 y su t\u00eda no eran profesionales pero eran aficionadas de calidad. \u00abMuy folkl\u00f3ricos, todo eso fue un alimento permanente. Mi mam\u00e1 me ense\u00f1\u00f3 a cantar a los 3 a\u00f1os, la risa de la gente para mi era un aplauso\u00bb describi\u00f3 Pelusa su ni\u00f1ez.<\/p>\n<p>En su adolescencia, Pelusa trabaj\u00f3 como cantante en un quinteto vocal. \u00ab\u00c9ramos muy chiquitos pero trabaj\u00e1bamos seriamente\u00bb. Coment\u00f3 que a la edad de los 14 a\u00f1os fue la primera vez que entr\u00f3 a un estudio de grabaci\u00f3n profesional gracias a uno de los compa\u00f1eros del quinteto. \u00abMe met\u00ed y me encant\u00f3, me hice amigo de los t\u00e9cnicos, les ped\u00ed permiso para presenciar grabaciones y ah\u00ed empez\u00f3 mi vida profesional\u00bb.<\/p>\n<p>Entre los trabajos que m\u00e1s satisfacciones le dio hacer se encuentran los latiguillos que m\u00e1s se han pegado al habla cotidiana de la gente, como lo es \u00abmomentito, pluma pluma\u00bb.<\/p>\n<p>Tambi\u00e9n estuvimos hablando sobre las voces que realiz\u00f3 en las tiras de Ferr\u00e9. \u00abGarc\u00eda Ferr\u00e9 vio mi flexibilidad, y cuando se cans\u00f3 de la publicidad, decidi\u00f3 hacer una tira de entretenimiento puro como fue Hijitus. Ah\u00ed me pide las voces de Larguirucho, Pucho y el Profesor Neurus\u00bb.<\/p>\n<p><iframe loading=\"lazy\" src=\"https:\/\/w.soundcloud.com\/player\/?url=https%3A\/\/api.soundcloud.com\/tracks\/1087405774&amp;color=%23ff5500&amp;auto_play=false&amp;hide_related=false&amp;show_comments=true&amp;show_user=true&amp;show_reposts=false&amp;show_teaser=true\" width=\"100%\" height=\"166\" frameborder=\"no\" scrolling=\"no\"><\/iframe><\/p>\n<div style=\"font-size: 10px; color: #cccccc; line-break: anywhere; word-break: normal; overflow: hidden; white-space: nowrap; text-overflow: ellipsis; font-family: Interstate,Lucida Grande,Lucida Sans Unicode,Lucida Sans,Garuda,Verdana,Tahoma,sans-serif; font-weight: 100;\"><a style=\"color: #cccccc; text-decoration: none;\" title=\"fmreflejos 103.7\" href=\"https:\/\/soundcloud.com\/fmreflejos-103-7\" target=\"_blank\" rel=\"noopener\">fmreflejos 103.7<\/a> \u00b7 <a style=\"color: #cccccc; text-decoration: none;\" title=\"Pedro Domingo Suero\" href=\"https:\/\/soundcloud.com\/fmreflejos-103-7\/pedro-domingo-suero\" target=\"_blank\" rel=\"noopener\">Pedro Domingo Suero<\/a><\/div>\n<p>\u00abLe rajo como loco a imitar\u00bb contest\u00f3 Pelusa cuando le consultamos c\u00f3mo es el proceso de creaci\u00f3n de cada voz. \u00abLa personalidad no la invento yo, la inventa el guionista. Hay voces que tienen que ver con la morfolog\u00eda y con la psicolog\u00eda\u00bb explic\u00f3 detalladamente y desarroll\u00f3 a\u00fan m\u00e1s con uno de sus personajes. En el caso de Larguirucho, el personaje tiene un gran diente que le tapa la salida de la boca, eso le da idea al vocalista de que tiene que modificar la fonaci\u00f3n. La psicolog\u00eda dice que Larguirucho estaba medio loco, entonces la voz creada por el autor es el resultado de tener en cuenta a esas dos variantes.<\/p>\n<p><a title=\"Caloi, Clemente y pelusa\" href=\"https:\/\/www.flickr.com\/photos\/182279889@N02\/51313856595\/in\/dateposted-public\/\" data-flickr-embed=\"true\"><img loading=\"lazy\" decoding=\"async\" src=\"https:\/\/live.staticflickr.com\/65535\/51313856595_20c9f58eb3_z.jpg\" alt=\"Caloi, Clemente y pelusa\" width=\"640\" height=\"405\" \/><\/a><script async src=\"\/\/embedr.flickr.com\/assets\/client-code.js\" charset=\"utf-8\"><\/script><\/p>\n<p>Pelusa coment\u00f3 que para grabar estas tiras que duraban pocos minutos, pasaban horas y horas trabajando. Adem\u00e1s de que iban grabando 3 meses adelantados a lo que se mostraba al aire.<\/p>\n<p>En la actualidad, Pelusa tiene un proyecto muy interesante junto a su esposa. \u00abLa pandemia ha frenado todo, entonces, algo hay que hacer. Con Mar\u00eda Isabel, que es locutora, tenemos la suerte que por m\u00e1s que la edad corre, la garganta y el cerebro responden\u00bb coment\u00f3. Pelusa y Mar\u00eda Isabel est\u00e1n grabando cuentos cortos llamados \u00abPelusa Suero y Mar\u00eda Isabel presentan\u00bb. Comunic\u00f3 que algunos cuentos ser\u00e1n subidos a Youtube.<\/p>\n","protected":false},"excerpt":{"rendered":"<p>Tuvimos el honor de hablar con un dise\u00f1ador de voces, una persona que marco nuestras vidas a partir de darle voz a varios personajes de dibujos animados, publicidades, jingles y doblajes en espa\u00f1ol. De aquella tardes pasadas en nuestra ni\u00f1ez, all\u00e1 lejos en el tiempo, a la hora de la merienda, Hijitus y sus amigos eran una compa\u00f1\u00eda sana y divertida. El se\u00f1or Pedro Domingo \u00abPelusa\u00bb Suero, locutor y actor de voz argentino, ha prestado su voz a muchos personajes animados en las pel\u00edculas animadas, series y anuncios del dibujante Manuel Garc\u00eda Ferr\u00e9. Su personaje m\u00e1s conocido de estos dibujos animados es Larguirucho.<\/p>\n","protected":false},"author":3,"featured_media":0,"comment_status":"closed","ping_status":"closed","sticky":false,"template":"","format":"standard","meta":{"footnotes":""},"categories":[35],"tags":[48],"class_list":["post-60127","post","type-post","status-publish","format-standard","hentry","category-cultura","tag-destacada"],"yoast_head":"<!-- This site is optimized with the Yoast SEO plugin v25.9 - https:\/\/yoast.com\/wordpress\/plugins\/seo\/ -->\n<title>De aquellas tardes pasadas en nuestra ni\u00f1ez, revivimos las voces de personajes inolvidables junto al dise\u00f1ador Pelusa Suero - Noticias Radio Reflejos<\/title>\n<meta name=\"robots\" content=\"index, follow, max-snippet:-1, max-image-preview:large, max-video-preview:-1\" \/>\n<link rel=\"canonical\" href=\"https:\/\/www.noticiasradioreflejos.com.ar\/2021\/de-aquella-tardes-pasadas-en-nuestra-ninez-revivimos-las-voces-de-personajes-inolvidables-junto-al-disenador-pelusa-suero\/\" \/>\n<meta property=\"og:locale\" content=\"es_ES\" \/>\n<meta property=\"og:type\" content=\"article\" \/>\n<meta property=\"og:title\" content=\"De aquellas tardes pasadas en nuestra ni\u00f1ez, revivimos las voces de personajes inolvidables junto al dise\u00f1ador Pelusa Suero - Noticias Radio Reflejos\" \/>\n<meta property=\"og:description\" content=\"Tuvimos el honor de hablar con un dise\u00f1ador de voces, una persona que marco nuestras vidas a partir de darle voz a varios personajes de dibujos animados, publicidades, jingles y doblajes en espa\u00f1ol. De aquella tardes pasadas en nuestra ni\u00f1ez, all\u00e1 lejos en el tiempo, a la hora de la merienda, Hijitus y sus amigos eran una compa\u00f1\u00eda sana y divertida. El se\u00f1or Pedro Domingo &quot;Pelusa&quot; Suero, locutor y actor de voz argentino, ha prestado su voz a muchos personajes animados en las pel\u00edculas animadas, series y anuncios del dibujante Manuel Garc\u00eda Ferr\u00e9. Su personaje m\u00e1s conocido de estos dibujos animados es Larguirucho.\" \/>\n<meta property=\"og:url\" content=\"https:\/\/www.noticiasradioreflejos.com.ar\/2021\/de-aquella-tardes-pasadas-en-nuestra-ninez-revivimos-las-voces-de-personajes-inolvidables-junto-al-disenador-pelusa-suero\/\" \/>\n<meta property=\"og:site_name\" content=\"Noticias Radio Reflejos\" \/>\n<meta property=\"article:published_time\" content=\"2021-07-15T11:30:40+00:00\" \/>\n<meta property=\"article:modified_time\" content=\"2021-07-15T11:34:05+00:00\" \/>\n<meta property=\"og:image\" content=\"https:\/\/live.staticflickr.com\/65535\/51313856595_20c9f58eb3_z.jpg\" \/>\n<meta name=\"author\" content=\"Arnaldo Botto\" \/>\n<meta name=\"twitter:card\" content=\"summary_large_image\" \/>\n<script type=\"application\/ld+json\" class=\"yoast-schema-graph\">{\"@context\":\"https:\/\/schema.org\",\"@graph\":[{\"@type\":\"WebPage\",\"@id\":\"https:\/\/www.noticiasradioreflejos.com.ar\/2021\/de-aquella-tardes-pasadas-en-nuestra-ninez-revivimos-las-voces-de-personajes-inolvidables-junto-al-disenador-pelusa-suero\/\",\"url\":\"https:\/\/www.noticiasradioreflejos.com.ar\/2021\/de-aquella-tardes-pasadas-en-nuestra-ninez-revivimos-las-voces-de-personajes-inolvidables-junto-al-disenador-pelusa-suero\/\",\"name\":\"De aquellas tardes pasadas en nuestra ni\u00f1ez, revivimos las voces de personajes inolvidables junto al dise\u00f1ador Pelusa Suero - Noticias Radio Reflejos\",\"isPartOf\":{\"@id\":\"https:\/\/www.noticiasradioreflejos.com.ar\/2021\/#website\"},\"primaryImageOfPage\":{\"@id\":\"https:\/\/www.noticiasradioreflejos.com.ar\/2021\/de-aquella-tardes-pasadas-en-nuestra-ninez-revivimos-las-voces-de-personajes-inolvidables-junto-al-disenador-pelusa-suero\/#primaryimage\"},\"image\":{\"@id\":\"https:\/\/www.noticiasradioreflejos.com.ar\/2021\/de-aquella-tardes-pasadas-en-nuestra-ninez-revivimos-las-voces-de-personajes-inolvidables-junto-al-disenador-pelusa-suero\/#primaryimage\"},\"thumbnailUrl\":\"https:\/\/live.staticflickr.com\/65535\/51313856595_20c9f58eb3_z.jpg\",\"datePublished\":\"2021-07-15T11:30:40+00:00\",\"dateModified\":\"2021-07-15T11:34:05+00:00\",\"author\":{\"@id\":\"https:\/\/www.noticiasradioreflejos.com.ar\/2021\/#\/schema\/person\/ad82545263dcc5ec0996818884fd5fb1\"},\"breadcrumb\":{\"@id\":\"https:\/\/www.noticiasradioreflejos.com.ar\/2021\/de-aquella-tardes-pasadas-en-nuestra-ninez-revivimos-las-voces-de-personajes-inolvidables-junto-al-disenador-pelusa-suero\/#breadcrumb\"},\"inLanguage\":\"es\",\"potentialAction\":[{\"@type\":\"ReadAction\",\"target\":[\"https:\/\/www.noticiasradioreflejos.com.ar\/2021\/de-aquella-tardes-pasadas-en-nuestra-ninez-revivimos-las-voces-de-personajes-inolvidables-junto-al-disenador-pelusa-suero\/\"]}]},{\"@type\":\"ImageObject\",\"inLanguage\":\"es\",\"@id\":\"https:\/\/www.noticiasradioreflejos.com.ar\/2021\/de-aquella-tardes-pasadas-en-nuestra-ninez-revivimos-las-voces-de-personajes-inolvidables-junto-al-disenador-pelusa-suero\/#primaryimage\",\"url\":\"https:\/\/live.staticflickr.com\/65535\/51313856595_20c9f58eb3_z.jpg\",\"contentUrl\":\"https:\/\/live.staticflickr.com\/65535\/51313856595_20c9f58eb3_z.jpg\"},{\"@type\":\"BreadcrumbList\",\"@id\":\"https:\/\/www.noticiasradioreflejos.com.ar\/2021\/de-aquella-tardes-pasadas-en-nuestra-ninez-revivimos-las-voces-de-personajes-inolvidables-junto-al-disenador-pelusa-suero\/#breadcrumb\",\"itemListElement\":[{\"@type\":\"ListItem\",\"position\":1,\"name\":\"Portada\",\"item\":\"https:\/\/www.noticiasradioreflejos.com.ar\/2021\/\"},{\"@type\":\"ListItem\",\"position\":2,\"name\":\"De aquellas tardes pasadas en nuestra ni\u00f1ez, revivimos las voces de personajes inolvidables junto al dise\u00f1ador Pelusa Suero\"}]},{\"@type\":\"WebSite\",\"@id\":\"https:\/\/www.noticiasradioreflejos.com.ar\/2021\/#website\",\"url\":\"https:\/\/www.noticiasradioreflejos.com.ar\/2021\/\",\"name\":\"Noticias Radio Reflejos\",\"description\":\"Las noticias de mi comarca\",\"potentialAction\":[{\"@type\":\"SearchAction\",\"target\":{\"@type\":\"EntryPoint\",\"urlTemplate\":\"https:\/\/www.noticiasradioreflejos.com.ar\/2021\/?s={search_term_string}\"},\"query-input\":{\"@type\":\"PropertyValueSpecification\",\"valueRequired\":true,\"valueName\":\"search_term_string\"}}],\"inLanguage\":\"es\"},{\"@type\":\"Person\",\"@id\":\"https:\/\/www.noticiasradioreflejos.com.ar\/2021\/#\/schema\/person\/ad82545263dcc5ec0996818884fd5fb1\",\"name\":\"Arnaldo Botto\",\"image\":{\"@type\":\"ImageObject\",\"inLanguage\":\"es\",\"@id\":\"https:\/\/www.noticiasradioreflejos.com.ar\/2021\/#\/schema\/person\/image\/\",\"url\":\"https:\/\/secure.gravatar.com\/avatar\/55cb5e37c1efa326397366e6974cb338056df65cb50e7d64d1cf314e87504837?s=96&d=mm&r=g\",\"contentUrl\":\"https:\/\/secure.gravatar.com\/avatar\/55cb5e37c1efa326397366e6974cb338056df65cb50e7d64d1cf314e87504837?s=96&d=mm&r=g\",\"caption\":\"Arnaldo Botto\"},\"url\":\"https:\/\/www.noticiasradioreflejos.com.ar\/2021\/author\/arnaldo\/\"}]}<\/script>\n<!-- \/ Yoast SEO plugin. -->","yoast_head_json":{"title":"De aquellas tardes pasadas en nuestra ni\u00f1ez, revivimos las voces de personajes inolvidables junto al dise\u00f1ador Pelusa Suero - Noticias Radio Reflejos","robots":{"index":"index","follow":"follow","max-snippet":"max-snippet:-1","max-image-preview":"max-image-preview:large","max-video-preview":"max-video-preview:-1"},"canonical":"https:\/\/www.noticiasradioreflejos.com.ar\/2021\/de-aquella-tardes-pasadas-en-nuestra-ninez-revivimos-las-voces-de-personajes-inolvidables-junto-al-disenador-pelusa-suero\/","og_locale":"es_ES","og_type":"article","og_title":"De aquellas tardes pasadas en nuestra ni\u00f1ez, revivimos las voces de personajes inolvidables junto al dise\u00f1ador Pelusa Suero - Noticias Radio Reflejos","og_description":"Tuvimos el honor de hablar con un dise\u00f1ador de voces, una persona que marco nuestras vidas a partir de darle voz a varios personajes de dibujos animados, publicidades, jingles y doblajes en espa\u00f1ol. De aquella tardes pasadas en nuestra ni\u00f1ez, all\u00e1 lejos en el tiempo, a la hora de la merienda, Hijitus y sus amigos eran una compa\u00f1\u00eda sana y divertida. El se\u00f1or Pedro Domingo \"Pelusa\" Suero, locutor y actor de voz argentino, ha prestado su voz a muchos personajes animados en las pel\u00edculas animadas, series y anuncios del dibujante Manuel Garc\u00eda Ferr\u00e9. Su personaje m\u00e1s conocido de estos dibujos animados es Larguirucho.","og_url":"https:\/\/www.noticiasradioreflejos.com.ar\/2021\/de-aquella-tardes-pasadas-en-nuestra-ninez-revivimos-las-voces-de-personajes-inolvidables-junto-al-disenador-pelusa-suero\/","og_site_name":"Noticias Radio Reflejos","article_published_time":"2021-07-15T11:30:40+00:00","article_modified_time":"2021-07-15T11:34:05+00:00","og_image":[{"url":"https:\/\/live.staticflickr.com\/65535\/51313856595_20c9f58eb3_z.jpg","type":"","width":"","height":""}],"author":"Arnaldo Botto","twitter_card":"summary_large_image","schema":{"@context":"https:\/\/schema.org","@graph":[{"@type":"WebPage","@id":"https:\/\/www.noticiasradioreflejos.com.ar\/2021\/de-aquella-tardes-pasadas-en-nuestra-ninez-revivimos-las-voces-de-personajes-inolvidables-junto-al-disenador-pelusa-suero\/","url":"https:\/\/www.noticiasradioreflejos.com.ar\/2021\/de-aquella-tardes-pasadas-en-nuestra-ninez-revivimos-las-voces-de-personajes-inolvidables-junto-al-disenador-pelusa-suero\/","name":"De aquellas tardes pasadas en nuestra ni\u00f1ez, revivimos las voces de personajes inolvidables junto al dise\u00f1ador Pelusa Suero - Noticias Radio Reflejos","isPartOf":{"@id":"https:\/\/www.noticiasradioreflejos.com.ar\/2021\/#website"},"primaryImageOfPage":{"@id":"https:\/\/www.noticiasradioreflejos.com.ar\/2021\/de-aquella-tardes-pasadas-en-nuestra-ninez-revivimos-las-voces-de-personajes-inolvidables-junto-al-disenador-pelusa-suero\/#primaryimage"},"image":{"@id":"https:\/\/www.noticiasradioreflejos.com.ar\/2021\/de-aquella-tardes-pasadas-en-nuestra-ninez-revivimos-las-voces-de-personajes-inolvidables-junto-al-disenador-pelusa-suero\/#primaryimage"},"thumbnailUrl":"https:\/\/live.staticflickr.com\/65535\/51313856595_20c9f58eb3_z.jpg","datePublished":"2021-07-15T11:30:40+00:00","dateModified":"2021-07-15T11:34:05+00:00","author":{"@id":"https:\/\/www.noticiasradioreflejos.com.ar\/2021\/#\/schema\/person\/ad82545263dcc5ec0996818884fd5fb1"},"breadcrumb":{"@id":"https:\/\/www.noticiasradioreflejos.com.ar\/2021\/de-aquella-tardes-pasadas-en-nuestra-ninez-revivimos-las-voces-de-personajes-inolvidables-junto-al-disenador-pelusa-suero\/#breadcrumb"},"inLanguage":"es","potentialAction":[{"@type":"ReadAction","target":["https:\/\/www.noticiasradioreflejos.com.ar\/2021\/de-aquella-tardes-pasadas-en-nuestra-ninez-revivimos-las-voces-de-personajes-inolvidables-junto-al-disenador-pelusa-suero\/"]}]},{"@type":"ImageObject","inLanguage":"es","@id":"https:\/\/www.noticiasradioreflejos.com.ar\/2021\/de-aquella-tardes-pasadas-en-nuestra-ninez-revivimos-las-voces-de-personajes-inolvidables-junto-al-disenador-pelusa-suero\/#primaryimage","url":"https:\/\/live.staticflickr.com\/65535\/51313856595_20c9f58eb3_z.jpg","contentUrl":"https:\/\/live.staticflickr.com\/65535\/51313856595_20c9f58eb3_z.jpg"},{"@type":"BreadcrumbList","@id":"https:\/\/www.noticiasradioreflejos.com.ar\/2021\/de-aquella-tardes-pasadas-en-nuestra-ninez-revivimos-las-voces-de-personajes-inolvidables-junto-al-disenador-pelusa-suero\/#breadcrumb","itemListElement":[{"@type":"ListItem","position":1,"name":"Portada","item":"https:\/\/www.noticiasradioreflejos.com.ar\/2021\/"},{"@type":"ListItem","position":2,"name":"De aquellas tardes pasadas en nuestra ni\u00f1ez, revivimos las voces de personajes inolvidables junto al dise\u00f1ador Pelusa Suero"}]},{"@type":"WebSite","@id":"https:\/\/www.noticiasradioreflejos.com.ar\/2021\/#website","url":"https:\/\/www.noticiasradioreflejos.com.ar\/2021\/","name":"Noticias Radio Reflejos","description":"Las noticias de mi comarca","potentialAction":[{"@type":"SearchAction","target":{"@type":"EntryPoint","urlTemplate":"https:\/\/www.noticiasradioreflejos.com.ar\/2021\/?s={search_term_string}"},"query-input":{"@type":"PropertyValueSpecification","valueRequired":true,"valueName":"search_term_string"}}],"inLanguage":"es"},{"@type":"Person","@id":"https:\/\/www.noticiasradioreflejos.com.ar\/2021\/#\/schema\/person\/ad82545263dcc5ec0996818884fd5fb1","name":"Arnaldo Botto","image":{"@type":"ImageObject","inLanguage":"es","@id":"https:\/\/www.noticiasradioreflejos.com.ar\/2021\/#\/schema\/person\/image\/","url":"https:\/\/secure.gravatar.com\/avatar\/55cb5e37c1efa326397366e6974cb338056df65cb50e7d64d1cf314e87504837?s=96&d=mm&r=g","contentUrl":"https:\/\/secure.gravatar.com\/avatar\/55cb5e37c1efa326397366e6974cb338056df65cb50e7d64d1cf314e87504837?s=96&d=mm&r=g","caption":"Arnaldo Botto"},"url":"https:\/\/www.noticiasradioreflejos.com.ar\/2021\/author\/arnaldo\/"}]}},"_links":{"self":[{"href":"https:\/\/www.noticiasradioreflejos.com.ar\/2021\/wp-json\/wp\/v2\/posts\/60127","targetHints":{"allow":["GET"]}}],"collection":[{"href":"https:\/\/www.noticiasradioreflejos.com.ar\/2021\/wp-json\/wp\/v2\/posts"}],"about":[{"href":"https:\/\/www.noticiasradioreflejos.com.ar\/2021\/wp-json\/wp\/v2\/types\/post"}],"author":[{"embeddable":true,"href":"https:\/\/www.noticiasradioreflejos.com.ar\/2021\/wp-json\/wp\/v2\/users\/3"}],"replies":[{"embeddable":true,"href":"https:\/\/www.noticiasradioreflejos.com.ar\/2021\/wp-json\/wp\/v2\/comments?post=60127"}],"version-history":[{"count":3,"href":"https:\/\/www.noticiasradioreflejos.com.ar\/2021\/wp-json\/wp\/v2\/posts\/60127\/revisions"}],"predecessor-version":[{"id":60142,"href":"https:\/\/www.noticiasradioreflejos.com.ar\/2021\/wp-json\/wp\/v2\/posts\/60127\/revisions\/60142"}],"wp:attachment":[{"href":"https:\/\/www.noticiasradioreflejos.com.ar\/2021\/wp-json\/wp\/v2\/media?parent=60127"}],"wp:term":[{"taxonomy":"category","embeddable":true,"href":"https:\/\/www.noticiasradioreflejos.com.ar\/2021\/wp-json\/wp\/v2\/categories?post=60127"},{"taxonomy":"post_tag","embeddable":true,"href":"https:\/\/www.noticiasradioreflejos.com.ar\/2021\/wp-json\/wp\/v2\/tags?post=60127"}],"curies":[{"name":"wp","href":"https:\/\/api.w.org\/{rel}","templated":true}]}}