{"id":60125,"date":"2021-07-15T11:12:30","date_gmt":"2021-07-15T11:12:30","guid":{"rendered":"http:\/\/www.noticiasradioreflejos.com.ar\/2021\/?p=60125"},"modified":"2021-07-15T11:12:30","modified_gmt":"2021-07-15T11:12:30","slug":"tornquist-en-fase-3-desde-este-miercoles-comenzaron-las-clases-presenciales-en-todo-el-distrito","status":"publish","type":"post","link":"https:\/\/www.noticiasradioreflejos.com.ar\/2021\/tornquist-en-fase-3-desde-este-miercoles-comenzaron-las-clases-presenciales-en-todo-el-distrito\/","title":{"rendered":"Tornquist en fase 3: Desde este mi\u00e9rcoles comenzaron las clases presenciales en todo el distrito."},"content":{"rendered":"<p>Con el cambio de fase\u00a0 en Tornquist y a tan solo 3 d\u00edas de comenzar las\u00a0 vacaciones invernales,\u00a0 las comunidades educativas de todo el distrito retornaron a\u00a0 clases presenciales. Entrevistamos a\u00a0<strong> Irina Ches\u00f1evar<\/strong>, Inspectora Jefa Distrital qui\u00e9n comparte las inquietudes de muchas familias y explica cu\u00e1l es el rol de la Jefatura en las decisiones pol\u00edticas tomadas.<!--more--><\/p>\n<p>Al comenzar la nota, le preguntamos a Irina c\u00f3mo sinti\u00f3 el anuncio de la vuelta a la presencialidad. \u00abLa noticia siempre es muy bienvenida porque se est\u00e1 hablando de que los casos han descendido y que la situaci\u00f3n sanitaria es favorable\u00bb. Aclar\u00f3 que todas estas decisiones son tomadas en base a la situaci\u00f3n epidemiol\u00f3gica desde Naci\u00f3n y Provincia y que desde su puesto de trabajo s\u00f3lo se limitan a tomar decisiones educativas.<\/p>\n<p><a title=\"Clases presenciales (1)\" href=\"https:\/\/www.flickr.com\/photos\/182279889@N02\/51312085772\/in\/dateposted-public\/\" data-flickr-embed=\"true\"><img loading=\"lazy\" decoding=\"async\" src=\"https:\/\/live.staticflickr.com\/65535\/51312085772_8e0553254e_c.jpg\" alt=\"Clases presenciales (1)\" width=\"600\" height=\"800\" \/><\/a><script async src=\"\/\/embedr.flickr.com\/assets\/client-code.js\" charset=\"utf-8\"><\/script><\/p>\n<p>\u00abHasta que nosotros no tenemos la resoluci\u00f3n de educaci\u00f3n no podemos tomar las decisiones necesarias. Por eso, el intendente se comunic\u00f3 conmigo y me avis\u00f3 que pas\u00e1bamos a fase 3 pero que las clases presenciales comenzaban el mi\u00e9rcoles\u00bb. Agreg\u00f3 que entiendo que en la comunidad se genera cierta expectativa, pero la vuelta a las clases presenciales no es oficial hasta que se recibe el papel que lo decreta.<\/p>\n<p>\u00abLo que tenemos que hacer desde educaci\u00f3n es garantizar las escuelas abiertas y aprovechar el v\u00ednculo con los chicos estos 3 d\u00edas\u00bb fue lo que respondi\u00f3 Irina cuando le comentamos que hab\u00eda algunas familias que reclamaban que no les dieron un d\u00eda m\u00e1s de clase a los alumnos al estar cerca las vacaciones de invierno.<\/p>\n<p>Irina coment\u00f3 que ha sido tanta la cantidad de personal docente que se ha vacunado en el \u00faltimo mes que el relevamiento de vacunados que hab\u00edan hecho ya se encuentra desactualizado.<\/p>\n<p>\u00abDesde la Jefatura Distrital, en conjunto con inspectores, directivos, docentes, auxiliares y el concejo escolar, hemos trabajado para tratar de adaptarnos a esta situaci\u00f3n adversa donde siempre se puede dar un poco m\u00e1s. Y que somos receptivos de las inquietudes de las familias\u00bb expres\u00f3 Irina para cerrar la nota.<\/p>\n<p><iframe loading=\"lazy\" src=\"https:\/\/w.soundcloud.com\/player\/?url=https%3A\/\/api.soundcloud.com\/tracks\/1087354780&amp;color=%23ff5500&amp;auto_play=false&amp;hide_related=false&amp;show_comments=true&amp;show_user=true&amp;show_reposts=false&amp;show_teaser=true\" width=\"100%\" height=\"166\" frameborder=\"no\" scrolling=\"no\"><\/iframe><\/p>\n<div style=\"font-size: 10px; color: #cccccc; line-break: anywhere; word-break: normal; overflow: hidden; white-space: nowrap; text-overflow: ellipsis; font-family: Interstate,Lucida Grande,Lucida Sans Unicode,Lucida Sans,Garuda,Verdana,Tahoma,sans-serif; font-weight: 100;\"><a style=\"color: #cccccc; text-decoration: none;\" title=\"fmreflejos 103.7\" href=\"https:\/\/soundcloud.com\/fmreflejos-103-7\" target=\"_blank\" rel=\"noopener\">fmreflejos 103.7<\/a> \u00b7 <a style=\"color: #cccccc; text-decoration: none;\" title=\"Nota Irina Ches\u00f1evar\" href=\"https:\/\/soundcloud.com\/fmreflejos-103-7\/nota-irina-chesnevar\" target=\"_blank\" rel=\"noopener\">Nota Irina Ches\u00f1evar<\/a><\/div>\n","protected":false},"excerpt":{"rendered":"<p>Con el cambio de fase\u00a0 en Tornquist y a tan solo 3 d\u00edas de comenzar las\u00a0 vacaciones invernales,\u00a0 las comunidades educativas de todo el distrito retornaron a\u00a0 clases presenciales. Entrevistamos a\u00a0 Irina Ches\u00f1evar, Inspectora Jefa Distrital qui\u00e9n comparte las inquietudes de muchas familias y explica cu\u00e1l es el rol de la Jefatura en las decisiones [&hellip;]<\/p>\n","protected":false},"author":3,"featured_media":0,"comment_status":"closed","ping_status":"closed","sticky":false,"template":"","format":"standard","meta":{"footnotes":""},"categories":[34,30],"tags":[48],"class_list":["post-60125","post","type-post","status-publish","format-standard","hentry","category-educacion","category-salud","tag-destacada"],"yoast_head":"<!-- This site is optimized with the Yoast SEO plugin v25.9 - https:\/\/yoast.com\/wordpress\/plugins\/seo\/ -->\n<title>Tornquist en fase 3: Desde este mi\u00e9rcoles comenzaron las clases presenciales en todo el distrito. - Noticias Radio Reflejos<\/title>\n<meta name=\"robots\" content=\"index, follow, max-snippet:-1, max-image-preview:large, max-video-preview:-1\" \/>\n<link rel=\"canonical\" href=\"https:\/\/www.noticiasradioreflejos.com.ar\/2021\/tornquist-en-fase-3-desde-este-miercoles-comenzaron-las-clases-presenciales-en-todo-el-distrito\/\" \/>\n<meta property=\"og:locale\" content=\"es_ES\" \/>\n<meta property=\"og:type\" content=\"article\" \/>\n<meta property=\"og:title\" content=\"Tornquist en fase 3: Desde este mi\u00e9rcoles comenzaron las clases presenciales en todo el distrito. - Noticias Radio Reflejos\" \/>\n<meta property=\"og:description\" content=\"Con el cambio de fase\u00a0 en Tornquist y a tan solo 3 d\u00edas de comenzar las\u00a0 vacaciones invernales,\u00a0 las comunidades educativas de todo el distrito retornaron a\u00a0 clases presenciales. Entrevistamos a\u00a0 Irina Ches\u00f1evar, Inspectora Jefa Distrital qui\u00e9n comparte las inquietudes de muchas familias y explica cu\u00e1l es el rol de la Jefatura en las decisiones [&hellip;]\" \/>\n<meta property=\"og:url\" content=\"https:\/\/www.noticiasradioreflejos.com.ar\/2021\/tornquist-en-fase-3-desde-este-miercoles-comenzaron-las-clases-presenciales-en-todo-el-distrito\/\" \/>\n<meta property=\"og:site_name\" content=\"Noticias Radio Reflejos\" \/>\n<meta property=\"article:published_time\" content=\"2021-07-15T11:12:30+00:00\" \/>\n<meta property=\"og:image\" content=\"https:\/\/live.staticflickr.com\/65535\/51312085772_8e0553254e_c.jpg\" \/>\n<meta name=\"author\" content=\"Arnaldo Botto\" \/>\n<meta name=\"twitter:card\" content=\"summary_large_image\" \/>\n<script type=\"application\/ld+json\" class=\"yoast-schema-graph\">{\"@context\":\"https:\/\/schema.org\",\"@graph\":[{\"@type\":\"WebPage\",\"@id\":\"https:\/\/www.noticiasradioreflejos.com.ar\/2021\/tornquist-en-fase-3-desde-este-miercoles-comenzaron-las-clases-presenciales-en-todo-el-distrito\/\",\"url\":\"https:\/\/www.noticiasradioreflejos.com.ar\/2021\/tornquist-en-fase-3-desde-este-miercoles-comenzaron-las-clases-presenciales-en-todo-el-distrito\/\",\"name\":\"Tornquist en fase 3: Desde este mi\u00e9rcoles comenzaron las clases presenciales en todo el distrito. - Noticias Radio Reflejos\",\"isPartOf\":{\"@id\":\"https:\/\/www.noticiasradioreflejos.com.ar\/2021\/#website\"},\"primaryImageOfPage\":{\"@id\":\"https:\/\/www.noticiasradioreflejos.com.ar\/2021\/tornquist-en-fase-3-desde-este-miercoles-comenzaron-las-clases-presenciales-en-todo-el-distrito\/#primaryimage\"},\"image\":{\"@id\":\"https:\/\/www.noticiasradioreflejos.com.ar\/2021\/tornquist-en-fase-3-desde-este-miercoles-comenzaron-las-clases-presenciales-en-todo-el-distrito\/#primaryimage\"},\"thumbnailUrl\":\"https:\/\/live.staticflickr.com\/65535\/51312085772_8e0553254e_c.jpg\",\"datePublished\":\"2021-07-15T11:12:30+00:00\",\"author\":{\"@id\":\"https:\/\/www.noticiasradioreflejos.com.ar\/2021\/#\/schema\/person\/ad82545263dcc5ec0996818884fd5fb1\"},\"breadcrumb\":{\"@id\":\"https:\/\/www.noticiasradioreflejos.com.ar\/2021\/tornquist-en-fase-3-desde-este-miercoles-comenzaron-las-clases-presenciales-en-todo-el-distrito\/#breadcrumb\"},\"inLanguage\":\"es\",\"potentialAction\":[{\"@type\":\"ReadAction\",\"target\":[\"https:\/\/www.noticiasradioreflejos.com.ar\/2021\/tornquist-en-fase-3-desde-este-miercoles-comenzaron-las-clases-presenciales-en-todo-el-distrito\/\"]}]},{\"@type\":\"ImageObject\",\"inLanguage\":\"es\",\"@id\":\"https:\/\/www.noticiasradioreflejos.com.ar\/2021\/tornquist-en-fase-3-desde-este-miercoles-comenzaron-las-clases-presenciales-en-todo-el-distrito\/#primaryimage\",\"url\":\"https:\/\/live.staticflickr.com\/65535\/51312085772_8e0553254e_c.jpg\",\"contentUrl\":\"https:\/\/live.staticflickr.com\/65535\/51312085772_8e0553254e_c.jpg\"},{\"@type\":\"BreadcrumbList\",\"@id\":\"https:\/\/www.noticiasradioreflejos.com.ar\/2021\/tornquist-en-fase-3-desde-este-miercoles-comenzaron-las-clases-presenciales-en-todo-el-distrito\/#breadcrumb\",\"itemListElement\":[{\"@type\":\"ListItem\",\"position\":1,\"name\":\"Portada\",\"item\":\"https:\/\/www.noticiasradioreflejos.com.ar\/2021\/\"},{\"@type\":\"ListItem\",\"position\":2,\"name\":\"Tornquist en fase 3: Desde este mi\u00e9rcoles comenzaron las clases presenciales en todo el distrito.\"}]},{\"@type\":\"WebSite\",\"@id\":\"https:\/\/www.noticiasradioreflejos.com.ar\/2021\/#website\",\"url\":\"https:\/\/www.noticiasradioreflejos.com.ar\/2021\/\",\"name\":\"Noticias Radio Reflejos\",\"description\":\"Las noticias de mi comarca\",\"potentialAction\":[{\"@type\":\"SearchAction\",\"target\":{\"@type\":\"EntryPoint\",\"urlTemplate\":\"https:\/\/www.noticiasradioreflejos.com.ar\/2021\/?s={search_term_string}\"},\"query-input\":{\"@type\":\"PropertyValueSpecification\",\"valueRequired\":true,\"valueName\":\"search_term_string\"}}],\"inLanguage\":\"es\"},{\"@type\":\"Person\",\"@id\":\"https:\/\/www.noticiasradioreflejos.com.ar\/2021\/#\/schema\/person\/ad82545263dcc5ec0996818884fd5fb1\",\"name\":\"Arnaldo Botto\",\"image\":{\"@type\":\"ImageObject\",\"inLanguage\":\"es\",\"@id\":\"https:\/\/www.noticiasradioreflejos.com.ar\/2021\/#\/schema\/person\/image\/\",\"url\":\"https:\/\/secure.gravatar.com\/avatar\/55cb5e37c1efa326397366e6974cb338056df65cb50e7d64d1cf314e87504837?s=96&d=mm&r=g\",\"contentUrl\":\"https:\/\/secure.gravatar.com\/avatar\/55cb5e37c1efa326397366e6974cb338056df65cb50e7d64d1cf314e87504837?s=96&d=mm&r=g\",\"caption\":\"Arnaldo Botto\"},\"url\":\"https:\/\/www.noticiasradioreflejos.com.ar\/2021\/author\/arnaldo\/\"}]}<\/script>\n<!-- \/ Yoast SEO plugin. -->","yoast_head_json":{"title":"Tornquist en fase 3: Desde este mi\u00e9rcoles comenzaron las clases presenciales en todo el distrito. - Noticias Radio Reflejos","robots":{"index":"index","follow":"follow","max-snippet":"max-snippet:-1","max-image-preview":"max-image-preview:large","max-video-preview":"max-video-preview:-1"},"canonical":"https:\/\/www.noticiasradioreflejos.com.ar\/2021\/tornquist-en-fase-3-desde-este-miercoles-comenzaron-las-clases-presenciales-en-todo-el-distrito\/","og_locale":"es_ES","og_type":"article","og_title":"Tornquist en fase 3: Desde este mi\u00e9rcoles comenzaron las clases presenciales en todo el distrito. - Noticias Radio Reflejos","og_description":"Con el cambio de fase\u00a0 en Tornquist y a tan solo 3 d\u00edas de comenzar las\u00a0 vacaciones invernales,\u00a0 las comunidades educativas de todo el distrito retornaron a\u00a0 clases presenciales. Entrevistamos a\u00a0 Irina Ches\u00f1evar, Inspectora Jefa Distrital qui\u00e9n comparte las inquietudes de muchas familias y explica cu\u00e1l es el rol de la Jefatura en las decisiones [&hellip;]","og_url":"https:\/\/www.noticiasradioreflejos.com.ar\/2021\/tornquist-en-fase-3-desde-este-miercoles-comenzaron-las-clases-presenciales-en-todo-el-distrito\/","og_site_name":"Noticias Radio Reflejos","article_published_time":"2021-07-15T11:12:30+00:00","og_image":[{"url":"https:\/\/live.staticflickr.com\/65535\/51312085772_8e0553254e_c.jpg","type":"","width":"","height":""}],"author":"Arnaldo Botto","twitter_card":"summary_large_image","schema":{"@context":"https:\/\/schema.org","@graph":[{"@type":"WebPage","@id":"https:\/\/www.noticiasradioreflejos.com.ar\/2021\/tornquist-en-fase-3-desde-este-miercoles-comenzaron-las-clases-presenciales-en-todo-el-distrito\/","url":"https:\/\/www.noticiasradioreflejos.com.ar\/2021\/tornquist-en-fase-3-desde-este-miercoles-comenzaron-las-clases-presenciales-en-todo-el-distrito\/","name":"Tornquist en fase 3: Desde este mi\u00e9rcoles comenzaron las clases presenciales en todo el distrito. - Noticias Radio Reflejos","isPartOf":{"@id":"https:\/\/www.noticiasradioreflejos.com.ar\/2021\/#website"},"primaryImageOfPage":{"@id":"https:\/\/www.noticiasradioreflejos.com.ar\/2021\/tornquist-en-fase-3-desde-este-miercoles-comenzaron-las-clases-presenciales-en-todo-el-distrito\/#primaryimage"},"image":{"@id":"https:\/\/www.noticiasradioreflejos.com.ar\/2021\/tornquist-en-fase-3-desde-este-miercoles-comenzaron-las-clases-presenciales-en-todo-el-distrito\/#primaryimage"},"thumbnailUrl":"https:\/\/live.staticflickr.com\/65535\/51312085772_8e0553254e_c.jpg","datePublished":"2021-07-15T11:12:30+00:00","author":{"@id":"https:\/\/www.noticiasradioreflejos.com.ar\/2021\/#\/schema\/person\/ad82545263dcc5ec0996818884fd5fb1"},"breadcrumb":{"@id":"https:\/\/www.noticiasradioreflejos.com.ar\/2021\/tornquist-en-fase-3-desde-este-miercoles-comenzaron-las-clases-presenciales-en-todo-el-distrito\/#breadcrumb"},"inLanguage":"es","potentialAction":[{"@type":"ReadAction","target":["https:\/\/www.noticiasradioreflejos.com.ar\/2021\/tornquist-en-fase-3-desde-este-miercoles-comenzaron-las-clases-presenciales-en-todo-el-distrito\/"]}]},{"@type":"ImageObject","inLanguage":"es","@id":"https:\/\/www.noticiasradioreflejos.com.ar\/2021\/tornquist-en-fase-3-desde-este-miercoles-comenzaron-las-clases-presenciales-en-todo-el-distrito\/#primaryimage","url":"https:\/\/live.staticflickr.com\/65535\/51312085772_8e0553254e_c.jpg","contentUrl":"https:\/\/live.staticflickr.com\/65535\/51312085772_8e0553254e_c.jpg"},{"@type":"BreadcrumbList","@id":"https:\/\/www.noticiasradioreflejos.com.ar\/2021\/tornquist-en-fase-3-desde-este-miercoles-comenzaron-las-clases-presenciales-en-todo-el-distrito\/#breadcrumb","itemListElement":[{"@type":"ListItem","position":1,"name":"Portada","item":"https:\/\/www.noticiasradioreflejos.com.ar\/2021\/"},{"@type":"ListItem","position":2,"name":"Tornquist en fase 3: Desde este mi\u00e9rcoles comenzaron las clases presenciales en todo el distrito."}]},{"@type":"WebSite","@id":"https:\/\/www.noticiasradioreflejos.com.ar\/2021\/#website","url":"https:\/\/www.noticiasradioreflejos.com.ar\/2021\/","name":"Noticias Radio Reflejos","description":"Las noticias de mi comarca","potentialAction":[{"@type":"SearchAction","target":{"@type":"EntryPoint","urlTemplate":"https:\/\/www.noticiasradioreflejos.com.ar\/2021\/?s={search_term_string}"},"query-input":{"@type":"PropertyValueSpecification","valueRequired":true,"valueName":"search_term_string"}}],"inLanguage":"es"},{"@type":"Person","@id":"https:\/\/www.noticiasradioreflejos.com.ar\/2021\/#\/schema\/person\/ad82545263dcc5ec0996818884fd5fb1","name":"Arnaldo Botto","image":{"@type":"ImageObject","inLanguage":"es","@id":"https:\/\/www.noticiasradioreflejos.com.ar\/2021\/#\/schema\/person\/image\/","url":"https:\/\/secure.gravatar.com\/avatar\/55cb5e37c1efa326397366e6974cb338056df65cb50e7d64d1cf314e87504837?s=96&d=mm&r=g","contentUrl":"https:\/\/secure.gravatar.com\/avatar\/55cb5e37c1efa326397366e6974cb338056df65cb50e7d64d1cf314e87504837?s=96&d=mm&r=g","caption":"Arnaldo Botto"},"url":"https:\/\/www.noticiasradioreflejos.com.ar\/2021\/author\/arnaldo\/"}]}},"_links":{"self":[{"href":"https:\/\/www.noticiasradioreflejos.com.ar\/2021\/wp-json\/wp\/v2\/posts\/60125","targetHints":{"allow":["GET"]}}],"collection":[{"href":"https:\/\/www.noticiasradioreflejos.com.ar\/2021\/wp-json\/wp\/v2\/posts"}],"about":[{"href":"https:\/\/www.noticiasradioreflejos.com.ar\/2021\/wp-json\/wp\/v2\/types\/post"}],"author":[{"embeddable":true,"href":"https:\/\/www.noticiasradioreflejos.com.ar\/2021\/wp-json\/wp\/v2\/users\/3"}],"replies":[{"embeddable":true,"href":"https:\/\/www.noticiasradioreflejos.com.ar\/2021\/wp-json\/wp\/v2\/comments?post=60125"}],"version-history":[{"count":2,"href":"https:\/\/www.noticiasradioreflejos.com.ar\/2021\/wp-json\/wp\/v2\/posts\/60125\/revisions"}],"predecessor-version":[{"id":60139,"href":"https:\/\/www.noticiasradioreflejos.com.ar\/2021\/wp-json\/wp\/v2\/posts\/60125\/revisions\/60139"}],"wp:attachment":[{"href":"https:\/\/www.noticiasradioreflejos.com.ar\/2021\/wp-json\/wp\/v2\/media?parent=60125"}],"wp:term":[{"taxonomy":"category","embeddable":true,"href":"https:\/\/www.noticiasradioreflejos.com.ar\/2021\/wp-json\/wp\/v2\/categories?post=60125"},{"taxonomy":"post_tag","embeddable":true,"href":"https:\/\/www.noticiasradioreflejos.com.ar\/2021\/wp-json\/wp\/v2\/tags?post=60125"}],"curies":[{"name":"wp","href":"https:\/\/api.w.org\/{rel}","templated":true}]}}