{"id":60123,"date":"2021-07-15T10:59:56","date_gmt":"2021-07-15T10:59:56","guid":{"rendered":"http:\/\/www.noticiasradioreflejos.com.ar\/2021\/?p=60123"},"modified":"2021-07-15T10:59:56","modified_gmt":"2021-07-15T10:59:56","slug":"cuando-dije-que-se-iba-a-hacer-un-corralon-nuevo-nadie-lo-creia-necesitabamos-hacerlo-por-como-estaban-trabajando-y-para-ampliar-el-hospital-notas-en-videos","status":"publish","type":"post","link":"https:\/\/www.noticiasradioreflejos.com.ar\/2021\/cuando-dije-que-se-iba-a-hacer-un-corralon-nuevo-nadie-lo-creia-necesitabamos-hacerlo-por-como-estaban-trabajando-y-para-ampliar-el-hospital-notas-en-videos\/","title":{"rendered":"\u00abCuando dije que se iba a hacer un corral\u00f3n nuevo nadie lo cre\u00eda. Necesit\u00e1bamos hacerlo, por como estaban trabajando y para ampliar el hospital\u00bb. Notas en videos"},"content":{"rendered":"<p>En esta recopilaci\u00f3n de entrevistas, conversamos con el Intendente Sergio Bordoni, quien nos muestra el corral\u00f3n municipal de Sierra de la Ventana, anuncia obras sanitarias, comparte algunos proyectos a futuro, anticipando su participaci\u00f3n en las pr\u00f3ximas elecciones con su nuevo frente pol\u00edtico.<!--more--><\/p>\n<p><a title=\"Polvara Ibarra\" href=\"https:\/\/www.flickr.com\/photos\/182279889@N02\/51313540144\/in\/dateposted-public\/\" data-flickr-embed=\"true\"><img loading=\"lazy\" decoding=\"async\" src=\"https:\/\/live.staticflickr.com\/65535\/51313540144_1a5b1779b3_c.jpg\" alt=\"Polvara Ibarra\" width=\"800\" height=\"413\" \/><\/a><script async src=\"\/\/embedr.flickr.com\/assets\/client-code.js\" charset=\"utf-8\"><\/script><\/p>\n<p><span style=\"color: #0000ff;\"><em>El Delegado Municipal y el capataz hablan de las comodidades del nuevo edificio y proyectos de ampliaci\u00f3n.<\/em><\/span><\/p>\n<p>En la primera parte de la nota, se visit\u00f3 el Corral\u00f3n Municipal de Sierra de la Ventana, el cual, seg\u00fan el intendente, es el mejor corral\u00f3n de todo el municipio. \u00abLa idea es seguir mejor\u00e1ndolo\u00bb expres\u00f3 Bordoni mientras lo mostraba. El mismo tambi\u00e9n coment\u00f3 que tiene la idea de realizar un camping municipal junto al arroyo que por ah\u00ed pasa y tambi\u00e9n mostr\u00f3 d\u00f3nde se instalar\u00e1 la futura planta de reciclaje.<\/p>\n<p>En el video de la entrevista, se puede ver c\u00f3mo se les entrega ropa a los empleados municipales. \u00abEste a\u00f1o estamos un poco mejor econ\u00f3micamente y estamos cumpliendo con los empleados municipales que hac\u00eda 3 a\u00f1os que no recib\u00edan una campera de abrigo\u00bb expres\u00f3.<\/p>\n<p><a title=\"Corral\u00f3n municipal\" href=\"https:\/\/www.flickr.com\/photos\/182279889@N02\/51312065332\/in\/dateposted-public\/\" data-flickr-embed=\"true\"><img loading=\"lazy\" decoding=\"async\" src=\"https:\/\/live.staticflickr.com\/65535\/51312065332_ae1077e826_c.jpg\" alt=\"Corral\u00f3n municipal\" width=\"800\" height=\"408\" \/><\/a><script async src=\"\/\/embedr.flickr.com\/assets\/client-code.js\" charset=\"utf-8\"><\/script><\/p>\n<p><em><span style=\"color: #0000ff;\">El edificio inaugurado hace dos a\u00f1os cuenta con m\u00e1s de 600 MTS Cubiertos, matera, sanitarios con duchas, taller de maquinas chicas y un completo pa\u00f1ol de herramientas.<\/span><\/em><\/p>\n<p>&nbsp;<\/p>\n<p>\u00abCuando dije que se iba a hacer un corral\u00f3n nuevo nadie lo cre\u00eda. Necesit\u00e1bamos hacerlo, por como estaban trabajando y para ampliar el hospital\u00bb coment\u00f3 Sergio la necesidad de terminar el corral\u00f3n y que est\u00e9 en funcionamiento. \u00abLo ideal ser\u00eda terminar de hacer el piso de todo el galp\u00f3n, significa un monto, pero no es imposible de hacer. Ojal\u00e1 esta pandemia nos permita dejar de invertir en salud para hacer cosas que hemos postergado\u00bb.<\/p>\n<p>Entre los proyectos que el intendente tiene en mente en cuanto a lo sanitario, se encuentran la instalaci\u00f3n de un tom\u00f3grafo y brindar el servicio de di\u00e1lisis en el Hospital Municipal de Tornquist. \u00abEstamos hablando de una obra de unos 12 millones de pesos\u00bb recalc\u00f3 la inversi\u00f3n de ambos proyectos.<\/p>\n<p>&nbsp;<\/p>\n<p><iframe loading=\"lazy\" title=\"YouTube video player\" src=\"https:\/\/www.youtube.com\/embed\/njiKGZTZXtg\" width=\"560\" height=\"315\" frameborder=\"0\" allowfullscreen=\"allowfullscreen\"><\/iframe><\/p>\n<h4>Hablamos de futuro y pol\u00edtica<\/h4>\n<p>\u00abLa idea es hacer la mayor cantidad de obras posibles en los \u00faltimos dos a\u00f1os de cargo que me quedan. Si no llegamos, le dejaremos todo encaminado a quien me reemplace a mi para hacer al distrito de Tornquist m\u00e1s grande, que es un distrito que no tiene techo\u00bb transmiti\u00f3 sus intenciones.<\/p>\n<p>A ra\u00edz del comentario anteriormente mencionado, tocamos el tema pol\u00edtico. \u00abM\u00ednimamente van a haber 3 fuerzas pol\u00edticas. Frente de Todos, Cambiemos y <strong>Acci\u00f3n por Tornquist<\/strong> que es la que vamos a representar nosotros\u00bb present\u00f3 su frente.<\/p>\n<p>\u00abHacerle el pedido a la gente que se cuiden, que se anoten para vacunarse, es la \u00fanica soluci\u00f3n que tenemos. Si llegamos a las vacaciones de verano con un 80 % de vacunados, vamos a tener unas mejores vacaciones\u00bb contest\u00f3 Pino cuando le preguntamos si le quedaba algo por mencionar.<\/p>\n<p>&nbsp;<\/p>\n<p><iframe loading=\"lazy\" title=\"YouTube video player\" src=\"https:\/\/www.youtube.com\/embed\/KJjWtcXu2jc\" width=\"560\" height=\"315\" frameborder=\"0\" allowfullscreen=\"allowfullscreen\"><\/iframe><\/p>\n","protected":false},"excerpt":{"rendered":"<p>En esta recopilaci\u00f3n de entrevistas, conversamos con el Intendente Sergio Bordoni, quien nos muestra el corral\u00f3n municipal de Sierra de la Ventana, anuncia obras sanitarias, comparte algunos proyectos a futuro, anticipando su participaci\u00f3n en las pr\u00f3ximas elecciones con su nuevo frente pol\u00edtico.<\/p>\n","protected":false},"author":3,"featured_media":0,"comment_status":"closed","ping_status":"closed","sticky":false,"template":"","format":"standard","meta":{"footnotes":""},"categories":[28,24],"tags":[48],"class_list":["post-60123","post","type-post","status-publish","format-standard","hentry","category-municipales","category-politica","tag-destacada"],"yoast_head":"<!-- This site is optimized with the Yoast SEO plugin v25.9 - https:\/\/yoast.com\/wordpress\/plugins\/seo\/ -->\n<title>&quot;Cuando dije que se iba a hacer un corral\u00f3n nuevo nadie lo cre\u00eda. Necesit\u00e1bamos hacerlo, por como estaban trabajando y para ampliar el hospital&quot;. Notas en videos - Noticias Radio Reflejos<\/title>\n<meta name=\"robots\" content=\"index, follow, max-snippet:-1, max-image-preview:large, max-video-preview:-1\" \/>\n<link rel=\"canonical\" href=\"https:\/\/www.noticiasradioreflejos.com.ar\/2021\/cuando-dije-que-se-iba-a-hacer-un-corralon-nuevo-nadie-lo-creia-necesitabamos-hacerlo-por-como-estaban-trabajando-y-para-ampliar-el-hospital-notas-en-videos\/\" \/>\n<meta property=\"og:locale\" content=\"es_ES\" \/>\n<meta property=\"og:type\" content=\"article\" \/>\n<meta property=\"og:title\" content=\"&quot;Cuando dije que se iba a hacer un corral\u00f3n nuevo nadie lo cre\u00eda. Necesit\u00e1bamos hacerlo, por como estaban trabajando y para ampliar el hospital&quot;. Notas en videos - Noticias Radio Reflejos\" \/>\n<meta property=\"og:description\" content=\"En esta recopilaci\u00f3n de entrevistas, conversamos con el Intendente Sergio Bordoni, quien nos muestra el corral\u00f3n municipal de Sierra de la Ventana, anuncia obras sanitarias, comparte algunos proyectos a futuro, anticipando su participaci\u00f3n en las pr\u00f3ximas elecciones con su nuevo frente pol\u00edtico.\" \/>\n<meta property=\"og:url\" content=\"https:\/\/www.noticiasradioreflejos.com.ar\/2021\/cuando-dije-que-se-iba-a-hacer-un-corralon-nuevo-nadie-lo-creia-necesitabamos-hacerlo-por-como-estaban-trabajando-y-para-ampliar-el-hospital-notas-en-videos\/\" \/>\n<meta property=\"og:site_name\" content=\"Noticias Radio Reflejos\" \/>\n<meta property=\"article:published_time\" content=\"2021-07-15T10:59:56+00:00\" \/>\n<meta property=\"og:image\" content=\"https:\/\/live.staticflickr.com\/65535\/51313540144_1a5b1779b3_c.jpg\" \/>\n<meta name=\"author\" content=\"Arnaldo Botto\" \/>\n<meta name=\"twitter:card\" content=\"summary_large_image\" \/>\n<script type=\"application\/ld+json\" class=\"yoast-schema-graph\">{\"@context\":\"https:\/\/schema.org\",\"@graph\":[{\"@type\":\"WebPage\",\"@id\":\"https:\/\/www.noticiasradioreflejos.com.ar\/2021\/cuando-dije-que-se-iba-a-hacer-un-corralon-nuevo-nadie-lo-creia-necesitabamos-hacerlo-por-como-estaban-trabajando-y-para-ampliar-el-hospital-notas-en-videos\/\",\"url\":\"https:\/\/www.noticiasradioreflejos.com.ar\/2021\/cuando-dije-que-se-iba-a-hacer-un-corralon-nuevo-nadie-lo-creia-necesitabamos-hacerlo-por-como-estaban-trabajando-y-para-ampliar-el-hospital-notas-en-videos\/\",\"name\":\"\\\"Cuando dije que se iba a hacer un corral\u00f3n nuevo nadie lo cre\u00eda. Necesit\u00e1bamos hacerlo, por como estaban trabajando y para ampliar el hospital\\\". Notas en videos - Noticias Radio Reflejos\",\"isPartOf\":{\"@id\":\"https:\/\/www.noticiasradioreflejos.com.ar\/2021\/#website\"},\"primaryImageOfPage\":{\"@id\":\"https:\/\/www.noticiasradioreflejos.com.ar\/2021\/cuando-dije-que-se-iba-a-hacer-un-corralon-nuevo-nadie-lo-creia-necesitabamos-hacerlo-por-como-estaban-trabajando-y-para-ampliar-el-hospital-notas-en-videos\/#primaryimage\"},\"image\":{\"@id\":\"https:\/\/www.noticiasradioreflejos.com.ar\/2021\/cuando-dije-que-se-iba-a-hacer-un-corralon-nuevo-nadie-lo-creia-necesitabamos-hacerlo-por-como-estaban-trabajando-y-para-ampliar-el-hospital-notas-en-videos\/#primaryimage\"},\"thumbnailUrl\":\"https:\/\/live.staticflickr.com\/65535\/51313540144_1a5b1779b3_c.jpg\",\"datePublished\":\"2021-07-15T10:59:56+00:00\",\"author\":{\"@id\":\"https:\/\/www.noticiasradioreflejos.com.ar\/2021\/#\/schema\/person\/ad82545263dcc5ec0996818884fd5fb1\"},\"breadcrumb\":{\"@id\":\"https:\/\/www.noticiasradioreflejos.com.ar\/2021\/cuando-dije-que-se-iba-a-hacer-un-corralon-nuevo-nadie-lo-creia-necesitabamos-hacerlo-por-como-estaban-trabajando-y-para-ampliar-el-hospital-notas-en-videos\/#breadcrumb\"},\"inLanguage\":\"es\",\"potentialAction\":[{\"@type\":\"ReadAction\",\"target\":[\"https:\/\/www.noticiasradioreflejos.com.ar\/2021\/cuando-dije-que-se-iba-a-hacer-un-corralon-nuevo-nadie-lo-creia-necesitabamos-hacerlo-por-como-estaban-trabajando-y-para-ampliar-el-hospital-notas-en-videos\/\"]}]},{\"@type\":\"ImageObject\",\"inLanguage\":\"es\",\"@id\":\"https:\/\/www.noticiasradioreflejos.com.ar\/2021\/cuando-dije-que-se-iba-a-hacer-un-corralon-nuevo-nadie-lo-creia-necesitabamos-hacerlo-por-como-estaban-trabajando-y-para-ampliar-el-hospital-notas-en-videos\/#primaryimage\",\"url\":\"https:\/\/live.staticflickr.com\/65535\/51313540144_1a5b1779b3_c.jpg\",\"contentUrl\":\"https:\/\/live.staticflickr.com\/65535\/51313540144_1a5b1779b3_c.jpg\"},{\"@type\":\"BreadcrumbList\",\"@id\":\"https:\/\/www.noticiasradioreflejos.com.ar\/2021\/cuando-dije-que-se-iba-a-hacer-un-corralon-nuevo-nadie-lo-creia-necesitabamos-hacerlo-por-como-estaban-trabajando-y-para-ampliar-el-hospital-notas-en-videos\/#breadcrumb\",\"itemListElement\":[{\"@type\":\"ListItem\",\"position\":1,\"name\":\"Portada\",\"item\":\"https:\/\/www.noticiasradioreflejos.com.ar\/2021\/\"},{\"@type\":\"ListItem\",\"position\":2,\"name\":\"\u00abCuando dije que se iba a hacer un corral\u00f3n nuevo nadie lo cre\u00eda. Necesit\u00e1bamos hacerlo, por como estaban trabajando y para ampliar el hospital\u00bb. Notas en videos\"}]},{\"@type\":\"WebSite\",\"@id\":\"https:\/\/www.noticiasradioreflejos.com.ar\/2021\/#website\",\"url\":\"https:\/\/www.noticiasradioreflejos.com.ar\/2021\/\",\"name\":\"Noticias Radio Reflejos\",\"description\":\"Las noticias de mi comarca\",\"potentialAction\":[{\"@type\":\"SearchAction\",\"target\":{\"@type\":\"EntryPoint\",\"urlTemplate\":\"https:\/\/www.noticiasradioreflejos.com.ar\/2021\/?s={search_term_string}\"},\"query-input\":{\"@type\":\"PropertyValueSpecification\",\"valueRequired\":true,\"valueName\":\"search_term_string\"}}],\"inLanguage\":\"es\"},{\"@type\":\"Person\",\"@id\":\"https:\/\/www.noticiasradioreflejos.com.ar\/2021\/#\/schema\/person\/ad82545263dcc5ec0996818884fd5fb1\",\"name\":\"Arnaldo Botto\",\"image\":{\"@type\":\"ImageObject\",\"inLanguage\":\"es\",\"@id\":\"https:\/\/www.noticiasradioreflejos.com.ar\/2021\/#\/schema\/person\/image\/\",\"url\":\"https:\/\/secure.gravatar.com\/avatar\/55cb5e37c1efa326397366e6974cb338056df65cb50e7d64d1cf314e87504837?s=96&d=mm&r=g\",\"contentUrl\":\"https:\/\/secure.gravatar.com\/avatar\/55cb5e37c1efa326397366e6974cb338056df65cb50e7d64d1cf314e87504837?s=96&d=mm&r=g\",\"caption\":\"Arnaldo Botto\"},\"url\":\"https:\/\/www.noticiasradioreflejos.com.ar\/2021\/author\/arnaldo\/\"}]}<\/script>\n<!-- \/ Yoast SEO plugin. -->","yoast_head_json":{"title":"\"Cuando dije que se iba a hacer un corral\u00f3n nuevo nadie lo cre\u00eda. Necesit\u00e1bamos hacerlo, por como estaban trabajando y para ampliar el hospital\". Notas en videos - Noticias Radio Reflejos","robots":{"index":"index","follow":"follow","max-snippet":"max-snippet:-1","max-image-preview":"max-image-preview:large","max-video-preview":"max-video-preview:-1"},"canonical":"https:\/\/www.noticiasradioreflejos.com.ar\/2021\/cuando-dije-que-se-iba-a-hacer-un-corralon-nuevo-nadie-lo-creia-necesitabamos-hacerlo-por-como-estaban-trabajando-y-para-ampliar-el-hospital-notas-en-videos\/","og_locale":"es_ES","og_type":"article","og_title":"\"Cuando dije que se iba a hacer un corral\u00f3n nuevo nadie lo cre\u00eda. Necesit\u00e1bamos hacerlo, por como estaban trabajando y para ampliar el hospital\". Notas en videos - Noticias Radio Reflejos","og_description":"En esta recopilaci\u00f3n de entrevistas, conversamos con el Intendente Sergio Bordoni, quien nos muestra el corral\u00f3n municipal de Sierra de la Ventana, anuncia obras sanitarias, comparte algunos proyectos a futuro, anticipando su participaci\u00f3n en las pr\u00f3ximas elecciones con su nuevo frente pol\u00edtico.","og_url":"https:\/\/www.noticiasradioreflejos.com.ar\/2021\/cuando-dije-que-se-iba-a-hacer-un-corralon-nuevo-nadie-lo-creia-necesitabamos-hacerlo-por-como-estaban-trabajando-y-para-ampliar-el-hospital-notas-en-videos\/","og_site_name":"Noticias Radio Reflejos","article_published_time":"2021-07-15T10:59:56+00:00","og_image":[{"url":"https:\/\/live.staticflickr.com\/65535\/51313540144_1a5b1779b3_c.jpg","type":"","width":"","height":""}],"author":"Arnaldo Botto","twitter_card":"summary_large_image","schema":{"@context":"https:\/\/schema.org","@graph":[{"@type":"WebPage","@id":"https:\/\/www.noticiasradioreflejos.com.ar\/2021\/cuando-dije-que-se-iba-a-hacer-un-corralon-nuevo-nadie-lo-creia-necesitabamos-hacerlo-por-como-estaban-trabajando-y-para-ampliar-el-hospital-notas-en-videos\/","url":"https:\/\/www.noticiasradioreflejos.com.ar\/2021\/cuando-dije-que-se-iba-a-hacer-un-corralon-nuevo-nadie-lo-creia-necesitabamos-hacerlo-por-como-estaban-trabajando-y-para-ampliar-el-hospital-notas-en-videos\/","name":"\"Cuando dije que se iba a hacer un corral\u00f3n nuevo nadie lo cre\u00eda. Necesit\u00e1bamos hacerlo, por como estaban trabajando y para ampliar el hospital\". Notas en videos - Noticias Radio Reflejos","isPartOf":{"@id":"https:\/\/www.noticiasradioreflejos.com.ar\/2021\/#website"},"primaryImageOfPage":{"@id":"https:\/\/www.noticiasradioreflejos.com.ar\/2021\/cuando-dije-que-se-iba-a-hacer-un-corralon-nuevo-nadie-lo-creia-necesitabamos-hacerlo-por-como-estaban-trabajando-y-para-ampliar-el-hospital-notas-en-videos\/#primaryimage"},"image":{"@id":"https:\/\/www.noticiasradioreflejos.com.ar\/2021\/cuando-dije-que-se-iba-a-hacer-un-corralon-nuevo-nadie-lo-creia-necesitabamos-hacerlo-por-como-estaban-trabajando-y-para-ampliar-el-hospital-notas-en-videos\/#primaryimage"},"thumbnailUrl":"https:\/\/live.staticflickr.com\/65535\/51313540144_1a5b1779b3_c.jpg","datePublished":"2021-07-15T10:59:56+00:00","author":{"@id":"https:\/\/www.noticiasradioreflejos.com.ar\/2021\/#\/schema\/person\/ad82545263dcc5ec0996818884fd5fb1"},"breadcrumb":{"@id":"https:\/\/www.noticiasradioreflejos.com.ar\/2021\/cuando-dije-que-se-iba-a-hacer-un-corralon-nuevo-nadie-lo-creia-necesitabamos-hacerlo-por-como-estaban-trabajando-y-para-ampliar-el-hospital-notas-en-videos\/#breadcrumb"},"inLanguage":"es","potentialAction":[{"@type":"ReadAction","target":["https:\/\/www.noticiasradioreflejos.com.ar\/2021\/cuando-dije-que-se-iba-a-hacer-un-corralon-nuevo-nadie-lo-creia-necesitabamos-hacerlo-por-como-estaban-trabajando-y-para-ampliar-el-hospital-notas-en-videos\/"]}]},{"@type":"ImageObject","inLanguage":"es","@id":"https:\/\/www.noticiasradioreflejos.com.ar\/2021\/cuando-dije-que-se-iba-a-hacer-un-corralon-nuevo-nadie-lo-creia-necesitabamos-hacerlo-por-como-estaban-trabajando-y-para-ampliar-el-hospital-notas-en-videos\/#primaryimage","url":"https:\/\/live.staticflickr.com\/65535\/51313540144_1a5b1779b3_c.jpg","contentUrl":"https:\/\/live.staticflickr.com\/65535\/51313540144_1a5b1779b3_c.jpg"},{"@type":"BreadcrumbList","@id":"https:\/\/www.noticiasradioreflejos.com.ar\/2021\/cuando-dije-que-se-iba-a-hacer-un-corralon-nuevo-nadie-lo-creia-necesitabamos-hacerlo-por-como-estaban-trabajando-y-para-ampliar-el-hospital-notas-en-videos\/#breadcrumb","itemListElement":[{"@type":"ListItem","position":1,"name":"Portada","item":"https:\/\/www.noticiasradioreflejos.com.ar\/2021\/"},{"@type":"ListItem","position":2,"name":"\u00abCuando dije que se iba a hacer un corral\u00f3n nuevo nadie lo cre\u00eda. Necesit\u00e1bamos hacerlo, por como estaban trabajando y para ampliar el hospital\u00bb. Notas en videos"}]},{"@type":"WebSite","@id":"https:\/\/www.noticiasradioreflejos.com.ar\/2021\/#website","url":"https:\/\/www.noticiasradioreflejos.com.ar\/2021\/","name":"Noticias Radio Reflejos","description":"Las noticias de mi comarca","potentialAction":[{"@type":"SearchAction","target":{"@type":"EntryPoint","urlTemplate":"https:\/\/www.noticiasradioreflejos.com.ar\/2021\/?s={search_term_string}"},"query-input":{"@type":"PropertyValueSpecification","valueRequired":true,"valueName":"search_term_string"}}],"inLanguage":"es"},{"@type":"Person","@id":"https:\/\/www.noticiasradioreflejos.com.ar\/2021\/#\/schema\/person\/ad82545263dcc5ec0996818884fd5fb1","name":"Arnaldo Botto","image":{"@type":"ImageObject","inLanguage":"es","@id":"https:\/\/www.noticiasradioreflejos.com.ar\/2021\/#\/schema\/person\/image\/","url":"https:\/\/secure.gravatar.com\/avatar\/55cb5e37c1efa326397366e6974cb338056df65cb50e7d64d1cf314e87504837?s=96&d=mm&r=g","contentUrl":"https:\/\/secure.gravatar.com\/avatar\/55cb5e37c1efa326397366e6974cb338056df65cb50e7d64d1cf314e87504837?s=96&d=mm&r=g","caption":"Arnaldo Botto"},"url":"https:\/\/www.noticiasradioreflejos.com.ar\/2021\/author\/arnaldo\/"}]}},"_links":{"self":[{"href":"https:\/\/www.noticiasradioreflejos.com.ar\/2021\/wp-json\/wp\/v2\/posts\/60123","targetHints":{"allow":["GET"]}}],"collection":[{"href":"https:\/\/www.noticiasradioreflejos.com.ar\/2021\/wp-json\/wp\/v2\/posts"}],"about":[{"href":"https:\/\/www.noticiasradioreflejos.com.ar\/2021\/wp-json\/wp\/v2\/types\/post"}],"author":[{"embeddable":true,"href":"https:\/\/www.noticiasradioreflejos.com.ar\/2021\/wp-json\/wp\/v2\/users\/3"}],"replies":[{"embeddable":true,"href":"https:\/\/www.noticiasradioreflejos.com.ar\/2021\/wp-json\/wp\/v2\/comments?post=60123"}],"version-history":[{"count":3,"href":"https:\/\/www.noticiasradioreflejos.com.ar\/2021\/wp-json\/wp\/v2\/posts\/60123\/revisions"}],"predecessor-version":[{"id":60137,"href":"https:\/\/www.noticiasradioreflejos.com.ar\/2021\/wp-json\/wp\/v2\/posts\/60123\/revisions\/60137"}],"wp:attachment":[{"href":"https:\/\/www.noticiasradioreflejos.com.ar\/2021\/wp-json\/wp\/v2\/media?parent=60123"}],"wp:term":[{"taxonomy":"category","embeddable":true,"href":"https:\/\/www.noticiasradioreflejos.com.ar\/2021\/wp-json\/wp\/v2\/categories?post=60123"},{"taxonomy":"post_tag","embeddable":true,"href":"https:\/\/www.noticiasradioreflejos.com.ar\/2021\/wp-json\/wp\/v2\/tags?post=60123"}],"curies":[{"name":"wp","href":"https:\/\/api.w.org\/{rel}","templated":true}]}}