{"id":60108,"date":"2021-07-14T12:42:04","date_gmt":"2021-07-14T12:42:04","guid":{"rendered":"http:\/\/www.noticiasradioreflejos.com.ar\/2021\/?p=60108"},"modified":"2021-07-14T12:42:04","modified_gmt":"2021-07-14T12:42:04","slug":"coronavirus-hay-22-municipios-bonaerenses-en-fase-2-105-en-fase-3-y-8-en-fase-4","status":"publish","type":"post","link":"https:\/\/www.noticiasradioreflejos.com.ar\/2021\/coronavirus-hay-22-municipios-bonaerenses-en-fase-2-105-en-fase-3-y-8-en-fase-4\/","title":{"rendered":"Coronavirus: hay 22 municipios bonaerenses en Fase 2, 105 en Fase 3 y 8 en Fase 4"},"content":{"rendered":"<div class=\"hnoti\">Un total de 22 distritos de la provincia de Buenos Aires se encuentran en Fase 2, con mayores restricciones debido al aumento de casos de coronavirus, en tanto que 105 municipios se ubican en Fase 3 y 8 en Fase 4, de acuerdo al detalle del Gobierno bonaerense publicado hoy en el Bolet\u00edn Oficial.<\/div>\n<p><!--more--><\/p>\n<div class=\"text\">\n<p>En el \u00e1mbito bonaerense rige desde hace un a\u00f1o un sistema de fases, en el que est\u00e1n incluidos los municipios de acuerdo con el riesgo epidemiol\u00f3gico y sanitario que presenten, seg\u00fan la cantidad de casos de coronavirus y otros indicadores.<\/p>\n<p>En cada fase se encuentran habilitadas una serie de actividades, que deber\u00e1n realizarse bajo el \u00abestricto cumplimiento de los protocolos que oportunamente hubieren aprobado las autoridades provinciales competentes o la autoridad sanitaria nacional\u00bb.<\/p>\n<p>As\u00ed, los distritos que se encuentran en Fase 4 o de \u201cRiesgo Epidemiol\u00f3gico y Sanitario Medio\u201d son Adolfo Gonzales Chaves, Benito Ju\u00e1rez, Capit\u00e1n Sarmiento, Col\u00f3n, Coronel de Marina L. Rosales, Daireaux, Olavarr\u00eda y Saavedra.<\/p>\n<p>En tanto, en Fase 3, de \u201cAlto Riesgo Epidemiol\u00f3gico y Sanitario\u201d se encuentran 25 de Mayo, Adolfo Alsina, Alberti, Almirante Brown, Arrecifes, Avellaneda, Ayacucho, Azul, Bah\u00eda Blanca, Balcarce, Baradero, Berazategui, Berisso, Bragado, Brandsen, Campana, Ca\u00f1uelas, Carlos Casares, Carmen de Areco, Castelli, Chascom\u00fas, Chivilcoy, Coronel Dorrego y Coronel Su\u00e1rez.<\/p>\n<p>Tambi\u00e9n, Dolores, Ensenada, Escobar, Esteban Echeverr\u00eda, Exaltaci\u00f3n de la Cruz, Ezeiza, Florencio Varela, General Alvarado, General Alvear, General Arenales. General Guido, General Madariaga, General Lamadrid, General Las Heras, General Paz, General Pinto, General Pueyrred\u00f3n, General Rodr\u00edguez, General San Mart\u00edn, General Villegas, Guamin\u00ed, Hurlingham, Ituzaing\u00f3, Jos\u00e9 C. Paz, La Costa, La Matanza, La Plata y Lan\u00fas, Laprida, Las Flores y Lezama.<\/p>\n<p>A la vez,\u00a0<strong>est\u00e1n en Fase 3<\/strong>\u00a0Lobos, Lomas de Zamora, Luj\u00e1n, Magdalena, Malvinas Argentinas, Mar Chiquita, Marcos Paz, Mercedes, Merlo, Monte, Moreno, Mor\u00f3n, Navarro, Necochea, Patagones, Pergamino, Pila, Pilar, Pinamar, Presidente Per\u00f3n, Puan, Punta Indio, Quilmes, Ramallo, Rauch, Rivadavia, Rojas, Roque P\u00e9rez, Saladillo y Salliquel\u00f3.<\/p>\n<p>Salto, San Andr\u00e9s de Giles, San Antonio de Areco, San Fernando, San Isidro, San Miguel, San Nicol\u00e1s, San Pedro, San Vicente, Tandil, Tapalqu\u00e9, Tigre, Tordillo,\u00a0<strong>Tornquist,<\/strong>\u00a0Tres Arroyos, Tres de Febrero, Vicente L\u00f3pez, Villa Gesell, Villarino y Z\u00e1rate son otros de los que est\u00e1n en fase 3.<\/p>\n<p>En la Fase 2, de \u201cSituaci\u00f3n de Alarma Epidemiol\u00f3gica y Sanitaria\u00bb, se encuentran: 9 de Julio, Bol\u00edvar, Carlos Tejedor, Chacabuco, Coronel Pringles y Florentino Ameghino.<\/p>\n<p>En esa instancia se encuentran General Belgrano, General Lavalle, General Viamonte, Hip\u00f3lito Yrigoyen, Jun\u00edn, Leandro N. Alem, Lincoln, Lober\u00eda, Maip\u00fa, Monte Hermoso, Pehuaj\u00f3, Pellegrini, San Cayetano, Suipacha, y Trenque Lauquen y Tres Lomas.(Telam)<\/p>\n<\/div>\n<div><img decoding=\"async\" src=\"https:\/\/www.noticiastornquist.com.ar\/imagen.php?imagen=\/foto-13.jpg\" \/><\/div>\n","protected":false},"excerpt":{"rendered":"<p>Un total de 22 distritos de la provincia de Buenos Aires se encuentran en Fase 2, con mayores restricciones debido al aumento de casos de coronavirus, en tanto que 105 municipios se ubican en Fase 3 y 8 en Fase 4, de acuerdo al detalle del Gobierno bonaerense publicado hoy en el Bolet\u00edn Oficial.<\/p>\n","protected":false},"author":3,"featured_media":38942,"comment_status":"closed","ping_status":"closed","sticky":false,"template":"","format":"standard","meta":{"footnotes":""},"categories":[24],"tags":[],"class_list":["post-60108","post","type-post","status-publish","format-standard","has-post-thumbnail","hentry","category-politica"],"yoast_head":"<!-- This site is optimized with the Yoast SEO plugin v25.9 - https:\/\/yoast.com\/wordpress\/plugins\/seo\/ -->\n<title>Coronavirus: hay 22 municipios bonaerenses en Fase 2, 105 en Fase 3 y 8 en Fase 4 - Noticias Radio Reflejos<\/title>\n<meta name=\"robots\" content=\"index, follow, max-snippet:-1, max-image-preview:large, max-video-preview:-1\" \/>\n<link rel=\"canonical\" href=\"https:\/\/www.noticiasradioreflejos.com.ar\/2021\/coronavirus-hay-22-municipios-bonaerenses-en-fase-2-105-en-fase-3-y-8-en-fase-4\/\" \/>\n<meta property=\"og:locale\" content=\"es_ES\" \/>\n<meta property=\"og:type\" content=\"article\" \/>\n<meta property=\"og:title\" content=\"Coronavirus: hay 22 municipios bonaerenses en Fase 2, 105 en Fase 3 y 8 en Fase 4 - Noticias Radio Reflejos\" \/>\n<meta property=\"og:description\" content=\"Un total de 22 distritos de la provincia de Buenos Aires se encuentran en Fase 2, con mayores restricciones debido al aumento de casos de coronavirus, en tanto que 105 municipios se ubican en Fase 3 y 8 en Fase 4, de acuerdo al detalle del Gobierno bonaerense publicado hoy en el Bolet\u00edn Oficial.\" \/>\n<meta property=\"og:url\" content=\"https:\/\/www.noticiasradioreflejos.com.ar\/2021\/coronavirus-hay-22-municipios-bonaerenses-en-fase-2-105-en-fase-3-y-8-en-fase-4\/\" \/>\n<meta property=\"og:site_name\" content=\"Noticias Radio Reflejos\" \/>\n<meta property=\"article:published_time\" content=\"2021-07-14T12:42:04+00:00\" \/>\n<meta property=\"og:image\" content=\"https:\/\/www.noticiasradioreflejos.com.ar\/2021\/wp-content\/uploads\/2020\/02\/Puente-Negro.png\" \/>\n\t<meta property=\"og:image:width\" content=\"1349\" \/>\n\t<meta property=\"og:image:height\" content=\"666\" \/>\n\t<meta property=\"og:image:type\" content=\"image\/png\" \/>\n<meta name=\"author\" content=\"Arnaldo Botto\" \/>\n<meta name=\"twitter:card\" content=\"summary_large_image\" \/>\n<script type=\"application\/ld+json\" class=\"yoast-schema-graph\">{\"@context\":\"https:\/\/schema.org\",\"@graph\":[{\"@type\":\"WebPage\",\"@id\":\"https:\/\/www.noticiasradioreflejos.com.ar\/2021\/coronavirus-hay-22-municipios-bonaerenses-en-fase-2-105-en-fase-3-y-8-en-fase-4\/\",\"url\":\"https:\/\/www.noticiasradioreflejos.com.ar\/2021\/coronavirus-hay-22-municipios-bonaerenses-en-fase-2-105-en-fase-3-y-8-en-fase-4\/\",\"name\":\"Coronavirus: hay 22 municipios bonaerenses en Fase 2, 105 en Fase 3 y 8 en Fase 4 - Noticias Radio Reflejos\",\"isPartOf\":{\"@id\":\"https:\/\/www.noticiasradioreflejos.com.ar\/2021\/#website\"},\"primaryImageOfPage\":{\"@id\":\"https:\/\/www.noticiasradioreflejos.com.ar\/2021\/coronavirus-hay-22-municipios-bonaerenses-en-fase-2-105-en-fase-3-y-8-en-fase-4\/#primaryimage\"},\"image\":{\"@id\":\"https:\/\/www.noticiasradioreflejos.com.ar\/2021\/coronavirus-hay-22-municipios-bonaerenses-en-fase-2-105-en-fase-3-y-8-en-fase-4\/#primaryimage\"},\"thumbnailUrl\":\"https:\/\/www.noticiasradioreflejos.com.ar\/2021\/wp-content\/uploads\/2020\/02\/Puente-Negro.png\",\"datePublished\":\"2021-07-14T12:42:04+00:00\",\"author\":{\"@id\":\"https:\/\/www.noticiasradioreflejos.com.ar\/2021\/#\/schema\/person\/ad82545263dcc5ec0996818884fd5fb1\"},\"breadcrumb\":{\"@id\":\"https:\/\/www.noticiasradioreflejos.com.ar\/2021\/coronavirus-hay-22-municipios-bonaerenses-en-fase-2-105-en-fase-3-y-8-en-fase-4\/#breadcrumb\"},\"inLanguage\":\"es\",\"potentialAction\":[{\"@type\":\"ReadAction\",\"target\":[\"https:\/\/www.noticiasradioreflejos.com.ar\/2021\/coronavirus-hay-22-municipios-bonaerenses-en-fase-2-105-en-fase-3-y-8-en-fase-4\/\"]}]},{\"@type\":\"ImageObject\",\"inLanguage\":\"es\",\"@id\":\"https:\/\/www.noticiasradioreflejos.com.ar\/2021\/coronavirus-hay-22-municipios-bonaerenses-en-fase-2-105-en-fase-3-y-8-en-fase-4\/#primaryimage\",\"url\":\"https:\/\/www.noticiasradioreflejos.com.ar\/2021\/wp-content\/uploads\/2020\/02\/Puente-Negro.png\",\"contentUrl\":\"https:\/\/www.noticiasradioreflejos.com.ar\/2021\/wp-content\/uploads\/2020\/02\/Puente-Negro.png\",\"width\":1349,\"height\":666},{\"@type\":\"BreadcrumbList\",\"@id\":\"https:\/\/www.noticiasradioreflejos.com.ar\/2021\/coronavirus-hay-22-municipios-bonaerenses-en-fase-2-105-en-fase-3-y-8-en-fase-4\/#breadcrumb\",\"itemListElement\":[{\"@type\":\"ListItem\",\"position\":1,\"name\":\"Portada\",\"item\":\"https:\/\/www.noticiasradioreflejos.com.ar\/2021\/\"},{\"@type\":\"ListItem\",\"position\":2,\"name\":\"Coronavirus: hay 22 municipios bonaerenses en Fase 2, 105 en Fase 3 y 8 en Fase 4\"}]},{\"@type\":\"WebSite\",\"@id\":\"https:\/\/www.noticiasradioreflejos.com.ar\/2021\/#website\",\"url\":\"https:\/\/www.noticiasradioreflejos.com.ar\/2021\/\",\"name\":\"Noticias Radio Reflejos\",\"description\":\"Las noticias de mi comarca\",\"potentialAction\":[{\"@type\":\"SearchAction\",\"target\":{\"@type\":\"EntryPoint\",\"urlTemplate\":\"https:\/\/www.noticiasradioreflejos.com.ar\/2021\/?s={search_term_string}\"},\"query-input\":{\"@type\":\"PropertyValueSpecification\",\"valueRequired\":true,\"valueName\":\"search_term_string\"}}],\"inLanguage\":\"es\"},{\"@type\":\"Person\",\"@id\":\"https:\/\/www.noticiasradioreflejos.com.ar\/2021\/#\/schema\/person\/ad82545263dcc5ec0996818884fd5fb1\",\"name\":\"Arnaldo Botto\",\"image\":{\"@type\":\"ImageObject\",\"inLanguage\":\"es\",\"@id\":\"https:\/\/www.noticiasradioreflejos.com.ar\/2021\/#\/schema\/person\/image\/\",\"url\":\"https:\/\/secure.gravatar.com\/avatar\/55cb5e37c1efa326397366e6974cb338056df65cb50e7d64d1cf314e87504837?s=96&d=mm&r=g\",\"contentUrl\":\"https:\/\/secure.gravatar.com\/avatar\/55cb5e37c1efa326397366e6974cb338056df65cb50e7d64d1cf314e87504837?s=96&d=mm&r=g\",\"caption\":\"Arnaldo Botto\"},\"url\":\"https:\/\/www.noticiasradioreflejos.com.ar\/2021\/author\/arnaldo\/\"}]}<\/script>\n<!-- \/ Yoast SEO plugin. -->","yoast_head_json":{"title":"Coronavirus: hay 22 municipios bonaerenses en Fase 2, 105 en Fase 3 y 8 en Fase 4 - Noticias Radio Reflejos","robots":{"index":"index","follow":"follow","max-snippet":"max-snippet:-1","max-image-preview":"max-image-preview:large","max-video-preview":"max-video-preview:-1"},"canonical":"https:\/\/www.noticiasradioreflejos.com.ar\/2021\/coronavirus-hay-22-municipios-bonaerenses-en-fase-2-105-en-fase-3-y-8-en-fase-4\/","og_locale":"es_ES","og_type":"article","og_title":"Coronavirus: hay 22 municipios bonaerenses en Fase 2, 105 en Fase 3 y 8 en Fase 4 - Noticias Radio Reflejos","og_description":"Un total de 22 distritos de la provincia de Buenos Aires se encuentran en Fase 2, con mayores restricciones debido al aumento de casos de coronavirus, en tanto que 105 municipios se ubican en Fase 3 y 8 en Fase 4, de acuerdo al detalle del Gobierno bonaerense publicado hoy en el Bolet\u00edn Oficial.","og_url":"https:\/\/www.noticiasradioreflejos.com.ar\/2021\/coronavirus-hay-22-municipios-bonaerenses-en-fase-2-105-en-fase-3-y-8-en-fase-4\/","og_site_name":"Noticias Radio Reflejos","article_published_time":"2021-07-14T12:42:04+00:00","og_image":[{"width":1349,"height":666,"url":"https:\/\/www.noticiasradioreflejos.com.ar\/2021\/wp-content\/uploads\/2020\/02\/Puente-Negro.png","type":"image\/png"}],"author":"Arnaldo Botto","twitter_card":"summary_large_image","schema":{"@context":"https:\/\/schema.org","@graph":[{"@type":"WebPage","@id":"https:\/\/www.noticiasradioreflejos.com.ar\/2021\/coronavirus-hay-22-municipios-bonaerenses-en-fase-2-105-en-fase-3-y-8-en-fase-4\/","url":"https:\/\/www.noticiasradioreflejos.com.ar\/2021\/coronavirus-hay-22-municipios-bonaerenses-en-fase-2-105-en-fase-3-y-8-en-fase-4\/","name":"Coronavirus: hay 22 municipios bonaerenses en Fase 2, 105 en Fase 3 y 8 en Fase 4 - Noticias Radio Reflejos","isPartOf":{"@id":"https:\/\/www.noticiasradioreflejos.com.ar\/2021\/#website"},"primaryImageOfPage":{"@id":"https:\/\/www.noticiasradioreflejos.com.ar\/2021\/coronavirus-hay-22-municipios-bonaerenses-en-fase-2-105-en-fase-3-y-8-en-fase-4\/#primaryimage"},"image":{"@id":"https:\/\/www.noticiasradioreflejos.com.ar\/2021\/coronavirus-hay-22-municipios-bonaerenses-en-fase-2-105-en-fase-3-y-8-en-fase-4\/#primaryimage"},"thumbnailUrl":"https:\/\/www.noticiasradioreflejos.com.ar\/2021\/wp-content\/uploads\/2020\/02\/Puente-Negro.png","datePublished":"2021-07-14T12:42:04+00:00","author":{"@id":"https:\/\/www.noticiasradioreflejos.com.ar\/2021\/#\/schema\/person\/ad82545263dcc5ec0996818884fd5fb1"},"breadcrumb":{"@id":"https:\/\/www.noticiasradioreflejos.com.ar\/2021\/coronavirus-hay-22-municipios-bonaerenses-en-fase-2-105-en-fase-3-y-8-en-fase-4\/#breadcrumb"},"inLanguage":"es","potentialAction":[{"@type":"ReadAction","target":["https:\/\/www.noticiasradioreflejos.com.ar\/2021\/coronavirus-hay-22-municipios-bonaerenses-en-fase-2-105-en-fase-3-y-8-en-fase-4\/"]}]},{"@type":"ImageObject","inLanguage":"es","@id":"https:\/\/www.noticiasradioreflejos.com.ar\/2021\/coronavirus-hay-22-municipios-bonaerenses-en-fase-2-105-en-fase-3-y-8-en-fase-4\/#primaryimage","url":"https:\/\/www.noticiasradioreflejos.com.ar\/2021\/wp-content\/uploads\/2020\/02\/Puente-Negro.png","contentUrl":"https:\/\/www.noticiasradioreflejos.com.ar\/2021\/wp-content\/uploads\/2020\/02\/Puente-Negro.png","width":1349,"height":666},{"@type":"BreadcrumbList","@id":"https:\/\/www.noticiasradioreflejos.com.ar\/2021\/coronavirus-hay-22-municipios-bonaerenses-en-fase-2-105-en-fase-3-y-8-en-fase-4\/#breadcrumb","itemListElement":[{"@type":"ListItem","position":1,"name":"Portada","item":"https:\/\/www.noticiasradioreflejos.com.ar\/2021\/"},{"@type":"ListItem","position":2,"name":"Coronavirus: hay 22 municipios bonaerenses en Fase 2, 105 en Fase 3 y 8 en Fase 4"}]},{"@type":"WebSite","@id":"https:\/\/www.noticiasradioreflejos.com.ar\/2021\/#website","url":"https:\/\/www.noticiasradioreflejos.com.ar\/2021\/","name":"Noticias Radio Reflejos","description":"Las noticias de mi comarca","potentialAction":[{"@type":"SearchAction","target":{"@type":"EntryPoint","urlTemplate":"https:\/\/www.noticiasradioreflejos.com.ar\/2021\/?s={search_term_string}"},"query-input":{"@type":"PropertyValueSpecification","valueRequired":true,"valueName":"search_term_string"}}],"inLanguage":"es"},{"@type":"Person","@id":"https:\/\/www.noticiasradioreflejos.com.ar\/2021\/#\/schema\/person\/ad82545263dcc5ec0996818884fd5fb1","name":"Arnaldo Botto","image":{"@type":"ImageObject","inLanguage":"es","@id":"https:\/\/www.noticiasradioreflejos.com.ar\/2021\/#\/schema\/person\/image\/","url":"https:\/\/secure.gravatar.com\/avatar\/55cb5e37c1efa326397366e6974cb338056df65cb50e7d64d1cf314e87504837?s=96&d=mm&r=g","contentUrl":"https:\/\/secure.gravatar.com\/avatar\/55cb5e37c1efa326397366e6974cb338056df65cb50e7d64d1cf314e87504837?s=96&d=mm&r=g","caption":"Arnaldo Botto"},"url":"https:\/\/www.noticiasradioreflejos.com.ar\/2021\/author\/arnaldo\/"}]}},"_links":{"self":[{"href":"https:\/\/www.noticiasradioreflejos.com.ar\/2021\/wp-json\/wp\/v2\/posts\/60108","targetHints":{"allow":["GET"]}}],"collection":[{"href":"https:\/\/www.noticiasradioreflejos.com.ar\/2021\/wp-json\/wp\/v2\/posts"}],"about":[{"href":"https:\/\/www.noticiasradioreflejos.com.ar\/2021\/wp-json\/wp\/v2\/types\/post"}],"author":[{"embeddable":true,"href":"https:\/\/www.noticiasradioreflejos.com.ar\/2021\/wp-json\/wp\/v2\/users\/3"}],"replies":[{"embeddable":true,"href":"https:\/\/www.noticiasradioreflejos.com.ar\/2021\/wp-json\/wp\/v2\/comments?post=60108"}],"version-history":[{"count":1,"href":"https:\/\/www.noticiasradioreflejos.com.ar\/2021\/wp-json\/wp\/v2\/posts\/60108\/revisions"}],"predecessor-version":[{"id":60109,"href":"https:\/\/www.noticiasradioreflejos.com.ar\/2021\/wp-json\/wp\/v2\/posts\/60108\/revisions\/60109"}],"wp:featuredmedia":[{"embeddable":true,"href":"https:\/\/www.noticiasradioreflejos.com.ar\/2021\/wp-json\/wp\/v2\/media\/38942"}],"wp:attachment":[{"href":"https:\/\/www.noticiasradioreflejos.com.ar\/2021\/wp-json\/wp\/v2\/media?parent=60108"}],"wp:term":[{"taxonomy":"category","embeddable":true,"href":"https:\/\/www.noticiasradioreflejos.com.ar\/2021\/wp-json\/wp\/v2\/categories?post=60108"},{"taxonomy":"post_tag","embeddable":true,"href":"https:\/\/www.noticiasradioreflejos.com.ar\/2021\/wp-json\/wp\/v2\/tags?post=60108"}],"curies":[{"name":"wp","href":"https:\/\/api.w.org\/{rel}","templated":true}]}}