{"id":60098,"date":"2021-07-14T11:36:42","date_gmt":"2021-07-14T11:36:42","guid":{"rendered":"http:\/\/www.noticiasradioreflejos.com.ar\/2021\/?p=60098"},"modified":"2021-07-14T11:45:27","modified_gmt":"2021-07-14T11:45:27","slug":"se-oficializan-las-alianzas-electorales-el-inicio-del-camino-hacia-las-paso","status":"publish","type":"post","link":"https:\/\/www.noticiasradioreflejos.com.ar\/2021\/se-oficializan-las-alianzas-electorales-el-inicio-del-camino-hacia-las-paso\/","title":{"rendered":"Se oficializan las alianzas electorales, el inicio del camino hacia las PASO"},"content":{"rendered":"<div class=\"head-content\">\n<p>Los distritos con m\u00e1s expectativa para la configuraci\u00f3n de fuerzas en el pr\u00f3ximo per\u00edodo parlamentario son Buenos Aires, C\u00f3rdoba, Santa Fe y CABA,\u00a0 que a su vez, dirigen la mirada a las dos coaliciones mayoritarias, el Frente de Todos y Juntos por el Cambio.<\/p>\n<\/div>\n<p><!--more--><\/p>\n<div class=\"main-content-block\">\n<div class=\"main-box clearfix\">\n<div class=\"wrapper-main-section clearfix\">\n<div class=\"wrapper-editable-content\">\n<div class=\"editable-content clearfix\">\n<div id=\"image\" class=\"image\"><img decoding=\"async\" title=\"El camino hacia las PASO del 12 de septiembre y las legislativas del 14 de noviembre se inicia con la inscripci\u00f3n de las fuerzas dispuestas a competir electoralmente.\" src=\"https:\/\/www.telam.com.ar\/advf\/imagenes\/2020\/08\/5f32ae596c233_1004x565.jpg\" alt=\"El camino hacia las PASO del 12 de septiembre y las legislativas del 14 de noviembre se inicia con la inscripci\u00f3n de las fuerzas dispuestas a competir electoralmente.\" \/><\/div>\n<p>El camino hacia las PASO del 12 de septiembre y las legislativas del 14 de noviembre\u00a0<strong>se inicia con la inscripci\u00f3n de las fuerzas dispuestas a competir electoralmente<\/strong>, un paso formal que no trae grandes novedades, pero s\u00ed deja ver en parte las estrategias partidarias, que terminan de tomar forma con la distribuci\u00f3n de los lugares en las listas para su oficializaci\u00f3n el pr\u00f3ximo 24 de julio.<\/p>\n<p>El cronograma electoral obliga a que este mi\u00e9rcoles\u00a0<strong>las coaliciones y frentes acuerden c\u00f3mo mover\u00e1n sus piezas<\/strong>\u00a0para dar batalla en los comicios que definir\u00e1n qui\u00e9nes se quedar\u00e1n con las 127 bancas nacionales de la C\u00e1mara de Diputados y 24 esca\u00f1os del Senado.<\/p>\n<p>Por peso electoral, Buenos Aires, C\u00f3rdoba y Santa Fe\u00a0<strong>son distritos clave para la configuraci\u00f3n de fuerzas en el pr\u00f3ximo per\u00edodo parlamentario<\/strong>, al igual que la ciudad de Buenos Aires.<\/p>\n<p>Las miradas est\u00e1n puestas en las dos coaliciones mayoritarias,\u00a0<strong>el Frente de Todos (FdT) y Juntos por el Cambio (JxC)<\/strong>, que hasta ahora exhibe mayores movimientos.<\/p>\n<p>En territorio bonaerense todav\u00eda no est\u00e1 claro si JxC lograr\u00e1 una lista de unidad, tras el anuncio de la precandidatura de Facundo Manes -apoyada por el radicalismo y acompa\u00f1ada por Emilio Monz\u00f3-, luego de que el jefe de Gobierno porte\u00f1o y referente del PRO, Horacio Rodr\u00edguez Larreta, apoyara a su vice, Diego Santilli, en su pretensi\u00f3n de liderar las listas de la provincia de Buenos Aires.<\/p>\n<div id=\"image\" class=\"image\">\n<p><img decoding=\"async\" title=\"JxC anunci\u00f3 la precandidatura de Facundo Manes -apoyada por el radicalismo y acompa\u00f1ada por Emilio Monz\u00f3.\" src=\"https:\/\/www.telam.com.ar\/advf\/imagenes\/2021\/06\/60c64d6490bfe.06.2021%20565_1004x565.jpg\" alt=\"JxC anunci\u00f3 la precandidatura de Facundo Manes -apoyada por el radicalismo y acompa\u00f1ada por Emilio Monz\u00f3.\" \/><\/p>\n<div class=\"epigrafe\">JxC anunci\u00f3 la precandidatura de Facundo Manes -apoyada por el radicalismo y acompa\u00f1ada por Emilio Monz\u00f3.<\/div>\n<\/div>\n<p>La Mesa provincial de Juntos por el Cambio intent\u00f3 llegar a un acuerdo el pasado martes, en una reuni\u00f3n que mantuvieron los principales referentes\u00a0<strong>encolumnados en las figuras de Rodr\u00edguez Larreta y del intendente de Vicente L\u00f3pez y titular del PRO bonaerense, Jorge Macri.<\/strong><\/p>\n<p>De igual manera, la c\u00fapula del FdT analiz\u00f3 la estrategia electoral en reuniones peri\u00f3dicas que mantuvieron en las \u00faltimas semanas<strong>\u00a0el gobernador bonaerense Axel Kicillof; el titular de la C\u00e1mara de Diputados, Sergio Massa; el jefe del bloque parlamentario, M\u00e1ximo Kirchner; y el ministro del Interior, Eduardo \u00abWado\u00bb De Pedro<\/strong>, adem\u00e1s de funcionarios bonaerenses.<\/p>\n<p>Mientras en CABA, la exgobernadora Mar\u00eda Eugenia Vidal ya se prueba el traje de precandidata porte\u00f1a por los 13 puestos de diputados nacionales que se juegan.<\/p>\n<p>Sin embargo,\u00a0<strong>una de las figuras que resuena es la del legislador porte\u00f1o Leandro Santoro<\/strong>, quien podr\u00eda aceptar el desaf\u00edo de intentar sumar en diciembre una banca m\u00e1s para el oficialismo nacional, que hasta ahora cuenta con las de Gabriela Cerruti, Carlos Heller y Gisela Marziotta.<\/p>\n<p>En su presentaci\u00f3n del 2019, el FdT cont\u00f3 con los partidos Justicialista, Intransigente, Comunista, Frente Grande, De La Victoria, Solidario, del Trabajo y el Pueblo, de la Cultura, la Educaci\u00f3n y el Trabajo, Proyecto Sur, del Trabajo y la Equidad, Forja (Chaco), Compromiso Federal (San Luis), Kolina, Movimiento Justicialista y Libertad, Encuentro por la Democracia y la Equidad y el Frente Renovador.<\/p>\n<div id=\"image\" class=\"image\">\n<p><img decoding=\"async\" title=\"En el FdT las negociaciones est\u00e1n orientadas al dise\u00f1o de una n\u00f3mina lo mayor representativa posible, tanto en la ciudad como en la provincia de Buenos Aires.\" src=\"https:\/\/www.telam.com.ar\/advf\/imagenes\/2021\/03\/6063b43e8565b_1004x565.jpg\" alt=\"En el FdT las negociaciones est\u00e1n orientadas al dise\u00f1o de una n\u00f3mina lo mayor representativa posible, tanto en la ciudad como en la provincia de Buenos Aires.\" \/><\/p>\n<div class=\"epigrafe\">En el FdT las negociaciones est\u00e1n orientadas al dise\u00f1o de una n\u00f3mina lo mayor representativa posible, tanto en la ciudad como en la provincia de Buenos Aires.<\/div>\n<\/div>\n<p>Con esa conformaci\u00f3n,<strong>\u00a0las negociaciones en el frente est\u00e1n orientadas al dise\u00f1o de una n\u00f3mina lo mayor representativa posible<\/strong>, tanto en la ciudad como en la provincia de Buenos Aires.<\/p>\n<p>En tanto, las fuerzas que compitieron en las \u00faltimas presidenciales dentro de Consenso Federal -Dem\u00f3crata Cristiano, Celeste y Blanco, Libres del Sur, Federal, Socialista, Tercera Posici\u00f3n- parecen dispuestos a anotarse en el Frente Vamos con Vos,<strong>\u00a0liderado por el exministro Florencio Randazzo.<\/strong><\/p>\n<p>Cuando anunci\u00f3 su candidatura, el exfuncionario asegur\u00f3 que su espacio contar\u00e1 con el apoyo del exministro de Econom\u00eda Roberto Lavagna; el exgobernador de Salta Juan Manuel Urtubey y la diputada nacional Graciela Cama\u00f1o.<\/p>\n<p>Por su parte,\u00a0<strong>el Frente de Izquierda y de los Trabajadores Unidad<\/strong>\u00a0(FIT-Unidad) tampoco revel\u00f3 hasta el momento c\u00f3mo resolver\u00e1 su hist\u00f3rico debate interno sobre si confluir en una lista de unidad o dejar en manos de las PASO la definici\u00f3n de qui\u00e9nes se consagrar\u00e1n finalmente candidatos.<\/p>\n<div id=\"image\" class=\"image\">\n<p><img decoding=\"async\" title=\"El Frente de Izquierda y de los Trabajadores Unidad decide si confluir en una lista de unidad o dejar en manos de las PASO.\" src=\"https:\/\/www.telam.com.ar\/advf\/imagenes\/2015\/10\/562d8beff21d3_1004x669.jpg\" alt=\"El Frente de Izquierda y de los Trabajadores Unidad decide si confluir en una lista de unidad o dejar en manos de las PASO.\" \/><\/p>\n<div class=\"epigrafe\">El Frente de Izquierda y de los Trabajadores Unidad decide si confluir en una lista de unidad o dejar en manos de las PASO.<\/div>\n<\/div>\n<p><strong>En C\u00f3rdoba<\/strong>, si bien a\u00fan no hay confirmaciones sobre candidaturas, las 12 bancas que se juegan (9 diputados y 3 senadores) est\u00e1n disputadas por el espacio Hacemos por C\u00f3rdoba, enrolado detr\u00e1s del gobernador peronista Juan Schiaretti; JxC, en el que la UCR y el PRO pujan por los primeros lugares en ambas listas, y el FdT, que s\u00f3lo arriesga un lugar, en un distrito dif\u00edcil para el oficialismo nacional.<\/p>\n<p>La versi\u00f3n cordobesa de JxC\u00a0<strong>exhibe una interna con varios aspirantes a los lugares centrales de las n\u00f3minas:<\/strong>\u00a0Mario Negri, Luis Juez, Gustavo Santos, Gregorio Hern\u00e1ndez Maqueda, H\u00e9ctor Baldassi y Ram\u00f3n Mestre.<\/p>\n<p><strong>El macrismo impulsa al exministro de Turismo de Cambiemos<\/strong>, Gustavo Santos, como cabeza de lista en Diputados y a Luis Juez como n\u00famero uno en la lista de senadores.<\/p>\n<p><strong>El armado del FdT en C\u00f3rdoba todav\u00eda se desconoce<\/strong>, pero uno de sus referentes parlamentarios, el senador nacional Carlos Caserio asegur\u00f3 que las listas se conformar\u00e1n en base a una \u00abdecisi\u00f3n colectiva\u00bb, en l\u00ednea con el proyecto nacional encabezado por el presidente Alberto Fern\u00e1ndez.<\/p>\n<p>Al igual que en la provincia mediterr\u00e1nea,<strong>\u00a0en Santa Fe, con siete alianzas y 9 bancas de diputados en disputa<\/strong>, los mayores movimientos se observan en JxC, donde radicales y macristas negocian las n\u00f3minas luego de que el capoc\u00f3mico Miguel del Sel, considerado \u00abprenda de unidad\u00bb del espacio, anunciara que no ser\u00e1 precandidato al Senado.<\/p>\n<p>En<strong>\u00a0el FdT tambi\u00e9n habr\u00e1 lucha interna y su expresi\u00f3n m\u00e1s clara ser\u00e1 la integraci\u00f3n de la lista\u00a0<\/strong>que buscar\u00e1 renovar los dos esca\u00f1os en el Senado que esa fuerza tiene en las figuras de Roberto Mirabella, alineado con el gobernador Omar Perotti, y de Mar\u00eda de los \u00c1ngeles Sacnun, titular de la comisi\u00f3n de Asuntos Constitucionales y allegada a la vicepresidenta Cristina Fern\u00e1ndez de Kirchner.<\/p>\n<\/div>\n<\/div>\n<\/div>\n<\/div>\n<\/div>\n","protected":false},"excerpt":{"rendered":"<p>Los distritos con m\u00e1s expectativa para la configuraci\u00f3n de fuerzas en el pr\u00f3ximo per\u00edodo parlamentario son Buenos Aires, C\u00f3rdoba, Santa Fe y CABA,\u00a0 que a su vez, dirigen la mirada a las dos coaliciones mayoritarias, el Frente de Todos y Juntos por el Cambio.<\/p>\n","protected":false},"author":3,"featured_media":0,"comment_status":"closed","ping_status":"closed","sticky":false,"template":"","format":"standard","meta":{"footnotes":""},"categories":[24,26],"tags":[],"class_list":["post-60098","post","type-post","status-publish","format-standard","hentry","category-politica","category-sociedad"],"yoast_head":"<!-- This site is optimized with the Yoast SEO plugin v25.9 - https:\/\/yoast.com\/wordpress\/plugins\/seo\/ -->\n<title>Se oficializan las alianzas electorales, el inicio del camino hacia las PASO - Noticias Radio Reflejos<\/title>\n<meta name=\"robots\" content=\"index, follow, max-snippet:-1, max-image-preview:large, max-video-preview:-1\" \/>\n<link rel=\"canonical\" href=\"https:\/\/www.noticiasradioreflejos.com.ar\/2021\/se-oficializan-las-alianzas-electorales-el-inicio-del-camino-hacia-las-paso\/\" \/>\n<meta property=\"og:locale\" content=\"es_ES\" \/>\n<meta property=\"og:type\" content=\"article\" \/>\n<meta property=\"og:title\" content=\"Se oficializan las alianzas electorales, el inicio del camino hacia las PASO - Noticias Radio Reflejos\" \/>\n<meta property=\"og:description\" content=\"Los distritos con m\u00e1s expectativa para la configuraci\u00f3n de fuerzas en el pr\u00f3ximo per\u00edodo parlamentario son Buenos Aires, C\u00f3rdoba, Santa Fe y CABA,\u00a0 que a su vez, dirigen la mirada a las dos coaliciones mayoritarias, el Frente de Todos y Juntos por el Cambio.\" \/>\n<meta property=\"og:url\" content=\"https:\/\/www.noticiasradioreflejos.com.ar\/2021\/se-oficializan-las-alianzas-electorales-el-inicio-del-camino-hacia-las-paso\/\" \/>\n<meta property=\"og:site_name\" content=\"Noticias Radio Reflejos\" \/>\n<meta property=\"article:published_time\" content=\"2021-07-14T11:36:42+00:00\" \/>\n<meta property=\"article:modified_time\" content=\"2021-07-14T11:45:27+00:00\" \/>\n<meta property=\"og:image\" content=\"https:\/\/www.telam.com.ar\/advf\/imagenes\/2020\/08\/5f32ae596c233_1004x565.jpg\" \/>\n<meta name=\"author\" content=\"Arnaldo Botto\" \/>\n<meta name=\"twitter:card\" content=\"summary_large_image\" \/>\n<script type=\"application\/ld+json\" class=\"yoast-schema-graph\">{\"@context\":\"https:\/\/schema.org\",\"@graph\":[{\"@type\":\"WebPage\",\"@id\":\"https:\/\/www.noticiasradioreflejos.com.ar\/2021\/se-oficializan-las-alianzas-electorales-el-inicio-del-camino-hacia-las-paso\/\",\"url\":\"https:\/\/www.noticiasradioreflejos.com.ar\/2021\/se-oficializan-las-alianzas-electorales-el-inicio-del-camino-hacia-las-paso\/\",\"name\":\"Se oficializan las alianzas electorales, el inicio del camino hacia las PASO - Noticias Radio Reflejos\",\"isPartOf\":{\"@id\":\"https:\/\/www.noticiasradioreflejos.com.ar\/2021\/#website\"},\"primaryImageOfPage\":{\"@id\":\"https:\/\/www.noticiasradioreflejos.com.ar\/2021\/se-oficializan-las-alianzas-electorales-el-inicio-del-camino-hacia-las-paso\/#primaryimage\"},\"image\":{\"@id\":\"https:\/\/www.noticiasradioreflejos.com.ar\/2021\/se-oficializan-las-alianzas-electorales-el-inicio-del-camino-hacia-las-paso\/#primaryimage\"},\"thumbnailUrl\":\"https:\/\/www.telam.com.ar\/advf\/imagenes\/2020\/08\/5f32ae596c233_1004x565.jpg\",\"datePublished\":\"2021-07-14T11:36:42+00:00\",\"dateModified\":\"2021-07-14T11:45:27+00:00\",\"author\":{\"@id\":\"https:\/\/www.noticiasradioreflejos.com.ar\/2021\/#\/schema\/person\/ad82545263dcc5ec0996818884fd5fb1\"},\"breadcrumb\":{\"@id\":\"https:\/\/www.noticiasradioreflejos.com.ar\/2021\/se-oficializan-las-alianzas-electorales-el-inicio-del-camino-hacia-las-paso\/#breadcrumb\"},\"inLanguage\":\"es\",\"potentialAction\":[{\"@type\":\"ReadAction\",\"target\":[\"https:\/\/www.noticiasradioreflejos.com.ar\/2021\/se-oficializan-las-alianzas-electorales-el-inicio-del-camino-hacia-las-paso\/\"]}]},{\"@type\":\"ImageObject\",\"inLanguage\":\"es\",\"@id\":\"https:\/\/www.noticiasradioreflejos.com.ar\/2021\/se-oficializan-las-alianzas-electorales-el-inicio-del-camino-hacia-las-paso\/#primaryimage\",\"url\":\"https:\/\/www.telam.com.ar\/advf\/imagenes\/2020\/08\/5f32ae596c233_1004x565.jpg\",\"contentUrl\":\"https:\/\/www.telam.com.ar\/advf\/imagenes\/2020\/08\/5f32ae596c233_1004x565.jpg\"},{\"@type\":\"BreadcrumbList\",\"@id\":\"https:\/\/www.noticiasradioreflejos.com.ar\/2021\/se-oficializan-las-alianzas-electorales-el-inicio-del-camino-hacia-las-paso\/#breadcrumb\",\"itemListElement\":[{\"@type\":\"ListItem\",\"position\":1,\"name\":\"Portada\",\"item\":\"https:\/\/www.noticiasradioreflejos.com.ar\/2021\/\"},{\"@type\":\"ListItem\",\"position\":2,\"name\":\"Se oficializan las alianzas electorales, el inicio del camino hacia las PASO\"}]},{\"@type\":\"WebSite\",\"@id\":\"https:\/\/www.noticiasradioreflejos.com.ar\/2021\/#website\",\"url\":\"https:\/\/www.noticiasradioreflejos.com.ar\/2021\/\",\"name\":\"Noticias Radio Reflejos\",\"description\":\"Las noticias de mi comarca\",\"potentialAction\":[{\"@type\":\"SearchAction\",\"target\":{\"@type\":\"EntryPoint\",\"urlTemplate\":\"https:\/\/www.noticiasradioreflejos.com.ar\/2021\/?s={search_term_string}\"},\"query-input\":{\"@type\":\"PropertyValueSpecification\",\"valueRequired\":true,\"valueName\":\"search_term_string\"}}],\"inLanguage\":\"es\"},{\"@type\":\"Person\",\"@id\":\"https:\/\/www.noticiasradioreflejos.com.ar\/2021\/#\/schema\/person\/ad82545263dcc5ec0996818884fd5fb1\",\"name\":\"Arnaldo Botto\",\"image\":{\"@type\":\"ImageObject\",\"inLanguage\":\"es\",\"@id\":\"https:\/\/www.noticiasradioreflejos.com.ar\/2021\/#\/schema\/person\/image\/\",\"url\":\"https:\/\/secure.gravatar.com\/avatar\/55cb5e37c1efa326397366e6974cb338056df65cb50e7d64d1cf314e87504837?s=96&d=mm&r=g\",\"contentUrl\":\"https:\/\/secure.gravatar.com\/avatar\/55cb5e37c1efa326397366e6974cb338056df65cb50e7d64d1cf314e87504837?s=96&d=mm&r=g\",\"caption\":\"Arnaldo Botto\"},\"url\":\"https:\/\/www.noticiasradioreflejos.com.ar\/2021\/author\/arnaldo\/\"}]}<\/script>\n<!-- \/ Yoast SEO plugin. -->","yoast_head_json":{"title":"Se oficializan las alianzas electorales, el inicio del camino hacia las PASO - Noticias Radio Reflejos","robots":{"index":"index","follow":"follow","max-snippet":"max-snippet:-1","max-image-preview":"max-image-preview:large","max-video-preview":"max-video-preview:-1"},"canonical":"https:\/\/www.noticiasradioreflejos.com.ar\/2021\/se-oficializan-las-alianzas-electorales-el-inicio-del-camino-hacia-las-paso\/","og_locale":"es_ES","og_type":"article","og_title":"Se oficializan las alianzas electorales, el inicio del camino hacia las PASO - Noticias Radio Reflejos","og_description":"Los distritos con m\u00e1s expectativa para la configuraci\u00f3n de fuerzas en el pr\u00f3ximo per\u00edodo parlamentario son Buenos Aires, C\u00f3rdoba, Santa Fe y CABA,\u00a0 que a su vez, dirigen la mirada a las dos coaliciones mayoritarias, el Frente de Todos y Juntos por el Cambio.","og_url":"https:\/\/www.noticiasradioreflejos.com.ar\/2021\/se-oficializan-las-alianzas-electorales-el-inicio-del-camino-hacia-las-paso\/","og_site_name":"Noticias Radio Reflejos","article_published_time":"2021-07-14T11:36:42+00:00","article_modified_time":"2021-07-14T11:45:27+00:00","og_image":[{"url":"https:\/\/www.telam.com.ar\/advf\/imagenes\/2020\/08\/5f32ae596c233_1004x565.jpg","type":"","width":"","height":""}],"author":"Arnaldo Botto","twitter_card":"summary_large_image","schema":{"@context":"https:\/\/schema.org","@graph":[{"@type":"WebPage","@id":"https:\/\/www.noticiasradioreflejos.com.ar\/2021\/se-oficializan-las-alianzas-electorales-el-inicio-del-camino-hacia-las-paso\/","url":"https:\/\/www.noticiasradioreflejos.com.ar\/2021\/se-oficializan-las-alianzas-electorales-el-inicio-del-camino-hacia-las-paso\/","name":"Se oficializan las alianzas electorales, el inicio del camino hacia las PASO - Noticias Radio Reflejos","isPartOf":{"@id":"https:\/\/www.noticiasradioreflejos.com.ar\/2021\/#website"},"primaryImageOfPage":{"@id":"https:\/\/www.noticiasradioreflejos.com.ar\/2021\/se-oficializan-las-alianzas-electorales-el-inicio-del-camino-hacia-las-paso\/#primaryimage"},"image":{"@id":"https:\/\/www.noticiasradioreflejos.com.ar\/2021\/se-oficializan-las-alianzas-electorales-el-inicio-del-camino-hacia-las-paso\/#primaryimage"},"thumbnailUrl":"https:\/\/www.telam.com.ar\/advf\/imagenes\/2020\/08\/5f32ae596c233_1004x565.jpg","datePublished":"2021-07-14T11:36:42+00:00","dateModified":"2021-07-14T11:45:27+00:00","author":{"@id":"https:\/\/www.noticiasradioreflejos.com.ar\/2021\/#\/schema\/person\/ad82545263dcc5ec0996818884fd5fb1"},"breadcrumb":{"@id":"https:\/\/www.noticiasradioreflejos.com.ar\/2021\/se-oficializan-las-alianzas-electorales-el-inicio-del-camino-hacia-las-paso\/#breadcrumb"},"inLanguage":"es","potentialAction":[{"@type":"ReadAction","target":["https:\/\/www.noticiasradioreflejos.com.ar\/2021\/se-oficializan-las-alianzas-electorales-el-inicio-del-camino-hacia-las-paso\/"]}]},{"@type":"ImageObject","inLanguage":"es","@id":"https:\/\/www.noticiasradioreflejos.com.ar\/2021\/se-oficializan-las-alianzas-electorales-el-inicio-del-camino-hacia-las-paso\/#primaryimage","url":"https:\/\/www.telam.com.ar\/advf\/imagenes\/2020\/08\/5f32ae596c233_1004x565.jpg","contentUrl":"https:\/\/www.telam.com.ar\/advf\/imagenes\/2020\/08\/5f32ae596c233_1004x565.jpg"},{"@type":"BreadcrumbList","@id":"https:\/\/www.noticiasradioreflejos.com.ar\/2021\/se-oficializan-las-alianzas-electorales-el-inicio-del-camino-hacia-las-paso\/#breadcrumb","itemListElement":[{"@type":"ListItem","position":1,"name":"Portada","item":"https:\/\/www.noticiasradioreflejos.com.ar\/2021\/"},{"@type":"ListItem","position":2,"name":"Se oficializan las alianzas electorales, el inicio del camino hacia las PASO"}]},{"@type":"WebSite","@id":"https:\/\/www.noticiasradioreflejos.com.ar\/2021\/#website","url":"https:\/\/www.noticiasradioreflejos.com.ar\/2021\/","name":"Noticias Radio Reflejos","description":"Las noticias de mi comarca","potentialAction":[{"@type":"SearchAction","target":{"@type":"EntryPoint","urlTemplate":"https:\/\/www.noticiasradioreflejos.com.ar\/2021\/?s={search_term_string}"},"query-input":{"@type":"PropertyValueSpecification","valueRequired":true,"valueName":"search_term_string"}}],"inLanguage":"es"},{"@type":"Person","@id":"https:\/\/www.noticiasradioreflejos.com.ar\/2021\/#\/schema\/person\/ad82545263dcc5ec0996818884fd5fb1","name":"Arnaldo Botto","image":{"@type":"ImageObject","inLanguage":"es","@id":"https:\/\/www.noticiasradioreflejos.com.ar\/2021\/#\/schema\/person\/image\/","url":"https:\/\/secure.gravatar.com\/avatar\/55cb5e37c1efa326397366e6974cb338056df65cb50e7d64d1cf314e87504837?s=96&d=mm&r=g","contentUrl":"https:\/\/secure.gravatar.com\/avatar\/55cb5e37c1efa326397366e6974cb338056df65cb50e7d64d1cf314e87504837?s=96&d=mm&r=g","caption":"Arnaldo Botto"},"url":"https:\/\/www.noticiasradioreflejos.com.ar\/2021\/author\/arnaldo\/"}]}},"_links":{"self":[{"href":"https:\/\/www.noticiasradioreflejos.com.ar\/2021\/wp-json\/wp\/v2\/posts\/60098","targetHints":{"allow":["GET"]}}],"collection":[{"href":"https:\/\/www.noticiasradioreflejos.com.ar\/2021\/wp-json\/wp\/v2\/posts"}],"about":[{"href":"https:\/\/www.noticiasradioreflejos.com.ar\/2021\/wp-json\/wp\/v2\/types\/post"}],"author":[{"embeddable":true,"href":"https:\/\/www.noticiasradioreflejos.com.ar\/2021\/wp-json\/wp\/v2\/users\/3"}],"replies":[{"embeddable":true,"href":"https:\/\/www.noticiasradioreflejos.com.ar\/2021\/wp-json\/wp\/v2\/comments?post=60098"}],"version-history":[{"count":2,"href":"https:\/\/www.noticiasradioreflejos.com.ar\/2021\/wp-json\/wp\/v2\/posts\/60098\/revisions"}],"predecessor-version":[{"id":60101,"href":"https:\/\/www.noticiasradioreflejos.com.ar\/2021\/wp-json\/wp\/v2\/posts\/60098\/revisions\/60101"}],"wp:attachment":[{"href":"https:\/\/www.noticiasradioreflejos.com.ar\/2021\/wp-json\/wp\/v2\/media?parent=60098"}],"wp:term":[{"taxonomy":"category","embeddable":true,"href":"https:\/\/www.noticiasradioreflejos.com.ar\/2021\/wp-json\/wp\/v2\/categories?post=60098"},{"taxonomy":"post_tag","embeddable":true,"href":"https:\/\/www.noticiasradioreflejos.com.ar\/2021\/wp-json\/wp\/v2\/tags?post=60098"}],"curies":[{"name":"wp","href":"https:\/\/api.w.org\/{rel}","templated":true}]}}