{"id":60094,"date":"2021-07-14T11:20:37","date_gmt":"2021-07-14T11:20:37","guid":{"rendered":"http:\/\/www.noticiasradioreflejos.com.ar\/2021\/?p=60094"},"modified":"2021-07-14T11:21:03","modified_gmt":"2021-07-14T11:21:03","slug":"el-gobierno-dara-un-bono-de-5-000-pesos-a-jubilados-que-cobren-hasta-dos-haberes-minimos","status":"publish","type":"post","link":"https:\/\/www.noticiasradioreflejos.com.ar\/2021\/el-gobierno-dara-un-bono-de-5-000-pesos-a-jubilados-que-cobren-hasta-dos-haberes-minimos\/","title":{"rendered":"El Gobierno dar\u00e1 un bono de 5.000 pesos a jubilados que cobren hasta dos haberes m\u00ednimos"},"content":{"rendered":"<p>Alberto Fern\u00e1ndez encabez\u00f3 un acto en la localidad bonaerense de Lomas de Zamora donde se hicieron los anuncios. \u00abNo queremos que los jubilados sean la variable de ajuste\u00bb, manifest\u00f3 el Presidente.<!--more--><\/p>\n<p><iframe loading=\"lazy\" title=\"YouTube video player\" src=\"https:\/\/www.youtube.com\/embed\/1cqrkQzvSBQ\" width=\"646\" height=\"363\" frameborder=\"0\" allowfullscreen=\"allowfullscreen\"><\/iframe><\/p>\n<div class=\"epigrafe\">El Presidente anunci\u00f3 un bono de $ 5.000 para jubilados y jubiladas<\/div>\n<p>El presidente Alberto Fern\u00e1ndez asegur\u00f3 que al Gobierno nacional le \u00abpreocupa mucho la situaci\u00f3n de los jubilados\u00bb y no quiere que sean \u00abla variable de ajuste\u00bb ante el incremento de precios, al anunciar el pago en agosto de un bono de 5.000 pesos para los trabajadores retirados.<\/p>\n<p>Al encabezar un acto en el Club Social y Deportivo Ituzaing\u00f3 de la localidad de Temperley, en el partido bonaerense de Lomas de Zamora, Fern\u00e1ndez comunic\u00f3 que el Gobierno reconocer\u00e1 adem\u00e1s a las mujeres \u00abel aporte de un a\u00f1o por cada hijo para acceder m\u00e1s r\u00e1pidamente a la jubilaci\u00f3n\u00bb.<\/p>\n<div id=\"image\" class=\"image\">\n<p><img decoding=\"async\" title=\"El Gobierno anunci\u00f3 en Lomas de Zamora un bono de 5.000 pesos para jubiladas y jubilados.\" src=\"https:\/\/www.telam.com.ar\/advf\/imagenes\/2021\/07\/60ee16cf2e2df_1004x565.jpg\" alt=\"El Gobierno anunci\u00f3 en Lomas de Zamora un bono de 5.000 pesos para jubiladas y jubilados.\" \/><\/p>\n<div class=\"epigrafe\">El Gobierno anunci\u00f3 en Lomas de Zamora un bono de 5.000 pesos para jubiladas y jubilados.<\/div>\n<\/div>\n<p>Con el bono, quienes perciben una jubilaci\u00f3n m\u00ednima en agosto cobrar\u00e1n 28.065 pesos, mientras que quienes tengan ingresos de dos haberes m\u00ednimos percibir\u00e1n 51.130 pesos.<\/p>\n<blockquote><p>La medida beneficiar\u00e1 a m\u00e1s de 6 millones de personas<\/p><\/blockquote>\n<p>De este modo, las personas que cobran el haber m\u00ednimo tendr\u00e1n en agosto un ingreso 47% superior al que ten\u00edan en diciembre de 2020.<\/p>\n<p>De acuerdo a los datos de la ANSeS, el nuevo refuerzo a los ingresos alcanzar\u00e1 al 83% de las y los jubilados y las y los pensionados.<\/p>\n<p>Este bono se suma a los otorgados en\u00a0<strong>diciembre de 2019 y enero de 2020<\/strong>, tambi\u00e9n de 5.000 pesos, para quienes cobraban el haber m\u00ednimo;\u00a0<strong>en abril de 2020, de 3.000 pesos para los haberes m\u00e1s bajos, y en abril y mayo pasados, de 1.500 pesos para quienes percib\u00edan hasta 1,5 jubilaci\u00f3n m\u00ednima<\/strong>.<\/p>\n<div id=\"image\" class=\"image\">\n<p><img decoding=\"async\" title=\"El Presidente abraza a una jubilada en el acto de Lomas de Zanora\" src=\"https:\/\/www.telam.com.ar\/advf\/imagenes\/2021\/07\/60ee16c803d4c_1004x565.jpg\" alt=\"El Presidente abraza a una jubilada en el acto de Lomas de Zanora\" \/><\/p>\n<div class=\"epigrafe\">El Presidente abraza a una jubilada en el acto de Lomas de Zanora<\/div>\n<\/div>\n<p>\u00abUstedes est\u00e1n ac\u00e1 porque somos el Frente de Todos, el Gobierno de todos, y todos hacemos falta en la gesti\u00f3n de levantar la Argentina y nadie sobra\u00bb, dijo Fern\u00e1ndez.<\/p>\n<p>El jefe del Estado destac\u00f3 precisamente que en ese lugar, hace dos a\u00f1os y en la campa\u00f1a presidencial, prometi\u00f3 que \u00aben la Argentina los jubilados no iban a pagar m\u00e1s por sus medicamentos\u00bb porque la clase pasiva deb\u00eda optar en aquel momento entre \u00abpagar la luz o comprar remedios\u00bb.<\/p>\n<p>Unos 3,5 millones de jubilados tienen medicamentos gratis y en promedio un afiliado del Programa de Atenci\u00f3n M\u00e9dica Integral (PAMI) ahorra el 18% de una jubilaci\u00f3n m\u00ednima por esa medida.<\/p>\n<p>\u00abNo queremos que la inflaci\u00f3n perversa que hemos heredado no carcoma los haberes jubilados\u00bb, indic\u00f3 el mandatario, y ejemplific\u00f3 con la aprobaci\u00f3n de la ley de Zonas Fr\u00edas \u00abcon una rebaja en la tarifa de gas del 50%\u00bb, adem\u00e1s de garantizar que \u00abla tarifa no subiera\u00bb y que \u00abdejar\u00e1n de pagar el Impuesto a las Ganancias muchos jubilados y trabajadores\u00bb.<\/p>\n<p>Fern\u00e1ndez asegur\u00f3 que su voluntad es que los jubilados \u00abvivan dignamente\u00bb y agreg\u00f3 que no se arrepent\u00eda de \u00abhaber elegido la gente\u00bb por sobre la econom\u00eda ante el desaf\u00edo que present\u00f3 la pandemia de coronavirus.<\/p>\n<p>\u00abMuchos me criticaron cuando dije que entre bancos y jubilados eleg\u00eda a los jubilados, y entre salud y econom\u00eda eleg\u00eda salud, porque eleg\u00eda la vida antes que la muerte, y no me arrepiento porque voy a luchar todos los d\u00edas para que vivan con m\u00e1s salud y vivan bien\u00bb, complet\u00f3 Fern\u00e1ndez.<\/p>\n<p>Por otra parte, destac\u00f3 que \u00abm\u00e1s del 90% de los adultos mayores de 60 a\u00f1os\u00bb de todo el pa\u00eds ya est\u00e1n vacunados contra el coronavirus, y rese\u00f1\u00f3 que las primeras vacunas \u00abfueron para los adultos mayores, que son los que estaban en riesgo\u00bb.<\/p>\n<p>Fern\u00e1ndez record\u00f3 que cuando asumi\u00f3 el Gobierno recibi\u00f3 un pa\u00eds \u00aben una situaci\u00f3n muy cr\u00edtica\u00bb y advirti\u00f3 que en la pol\u00edtica existe una dimensi\u00f3n \u00ab\u00e9tica\u00bb que \u00absupone interpretar que intereses se representa\u00bb.<\/p>\n<p>\u00abUna sociedad que no piensa en los adultos mayores perdi\u00f3 la \u00e9tica, la que no reconoce al que alcanz\u00f3 la madurez y no le da tranquilidad necesaria para tener una vida tranquila no es una sociedad \u00e9tica\u00bb, resumi\u00f3.<\/p>\n<p>\u00abEntramos con muchas fuerzas el 10 diciembre y con la pandemia en marzo advertimos todo lo que faltaba en la Argentina\u00bb, cont\u00f3 Fern\u00e1ndez, y rememor\u00f3 que con los gobernadores apuntaron a \u00abconstruir hospitales modulares donde no los hab\u00eda\u00bb, adem\u00e1s de la ampliaci\u00f3n en el pa\u00eds de \u00abcamas de terapia intensiva y respiradores\u00bb.<\/p>\n<p>Y agreg\u00f3: \u00abPasamos la primera ola y ning\u00fan argentino que se contagi\u00f3 le falt\u00f3 la atenci\u00f3n m\u00e9dica que merec\u00eda\u00bb.<\/p>\n<p>\u00abSeguimos buscando vacunas en todas partes del mundo\u00bb, se\u00f1al\u00f3, y puntualiz\u00f3 que \u00abcada vez hay m\u00e1s vacunas, cada vez m\u00e1s gente est\u00e1 vacunada y con m\u00e1s velocidad\u00bb, e inform\u00f3 que hoy el 50% de la poblaci\u00f3n \u00aben la Argentina por lo menos recibi\u00f3 una dosis\u00bb.<\/p>\n<p>\u00abComo dice Cristina (Fern\u00e1ndez de Kirchner) vamos a volver a ser felices\u00bb, resalt\u00f3 el Presidente, y sostuvo que el Gobierno nacional \u00abcuida\u00bb a los jubilados cuando decidi\u00f3 lanzar el programa Casa Activa, que consiste en la construcci\u00f3n de lugares comunes con departamentos de uno y dos ambientes donde los adultos mayores encuentran todo lo que necesitan y conviven con sus pares.<\/p>\n<p>\u00abUna sociedad que no piensa en sus adultos mayores ha perdido la \u00e9tica\u00bb, dijo el jefe de Estado, y se comprometi\u00f3 a \u00abtrabajar\u00bb por ellos \u00abhasta el \u00faltimo d\u00eda\u00bb de su mandato.<\/p>\n<blockquote><p>\u00abUna sociedad que no piensa en los adultos mayores perdi\u00f3 la \u00e9tica, la que no reconoce al que alcanz\u00f3 la madurez y no le da tranquilidad necesaria para tener una vida tranquila no es una sociedad \u00e9tica\u00bb<\/p>\n<div class=\"sign\">ALBERTO FERN\u00c1NDEZ<\/div>\n<\/blockquote>\n<p>Por otra parte, remarc\u00f3 que los gobernantes son \u00abpeleadores con el Fondo\u00bb Monetario Internacional porque esa lucha es \u00abpor ustedes\u00bb y \u00abpor la Argentina\u00bb, y refiri\u00f3 que cuando pone \u00abuna firma\u00bb sabe que compromete \u00aba generaciones de argentinos\u00bb.<\/p>\n<p>\u00abNo queremos que ese acuerdo sea a costa del pueblo argentino. Me llama la atenci\u00f3n porque los mismos que tomaron esta deuda andan por Espa\u00f1a explic\u00e1ndome como debo que negociar, la verdad que ser\u00eda buen\u00edsimo que no nos hubieran metido en la deuda, nos hubieran hecho un gran favor\u00bb, grafic\u00f3 en referencia a la presencia del expresidente Mauricio Macri en Europa.<\/p>\n<p>Junto al Presidente participaron del acto el gobernador bonaerense Axel Kicillof; la directora ejecutiva de la Administraci\u00f3n Nacional de la Seguridad Social (Anses), Fernanda Raverta; la directora ejecutiva del PAMI, Luana Volnovich; y el intendente de Lomas de Zamora, Mart\u00edn Insaurralde.<\/p>\n<div class=\"auth\">El bono<\/div>\n<p>La directora ejecutiva de la Administraci\u00f3n Nacional de la Seguridad Social (Anses), Fernanda Raverta, anunci\u00f3 que el Gobierno dar\u00e1 un bono de $5.000 en agosto a los jubilados y jubiladas que cobren hasta $46.130, el equivalente a dos haberes m\u00ednimos ($23.065).<\/p>\n<p>\u00abLes prometo que hasta el \u00faltimo d\u00eda de mi gobierno trabajar\u00e9 para que ustedes tengan la protecci\u00f3n que merecen\u00bb<\/p>\n<p>La medida beneficiar\u00e1 a m\u00e1s de 6 millones de personas, mientras que los jubilados que cobran el haber m\u00ednimo percibir\u00e1n $28.065 en agosto, el doble de lo que percib\u00edan en diciembre de 2019.<\/p>\n<p>\u00abEl Presidente (Alberto Fern\u00e1ndez) viene hoy a compartir una decisi\u00f3n pol\u00edtica y de gobierno de que todo los jubilados que reciban hasta dos haberes m\u00ednimos reciban un bono de 5.000 pesos en el mes de agosto\u00bb, asegur\u00f3 Raverta en un acto en la localidad bonaerense de Lomas de Zamora, del que participaron el jefe del Estado; el gobernador de Buenos Aires, Axel Kicillof; la titular del PAMI, Luana Volnovich; y el intendente local, Mart\u00edn Insaurralde.<\/p>\n<div id=\"image\" class=\"image\">\n<p><img decoding=\"async\" title=\"El anuncio del bono.\" src=\"https:\/\/www.telam.com.ar\/advf\/imagenes\/2021\/07\/60edfcf44ed12_1004x565.jpg\" alt=\"El anuncio del bono.\" \/><\/p>\n<div class=\"epigrafe\">El anuncio del bono.<\/div>\n<\/div>\n<p>\u00abEs un bono que les permitir\u00e1 tener la certeza de una jubilaci\u00f3n digna\u00bb afirm\u00f3 la titular de la Anses, quien destac\u00f3 el trabajo y el compromiso del Gobierno de \u00abrecuperar el valor de compra de las jubilaciones que en dos a\u00f1os del gobierno anterior perdieron 20 puntos\u00bb.<\/p>\n<p>Este bono de $5.000 ser\u00e1 el tercero que se otorga en 2021 a las jubilaciones m\u00ednimas -los anteriores fueron de $1.500 en abril y mayo- aunque el primero que incluir\u00e1 tambi\u00e9n a los haberes que duplican el haber m\u00e1s bajo.<\/p>\n<p>Seg\u00fan la Anses, cerca del 83% jubilados y pensionados cobrar\u00e1 efectivamente el bono de $5.000 en sus salarios de agosto.<\/p>\n<p>Asimismo, en septiembre se otorgar\u00e1 un nuevo aumento por la Ley de Movilidad que actualizar\u00e1 al conjunto de las jubilaciones, pensiones y asignaciones familiares, seg\u00fan la evoluci\u00f3n de la recaudaci\u00f3n y los salarios.<\/p>\n<blockquote><p>\u00abLes prometo que hasta el \u00faltimo d\u00eda de mi gobierno trabajar\u00e9 para que ustedes tengan la protecci\u00f3n que merecen\u00bb<\/p>\n<div class=\"sign\">ALBERTO FERN\u00c1NDEZ<\/div>\n<\/blockquote>\n<p>En lo que va del a\u00f1o ya se otorgaron dos mediante la nueva f\u00f3rmula de movilidad: 8,07% en marzo y 12,12% en junio que, en ambos casos, fueron superiores a los que hubiese otorgado la f\u00f3rmula que fijaba ley sancionada en 2017, que actualizaba por inflaci\u00f3n.<\/p>\n<p>En ese sentido, con la anterior f\u00f3rmula hubiesen sido otorgados aumentos de 7,18% y 10,33%, respectivamente.<\/p>\n<p>\u00abLa ley de movilidad garantiza que tengamos cada vez m\u00e1s y mejores jubilaciones\u00bb asegur\u00f3 Raverta, que record\u00f3 tambi\u00e9n la ley de tarifa diferencial para que 2 millones de jubilados paguen un 50% en sus tarifas de servicios p\u00fablicos y la reducci\u00f3n en la tasas de inter\u00e9s de los cr\u00e9ditos de la Anses que, dijo, \u00abera un cr\u00e9dito que se hab\u00edan sacado para poder comer\u00bb.<\/p>\n<p>Por \u00faltimo, anticip\u00f3 que la semana que viene el Presidente firmar\u00e1 un nuevo Decreto de Necesidad y Urgencia (DNU) para que mujeres que hayan tenido hijos y llegaron a los 60 a\u00f1os puedan sumar a\u00f1os de aportes y, as\u00ed, alcanzar a completar los 30 a\u00f1os necesarios para jubilarse.<\/p>\n<p>\u00abQueremos reconocer la tarea de las mujeres que dedicaron tiempo al cuidado de sus hijos y sus hijas. El trabajo se presenta desigual en la casa y tienen que ser reconocido\u00bb, dijo Raverta, al sostener que \u00abes una medida que no ofende a nadie\u00bb y que \u00abtiene que ver con reparar desigualdad\u00bb.<\/p>\n<p>El proyecto que -seg\u00fan Raverta- se pondr\u00e1 en marcha en agosto pr\u00f3ximo, reconocer\u00e1 un a\u00f1o por hijo para las mujeres y para las personas gestantes con hijos nacidos o adoptados siendo menores de edad; dos a\u00f1os para todas las mujeres que hayan sido titulares de la Asignaci\u00f3n Universal por Hijo (AUH); y a las trabajadoras registradas que hayan tenido la licencia por maternidad y por excedencia se le va a reconocer ese plazo para que puedan acceder a su jubilaci\u00f3n.<\/p>\n","protected":false},"excerpt":{"rendered":"<p>El presidente Alberto Fern\u00e1ndez asegur\u00f3 que al Gobierno nacional le \u00abpreocupa mucho la situaci\u00f3n de los jubilados\u00bb y no quiere que sean \u00abla variable de ajuste\u00bb ante el incremento de precios, al anunciar el pago en agosto de un bono de 5.000 pesos para los trabajadores retirados.<\/p>\n","protected":false},"author":3,"featured_media":0,"comment_status":"closed","ping_status":"closed","sticky":false,"template":"","format":"standard","meta":{"footnotes":""},"categories":[1],"tags":[],"class_list":["post-60094","post","type-post","status-publish","format-standard","hentry","category-sin-categoria"],"yoast_head":"<!-- This site is optimized with the Yoast SEO plugin v25.9 - https:\/\/yoast.com\/wordpress\/plugins\/seo\/ -->\n<title>El Gobierno dar\u00e1 un bono de 5.000 pesos a jubilados que cobren hasta dos haberes m\u00ednimos - Noticias Radio Reflejos<\/title>\n<meta name=\"robots\" content=\"index, follow, max-snippet:-1, max-image-preview:large, max-video-preview:-1\" \/>\n<link rel=\"canonical\" href=\"https:\/\/www.noticiasradioreflejos.com.ar\/2021\/el-gobierno-dara-un-bono-de-5-000-pesos-a-jubilados-que-cobren-hasta-dos-haberes-minimos\/\" \/>\n<meta property=\"og:locale\" content=\"es_ES\" \/>\n<meta property=\"og:type\" content=\"article\" \/>\n<meta property=\"og:title\" content=\"El Gobierno dar\u00e1 un bono de 5.000 pesos a jubilados que cobren hasta dos haberes m\u00ednimos - Noticias Radio Reflejos\" \/>\n<meta property=\"og:description\" content=\"El presidente Alberto Fern\u00e1ndez asegur\u00f3 que al Gobierno nacional le &quot;preocupa mucho la situaci\u00f3n de los jubilados&quot; y no quiere que sean &quot;la variable de ajuste&quot; ante el incremento de precios, al anunciar el pago en agosto de un bono de 5.000 pesos para los trabajadores retirados.\" \/>\n<meta property=\"og:url\" content=\"https:\/\/www.noticiasradioreflejos.com.ar\/2021\/el-gobierno-dara-un-bono-de-5-000-pesos-a-jubilados-que-cobren-hasta-dos-haberes-minimos\/\" \/>\n<meta property=\"og:site_name\" content=\"Noticias Radio Reflejos\" \/>\n<meta property=\"article:published_time\" content=\"2021-07-14T11:20:37+00:00\" \/>\n<meta property=\"article:modified_time\" content=\"2021-07-14T11:21:03+00:00\" \/>\n<meta property=\"og:image\" content=\"https:\/\/www.telam.com.ar\/advf\/imagenes\/2021\/07\/60ee16cf2e2df_1004x565.jpg\" \/>\n<meta name=\"author\" content=\"Arnaldo Botto\" \/>\n<meta name=\"twitter:card\" content=\"summary_large_image\" \/>\n<script type=\"application\/ld+json\" class=\"yoast-schema-graph\">{\"@context\":\"https:\/\/schema.org\",\"@graph\":[{\"@type\":\"WebPage\",\"@id\":\"https:\/\/www.noticiasradioreflejos.com.ar\/2021\/el-gobierno-dara-un-bono-de-5-000-pesos-a-jubilados-que-cobren-hasta-dos-haberes-minimos\/\",\"url\":\"https:\/\/www.noticiasradioreflejos.com.ar\/2021\/el-gobierno-dara-un-bono-de-5-000-pesos-a-jubilados-que-cobren-hasta-dos-haberes-minimos\/\",\"name\":\"El Gobierno dar\u00e1 un bono de 5.000 pesos a jubilados que cobren hasta dos haberes m\u00ednimos - Noticias Radio Reflejos\",\"isPartOf\":{\"@id\":\"https:\/\/www.noticiasradioreflejos.com.ar\/2021\/#website\"},\"primaryImageOfPage\":{\"@id\":\"https:\/\/www.noticiasradioreflejos.com.ar\/2021\/el-gobierno-dara-un-bono-de-5-000-pesos-a-jubilados-que-cobren-hasta-dos-haberes-minimos\/#primaryimage\"},\"image\":{\"@id\":\"https:\/\/www.noticiasradioreflejos.com.ar\/2021\/el-gobierno-dara-un-bono-de-5-000-pesos-a-jubilados-que-cobren-hasta-dos-haberes-minimos\/#primaryimage\"},\"thumbnailUrl\":\"https:\/\/www.telam.com.ar\/advf\/imagenes\/2021\/07\/60ee16cf2e2df_1004x565.jpg\",\"datePublished\":\"2021-07-14T11:20:37+00:00\",\"dateModified\":\"2021-07-14T11:21:03+00:00\",\"author\":{\"@id\":\"https:\/\/www.noticiasradioreflejos.com.ar\/2021\/#\/schema\/person\/ad82545263dcc5ec0996818884fd5fb1\"},\"breadcrumb\":{\"@id\":\"https:\/\/www.noticiasradioreflejos.com.ar\/2021\/el-gobierno-dara-un-bono-de-5-000-pesos-a-jubilados-que-cobren-hasta-dos-haberes-minimos\/#breadcrumb\"},\"inLanguage\":\"es\",\"potentialAction\":[{\"@type\":\"ReadAction\",\"target\":[\"https:\/\/www.noticiasradioreflejos.com.ar\/2021\/el-gobierno-dara-un-bono-de-5-000-pesos-a-jubilados-que-cobren-hasta-dos-haberes-minimos\/\"]}]},{\"@type\":\"ImageObject\",\"inLanguage\":\"es\",\"@id\":\"https:\/\/www.noticiasradioreflejos.com.ar\/2021\/el-gobierno-dara-un-bono-de-5-000-pesos-a-jubilados-que-cobren-hasta-dos-haberes-minimos\/#primaryimage\",\"url\":\"https:\/\/www.telam.com.ar\/advf\/imagenes\/2021\/07\/60ee16cf2e2df_1004x565.jpg\",\"contentUrl\":\"https:\/\/www.telam.com.ar\/advf\/imagenes\/2021\/07\/60ee16cf2e2df_1004x565.jpg\"},{\"@type\":\"BreadcrumbList\",\"@id\":\"https:\/\/www.noticiasradioreflejos.com.ar\/2021\/el-gobierno-dara-un-bono-de-5-000-pesos-a-jubilados-que-cobren-hasta-dos-haberes-minimos\/#breadcrumb\",\"itemListElement\":[{\"@type\":\"ListItem\",\"position\":1,\"name\":\"Portada\",\"item\":\"https:\/\/www.noticiasradioreflejos.com.ar\/2021\/\"},{\"@type\":\"ListItem\",\"position\":2,\"name\":\"El Gobierno dar\u00e1 un bono de 5.000 pesos a jubilados que cobren hasta dos haberes m\u00ednimos\"}]},{\"@type\":\"WebSite\",\"@id\":\"https:\/\/www.noticiasradioreflejos.com.ar\/2021\/#website\",\"url\":\"https:\/\/www.noticiasradioreflejos.com.ar\/2021\/\",\"name\":\"Noticias Radio Reflejos\",\"description\":\"Las noticias de mi comarca\",\"potentialAction\":[{\"@type\":\"SearchAction\",\"target\":{\"@type\":\"EntryPoint\",\"urlTemplate\":\"https:\/\/www.noticiasradioreflejos.com.ar\/2021\/?s={search_term_string}\"},\"query-input\":{\"@type\":\"PropertyValueSpecification\",\"valueRequired\":true,\"valueName\":\"search_term_string\"}}],\"inLanguage\":\"es\"},{\"@type\":\"Person\",\"@id\":\"https:\/\/www.noticiasradioreflejos.com.ar\/2021\/#\/schema\/person\/ad82545263dcc5ec0996818884fd5fb1\",\"name\":\"Arnaldo Botto\",\"image\":{\"@type\":\"ImageObject\",\"inLanguage\":\"es\",\"@id\":\"https:\/\/www.noticiasradioreflejos.com.ar\/2021\/#\/schema\/person\/image\/\",\"url\":\"https:\/\/secure.gravatar.com\/avatar\/55cb5e37c1efa326397366e6974cb338056df65cb50e7d64d1cf314e87504837?s=96&d=mm&r=g\",\"contentUrl\":\"https:\/\/secure.gravatar.com\/avatar\/55cb5e37c1efa326397366e6974cb338056df65cb50e7d64d1cf314e87504837?s=96&d=mm&r=g\",\"caption\":\"Arnaldo Botto\"},\"url\":\"https:\/\/www.noticiasradioreflejos.com.ar\/2021\/author\/arnaldo\/\"}]}<\/script>\n<!-- \/ Yoast SEO plugin. -->","yoast_head_json":{"title":"El Gobierno dar\u00e1 un bono de 5.000 pesos a jubilados que cobren hasta dos haberes m\u00ednimos - Noticias Radio Reflejos","robots":{"index":"index","follow":"follow","max-snippet":"max-snippet:-1","max-image-preview":"max-image-preview:large","max-video-preview":"max-video-preview:-1"},"canonical":"https:\/\/www.noticiasradioreflejos.com.ar\/2021\/el-gobierno-dara-un-bono-de-5-000-pesos-a-jubilados-que-cobren-hasta-dos-haberes-minimos\/","og_locale":"es_ES","og_type":"article","og_title":"El Gobierno dar\u00e1 un bono de 5.000 pesos a jubilados que cobren hasta dos haberes m\u00ednimos - Noticias Radio Reflejos","og_description":"El presidente Alberto Fern\u00e1ndez asegur\u00f3 que al Gobierno nacional le \"preocupa mucho la situaci\u00f3n de los jubilados\" y no quiere que sean \"la variable de ajuste\" ante el incremento de precios, al anunciar el pago en agosto de un bono de 5.000 pesos para los trabajadores retirados.","og_url":"https:\/\/www.noticiasradioreflejos.com.ar\/2021\/el-gobierno-dara-un-bono-de-5-000-pesos-a-jubilados-que-cobren-hasta-dos-haberes-minimos\/","og_site_name":"Noticias Radio Reflejos","article_published_time":"2021-07-14T11:20:37+00:00","article_modified_time":"2021-07-14T11:21:03+00:00","og_image":[{"url":"https:\/\/www.telam.com.ar\/advf\/imagenes\/2021\/07\/60ee16cf2e2df_1004x565.jpg","type":"","width":"","height":""}],"author":"Arnaldo Botto","twitter_card":"summary_large_image","schema":{"@context":"https:\/\/schema.org","@graph":[{"@type":"WebPage","@id":"https:\/\/www.noticiasradioreflejos.com.ar\/2021\/el-gobierno-dara-un-bono-de-5-000-pesos-a-jubilados-que-cobren-hasta-dos-haberes-minimos\/","url":"https:\/\/www.noticiasradioreflejos.com.ar\/2021\/el-gobierno-dara-un-bono-de-5-000-pesos-a-jubilados-que-cobren-hasta-dos-haberes-minimos\/","name":"El Gobierno dar\u00e1 un bono de 5.000 pesos a jubilados que cobren hasta dos haberes m\u00ednimos - Noticias Radio Reflejos","isPartOf":{"@id":"https:\/\/www.noticiasradioreflejos.com.ar\/2021\/#website"},"primaryImageOfPage":{"@id":"https:\/\/www.noticiasradioreflejos.com.ar\/2021\/el-gobierno-dara-un-bono-de-5-000-pesos-a-jubilados-que-cobren-hasta-dos-haberes-minimos\/#primaryimage"},"image":{"@id":"https:\/\/www.noticiasradioreflejos.com.ar\/2021\/el-gobierno-dara-un-bono-de-5-000-pesos-a-jubilados-que-cobren-hasta-dos-haberes-minimos\/#primaryimage"},"thumbnailUrl":"https:\/\/www.telam.com.ar\/advf\/imagenes\/2021\/07\/60ee16cf2e2df_1004x565.jpg","datePublished":"2021-07-14T11:20:37+00:00","dateModified":"2021-07-14T11:21:03+00:00","author":{"@id":"https:\/\/www.noticiasradioreflejos.com.ar\/2021\/#\/schema\/person\/ad82545263dcc5ec0996818884fd5fb1"},"breadcrumb":{"@id":"https:\/\/www.noticiasradioreflejos.com.ar\/2021\/el-gobierno-dara-un-bono-de-5-000-pesos-a-jubilados-que-cobren-hasta-dos-haberes-minimos\/#breadcrumb"},"inLanguage":"es","potentialAction":[{"@type":"ReadAction","target":["https:\/\/www.noticiasradioreflejos.com.ar\/2021\/el-gobierno-dara-un-bono-de-5-000-pesos-a-jubilados-que-cobren-hasta-dos-haberes-minimos\/"]}]},{"@type":"ImageObject","inLanguage":"es","@id":"https:\/\/www.noticiasradioreflejos.com.ar\/2021\/el-gobierno-dara-un-bono-de-5-000-pesos-a-jubilados-que-cobren-hasta-dos-haberes-minimos\/#primaryimage","url":"https:\/\/www.telam.com.ar\/advf\/imagenes\/2021\/07\/60ee16cf2e2df_1004x565.jpg","contentUrl":"https:\/\/www.telam.com.ar\/advf\/imagenes\/2021\/07\/60ee16cf2e2df_1004x565.jpg"},{"@type":"BreadcrumbList","@id":"https:\/\/www.noticiasradioreflejos.com.ar\/2021\/el-gobierno-dara-un-bono-de-5-000-pesos-a-jubilados-que-cobren-hasta-dos-haberes-minimos\/#breadcrumb","itemListElement":[{"@type":"ListItem","position":1,"name":"Portada","item":"https:\/\/www.noticiasradioreflejos.com.ar\/2021\/"},{"@type":"ListItem","position":2,"name":"El Gobierno dar\u00e1 un bono de 5.000 pesos a jubilados que cobren hasta dos haberes m\u00ednimos"}]},{"@type":"WebSite","@id":"https:\/\/www.noticiasradioreflejos.com.ar\/2021\/#website","url":"https:\/\/www.noticiasradioreflejos.com.ar\/2021\/","name":"Noticias Radio Reflejos","description":"Las noticias de mi comarca","potentialAction":[{"@type":"SearchAction","target":{"@type":"EntryPoint","urlTemplate":"https:\/\/www.noticiasradioreflejos.com.ar\/2021\/?s={search_term_string}"},"query-input":{"@type":"PropertyValueSpecification","valueRequired":true,"valueName":"search_term_string"}}],"inLanguage":"es"},{"@type":"Person","@id":"https:\/\/www.noticiasradioreflejos.com.ar\/2021\/#\/schema\/person\/ad82545263dcc5ec0996818884fd5fb1","name":"Arnaldo Botto","image":{"@type":"ImageObject","inLanguage":"es","@id":"https:\/\/www.noticiasradioreflejos.com.ar\/2021\/#\/schema\/person\/image\/","url":"https:\/\/secure.gravatar.com\/avatar\/55cb5e37c1efa326397366e6974cb338056df65cb50e7d64d1cf314e87504837?s=96&d=mm&r=g","contentUrl":"https:\/\/secure.gravatar.com\/avatar\/55cb5e37c1efa326397366e6974cb338056df65cb50e7d64d1cf314e87504837?s=96&d=mm&r=g","caption":"Arnaldo Botto"},"url":"https:\/\/www.noticiasradioreflejos.com.ar\/2021\/author\/arnaldo\/"}]}},"_links":{"self":[{"href":"https:\/\/www.noticiasradioreflejos.com.ar\/2021\/wp-json\/wp\/v2\/posts\/60094","targetHints":{"allow":["GET"]}}],"collection":[{"href":"https:\/\/www.noticiasradioreflejos.com.ar\/2021\/wp-json\/wp\/v2\/posts"}],"about":[{"href":"https:\/\/www.noticiasradioreflejos.com.ar\/2021\/wp-json\/wp\/v2\/types\/post"}],"author":[{"embeddable":true,"href":"https:\/\/www.noticiasradioreflejos.com.ar\/2021\/wp-json\/wp\/v2\/users\/3"}],"replies":[{"embeddable":true,"href":"https:\/\/www.noticiasradioreflejos.com.ar\/2021\/wp-json\/wp\/v2\/comments?post=60094"}],"version-history":[{"count":2,"href":"https:\/\/www.noticiasradioreflejos.com.ar\/2021\/wp-json\/wp\/v2\/posts\/60094\/revisions"}],"predecessor-version":[{"id":60097,"href":"https:\/\/www.noticiasradioreflejos.com.ar\/2021\/wp-json\/wp\/v2\/posts\/60094\/revisions\/60097"}],"wp:attachment":[{"href":"https:\/\/www.noticiasradioreflejos.com.ar\/2021\/wp-json\/wp\/v2\/media?parent=60094"}],"wp:term":[{"taxonomy":"category","embeddable":true,"href":"https:\/\/www.noticiasradioreflejos.com.ar\/2021\/wp-json\/wp\/v2\/categories?post=60094"},{"taxonomy":"post_tag","embeddable":true,"href":"https:\/\/www.noticiasradioreflejos.com.ar\/2021\/wp-json\/wp\/v2\/tags?post=60094"}],"curies":[{"name":"wp","href":"https:\/\/api.w.org\/{rel}","templated":true}]}}