{"id":60086,"date":"2021-07-13T21:19:00","date_gmt":"2021-07-13T21:19:00","guid":{"rendered":"http:\/\/www.noticiasradioreflejos.com.ar\/2021\/?p=60086"},"modified":"2021-07-14T01:40:02","modified_gmt":"2021-07-14T01:40:02","slug":"bordoni-en-sierra-de-la-ventana-puso-en-funcionamiento-el-tramite-de-licencias-de-conducir-y-anticipo-el-comienzo-de-la-obra-limpieza-del-arroyo-san-bernardo","status":"publish","type":"post","link":"https:\/\/www.noticiasradioreflejos.com.ar\/2021\/bordoni-en-sierra-de-la-ventana-puso-en-funcionamiento-el-tramite-de-licencias-de-conducir-y-anticipo-el-comienzo-de-la-obra-limpieza-del-arroyo-san-bernardo\/","title":{"rendered":"Bordoni en Sierra de la Ventana: Puso en funcionamiento el tr\u00e1mite de Licencias de conducir y anticip\u00f3 el comienzo de la obra limpieza del Arroyo San Bernardo."},"content":{"rendered":"<p>Acompa\u00f1ado por el Secretario de Gobierno y Seguridad <strong>Ezequiel Gabella<\/strong> y el Director de Juventud y pol\u00edticas de G\u00e9nero <strong>Bruno Zacconi<\/strong>, Bordoni nos brind\u00f3 un amplio detalle sobre los proyectos y obras para las localidades de esta parte de las sierras y el distrito.<!--more--><\/p>\n<p>Una ma\u00f1ana muy movida tuvo el intendente municipal y parte de su gabinete en la localidad serrana. Estuvo presente en la puesta en funcionamiento del sistema de tr\u00e1mite de licencias de conducir, se reuni\u00f3 con vecinos y recorri\u00f3 el corral\u00f3n municipal. Entrevistamos al jefe comunal y logramos detalles de las obras en marcha y el futuro de otras que van encaminadas para su ejecuci\u00f3n.<\/p>\n<p>\u00abEs importante para Sierra y Saldungaray tener estos servicios\u00bb se refiri\u00f3 el Intendente a la implementaci\u00f3n del registro de licencias de conducir en las localidades previamente mencionadas. \u00abHoy estamos instalando, el sistema ya est\u00e1 funcionando. Por el momento van a ser dos d\u00edas, vamos a ver la cantidad de carnets que se den. De acuerdo al pedido que se haga, se van a ir implementando durante la semana. Esto depende de la cantidad de gente que se inscriba\u00bb.<\/p>\n<p><a data-flickr-embed=\"true\" href=\"https:\/\/www.flickr.com\/photos\/182279889@N02\/51310293420\/in\/dateposted-public\/\" title=\"Licencias Sierra (2)\"><img loading=\"lazy\" decoding=\"async\" src=\"https:\/\/live.staticflickr.com\/65535\/51310293420_692f3a9245_z.jpg\" width=\"640\" height=\"480\" alt=\"Licencias Sierra (2)\"><\/a><script async src=\"\/\/embedr.flickr.com\/assets\/client-code.js\" charset=\"utf-8\"><\/script><\/p>\n<p>Los turnos para tramitar las licencias se dar\u00e1n de manera online y el servicio durar\u00e1 seg\u00fan la demanda que haya.<\/p>\n<p>\u00abEstamos tratando de ser equitativos con todo el distrito\u00bb expres\u00f3 el Intendente.<\/p>\n<p>Tambi\u00e9n estuvimos conversando acerca del corral\u00f3n municipal que se instal\u00f3 en Sierra de la Ventana. \u00abSe hizo un corral\u00f3n que f\u00e1cilmente es el mejor corral\u00f3n de todo el distrito\u00bb opin\u00f3 Bordoni. El mismo fue el puntapi\u00e9 inicial para la reformaci\u00f3n del Hospital Menor.<\/p>\n<p><strong>Uno de los temas centrales de esta nota fue la planta de reciclados y la erradicaci\u00f3n del basural a cielo abierto<\/strong><\/p>\n<p>Comenz\u00f3 hoy la recolecci\u00f3n de residuos reciclables en todo el distrito y sigue en pie el proyecto de la erradicaci\u00f3n del basurero a cielo abierto en Sierra de la Ventana y Saldungaray. El Intendente resalta que estos proyectos estaban prometidos concretarse desde la gesti\u00f3n anterior y destaca la importancia de que terminen de concretarse.<\/p>\n<p>\u00abLa gente respondi\u00f3\u00bb fueron las palabras de Sergio para referirse a c\u00f3mo actuaron los vecinos de Tornquist al comenzar la recolecci\u00f3n de los reciclables. \u00abEso quiere decir que hay conciencia, eso es importante\u00bb.<\/p>\n<p><strong>Obras de cloacas en Villa Ventana, Saldungaray y Sierra de la Ventana<\/strong><\/p>\n<p>En referencia a los temas indicados, Bordoni brind\u00f3 durante la entrevista un detalle pormenorizado del los montos y estado de avance de los proyectos, las licitaciones y tiempos para el comienzo de algunas de estas obras.<\/p>\n<p>Destac\u00f3 que en el caso de Sierra de la Ventana, no solo se licitar\u00eda el monto por la finalizaci\u00f3n de la planta de tratamientos de efluentes cloacales sino que se adjudicar\u00edan mas tramos de redes domiciliarias, lo que implica un importante avance para la comunidad y el desarrollo de proyectos tur\u00edsticos.<\/p>\n<p>\u00abCalculo que en 30 d\u00edas estar\u00eda terminado el proyecto por parte de Medio Ambiente de Naci\u00f3n y para mayo (del 2022) estar\u00eda los fondos del Banco Interamericano de Desarrollo para empezar con la obra\u00bb nos dec\u00eda el jefe comunal en referencia a las obras de <strong>Agua potable para Villa Serrana La Gruta <\/strong>y la planta m\u00e1s la ampliaci\u00f3n de las redes domiciliarias faltantes en<strong> Sierra de la Ventana.<\/strong><\/p>\n<p><strong>Nota completa a continuaci\u00f3n.<\/strong><\/p>\n<p><iframe loading=\"lazy\" src=\"https:\/\/w.soundcloud.com\/player\/?url=https%3A\/\/api.soundcloud.com\/tracks\/1086752086&amp;color=%23ff5500&amp;auto_play=false&amp;hide_related=false&amp;show_comments=true&amp;show_user=true&amp;show_reposts=false&amp;show_teaser=true\" width=\"100%\" height=\"166\" frameborder=\"no\" scrolling=\"no\"><\/iframe><\/p>\n<div style=\"font-size: 10px; color: #cccccc; line-break: anywhere; word-break: normal; overflow: hidden; white-space: nowrap; text-overflow: ellipsis; font-family: Interstate,Lucida Grande,Lucida Sans Unicode,Lucida Sans,Garuda,Verdana,Tahoma,sans-serif; font-weight: 100;\"><a style=\"color: #cccccc; text-decoration: none;\" title=\"fmreflejos 103.7\" href=\"https:\/\/soundcloud.com\/fmreflejos-103-7\" target=\"_blank\" rel=\"noopener\">fmreflejos 103.7<\/a> \u00b7 <a style=\"color: #cccccc; text-decoration: none;\" title=\"Nota Bordoni Registro\" href=\"https:\/\/soundcloud.com\/fmreflejos-103-7\/nota-bordoni-registro\" target=\"_blank\" rel=\"noopener\">Nota Bordoni Registro<\/a><\/div>\n","protected":false},"excerpt":{"rendered":"<p>Acompa\u00f1ado por el Secretario de Gobierno y Seguridad Ezequiel Gabella y el Director de Juventud y pol\u00edticas de G\u00e9nero Bruno Zacconi, Bordoni nos brind\u00f3 un amplio detalle sobre los proyectos y obras para las localidades de esta parte de las sierras y el distrito.<\/p>\n","protected":false},"author":3,"featured_media":0,"comment_status":"closed","ping_status":"closed","sticky":false,"template":"","format":"standard","meta":{"footnotes":""},"categories":[28,24],"tags":[48],"class_list":["post-60086","post","type-post","status-publish","format-standard","hentry","category-municipales","category-politica","tag-destacada"],"yoast_head":"<!-- This site is optimized with the Yoast SEO plugin v25.9 - https:\/\/yoast.com\/wordpress\/plugins\/seo\/ -->\n<title>Bordoni en Sierra de la Ventana: Puso en funcionamiento el tr\u00e1mite de Licencias de conducir y anticip\u00f3 el comienzo de la obra limpieza del Arroyo San Bernardo. - Noticias Radio Reflejos<\/title>\n<meta name=\"robots\" content=\"index, follow, max-snippet:-1, max-image-preview:large, max-video-preview:-1\" \/>\n<link rel=\"canonical\" href=\"https:\/\/www.noticiasradioreflejos.com.ar\/2021\/bordoni-en-sierra-de-la-ventana-puso-en-funcionamiento-el-tramite-de-licencias-de-conducir-y-anticipo-el-comienzo-de-la-obra-limpieza-del-arroyo-san-bernardo\/\" \/>\n<meta property=\"og:locale\" content=\"es_ES\" \/>\n<meta property=\"og:type\" content=\"article\" \/>\n<meta property=\"og:title\" content=\"Bordoni en Sierra de la Ventana: Puso en funcionamiento el tr\u00e1mite de Licencias de conducir y anticip\u00f3 el comienzo de la obra limpieza del Arroyo San Bernardo. - Noticias Radio Reflejos\" \/>\n<meta property=\"og:description\" content=\"Acompa\u00f1ado por el Secretario de Gobierno y Seguridad Ezequiel Gabella y el Director de Juventud y pol\u00edticas de G\u00e9nero Bruno Zacconi, Bordoni nos brind\u00f3 un amplio detalle sobre los proyectos y obras para las localidades de esta parte de las sierras y el distrito.\" \/>\n<meta property=\"og:url\" content=\"https:\/\/www.noticiasradioreflejos.com.ar\/2021\/bordoni-en-sierra-de-la-ventana-puso-en-funcionamiento-el-tramite-de-licencias-de-conducir-y-anticipo-el-comienzo-de-la-obra-limpieza-del-arroyo-san-bernardo\/\" \/>\n<meta property=\"og:site_name\" content=\"Noticias Radio Reflejos\" \/>\n<meta property=\"article:published_time\" content=\"2021-07-13T21:19:00+00:00\" \/>\n<meta property=\"article:modified_time\" content=\"2021-07-14T01:40:02+00:00\" \/>\n<meta property=\"og:image\" content=\"https:\/\/live.staticflickr.com\/65535\/51310293420_692f3a9245_z.jpg\" \/>\n<meta name=\"author\" content=\"Arnaldo Botto\" \/>\n<meta name=\"twitter:card\" content=\"summary_large_image\" \/>\n<script type=\"application\/ld+json\" class=\"yoast-schema-graph\">{\"@context\":\"https:\/\/schema.org\",\"@graph\":[{\"@type\":\"WebPage\",\"@id\":\"https:\/\/www.noticiasradioreflejos.com.ar\/2021\/bordoni-en-sierra-de-la-ventana-puso-en-funcionamiento-el-tramite-de-licencias-de-conducir-y-anticipo-el-comienzo-de-la-obra-limpieza-del-arroyo-san-bernardo\/\",\"url\":\"https:\/\/www.noticiasradioreflejos.com.ar\/2021\/bordoni-en-sierra-de-la-ventana-puso-en-funcionamiento-el-tramite-de-licencias-de-conducir-y-anticipo-el-comienzo-de-la-obra-limpieza-del-arroyo-san-bernardo\/\",\"name\":\"Bordoni en Sierra de la Ventana: Puso en funcionamiento el tr\u00e1mite de Licencias de conducir y anticip\u00f3 el comienzo de la obra limpieza del Arroyo San Bernardo. - Noticias Radio Reflejos\",\"isPartOf\":{\"@id\":\"https:\/\/www.noticiasradioreflejos.com.ar\/2021\/#website\"},\"primaryImageOfPage\":{\"@id\":\"https:\/\/www.noticiasradioreflejos.com.ar\/2021\/bordoni-en-sierra-de-la-ventana-puso-en-funcionamiento-el-tramite-de-licencias-de-conducir-y-anticipo-el-comienzo-de-la-obra-limpieza-del-arroyo-san-bernardo\/#primaryimage\"},\"image\":{\"@id\":\"https:\/\/www.noticiasradioreflejos.com.ar\/2021\/bordoni-en-sierra-de-la-ventana-puso-en-funcionamiento-el-tramite-de-licencias-de-conducir-y-anticipo-el-comienzo-de-la-obra-limpieza-del-arroyo-san-bernardo\/#primaryimage\"},\"thumbnailUrl\":\"https:\/\/live.staticflickr.com\/65535\/51310293420_692f3a9245_z.jpg\",\"datePublished\":\"2021-07-13T21:19:00+00:00\",\"dateModified\":\"2021-07-14T01:40:02+00:00\",\"author\":{\"@id\":\"https:\/\/www.noticiasradioreflejos.com.ar\/2021\/#\/schema\/person\/ad82545263dcc5ec0996818884fd5fb1\"},\"breadcrumb\":{\"@id\":\"https:\/\/www.noticiasradioreflejos.com.ar\/2021\/bordoni-en-sierra-de-la-ventana-puso-en-funcionamiento-el-tramite-de-licencias-de-conducir-y-anticipo-el-comienzo-de-la-obra-limpieza-del-arroyo-san-bernardo\/#breadcrumb\"},\"inLanguage\":\"es\",\"potentialAction\":[{\"@type\":\"ReadAction\",\"target\":[\"https:\/\/www.noticiasradioreflejos.com.ar\/2021\/bordoni-en-sierra-de-la-ventana-puso-en-funcionamiento-el-tramite-de-licencias-de-conducir-y-anticipo-el-comienzo-de-la-obra-limpieza-del-arroyo-san-bernardo\/\"]}]},{\"@type\":\"ImageObject\",\"inLanguage\":\"es\",\"@id\":\"https:\/\/www.noticiasradioreflejos.com.ar\/2021\/bordoni-en-sierra-de-la-ventana-puso-en-funcionamiento-el-tramite-de-licencias-de-conducir-y-anticipo-el-comienzo-de-la-obra-limpieza-del-arroyo-san-bernardo\/#primaryimage\",\"url\":\"https:\/\/live.staticflickr.com\/65535\/51310293420_692f3a9245_z.jpg\",\"contentUrl\":\"https:\/\/live.staticflickr.com\/65535\/51310293420_692f3a9245_z.jpg\"},{\"@type\":\"BreadcrumbList\",\"@id\":\"https:\/\/www.noticiasradioreflejos.com.ar\/2021\/bordoni-en-sierra-de-la-ventana-puso-en-funcionamiento-el-tramite-de-licencias-de-conducir-y-anticipo-el-comienzo-de-la-obra-limpieza-del-arroyo-san-bernardo\/#breadcrumb\",\"itemListElement\":[{\"@type\":\"ListItem\",\"position\":1,\"name\":\"Portada\",\"item\":\"https:\/\/www.noticiasradioreflejos.com.ar\/2021\/\"},{\"@type\":\"ListItem\",\"position\":2,\"name\":\"Bordoni en Sierra de la Ventana: Puso en funcionamiento el tr\u00e1mite de Licencias de conducir y anticip\u00f3 el comienzo de la obra limpieza del Arroyo San Bernardo.\"}]},{\"@type\":\"WebSite\",\"@id\":\"https:\/\/www.noticiasradioreflejos.com.ar\/2021\/#website\",\"url\":\"https:\/\/www.noticiasradioreflejos.com.ar\/2021\/\",\"name\":\"Noticias Radio Reflejos\",\"description\":\"Las noticias de mi comarca\",\"potentialAction\":[{\"@type\":\"SearchAction\",\"target\":{\"@type\":\"EntryPoint\",\"urlTemplate\":\"https:\/\/www.noticiasradioreflejos.com.ar\/2021\/?s={search_term_string}\"},\"query-input\":{\"@type\":\"PropertyValueSpecification\",\"valueRequired\":true,\"valueName\":\"search_term_string\"}}],\"inLanguage\":\"es\"},{\"@type\":\"Person\",\"@id\":\"https:\/\/www.noticiasradioreflejos.com.ar\/2021\/#\/schema\/person\/ad82545263dcc5ec0996818884fd5fb1\",\"name\":\"Arnaldo Botto\",\"image\":{\"@type\":\"ImageObject\",\"inLanguage\":\"es\",\"@id\":\"https:\/\/www.noticiasradioreflejos.com.ar\/2021\/#\/schema\/person\/image\/\",\"url\":\"https:\/\/secure.gravatar.com\/avatar\/55cb5e37c1efa326397366e6974cb338056df65cb50e7d64d1cf314e87504837?s=96&d=mm&r=g\",\"contentUrl\":\"https:\/\/secure.gravatar.com\/avatar\/55cb5e37c1efa326397366e6974cb338056df65cb50e7d64d1cf314e87504837?s=96&d=mm&r=g\",\"caption\":\"Arnaldo Botto\"},\"url\":\"https:\/\/www.noticiasradioreflejos.com.ar\/2021\/author\/arnaldo\/\"}]}<\/script>\n<!-- \/ Yoast SEO plugin. -->","yoast_head_json":{"title":"Bordoni en Sierra de la Ventana: Puso en funcionamiento el tr\u00e1mite de Licencias de conducir y anticip\u00f3 el comienzo de la obra limpieza del Arroyo San Bernardo. - Noticias Radio Reflejos","robots":{"index":"index","follow":"follow","max-snippet":"max-snippet:-1","max-image-preview":"max-image-preview:large","max-video-preview":"max-video-preview:-1"},"canonical":"https:\/\/www.noticiasradioreflejos.com.ar\/2021\/bordoni-en-sierra-de-la-ventana-puso-en-funcionamiento-el-tramite-de-licencias-de-conducir-y-anticipo-el-comienzo-de-la-obra-limpieza-del-arroyo-san-bernardo\/","og_locale":"es_ES","og_type":"article","og_title":"Bordoni en Sierra de la Ventana: Puso en funcionamiento el tr\u00e1mite de Licencias de conducir y anticip\u00f3 el comienzo de la obra limpieza del Arroyo San Bernardo. - Noticias Radio Reflejos","og_description":"Acompa\u00f1ado por el Secretario de Gobierno y Seguridad Ezequiel Gabella y el Director de Juventud y pol\u00edticas de G\u00e9nero Bruno Zacconi, Bordoni nos brind\u00f3 un amplio detalle sobre los proyectos y obras para las localidades de esta parte de las sierras y el distrito.","og_url":"https:\/\/www.noticiasradioreflejos.com.ar\/2021\/bordoni-en-sierra-de-la-ventana-puso-en-funcionamiento-el-tramite-de-licencias-de-conducir-y-anticipo-el-comienzo-de-la-obra-limpieza-del-arroyo-san-bernardo\/","og_site_name":"Noticias Radio Reflejos","article_published_time":"2021-07-13T21:19:00+00:00","article_modified_time":"2021-07-14T01:40:02+00:00","og_image":[{"url":"https:\/\/live.staticflickr.com\/65535\/51310293420_692f3a9245_z.jpg","type":"","width":"","height":""}],"author":"Arnaldo Botto","twitter_card":"summary_large_image","schema":{"@context":"https:\/\/schema.org","@graph":[{"@type":"WebPage","@id":"https:\/\/www.noticiasradioreflejos.com.ar\/2021\/bordoni-en-sierra-de-la-ventana-puso-en-funcionamiento-el-tramite-de-licencias-de-conducir-y-anticipo-el-comienzo-de-la-obra-limpieza-del-arroyo-san-bernardo\/","url":"https:\/\/www.noticiasradioreflejos.com.ar\/2021\/bordoni-en-sierra-de-la-ventana-puso-en-funcionamiento-el-tramite-de-licencias-de-conducir-y-anticipo-el-comienzo-de-la-obra-limpieza-del-arroyo-san-bernardo\/","name":"Bordoni en Sierra de la Ventana: Puso en funcionamiento el tr\u00e1mite de Licencias de conducir y anticip\u00f3 el comienzo de la obra limpieza del Arroyo San Bernardo. - Noticias Radio Reflejos","isPartOf":{"@id":"https:\/\/www.noticiasradioreflejos.com.ar\/2021\/#website"},"primaryImageOfPage":{"@id":"https:\/\/www.noticiasradioreflejos.com.ar\/2021\/bordoni-en-sierra-de-la-ventana-puso-en-funcionamiento-el-tramite-de-licencias-de-conducir-y-anticipo-el-comienzo-de-la-obra-limpieza-del-arroyo-san-bernardo\/#primaryimage"},"image":{"@id":"https:\/\/www.noticiasradioreflejos.com.ar\/2021\/bordoni-en-sierra-de-la-ventana-puso-en-funcionamiento-el-tramite-de-licencias-de-conducir-y-anticipo-el-comienzo-de-la-obra-limpieza-del-arroyo-san-bernardo\/#primaryimage"},"thumbnailUrl":"https:\/\/live.staticflickr.com\/65535\/51310293420_692f3a9245_z.jpg","datePublished":"2021-07-13T21:19:00+00:00","dateModified":"2021-07-14T01:40:02+00:00","author":{"@id":"https:\/\/www.noticiasradioreflejos.com.ar\/2021\/#\/schema\/person\/ad82545263dcc5ec0996818884fd5fb1"},"breadcrumb":{"@id":"https:\/\/www.noticiasradioreflejos.com.ar\/2021\/bordoni-en-sierra-de-la-ventana-puso-en-funcionamiento-el-tramite-de-licencias-de-conducir-y-anticipo-el-comienzo-de-la-obra-limpieza-del-arroyo-san-bernardo\/#breadcrumb"},"inLanguage":"es","potentialAction":[{"@type":"ReadAction","target":["https:\/\/www.noticiasradioreflejos.com.ar\/2021\/bordoni-en-sierra-de-la-ventana-puso-en-funcionamiento-el-tramite-de-licencias-de-conducir-y-anticipo-el-comienzo-de-la-obra-limpieza-del-arroyo-san-bernardo\/"]}]},{"@type":"ImageObject","inLanguage":"es","@id":"https:\/\/www.noticiasradioreflejos.com.ar\/2021\/bordoni-en-sierra-de-la-ventana-puso-en-funcionamiento-el-tramite-de-licencias-de-conducir-y-anticipo-el-comienzo-de-la-obra-limpieza-del-arroyo-san-bernardo\/#primaryimage","url":"https:\/\/live.staticflickr.com\/65535\/51310293420_692f3a9245_z.jpg","contentUrl":"https:\/\/live.staticflickr.com\/65535\/51310293420_692f3a9245_z.jpg"},{"@type":"BreadcrumbList","@id":"https:\/\/www.noticiasradioreflejos.com.ar\/2021\/bordoni-en-sierra-de-la-ventana-puso-en-funcionamiento-el-tramite-de-licencias-de-conducir-y-anticipo-el-comienzo-de-la-obra-limpieza-del-arroyo-san-bernardo\/#breadcrumb","itemListElement":[{"@type":"ListItem","position":1,"name":"Portada","item":"https:\/\/www.noticiasradioreflejos.com.ar\/2021\/"},{"@type":"ListItem","position":2,"name":"Bordoni en Sierra de la Ventana: Puso en funcionamiento el tr\u00e1mite de Licencias de conducir y anticip\u00f3 el comienzo de la obra limpieza del Arroyo San Bernardo."}]},{"@type":"WebSite","@id":"https:\/\/www.noticiasradioreflejos.com.ar\/2021\/#website","url":"https:\/\/www.noticiasradioreflejos.com.ar\/2021\/","name":"Noticias Radio Reflejos","description":"Las noticias de mi comarca","potentialAction":[{"@type":"SearchAction","target":{"@type":"EntryPoint","urlTemplate":"https:\/\/www.noticiasradioreflejos.com.ar\/2021\/?s={search_term_string}"},"query-input":{"@type":"PropertyValueSpecification","valueRequired":true,"valueName":"search_term_string"}}],"inLanguage":"es"},{"@type":"Person","@id":"https:\/\/www.noticiasradioreflejos.com.ar\/2021\/#\/schema\/person\/ad82545263dcc5ec0996818884fd5fb1","name":"Arnaldo Botto","image":{"@type":"ImageObject","inLanguage":"es","@id":"https:\/\/www.noticiasradioreflejos.com.ar\/2021\/#\/schema\/person\/image\/","url":"https:\/\/secure.gravatar.com\/avatar\/55cb5e37c1efa326397366e6974cb338056df65cb50e7d64d1cf314e87504837?s=96&d=mm&r=g","contentUrl":"https:\/\/secure.gravatar.com\/avatar\/55cb5e37c1efa326397366e6974cb338056df65cb50e7d64d1cf314e87504837?s=96&d=mm&r=g","caption":"Arnaldo Botto"},"url":"https:\/\/www.noticiasradioreflejos.com.ar\/2021\/author\/arnaldo\/"}]}},"_links":{"self":[{"href":"https:\/\/www.noticiasradioreflejos.com.ar\/2021\/wp-json\/wp\/v2\/posts\/60086","targetHints":{"allow":["GET"]}}],"collection":[{"href":"https:\/\/www.noticiasradioreflejos.com.ar\/2021\/wp-json\/wp\/v2\/posts"}],"about":[{"href":"https:\/\/www.noticiasradioreflejos.com.ar\/2021\/wp-json\/wp\/v2\/types\/post"}],"author":[{"embeddable":true,"href":"https:\/\/www.noticiasradioreflejos.com.ar\/2021\/wp-json\/wp\/v2\/users\/3"}],"replies":[{"embeddable":true,"href":"https:\/\/www.noticiasradioreflejos.com.ar\/2021\/wp-json\/wp\/v2\/comments?post=60086"}],"version-history":[{"count":1,"href":"https:\/\/www.noticiasradioreflejos.com.ar\/2021\/wp-json\/wp\/v2\/posts\/60086\/revisions"}],"predecessor-version":[{"id":60088,"href":"https:\/\/www.noticiasradioreflejos.com.ar\/2021\/wp-json\/wp\/v2\/posts\/60086\/revisions\/60088"}],"wp:attachment":[{"href":"https:\/\/www.noticiasradioreflejos.com.ar\/2021\/wp-json\/wp\/v2\/media?parent=60086"}],"wp:term":[{"taxonomy":"category","embeddable":true,"href":"https:\/\/www.noticiasradioreflejos.com.ar\/2021\/wp-json\/wp\/v2\/categories?post=60086"},{"taxonomy":"post_tag","embeddable":true,"href":"https:\/\/www.noticiasradioreflejos.com.ar\/2021\/wp-json\/wp\/v2\/tags?post=60086"}],"curies":[{"name":"wp","href":"https:\/\/api.w.org\/{rel}","templated":true}]}}