{"id":59839,"date":"2021-07-07T11:42:14","date_gmt":"2021-07-07T11:42:14","guid":{"rendered":"http:\/\/www.noticiasradioreflejos.com.ar\/2021\/?p=59839"},"modified":"2021-07-07T11:43:04","modified_gmt":"2021-07-07T11:43:04","slug":"coronavirus-tornquist-continua-en-fase-2","status":"publish","type":"post","link":"https:\/\/www.noticiasradioreflejos.com.ar\/2021\/coronavirus-tornquist-continua-en-fase-2\/","title":{"rendered":"Coronavirus: Tornquist contin\u00faa en Fase 2"},"content":{"rendered":"<div class=\"adelanto\">\n<p>Un total de 37distritos de la provincia de Buenos Aires se encuentran en Fase 2, con mayores restricciones debido al aumento de casos de coronavirus, en tanto que 92 municipios se ubican en Fase 3 y 6 en Fase 4, seg\u00fan se oficializ\u00f3 hoy en el Bolet\u00edn Oficial del distrito. El Distrito de Tornquist se mantiene en fase 2 por el alto \u00edndice de contagios.<\/p>\n<\/div>\n<p><!--more--><\/p>\n<div class=\"text\">\n<p>En el \u00e1mbito bonaerense rige desde hace un a\u00f1o un sistema de fases, en el que est\u00e1n incluidos los municipios de acuerdo con el riesgo epidemiol\u00f3gico y sanitario que presenten, seg\u00fan la cantidad de casos de coronavirus y otros indicadores.<\/p>\n<p>En cada fase se encuentran habilitadas una serie de actividades, que deber\u00e1n realizarse bajo el \u00abestricto cumplimiento de los protocolos que oportunamente hubieren aprobado las autoridades provinciales competentes o la autoridad sanitaria nacional\u00bb.<\/p>\n<p>As\u00ed, los distritos que se encuentran en Fase 4 o de \u201cRiesgo Epidemiol\u00f3gico y Sanitario Medio\u201d son Adolfo Gonzales Chaves, Baradero, Benito Ju\u00e1rez, Col\u00f3n, Coronel de Marina L. Rosales y Olavarr\u00eda.<\/p>\n<p>En tanto, en Fase 3, de \u201cAlto Riesgo Epidemiol\u00f3gico y Sanitario\u201d se encuentran 25 de Mayo, Adolfo Alsina, Alberti, Almirante Brown, Arrecifes, Avellaneda, Ayacucho, Azul, Bah\u00eda Blanca, Berazategui, Berisso, Bragado, Brandsen, Campana, Ca\u00f1uelas, Capit\u00e1n Sarmiento, Carlos Casares, Carmen de Areco, Castelli, Chascom\u00fas, Chivilcoy, Coronel Dorrego y Daireaux.<\/p>\n<p>Tambi\u00e9n, Dolores, Ensenada, Escobar, Esteban Echeverr\u00eda, Exaltaci\u00f3n de la Cruz, Ezeiza, Florencio Varela, General Alvarado, General Alvear, General Guido, General Madariaga, General Las Heras, General Pinto, General Pueyrred\u00f3n, General Rodr\u00edguez, General San Mart\u00edn, General Villegas, Guamin\u00ed, Hurlingham, Ituzaing\u00f3, Jos\u00e9 C. Paz, La Matanza, La Plata y Lan\u00fas, Laprida, Las Flores y Lezama.<\/p>\n<p>A la vez, est\u00e1n en Fase 3 Lobos, Lomas de Zamora, Luj\u00e1n, Malvinas Argentinas, Mar Chiquita, Marcos Paz, Mercedes, Merlo, Monte, Moreno, Mor\u00f3n, Navarro, Patagones, Pergamino, Pila, Pilar, Pinamar, Presidente Per\u00f3n, Punta Indio, Quilmes, Ramallo, Rojas, Saavedra y Salliquel\u00f3.<\/p>\n<p>Salto, San Antonio de Areco, San Fernando, San Isidro, San Miguel, San Nicol\u00e1s San Pedro, San Vicente, Tandil, Tapalqu\u00e9, Tigre, Tordillo, Tres Arroyos, Salliquel\u00f3, Tres de Febrero, Vicente L\u00f3pez, Villa Gesell, Villarino y Z\u00e1rate son otros de los que est\u00e1n en fase 3.<\/p>\n<p>En la Fase 2, de \u201cSituaci\u00f3n de Alarma Epidemiol\u00f3gica y Sanitaria\u00bb, se encuentran: 9 de Julio, Balcarce, Bol\u00edvar, Carlos Tejedor, Chacabuco, Coronel Pringles, Coronel Su\u00e1rez, Florentino Ameghino y General Arenales.<\/p>\n<p>Del mismo modo, General Belgrano, General Lamadrid, General Lavalle, General Paz, General Viamonte, Hip\u00f3lito Yrigoyen, Jun\u00edn, La Costa, Leandro N. Alem, Lincoln, Lober\u00eda, Magdalena, Maip\u00fa y Monte Hermoso.<\/p>\n<p>En esa instancia se encuentran Necochea, Pehuaj\u00f3, Pellegrini, Puan, Rauch, Rivadavia, Roque P\u00e9rez, Saladillo, San Andr\u00e9s de Giles, San Cayetano, Suipacha, Tornquist y Trenque Lauquen y Tres Lomas.(Telam)<\/p>\n<\/div>\n","protected":false},"excerpt":{"rendered":"<p>Un total de 37distritos de la provincia de Buenos Aires se encuentran en Fase 2, con mayores restricciones debido al aumento de casos de coronavirus, en tanto que 92 municipios se ubican en Fase 3 y 6 en Fase 4, seg\u00fan se oficializ\u00f3 hoy en el Bolet\u00edn Oficial del distrito. El Distrito de Tornquist se mantiene en fase 2 por el alto \u00edndice de contagios.<\/p>\n","protected":false},"author":3,"featured_media":55302,"comment_status":"closed","ping_status":"closed","sticky":false,"template":"","format":"standard","meta":{"footnotes":""},"categories":[24,30],"tags":[48],"class_list":["post-59839","post","type-post","status-publish","format-standard","has-post-thumbnail","hentry","category-politica","category-salud","tag-destacada"],"yoast_head":"<!-- This site is optimized with the Yoast SEO plugin v25.9 - https:\/\/yoast.com\/wordpress\/plugins\/seo\/ -->\n<title>Coronavirus: Tornquist contin\u00faa en Fase 2 - Noticias Radio Reflejos<\/title>\n<meta name=\"robots\" content=\"index, follow, max-snippet:-1, max-image-preview:large, max-video-preview:-1\" \/>\n<link rel=\"canonical\" href=\"https:\/\/www.noticiasradioreflejos.com.ar\/2021\/coronavirus-tornquist-continua-en-fase-2\/\" \/>\n<meta property=\"og:locale\" content=\"es_ES\" \/>\n<meta property=\"og:type\" content=\"article\" \/>\n<meta property=\"og:title\" content=\"Coronavirus: Tornquist contin\u00faa en Fase 2 - Noticias Radio Reflejos\" \/>\n<meta property=\"og:description\" content=\"Un total de 37distritos de la provincia de Buenos Aires se encuentran en Fase 2, con mayores restricciones debido al aumento de casos de coronavirus, en tanto que 92 municipios se ubican en Fase 3 y 6 en Fase 4, seg\u00fan se oficializ\u00f3 hoy en el Bolet\u00edn Oficial del distrito. El Distrito de Tornquist se mantiene en fase 2 por el alto \u00edndice de contagios.\" \/>\n<meta property=\"og:url\" content=\"https:\/\/www.noticiasradioreflejos.com.ar\/2021\/coronavirus-tornquist-continua-en-fase-2\/\" \/>\n<meta property=\"og:site_name\" content=\"Noticias Radio Reflejos\" \/>\n<meta property=\"article:published_time\" content=\"2021-07-07T11:42:14+00:00\" \/>\n<meta property=\"article:modified_time\" content=\"2021-07-07T11:43:04+00:00\" \/>\n<meta property=\"og:image\" content=\"https:\/\/www.noticiasradioreflejos.com.ar\/2021\/wp-content\/uploads\/2021\/04\/tornquist-desde-el-aire-1.jpg\" \/>\n\t<meta property=\"og:image:width\" content=\"1000\" \/>\n\t<meta property=\"og:image:height\" content=\"522\" \/>\n\t<meta property=\"og:image:type\" content=\"image\/jpeg\" \/>\n<meta name=\"author\" content=\"Arnaldo Botto\" \/>\n<meta name=\"twitter:card\" content=\"summary_large_image\" \/>\n<script type=\"application\/ld+json\" class=\"yoast-schema-graph\">{\"@context\":\"https:\/\/schema.org\",\"@graph\":[{\"@type\":\"WebPage\",\"@id\":\"https:\/\/www.noticiasradioreflejos.com.ar\/2021\/coronavirus-tornquist-continua-en-fase-2\/\",\"url\":\"https:\/\/www.noticiasradioreflejos.com.ar\/2021\/coronavirus-tornquist-continua-en-fase-2\/\",\"name\":\"Coronavirus: Tornquist contin\u00faa en Fase 2 - Noticias Radio Reflejos\",\"isPartOf\":{\"@id\":\"https:\/\/www.noticiasradioreflejos.com.ar\/2021\/#website\"},\"primaryImageOfPage\":{\"@id\":\"https:\/\/www.noticiasradioreflejos.com.ar\/2021\/coronavirus-tornquist-continua-en-fase-2\/#primaryimage\"},\"image\":{\"@id\":\"https:\/\/www.noticiasradioreflejos.com.ar\/2021\/coronavirus-tornquist-continua-en-fase-2\/#primaryimage\"},\"thumbnailUrl\":\"https:\/\/www.noticiasradioreflejos.com.ar\/2021\/wp-content\/uploads\/2021\/04\/tornquist-desde-el-aire-1.jpg\",\"datePublished\":\"2021-07-07T11:42:14+00:00\",\"dateModified\":\"2021-07-07T11:43:04+00:00\",\"author\":{\"@id\":\"https:\/\/www.noticiasradioreflejos.com.ar\/2021\/#\/schema\/person\/ad82545263dcc5ec0996818884fd5fb1\"},\"breadcrumb\":{\"@id\":\"https:\/\/www.noticiasradioreflejos.com.ar\/2021\/coronavirus-tornquist-continua-en-fase-2\/#breadcrumb\"},\"inLanguage\":\"es\",\"potentialAction\":[{\"@type\":\"ReadAction\",\"target\":[\"https:\/\/www.noticiasradioreflejos.com.ar\/2021\/coronavirus-tornquist-continua-en-fase-2\/\"]}]},{\"@type\":\"ImageObject\",\"inLanguage\":\"es\",\"@id\":\"https:\/\/www.noticiasradioreflejos.com.ar\/2021\/coronavirus-tornquist-continua-en-fase-2\/#primaryimage\",\"url\":\"https:\/\/www.noticiasradioreflejos.com.ar\/2021\/wp-content\/uploads\/2021\/04\/tornquist-desde-el-aire-1.jpg\",\"contentUrl\":\"https:\/\/www.noticiasradioreflejos.com.ar\/2021\/wp-content\/uploads\/2021\/04\/tornquist-desde-el-aire-1.jpg\",\"width\":1000,\"height\":522},{\"@type\":\"BreadcrumbList\",\"@id\":\"https:\/\/www.noticiasradioreflejos.com.ar\/2021\/coronavirus-tornquist-continua-en-fase-2\/#breadcrumb\",\"itemListElement\":[{\"@type\":\"ListItem\",\"position\":1,\"name\":\"Portada\",\"item\":\"https:\/\/www.noticiasradioreflejos.com.ar\/2021\/\"},{\"@type\":\"ListItem\",\"position\":2,\"name\":\"Coronavirus: Tornquist contin\u00faa en Fase 2\"}]},{\"@type\":\"WebSite\",\"@id\":\"https:\/\/www.noticiasradioreflejos.com.ar\/2021\/#website\",\"url\":\"https:\/\/www.noticiasradioreflejos.com.ar\/2021\/\",\"name\":\"Noticias Radio Reflejos\",\"description\":\"Las noticias de mi comarca\",\"potentialAction\":[{\"@type\":\"SearchAction\",\"target\":{\"@type\":\"EntryPoint\",\"urlTemplate\":\"https:\/\/www.noticiasradioreflejos.com.ar\/2021\/?s={search_term_string}\"},\"query-input\":{\"@type\":\"PropertyValueSpecification\",\"valueRequired\":true,\"valueName\":\"search_term_string\"}}],\"inLanguage\":\"es\"},{\"@type\":\"Person\",\"@id\":\"https:\/\/www.noticiasradioreflejos.com.ar\/2021\/#\/schema\/person\/ad82545263dcc5ec0996818884fd5fb1\",\"name\":\"Arnaldo Botto\",\"image\":{\"@type\":\"ImageObject\",\"inLanguage\":\"es\",\"@id\":\"https:\/\/www.noticiasradioreflejos.com.ar\/2021\/#\/schema\/person\/image\/\",\"url\":\"https:\/\/secure.gravatar.com\/avatar\/55cb5e37c1efa326397366e6974cb338056df65cb50e7d64d1cf314e87504837?s=96&d=mm&r=g\",\"contentUrl\":\"https:\/\/secure.gravatar.com\/avatar\/55cb5e37c1efa326397366e6974cb338056df65cb50e7d64d1cf314e87504837?s=96&d=mm&r=g\",\"caption\":\"Arnaldo Botto\"},\"url\":\"https:\/\/www.noticiasradioreflejos.com.ar\/2021\/author\/arnaldo\/\"}]}<\/script>\n<!-- \/ Yoast SEO plugin. -->","yoast_head_json":{"title":"Coronavirus: Tornquist contin\u00faa en Fase 2 - Noticias Radio Reflejos","robots":{"index":"index","follow":"follow","max-snippet":"max-snippet:-1","max-image-preview":"max-image-preview:large","max-video-preview":"max-video-preview:-1"},"canonical":"https:\/\/www.noticiasradioreflejos.com.ar\/2021\/coronavirus-tornquist-continua-en-fase-2\/","og_locale":"es_ES","og_type":"article","og_title":"Coronavirus: Tornquist contin\u00faa en Fase 2 - Noticias Radio Reflejos","og_description":"Un total de 37distritos de la provincia de Buenos Aires se encuentran en Fase 2, con mayores restricciones debido al aumento de casos de coronavirus, en tanto que 92 municipios se ubican en Fase 3 y 6 en Fase 4, seg\u00fan se oficializ\u00f3 hoy en el Bolet\u00edn Oficial del distrito. El Distrito de Tornquist se mantiene en fase 2 por el alto \u00edndice de contagios.","og_url":"https:\/\/www.noticiasradioreflejos.com.ar\/2021\/coronavirus-tornquist-continua-en-fase-2\/","og_site_name":"Noticias Radio Reflejos","article_published_time":"2021-07-07T11:42:14+00:00","article_modified_time":"2021-07-07T11:43:04+00:00","og_image":[{"width":1000,"height":522,"url":"https:\/\/www.noticiasradioreflejos.com.ar\/2021\/wp-content\/uploads\/2021\/04\/tornquist-desde-el-aire-1.jpg","type":"image\/jpeg"}],"author":"Arnaldo Botto","twitter_card":"summary_large_image","schema":{"@context":"https:\/\/schema.org","@graph":[{"@type":"WebPage","@id":"https:\/\/www.noticiasradioreflejos.com.ar\/2021\/coronavirus-tornquist-continua-en-fase-2\/","url":"https:\/\/www.noticiasradioreflejos.com.ar\/2021\/coronavirus-tornquist-continua-en-fase-2\/","name":"Coronavirus: Tornquist contin\u00faa en Fase 2 - Noticias Radio Reflejos","isPartOf":{"@id":"https:\/\/www.noticiasradioreflejos.com.ar\/2021\/#website"},"primaryImageOfPage":{"@id":"https:\/\/www.noticiasradioreflejos.com.ar\/2021\/coronavirus-tornquist-continua-en-fase-2\/#primaryimage"},"image":{"@id":"https:\/\/www.noticiasradioreflejos.com.ar\/2021\/coronavirus-tornquist-continua-en-fase-2\/#primaryimage"},"thumbnailUrl":"https:\/\/www.noticiasradioreflejos.com.ar\/2021\/wp-content\/uploads\/2021\/04\/tornquist-desde-el-aire-1.jpg","datePublished":"2021-07-07T11:42:14+00:00","dateModified":"2021-07-07T11:43:04+00:00","author":{"@id":"https:\/\/www.noticiasradioreflejos.com.ar\/2021\/#\/schema\/person\/ad82545263dcc5ec0996818884fd5fb1"},"breadcrumb":{"@id":"https:\/\/www.noticiasradioreflejos.com.ar\/2021\/coronavirus-tornquist-continua-en-fase-2\/#breadcrumb"},"inLanguage":"es","potentialAction":[{"@type":"ReadAction","target":["https:\/\/www.noticiasradioreflejos.com.ar\/2021\/coronavirus-tornquist-continua-en-fase-2\/"]}]},{"@type":"ImageObject","inLanguage":"es","@id":"https:\/\/www.noticiasradioreflejos.com.ar\/2021\/coronavirus-tornquist-continua-en-fase-2\/#primaryimage","url":"https:\/\/www.noticiasradioreflejos.com.ar\/2021\/wp-content\/uploads\/2021\/04\/tornquist-desde-el-aire-1.jpg","contentUrl":"https:\/\/www.noticiasradioreflejos.com.ar\/2021\/wp-content\/uploads\/2021\/04\/tornquist-desde-el-aire-1.jpg","width":1000,"height":522},{"@type":"BreadcrumbList","@id":"https:\/\/www.noticiasradioreflejos.com.ar\/2021\/coronavirus-tornquist-continua-en-fase-2\/#breadcrumb","itemListElement":[{"@type":"ListItem","position":1,"name":"Portada","item":"https:\/\/www.noticiasradioreflejos.com.ar\/2021\/"},{"@type":"ListItem","position":2,"name":"Coronavirus: Tornquist contin\u00faa en Fase 2"}]},{"@type":"WebSite","@id":"https:\/\/www.noticiasradioreflejos.com.ar\/2021\/#website","url":"https:\/\/www.noticiasradioreflejos.com.ar\/2021\/","name":"Noticias Radio Reflejos","description":"Las noticias de mi comarca","potentialAction":[{"@type":"SearchAction","target":{"@type":"EntryPoint","urlTemplate":"https:\/\/www.noticiasradioreflejos.com.ar\/2021\/?s={search_term_string}"},"query-input":{"@type":"PropertyValueSpecification","valueRequired":true,"valueName":"search_term_string"}}],"inLanguage":"es"},{"@type":"Person","@id":"https:\/\/www.noticiasradioreflejos.com.ar\/2021\/#\/schema\/person\/ad82545263dcc5ec0996818884fd5fb1","name":"Arnaldo Botto","image":{"@type":"ImageObject","inLanguage":"es","@id":"https:\/\/www.noticiasradioreflejos.com.ar\/2021\/#\/schema\/person\/image\/","url":"https:\/\/secure.gravatar.com\/avatar\/55cb5e37c1efa326397366e6974cb338056df65cb50e7d64d1cf314e87504837?s=96&d=mm&r=g","contentUrl":"https:\/\/secure.gravatar.com\/avatar\/55cb5e37c1efa326397366e6974cb338056df65cb50e7d64d1cf314e87504837?s=96&d=mm&r=g","caption":"Arnaldo Botto"},"url":"https:\/\/www.noticiasradioreflejos.com.ar\/2021\/author\/arnaldo\/"}]}},"_links":{"self":[{"href":"https:\/\/www.noticiasradioreflejos.com.ar\/2021\/wp-json\/wp\/v2\/posts\/59839","targetHints":{"allow":["GET"]}}],"collection":[{"href":"https:\/\/www.noticiasradioreflejos.com.ar\/2021\/wp-json\/wp\/v2\/posts"}],"about":[{"href":"https:\/\/www.noticiasradioreflejos.com.ar\/2021\/wp-json\/wp\/v2\/types\/post"}],"author":[{"embeddable":true,"href":"https:\/\/www.noticiasradioreflejos.com.ar\/2021\/wp-json\/wp\/v2\/users\/3"}],"replies":[{"embeddable":true,"href":"https:\/\/www.noticiasradioreflejos.com.ar\/2021\/wp-json\/wp\/v2\/comments?post=59839"}],"version-history":[{"count":1,"href":"https:\/\/www.noticiasradioreflejos.com.ar\/2021\/wp-json\/wp\/v2\/posts\/59839\/revisions"}],"predecessor-version":[{"id":59840,"href":"https:\/\/www.noticiasradioreflejos.com.ar\/2021\/wp-json\/wp\/v2\/posts\/59839\/revisions\/59840"}],"wp:featuredmedia":[{"embeddable":true,"href":"https:\/\/www.noticiasradioreflejos.com.ar\/2021\/wp-json\/wp\/v2\/media\/55302"}],"wp:attachment":[{"href":"https:\/\/www.noticiasradioreflejos.com.ar\/2021\/wp-json\/wp\/v2\/media?parent=59839"}],"wp:term":[{"taxonomy":"category","embeddable":true,"href":"https:\/\/www.noticiasradioreflejos.com.ar\/2021\/wp-json\/wp\/v2\/categories?post=59839"},{"taxonomy":"post_tag","embeddable":true,"href":"https:\/\/www.noticiasradioreflejos.com.ar\/2021\/wp-json\/wp\/v2\/tags?post=59839"}],"curies":[{"name":"wp","href":"https:\/\/api.w.org\/{rel}","templated":true}]}}