{"id":59820,"date":"2021-07-06T21:26:43","date_gmt":"2021-07-06T21:26:43","guid":{"rendered":"http:\/\/www.noticiasradioreflejos.com.ar\/2021\/?p=59820"},"modified":"2021-07-06T22:17:36","modified_gmt":"2021-07-06T22:17:36","slug":"lammens-el-turismo-esta-permitido-pero-no-va-a-ser-alentado","status":"publish","type":"post","link":"https:\/\/www.noticiasradioreflejos.com.ar\/2021\/lammens-el-turismo-esta-permitido-pero-no-va-a-ser-alentado\/","title":{"rendered":"Lammens: \u00abEl turismo est\u00e1 permitido, pero no va a ser alentado\u00bb"},"content":{"rendered":"<div class=\"head-content\">\n<div class=\"data\">\n<p>El ministro de Deportes y Turismo se\u00f1al\u00f3 que, a diferencia de lo ocurrido el a\u00f1o pasado, no habr\u00e1 campa\u00f1as de promociones ni planes de incentivo. Anunci\u00f3 un programa de ayuda complementario al Repro que asistir\u00e1 con 22.000 pesos por trabajador<b>.<\/b><\/p>\n<\/div>\n<div class=\"addthis_custom_sharing\" data-url=\"https:\/\/www.telam.com.ar\/notas\/202107\/560330-matias-lammens-vacaciones-de-invierno-turismo.html\" data-title=\"Lammens: &quot;El turismo est\u00e1 permitido, pero no va a ser alentado&quot;\" data-description=\"El ministro de Deportes y Turismo se\u00f1al\u00f3 que, a diferencia de lo ocurrido el a\u00f1o pasado, no habr\u00e1 campa\u00f1as de promociones ni planes de incentivo. Anunci\u00f3 un programa de ayuda complementario al Repro que asistir\u00e1 con 22.000 pesos por trabajador.\">\n<div id=\"atstbx\" class=\"at-resp-share-element at-style-responsive addthis-smartlayers addthis-animated at4-show\" role=\"region\" aria-labelledby=\"at-3559f755-7d90-4d5a-b59e-8c5a5e4d52de\"><\/div>\n<\/div>\n<\/div>\n<p><!--more--><\/p>\n<div class=\"main-content-block\">\n<div class=\"main-box clearfix\">\n<div class=\"wrapper-main-section clearfix\">\n<div class=\"wrapper-editable-content\">\n<div class=\"editable-content clearfix\">\n<div id=\"image\" class=\"image\">\n<p><img decoding=\"async\" title=\"Mat\u00edas Lammens asegur\u00f3 que este invierno no habr\u00e1 campa\u00f1as de promoci\u00f3n tur\u00edstica por parte del Ministerio.\" src=\"https:\/\/www.telam.com.ar\/advf\/imagenes\/2020\/12\/5fd11c860f121_1004x565.jpg\" alt=\"Mat\u00edas Lammens asegur\u00f3 que este invierno no habr\u00e1 campa\u00f1as de promoci\u00f3n tur\u00edstica por parte del Ministerio.\" \/><\/p>\n<div class=\"epigrafe\">Mat\u00edas Lammens asegur\u00f3 que este invierno no habr\u00e1 campa\u00f1as de promoci\u00f3n tur\u00edstica por parte del Ministerio.<\/div>\n<\/div>\n<p>El ministro de Turismo y Deportes, Mat\u00edas Lammens, asegur\u00f3 este martes, de cara al inminente inicio de las vacaciones de invierno en las distintas jurisdicciones del pa\u00eds, que si bien el turismo se encuentra habilitado\u00a0<strong>\u00abno va a ser alentado\u00bb<\/strong>\u00a0y record\u00f3 que lo que rige es un \u00abcriterio com\u00fan\u00bb para el movimiento tur\u00edstico en el que\u00a0<strong>las medidas restrictivas \u00abdependen de la situaci\u00f3n epidemiol\u00f3gica de cada destino\u00bb<\/strong>.<\/p>\n<p>\u00abHoy el turismo est\u00e1 permitido, pero nosotros no lo vamos a impulsar\u00bb, asever\u00f3 el ministro en declaraciones formuladas a El Destape Radio, en las que indic\u00f3 que,\u00a0<strong>a diferencia de lo ocurrido en la temporada de verano pasado<\/strong>, en esta ocasi\u00f3n, de cara al receso invernal,\u00a0<strong>\u00abno va a haber campa\u00f1a de promoci\u00f3n\u00bb ni \u00abplanes de incentivo\u00bb<\/strong>.<\/p>\n<p>El funcionario explic\u00f3 que la decisi\u00f3n se tom\u00f3 en base a la situaci\u00f3n epidemiol\u00f3gica y sanitaria por la pandemia de coronavirus, y\u00a0<strong>la intenci\u00f3n de retrasar el m\u00e1ximo posible la circulaci\u00f3n de la variante Delta\u00a0<\/strong>de la enfermedad, mucho m\u00e1s contagiosa que las dem\u00e1s.<\/p>\n<p>No obstante, afirm\u00f3 que el plan de vacunaci\u00f3n \u00abavanza a un ritmo espectacular\u00bb, lo cual permite tener\u00a0<strong>\u00abuna buena perspectiva\u00bb a futuro<\/strong>.<\/p>\n<p>\u00abEsto nos permite por primera vez tener la posibilidad de ver la luz al final del t\u00fanel, pero no quiere decir que no tengamos que seguir cuid\u00e1ndonos, as\u00ed que yo creo que la temporada de invierno, a pesar que el turismo est\u00e1 permitido, no va a ser alentado en t\u00e9rminos de est\u00edmulo y de planes\u00bb, reiter\u00f3 Lammens.<\/p>\n<div id=\"image\" class=\"image\">\n<p><img decoding=\"async\" title=\"La decisi\u00f3n se tom\u00f3 en base a la situaci\u00f3n epidemiol\u00f3gica y sanitaria por la pandemia de coronavirus.\" src=\"https:\/\/www.telam.com.ar\/advf\/imagenes\/2021\/07\/60e37e354bc30_1004x565.jpg\" alt=\"La decisi\u00f3n se tom\u00f3 en base a la situaci\u00f3n epidemiol\u00f3gica y sanitaria por la pandemia de coronavirus.\" \/><\/p>\n<div class=\"epigrafe\">La decisi\u00f3n se tom\u00f3 en base a la situaci\u00f3n epidemiol\u00f3gica y sanitaria por la pandemia de coronavirus.<\/div>\n<\/div>\n<h4 class=\"auth\">Ayudas al sector<\/h4>\n<p>El ministro precis\u00f3 que \u00abhubo muchas\u00bb ayudas desde el punto de vista econ\u00f3mico, y\u00a0<strong>adelant\u00f3 que se est\u00e1 \u00absacando un nuevo plan\u00bb muy similar al realizado en 2020<\/strong>.<\/p>\n<p>\u00abEl a\u00f1o pasado ya hubo un fondo de auxilio y capacitaci\u00f3n por el cual le dimos un determinado importe a cada una de las empresas, y la contraprestaci\u00f3n era que sus empleados se capacitaran en idioma, con diferentes cursos y cuestiones\u00bb, record\u00f3 el ministro.<\/p>\n<p>\u00abPara este a\u00f1o vamos a hacer un programa muy similar, que\u00a0<strong>consta de 22.000 pesos por trabajador complementario al Repro<\/strong>, que hoy es de 22.000 pesos por trabajador para gastos corrientes\u00bb, indic\u00f3 Lammens.<\/p>\n<blockquote><p>La ayuda va a llegar a todas las empresas, para lo cual est\u00e1 proyectado\u00bbuna inversi\u00f3n de m\u00e1s de 2.500 millones de pesos\u00bb<\/p><\/blockquote>\n<p>En ese sentido, asegur\u00f3 que\u00a0<strong>la ayuda va a llegar a todas las empresas<\/strong>, para lo cual est\u00e1 proyectado\u00a0<strong>\u00abuna inversi\u00f3n de m\u00e1s de 2.500 millones de pesos\u00bb<\/strong>.<\/p>\n<p>\u00abUn programa que tenemos desde el Ministerio, llamado\u00a0<strong>APTur,<\/strong>\u00a0para peque\u00f1os prestadores de turismo, para gu\u00edas tur\u00edsticos, para el eslab\u00f3n mas d\u00e9bil de la cadena del turismo que la ha pasado muy mal, ya est\u00e1 en su sexta edici\u00f3n, y ha llegado muy bien a esos sectores\u00bb, agreg\u00f3.<\/p>\n<h4 class=\"auth\">Las restricciones en cada provincia<\/h4>\n<p>Por otra parte, subray\u00f3 que para el per\u00edodo de vacaciones de invierno no se estableci\u00f3 \u00abun criterio com\u00fan\u00bb para\u00a0<strong>el ingreso a cada una de las provincias<\/strong>, porque \u00ab<strong>depende de la situaci\u00f3n epidemiol\u00f3gica y sanitaria de cada destino\u00bb<\/strong>, determinada \u00abno solamente por la cantidad de casos, sino tambi\u00e9n por la ocupaci\u00f3n de camas de terapia intensiva y de la perspectiva que tengan\u00bb.<\/p>\n<p>En ese sentido,\u00a0<strong>se\u00f1al\u00f3 la disparidad de medidas que rigen actualmente<\/strong>\u00a0y puso como ejemplo a aquellas\u00a0<strong>provincias que solicitan certificado de turismo<\/strong>\u00a0(Buenos Aires, Catamarca, C\u00f3rdoba, Chubut, Entre R\u00edos, Jujuy, La Rioja, Mendoza, Miisones, Santa Fe, Tierra del Fuego, Tucum\u00e1n).<\/p>\n<p>En tanto, dio cuenta de\u00a0<strong>otras jurisdicciones que solicitan a los viajeros y viajeras que ingresan un PCR negativo<\/strong>\u00a0(como es el caso de Chaco, Corrientes, R\u00edo Negro, Santa Cruz); de otras que piden el PCR negativo solo en algunos casos (Catamarca, Chubut, La Rioja); y de otras que, en principio, habilitar\u00e1n el ingreso de turistas reci\u00e9n a partir del viernes 9 de julio, como C\u00f3rdoba.<\/p>\n<div id=\"image\" class=\"image\">\n<p><img decoding=\"async\" title=\"Lammens se\u00f1al\u00f3 la disparidad de medidas que rigen actualmente y puso como ejemplo a aquellas provincias que solicitan certificado de turismo.\" src=\"https:\/\/www.telam.com.ar\/advf\/imagenes\/2021\/07\/60df88ae8b06a_1004x565.jpg\" alt=\"Lammens se\u00f1al\u00f3 la disparidad de medidas que rigen actualmente y puso como ejemplo a aquellas provincias que solicitan certificado de turismo.\" \/><\/p>\n<div class=\"epigrafe\">Lammens se\u00f1al\u00f3 la disparidad de medidas que rigen actualmente y puso como ejemplo a aquellas provincias que solicitan certificado de turismo.<\/div>\n<\/div>\n<p>Finalmente, Lammens destac\u00f3 que\u00a0<strong>en los pr\u00f3ximos a\u00f1os \u00abel turismo<\/strong><strong>puede llegar a ser uno de los protagonistas de la reactivaci\u00f3n argentina<\/strong>, con una enorme capacidad de generaci\u00f3n de trabajo, que va a a hacer mucha falta en la pospandemia\u00bb.<\/p>\n<p>\u00abTenemos algunos programas para lanzar que van a ser un impacto tremendo en las econom\u00edas regionales, como el programa PreViaje que vamos a lanzar en agosto\u00bb, indic\u00f3.<\/p>\n<div class=\"btn_externos\"><\/div>\n<\/div>\n<\/div>\n<\/div>\n<\/div>\n<\/div>\n","protected":false},"excerpt":{"rendered":"<p>El ministro de Deportes y Turismo se\u00f1al\u00f3 que, a diferencia de lo ocurrido el a\u00f1o pasado, no habr\u00e1 campa\u00f1as de promociones ni planes de incentivo. Anunci\u00f3 un programa de ayuda complementario al Repro que asistir\u00e1 con 22.000 pesos por trabajador.<\/p>\n","protected":false},"author":3,"featured_media":23492,"comment_status":"closed","ping_status":"closed","sticky":false,"template":"","format":"standard","meta":{"footnotes":""},"categories":[33],"tags":[48],"class_list":["post-59820","post","type-post","status-publish","format-standard","has-post-thumbnail","hentry","category-turismo","tag-destacada"],"yoast_head":"<!-- This site is optimized with the Yoast SEO plugin v25.9 - https:\/\/yoast.com\/wordpress\/plugins\/seo\/ -->\n<title>Lammens: &quot;El turismo est\u00e1 permitido, pero no va a ser alentado&quot; - Noticias Radio Reflejos<\/title>\n<meta name=\"robots\" content=\"index, follow, max-snippet:-1, max-image-preview:large, max-video-preview:-1\" \/>\n<link rel=\"canonical\" href=\"https:\/\/www.noticiasradioreflejos.com.ar\/2021\/lammens-el-turismo-esta-permitido-pero-no-va-a-ser-alentado\/\" \/>\n<meta property=\"og:locale\" content=\"es_ES\" \/>\n<meta property=\"og:type\" content=\"article\" \/>\n<meta property=\"og:title\" content=\"Lammens: &quot;El turismo est\u00e1 permitido, pero no va a ser alentado&quot; - Noticias Radio Reflejos\" \/>\n<meta property=\"og:description\" content=\"El ministro de Deportes y Turismo se\u00f1al\u00f3 que, a diferencia de lo ocurrido el a\u00f1o pasado, no habr\u00e1 campa\u00f1as de promociones ni planes de incentivo. Anunci\u00f3 un programa de ayuda complementario al Repro que asistir\u00e1 con 22.000 pesos por trabajador.\" \/>\n<meta property=\"og:url\" content=\"https:\/\/www.noticiasradioreflejos.com.ar\/2021\/lammens-el-turismo-esta-permitido-pero-no-va-a-ser-alentado\/\" \/>\n<meta property=\"og:site_name\" content=\"Noticias Radio Reflejos\" \/>\n<meta property=\"article:published_time\" content=\"2021-07-06T21:26:43+00:00\" \/>\n<meta property=\"article:modified_time\" content=\"2021-07-06T22:17:36+00:00\" \/>\n<meta property=\"og:image\" content=\"https:\/\/www.noticiasradioreflejos.com.ar\/2021\/wp-content\/uploads\/2018\/07\/IMG_20180722_165822722_HDR-scaled.jpg\" \/>\n\t<meta property=\"og:image:width\" content=\"2560\" \/>\n\t<meta property=\"og:image:height\" content=\"1440\" \/>\n\t<meta property=\"og:image:type\" content=\"image\/jpeg\" \/>\n<meta name=\"author\" content=\"Arnaldo Botto\" \/>\n<meta name=\"twitter:card\" content=\"summary_large_image\" \/>\n<script type=\"application\/ld+json\" class=\"yoast-schema-graph\">{\"@context\":\"https:\/\/schema.org\",\"@graph\":[{\"@type\":\"WebPage\",\"@id\":\"https:\/\/www.noticiasradioreflejos.com.ar\/2021\/lammens-el-turismo-esta-permitido-pero-no-va-a-ser-alentado\/\",\"url\":\"https:\/\/www.noticiasradioreflejos.com.ar\/2021\/lammens-el-turismo-esta-permitido-pero-no-va-a-ser-alentado\/\",\"name\":\"Lammens: \\\"El turismo est\u00e1 permitido, pero no va a ser alentado\\\" - Noticias Radio Reflejos\",\"isPartOf\":{\"@id\":\"https:\/\/www.noticiasradioreflejos.com.ar\/2021\/#website\"},\"primaryImageOfPage\":{\"@id\":\"https:\/\/www.noticiasradioreflejos.com.ar\/2021\/lammens-el-turismo-esta-permitido-pero-no-va-a-ser-alentado\/#primaryimage\"},\"image\":{\"@id\":\"https:\/\/www.noticiasradioreflejos.com.ar\/2021\/lammens-el-turismo-esta-permitido-pero-no-va-a-ser-alentado\/#primaryimage\"},\"thumbnailUrl\":\"https:\/\/www.noticiasradioreflejos.com.ar\/2021\/wp-content\/uploads\/2018\/07\/IMG_20180722_165822722_HDR-scaled.jpg\",\"datePublished\":\"2021-07-06T21:26:43+00:00\",\"dateModified\":\"2021-07-06T22:17:36+00:00\",\"author\":{\"@id\":\"https:\/\/www.noticiasradioreflejos.com.ar\/2021\/#\/schema\/person\/ad82545263dcc5ec0996818884fd5fb1\"},\"breadcrumb\":{\"@id\":\"https:\/\/www.noticiasradioreflejos.com.ar\/2021\/lammens-el-turismo-esta-permitido-pero-no-va-a-ser-alentado\/#breadcrumb\"},\"inLanguage\":\"es\",\"potentialAction\":[{\"@type\":\"ReadAction\",\"target\":[\"https:\/\/www.noticiasradioreflejos.com.ar\/2021\/lammens-el-turismo-esta-permitido-pero-no-va-a-ser-alentado\/\"]}]},{\"@type\":\"ImageObject\",\"inLanguage\":\"es\",\"@id\":\"https:\/\/www.noticiasradioreflejos.com.ar\/2021\/lammens-el-turismo-esta-permitido-pero-no-va-a-ser-alentado\/#primaryimage\",\"url\":\"https:\/\/www.noticiasradioreflejos.com.ar\/2021\/wp-content\/uploads\/2018\/07\/IMG_20180722_165822722_HDR-scaled.jpg\",\"contentUrl\":\"https:\/\/www.noticiasradioreflejos.com.ar\/2021\/wp-content\/uploads\/2018\/07\/IMG_20180722_165822722_HDR-scaled.jpg\",\"width\":2560,\"height\":1440},{\"@type\":\"BreadcrumbList\",\"@id\":\"https:\/\/www.noticiasradioreflejos.com.ar\/2021\/lammens-el-turismo-esta-permitido-pero-no-va-a-ser-alentado\/#breadcrumb\",\"itemListElement\":[{\"@type\":\"ListItem\",\"position\":1,\"name\":\"Portada\",\"item\":\"https:\/\/www.noticiasradioreflejos.com.ar\/2021\/\"},{\"@type\":\"ListItem\",\"position\":2,\"name\":\"Lammens: \u00abEl turismo est\u00e1 permitido, pero no va a ser alentado\u00bb\"}]},{\"@type\":\"WebSite\",\"@id\":\"https:\/\/www.noticiasradioreflejos.com.ar\/2021\/#website\",\"url\":\"https:\/\/www.noticiasradioreflejos.com.ar\/2021\/\",\"name\":\"Noticias Radio Reflejos\",\"description\":\"Las noticias de mi comarca\",\"potentialAction\":[{\"@type\":\"SearchAction\",\"target\":{\"@type\":\"EntryPoint\",\"urlTemplate\":\"https:\/\/www.noticiasradioreflejos.com.ar\/2021\/?s={search_term_string}\"},\"query-input\":{\"@type\":\"PropertyValueSpecification\",\"valueRequired\":true,\"valueName\":\"search_term_string\"}}],\"inLanguage\":\"es\"},{\"@type\":\"Person\",\"@id\":\"https:\/\/www.noticiasradioreflejos.com.ar\/2021\/#\/schema\/person\/ad82545263dcc5ec0996818884fd5fb1\",\"name\":\"Arnaldo Botto\",\"image\":{\"@type\":\"ImageObject\",\"inLanguage\":\"es\",\"@id\":\"https:\/\/www.noticiasradioreflejos.com.ar\/2021\/#\/schema\/person\/image\/\",\"url\":\"https:\/\/secure.gravatar.com\/avatar\/55cb5e37c1efa326397366e6974cb338056df65cb50e7d64d1cf314e87504837?s=96&d=mm&r=g\",\"contentUrl\":\"https:\/\/secure.gravatar.com\/avatar\/55cb5e37c1efa326397366e6974cb338056df65cb50e7d64d1cf314e87504837?s=96&d=mm&r=g\",\"caption\":\"Arnaldo Botto\"},\"url\":\"https:\/\/www.noticiasradioreflejos.com.ar\/2021\/author\/arnaldo\/\"}]}<\/script>\n<!-- \/ Yoast SEO plugin. -->","yoast_head_json":{"title":"Lammens: \"El turismo est\u00e1 permitido, pero no va a ser alentado\" - Noticias Radio Reflejos","robots":{"index":"index","follow":"follow","max-snippet":"max-snippet:-1","max-image-preview":"max-image-preview:large","max-video-preview":"max-video-preview:-1"},"canonical":"https:\/\/www.noticiasradioreflejos.com.ar\/2021\/lammens-el-turismo-esta-permitido-pero-no-va-a-ser-alentado\/","og_locale":"es_ES","og_type":"article","og_title":"Lammens: \"El turismo est\u00e1 permitido, pero no va a ser alentado\" - Noticias Radio Reflejos","og_description":"El ministro de Deportes y Turismo se\u00f1al\u00f3 que, a diferencia de lo ocurrido el a\u00f1o pasado, no habr\u00e1 campa\u00f1as de promociones ni planes de incentivo. Anunci\u00f3 un programa de ayuda complementario al Repro que asistir\u00e1 con 22.000 pesos por trabajador.","og_url":"https:\/\/www.noticiasradioreflejos.com.ar\/2021\/lammens-el-turismo-esta-permitido-pero-no-va-a-ser-alentado\/","og_site_name":"Noticias Radio Reflejos","article_published_time":"2021-07-06T21:26:43+00:00","article_modified_time":"2021-07-06T22:17:36+00:00","og_image":[{"width":2560,"height":1440,"url":"https:\/\/www.noticiasradioreflejos.com.ar\/2021\/wp-content\/uploads\/2018\/07\/IMG_20180722_165822722_HDR-scaled.jpg","type":"image\/jpeg"}],"author":"Arnaldo Botto","twitter_card":"summary_large_image","schema":{"@context":"https:\/\/schema.org","@graph":[{"@type":"WebPage","@id":"https:\/\/www.noticiasradioreflejos.com.ar\/2021\/lammens-el-turismo-esta-permitido-pero-no-va-a-ser-alentado\/","url":"https:\/\/www.noticiasradioreflejos.com.ar\/2021\/lammens-el-turismo-esta-permitido-pero-no-va-a-ser-alentado\/","name":"Lammens: \"El turismo est\u00e1 permitido, pero no va a ser alentado\" - Noticias Radio Reflejos","isPartOf":{"@id":"https:\/\/www.noticiasradioreflejos.com.ar\/2021\/#website"},"primaryImageOfPage":{"@id":"https:\/\/www.noticiasradioreflejos.com.ar\/2021\/lammens-el-turismo-esta-permitido-pero-no-va-a-ser-alentado\/#primaryimage"},"image":{"@id":"https:\/\/www.noticiasradioreflejos.com.ar\/2021\/lammens-el-turismo-esta-permitido-pero-no-va-a-ser-alentado\/#primaryimage"},"thumbnailUrl":"https:\/\/www.noticiasradioreflejos.com.ar\/2021\/wp-content\/uploads\/2018\/07\/IMG_20180722_165822722_HDR-scaled.jpg","datePublished":"2021-07-06T21:26:43+00:00","dateModified":"2021-07-06T22:17:36+00:00","author":{"@id":"https:\/\/www.noticiasradioreflejos.com.ar\/2021\/#\/schema\/person\/ad82545263dcc5ec0996818884fd5fb1"},"breadcrumb":{"@id":"https:\/\/www.noticiasradioreflejos.com.ar\/2021\/lammens-el-turismo-esta-permitido-pero-no-va-a-ser-alentado\/#breadcrumb"},"inLanguage":"es","potentialAction":[{"@type":"ReadAction","target":["https:\/\/www.noticiasradioreflejos.com.ar\/2021\/lammens-el-turismo-esta-permitido-pero-no-va-a-ser-alentado\/"]}]},{"@type":"ImageObject","inLanguage":"es","@id":"https:\/\/www.noticiasradioreflejos.com.ar\/2021\/lammens-el-turismo-esta-permitido-pero-no-va-a-ser-alentado\/#primaryimage","url":"https:\/\/www.noticiasradioreflejos.com.ar\/2021\/wp-content\/uploads\/2018\/07\/IMG_20180722_165822722_HDR-scaled.jpg","contentUrl":"https:\/\/www.noticiasradioreflejos.com.ar\/2021\/wp-content\/uploads\/2018\/07\/IMG_20180722_165822722_HDR-scaled.jpg","width":2560,"height":1440},{"@type":"BreadcrumbList","@id":"https:\/\/www.noticiasradioreflejos.com.ar\/2021\/lammens-el-turismo-esta-permitido-pero-no-va-a-ser-alentado\/#breadcrumb","itemListElement":[{"@type":"ListItem","position":1,"name":"Portada","item":"https:\/\/www.noticiasradioreflejos.com.ar\/2021\/"},{"@type":"ListItem","position":2,"name":"Lammens: \u00abEl turismo est\u00e1 permitido, pero no va a ser alentado\u00bb"}]},{"@type":"WebSite","@id":"https:\/\/www.noticiasradioreflejos.com.ar\/2021\/#website","url":"https:\/\/www.noticiasradioreflejos.com.ar\/2021\/","name":"Noticias Radio Reflejos","description":"Las noticias de mi comarca","potentialAction":[{"@type":"SearchAction","target":{"@type":"EntryPoint","urlTemplate":"https:\/\/www.noticiasradioreflejos.com.ar\/2021\/?s={search_term_string}"},"query-input":{"@type":"PropertyValueSpecification","valueRequired":true,"valueName":"search_term_string"}}],"inLanguage":"es"},{"@type":"Person","@id":"https:\/\/www.noticiasradioreflejos.com.ar\/2021\/#\/schema\/person\/ad82545263dcc5ec0996818884fd5fb1","name":"Arnaldo Botto","image":{"@type":"ImageObject","inLanguage":"es","@id":"https:\/\/www.noticiasradioreflejos.com.ar\/2021\/#\/schema\/person\/image\/","url":"https:\/\/secure.gravatar.com\/avatar\/55cb5e37c1efa326397366e6974cb338056df65cb50e7d64d1cf314e87504837?s=96&d=mm&r=g","contentUrl":"https:\/\/secure.gravatar.com\/avatar\/55cb5e37c1efa326397366e6974cb338056df65cb50e7d64d1cf314e87504837?s=96&d=mm&r=g","caption":"Arnaldo Botto"},"url":"https:\/\/www.noticiasradioreflejos.com.ar\/2021\/author\/arnaldo\/"}]}},"_links":{"self":[{"href":"https:\/\/www.noticiasradioreflejos.com.ar\/2021\/wp-json\/wp\/v2\/posts\/59820","targetHints":{"allow":["GET"]}}],"collection":[{"href":"https:\/\/www.noticiasradioreflejos.com.ar\/2021\/wp-json\/wp\/v2\/posts"}],"about":[{"href":"https:\/\/www.noticiasradioreflejos.com.ar\/2021\/wp-json\/wp\/v2\/types\/post"}],"author":[{"embeddable":true,"href":"https:\/\/www.noticiasradioreflejos.com.ar\/2021\/wp-json\/wp\/v2\/users\/3"}],"replies":[{"embeddable":true,"href":"https:\/\/www.noticiasradioreflejos.com.ar\/2021\/wp-json\/wp\/v2\/comments?post=59820"}],"version-history":[{"count":2,"href":"https:\/\/www.noticiasradioreflejos.com.ar\/2021\/wp-json\/wp\/v2\/posts\/59820\/revisions"}],"predecessor-version":[{"id":59827,"href":"https:\/\/www.noticiasradioreflejos.com.ar\/2021\/wp-json\/wp\/v2\/posts\/59820\/revisions\/59827"}],"wp:featuredmedia":[{"embeddable":true,"href":"https:\/\/www.noticiasradioreflejos.com.ar\/2021\/wp-json\/wp\/v2\/media\/23492"}],"wp:attachment":[{"href":"https:\/\/www.noticiasradioreflejos.com.ar\/2021\/wp-json\/wp\/v2\/media?parent=59820"}],"wp:term":[{"taxonomy":"category","embeddable":true,"href":"https:\/\/www.noticiasradioreflejos.com.ar\/2021\/wp-json\/wp\/v2\/categories?post=59820"},{"taxonomy":"post_tag","embeddable":true,"href":"https:\/\/www.noticiasradioreflejos.com.ar\/2021\/wp-json\/wp\/v2\/tags?post=59820"}],"curies":[{"name":"wp","href":"https:\/\/api.w.org\/{rel}","templated":true}]}}