{"id":59797,"date":"2021-07-06T15:02:27","date_gmt":"2021-07-06T15:02:27","guid":{"rendered":"http:\/\/www.noticiasradioreflejos.com.ar\/2021\/?p=59797"},"modified":"2021-07-06T15:02:27","modified_gmt":"2021-07-06T15:02:27","slug":"evolucion-epidemiologica-en-el-distrito-durante-junio-y-julio","status":"publish","type":"post","link":"https:\/\/www.noticiasradioreflejos.com.ar\/2021\/evolucion-epidemiologica-en-el-distrito-durante-junio-y-julio\/","title":{"rendered":"Evoluci\u00f3n epidemiol\u00f3gica en el distrito durante junio y julio"},"content":{"rendered":"<p>En su reporte peri\u00f3dico, el municipio de Tornquist dio a conocer la evoluci\u00f3n epidemiol\u00f3gica en el distrito en el marco de la pandemia de coronavirus.<!--more--><\/p>\n<p>Durante todo junio, la situaci\u00f3n en cuanto a casos de Covid-19 se mantuvo estable, aunque en los \u00faltimos d\u00edas la curva comenz\u00f3 a mostrar una fuerte baja.<\/p>\n<p>Los primeros d\u00edas del sexto mes del a\u00f1o tuvieron un pico de infecciones, llegando a 153 activos. Con el correr de las semanas, la estad\u00edstica fue variable en torno al 30%, hasta las primeras jornadas de julio, donde se registra por sexto d\u00eda consecutivo una ca\u00edda de la cantidad de personas que se encuentran cursando la enfermedad, teniendo actualmente 79.<\/p>\n<p>Durante el periodo analizado, el mayor porcentaje de contagios se concentr\u00f3 en la localidad de Tornquist, donde el n\u00famero de casos se mantuvo con una variante promedio del 20%, pero, al igual que en todo el distrito, registra una disminuci\u00f3n considerable en los primeros d\u00edas de julio.<\/p>\n<p>En Sierra de la Ventana y Saldungaray, el avance de junio marc\u00f3 una estabilizaci\u00f3n de los contagios de Covid-19, con una tendencia de baja. En tanto, Villa Ventana pas\u00f3 de tener 18 activos el primer d\u00eda del mes pasado a solo dos actualmente, mientras que en La Gruta, Tres Picos y Chasic\u00f3 se dan infecciones de manera espor\u00e1dica.<\/p>\n","protected":false},"excerpt":{"rendered":"<p>En su reporte peri\u00f3dico, el municipio de Tornquist dio a conocer la evoluci\u00f3n epidemiol\u00f3gica en el distrito en el marco de la pandemia de coronavirus.<\/p>\n","protected":false},"author":3,"featured_media":0,"comment_status":"closed","ping_status":"closed","sticky":false,"template":"","format":"standard","meta":{"footnotes":""},"categories":[28,30],"tags":[],"class_list":["post-59797","post","type-post","status-publish","format-standard","hentry","category-municipales","category-salud"],"yoast_head":"<!-- This site is optimized with the Yoast SEO plugin v25.9 - https:\/\/yoast.com\/wordpress\/plugins\/seo\/ -->\n<title>Evoluci\u00f3n epidemiol\u00f3gica en el distrito durante junio y julio - Noticias Radio Reflejos<\/title>\n<meta name=\"robots\" content=\"index, follow, max-snippet:-1, max-image-preview:large, max-video-preview:-1\" \/>\n<link rel=\"canonical\" href=\"https:\/\/www.noticiasradioreflejos.com.ar\/2021\/evolucion-epidemiologica-en-el-distrito-durante-junio-y-julio\/\" \/>\n<meta property=\"og:locale\" content=\"es_ES\" \/>\n<meta property=\"og:type\" content=\"article\" \/>\n<meta property=\"og:title\" content=\"Evoluci\u00f3n epidemiol\u00f3gica en el distrito durante junio y julio - Noticias Radio Reflejos\" \/>\n<meta property=\"og:description\" content=\"En su reporte peri\u00f3dico, el municipio de Tornquist dio a conocer la evoluci\u00f3n epidemiol\u00f3gica en el distrito en el marco de la pandemia de coronavirus.\" \/>\n<meta property=\"og:url\" content=\"https:\/\/www.noticiasradioreflejos.com.ar\/2021\/evolucion-epidemiologica-en-el-distrito-durante-junio-y-julio\/\" \/>\n<meta property=\"og:site_name\" content=\"Noticias Radio Reflejos\" \/>\n<meta property=\"article:published_time\" content=\"2021-07-06T15:02:27+00:00\" \/>\n<meta property=\"og:image\" content=\"https:\/\/www.noticiasradioreflejos.com.ar\/2021\/wp-content\/uploads\/2021\/07\/logosol300x200.png\" \/>\n\t<meta property=\"og:image:width\" content=\"300\" \/>\n\t<meta property=\"og:image:height\" content=\"200\" \/>\n\t<meta property=\"og:image:type\" content=\"image\/png\" \/>\n<meta name=\"author\" content=\"Arnaldo Botto\" \/>\n<meta name=\"twitter:card\" content=\"summary_large_image\" \/>\n<script type=\"application\/ld+json\" class=\"yoast-schema-graph\">{\"@context\":\"https:\/\/schema.org\",\"@graph\":[{\"@type\":\"WebPage\",\"@id\":\"https:\/\/www.noticiasradioreflejos.com.ar\/2021\/evolucion-epidemiologica-en-el-distrito-durante-junio-y-julio\/\",\"url\":\"https:\/\/www.noticiasradioreflejos.com.ar\/2021\/evolucion-epidemiologica-en-el-distrito-durante-junio-y-julio\/\",\"name\":\"Evoluci\u00f3n epidemiol\u00f3gica en el distrito durante junio y julio - Noticias Radio Reflejos\",\"isPartOf\":{\"@id\":\"https:\/\/www.noticiasradioreflejos.com.ar\/2021\/#website\"},\"datePublished\":\"2021-07-06T15:02:27+00:00\",\"author\":{\"@id\":\"https:\/\/www.noticiasradioreflejos.com.ar\/2021\/#\/schema\/person\/ad82545263dcc5ec0996818884fd5fb1\"},\"breadcrumb\":{\"@id\":\"https:\/\/www.noticiasradioreflejos.com.ar\/2021\/evolucion-epidemiologica-en-el-distrito-durante-junio-y-julio\/#breadcrumb\"},\"inLanguage\":\"es\",\"potentialAction\":[{\"@type\":\"ReadAction\",\"target\":[\"https:\/\/www.noticiasradioreflejos.com.ar\/2021\/evolucion-epidemiologica-en-el-distrito-durante-junio-y-julio\/\"]}]},{\"@type\":\"BreadcrumbList\",\"@id\":\"https:\/\/www.noticiasradioreflejos.com.ar\/2021\/evolucion-epidemiologica-en-el-distrito-durante-junio-y-julio\/#breadcrumb\",\"itemListElement\":[{\"@type\":\"ListItem\",\"position\":1,\"name\":\"Portada\",\"item\":\"https:\/\/www.noticiasradioreflejos.com.ar\/2021\/\"},{\"@type\":\"ListItem\",\"position\":2,\"name\":\"Evoluci\u00f3n epidemiol\u00f3gica en el distrito durante junio y julio\"}]},{\"@type\":\"WebSite\",\"@id\":\"https:\/\/www.noticiasradioreflejos.com.ar\/2021\/#website\",\"url\":\"https:\/\/www.noticiasradioreflejos.com.ar\/2021\/\",\"name\":\"Noticias Radio Reflejos\",\"description\":\"Las noticias de mi comarca\",\"potentialAction\":[{\"@type\":\"SearchAction\",\"target\":{\"@type\":\"EntryPoint\",\"urlTemplate\":\"https:\/\/www.noticiasradioreflejos.com.ar\/2021\/?s={search_term_string}\"},\"query-input\":{\"@type\":\"PropertyValueSpecification\",\"valueRequired\":true,\"valueName\":\"search_term_string\"}}],\"inLanguage\":\"es\"},{\"@type\":\"Person\",\"@id\":\"https:\/\/www.noticiasradioreflejos.com.ar\/2021\/#\/schema\/person\/ad82545263dcc5ec0996818884fd5fb1\",\"name\":\"Arnaldo Botto\",\"image\":{\"@type\":\"ImageObject\",\"inLanguage\":\"es\",\"@id\":\"https:\/\/www.noticiasradioreflejos.com.ar\/2021\/#\/schema\/person\/image\/\",\"url\":\"https:\/\/secure.gravatar.com\/avatar\/55cb5e37c1efa326397366e6974cb338056df65cb50e7d64d1cf314e87504837?s=96&d=mm&r=g\",\"contentUrl\":\"https:\/\/secure.gravatar.com\/avatar\/55cb5e37c1efa326397366e6974cb338056df65cb50e7d64d1cf314e87504837?s=96&d=mm&r=g\",\"caption\":\"Arnaldo Botto\"},\"url\":\"https:\/\/www.noticiasradioreflejos.com.ar\/2021\/author\/arnaldo\/\"}]}<\/script>\n<!-- \/ Yoast SEO plugin. -->","yoast_head_json":{"title":"Evoluci\u00f3n epidemiol\u00f3gica en el distrito durante junio y julio - Noticias Radio Reflejos","robots":{"index":"index","follow":"follow","max-snippet":"max-snippet:-1","max-image-preview":"max-image-preview:large","max-video-preview":"max-video-preview:-1"},"canonical":"https:\/\/www.noticiasradioreflejos.com.ar\/2021\/evolucion-epidemiologica-en-el-distrito-durante-junio-y-julio\/","og_locale":"es_ES","og_type":"article","og_title":"Evoluci\u00f3n epidemiol\u00f3gica en el distrito durante junio y julio - Noticias Radio Reflejos","og_description":"En su reporte peri\u00f3dico, el municipio de Tornquist dio a conocer la evoluci\u00f3n epidemiol\u00f3gica en el distrito en el marco de la pandemia de coronavirus.","og_url":"https:\/\/www.noticiasradioreflejos.com.ar\/2021\/evolucion-epidemiologica-en-el-distrito-durante-junio-y-julio\/","og_site_name":"Noticias Radio Reflejos","article_published_time":"2021-07-06T15:02:27+00:00","og_image":[{"width":300,"height":200,"url":"https:\/\/www.noticiasradioreflejos.com.ar\/2021\/wp-content\/uploads\/2021\/07\/logosol300x200.png","type":"image\/png"}],"author":"Arnaldo Botto","twitter_card":"summary_large_image","schema":{"@context":"https:\/\/schema.org","@graph":[{"@type":"WebPage","@id":"https:\/\/www.noticiasradioreflejos.com.ar\/2021\/evolucion-epidemiologica-en-el-distrito-durante-junio-y-julio\/","url":"https:\/\/www.noticiasradioreflejos.com.ar\/2021\/evolucion-epidemiologica-en-el-distrito-durante-junio-y-julio\/","name":"Evoluci\u00f3n epidemiol\u00f3gica en el distrito durante junio y julio - Noticias Radio Reflejos","isPartOf":{"@id":"https:\/\/www.noticiasradioreflejos.com.ar\/2021\/#website"},"datePublished":"2021-07-06T15:02:27+00:00","author":{"@id":"https:\/\/www.noticiasradioreflejos.com.ar\/2021\/#\/schema\/person\/ad82545263dcc5ec0996818884fd5fb1"},"breadcrumb":{"@id":"https:\/\/www.noticiasradioreflejos.com.ar\/2021\/evolucion-epidemiologica-en-el-distrito-durante-junio-y-julio\/#breadcrumb"},"inLanguage":"es","potentialAction":[{"@type":"ReadAction","target":["https:\/\/www.noticiasradioreflejos.com.ar\/2021\/evolucion-epidemiologica-en-el-distrito-durante-junio-y-julio\/"]}]},{"@type":"BreadcrumbList","@id":"https:\/\/www.noticiasradioreflejos.com.ar\/2021\/evolucion-epidemiologica-en-el-distrito-durante-junio-y-julio\/#breadcrumb","itemListElement":[{"@type":"ListItem","position":1,"name":"Portada","item":"https:\/\/www.noticiasradioreflejos.com.ar\/2021\/"},{"@type":"ListItem","position":2,"name":"Evoluci\u00f3n epidemiol\u00f3gica en el distrito durante junio y julio"}]},{"@type":"WebSite","@id":"https:\/\/www.noticiasradioreflejos.com.ar\/2021\/#website","url":"https:\/\/www.noticiasradioreflejos.com.ar\/2021\/","name":"Noticias Radio Reflejos","description":"Las noticias de mi comarca","potentialAction":[{"@type":"SearchAction","target":{"@type":"EntryPoint","urlTemplate":"https:\/\/www.noticiasradioreflejos.com.ar\/2021\/?s={search_term_string}"},"query-input":{"@type":"PropertyValueSpecification","valueRequired":true,"valueName":"search_term_string"}}],"inLanguage":"es"},{"@type":"Person","@id":"https:\/\/www.noticiasradioreflejos.com.ar\/2021\/#\/schema\/person\/ad82545263dcc5ec0996818884fd5fb1","name":"Arnaldo Botto","image":{"@type":"ImageObject","inLanguage":"es","@id":"https:\/\/www.noticiasradioreflejos.com.ar\/2021\/#\/schema\/person\/image\/","url":"https:\/\/secure.gravatar.com\/avatar\/55cb5e37c1efa326397366e6974cb338056df65cb50e7d64d1cf314e87504837?s=96&d=mm&r=g","contentUrl":"https:\/\/secure.gravatar.com\/avatar\/55cb5e37c1efa326397366e6974cb338056df65cb50e7d64d1cf314e87504837?s=96&d=mm&r=g","caption":"Arnaldo Botto"},"url":"https:\/\/www.noticiasradioreflejos.com.ar\/2021\/author\/arnaldo\/"}]}},"_links":{"self":[{"href":"https:\/\/www.noticiasradioreflejos.com.ar\/2021\/wp-json\/wp\/v2\/posts\/59797","targetHints":{"allow":["GET"]}}],"collection":[{"href":"https:\/\/www.noticiasradioreflejos.com.ar\/2021\/wp-json\/wp\/v2\/posts"}],"about":[{"href":"https:\/\/www.noticiasradioreflejos.com.ar\/2021\/wp-json\/wp\/v2\/types\/post"}],"author":[{"embeddable":true,"href":"https:\/\/www.noticiasradioreflejos.com.ar\/2021\/wp-json\/wp\/v2\/users\/3"}],"replies":[{"embeddable":true,"href":"https:\/\/www.noticiasradioreflejos.com.ar\/2021\/wp-json\/wp\/v2\/comments?post=59797"}],"version-history":[{"count":1,"href":"https:\/\/www.noticiasradioreflejos.com.ar\/2021\/wp-json\/wp\/v2\/posts\/59797\/revisions"}],"predecessor-version":[{"id":59799,"href":"https:\/\/www.noticiasradioreflejos.com.ar\/2021\/wp-json\/wp\/v2\/posts\/59797\/revisions\/59799"}],"wp:attachment":[{"href":"https:\/\/www.noticiasradioreflejos.com.ar\/2021\/wp-json\/wp\/v2\/media?parent=59797"}],"wp:term":[{"taxonomy":"category","embeddable":true,"href":"https:\/\/www.noticiasradioreflejos.com.ar\/2021\/wp-json\/wp\/v2\/categories?post=59797"},{"taxonomy":"post_tag","embeddable":true,"href":"https:\/\/www.noticiasradioreflejos.com.ar\/2021\/wp-json\/wp\/v2\/tags?post=59797"}],"curies":[{"name":"wp","href":"https:\/\/api.w.org\/{rel}","templated":true}]}}