{"id":59733,"date":"2021-07-04T20:55:18","date_gmt":"2021-07-04T20:55:18","guid":{"rendered":"http:\/\/www.noticiasradioreflejos.com.ar\/2021\/?p=59733"},"modified":"2021-07-04T20:59:45","modified_gmt":"2021-07-04T20:59:45","slug":"otras-310-personas-murieron-y-9-000-fueron-reportadas-con-coronavirus","status":"publish","type":"post","link":"https:\/\/www.noticiasradioreflejos.com.ar\/2021\/otras-310-personas-murieron-y-9-000-fueron-reportadas-con-coronavirus\/","title":{"rendered":"Otras 310 personas murieron y 9.000 fueron reportadas con coronavirus"},"content":{"rendered":"<div class=\"head-content\">\n<p>Seg\u00fan inform\u00f3 el Ministerio de Salud, son 5.671 los internados con coronavirus en unidades de terapia intensiva, con un porcentaje de ocupaci\u00f3n de camas de adultos de 64,9% en el pa\u00eds y del 62,2% en la \u00c1rea Metropolitana Buenos Aires.<\/p>\n<\/div>\n<p><!--more--><\/p>\n<div class=\"main-content-block\">\n<div class=\"main-box clearfix\">\n<div class=\"wrapper-main-section clearfix\">\n<div class=\"wrapper-editable-content\">\n<div class=\"editable-content clearfix\">\n<div id=\"image\" class=\"image\">\n<p><img decoding=\"async\" title=\"En las \u00faltimas 24 horas se sumaron 9.000 casos\" src=\"https:\/\/www.telam.com.ar\/advf\/imagenes\/2021\/04\/6088700baf80e_1004x565.jpg\" alt=\"En las \u00faltimas 24 horas se sumaron 9.000 casos\" \/><\/p>\n<div class=\"epigrafe\">En las \u00faltimas 24 horas se sumaron 9.000 casos<\/div>\n<\/div>\n<p>Otras\u00a0<strong>310 personas murieron y 9.000 fueron reportadas con coronavirus<\/strong>\u00a0en las \u00faltimas 24 horas en la Argentina, con lo que suman 95.904 los fallecidos registrados oficialmente a nivel nacional y 4.535.473 los contagiados desde el inicio de la pandemia, inform\u00f3 hoy el Ministerio de Salud.<\/p>\n<p>La cartera sanitaria indic\u00f3 que son 5.671 los internados con coronavirus en unidades de terapia intensiva, con un porcentaje de ocupaci\u00f3n de camas de adultos de 64,9% en el pa\u00eds y del 62,2% en la \u00c1rea Metropolitana Buenos Aires.<\/p>\n<p>Un 36,32% (3.269 personas) de los infectados de este domingo (9.000) corresponden a la Ciudad y a la provincia de Buenos Aires.<\/p>\n<p>De los 4.535.473 contagiados, el 91,63% (4.156.006) recibi\u00f3 el alta y 283.563 son casos confirmados activos.<\/p>\n<h4 class=\"auth\">Los fallecidos<\/h4>\n<p>El reporte consign\u00f3 que fallecieron 181 hombres y 127 mujeres, mientras que una persona de la provincia de Buenos Aires, y una de Misiones fueron reportadas sin dato de sexo.<\/p>\n<p>El parte precis\u00f3 que murieron 109 hombres en la provincia de Buenos Aires; 7 en la Ciudad de Buenos Aires; 9 en Chaco; 6 en C\u00f3rdoba; 6 en Entre R\u00edos; 1 en Jujuy; 8 en Mendoza; 13 en Neuqu\u00e9n; 5 en R\u00edo Negro; 1 en Salta; 1 en San Juan; 2 en San Luis; 2 en Santa Cruz; 6 en Santa Fe; 4 en Santiago del Estero; y 1 en Tucum\u00e1n.<\/p>\n<p>Tambi\u00e9n fallecieron 66 mujeres en Buenos Aires; 4 en la Ciudad de Buenos Aires; 5 en Chaco; 2 en Chubut; 6 en C\u00f3rdoba; 1 en Entre R\u00edos; 3 en Jujuy; 17 en Mendoza; 5 en Neuqu\u00e9n; 1 en R\u00edo Negro; 2 en Salta; 8 en Santa Fe; y 7 en Santiago del Estero.<\/p>\n<h4 class=\"auth\">Los nuevos casos<\/h4>\n<p>Este domingo se registraron en la provincia de Buenos Aires 2.488 casos; en la Ciudad de Buenos Aires, 781; en Catamarca, 178; en Chaco, 285; en Chubut, 52; en Corrientes, 492; en C\u00f3rdoba, 845; en Entre R\u00edos, 336; en Formosa, 320; en Jujuy, 259; en La Pampa, 197; en La Rioja, 136; en Mendoza, 204; en Misiones, 196; en Neuqu\u00e9n, 148; en R\u00edo Negro, 73; en Salta, 285; en San Juan, 38; en San Luis, 299; en Santa Cruz, 76; en Santa Fe, 555; en Santiago del Estero, 459; Tierra del Fuego, 38; y en Tucum\u00e1n, 260.<\/p>\n<p>El Ministerio indic\u00f3 adem\u00e1s que se realizaron en las \u00faltimas 24 horas 46.779 testeos y desde el inicio del brote ascienden a 17.029.887 las pruebas diagn\u00f3sticas para esta enfermedad.<\/p>\n<p>El total de acumulados por distrito indica que la provincia de Buenos Aires suma 1.863.038 casos; la Ciudad de Buenos Aires, 468.245; Catamarca, 35.305; Chaco, 79.002; Chubut, 71.501; Corrientes, 67.988; C\u00f3rdoba, 418.276; Entre R\u00edos, 112.903; Formosa, 47.124; Jujuy, 36.911; La Pampa, 54.000; La Rioja, 22.862; Mendoza, 141.984; Misiones, 26.370; Neuqu\u00e9n, 102.225; R\u00edo Negro, 85.019; Salta, 63.264; San Juan, 52.227; San Luis, 67.162; Santa Cruz, 55.921; Santa Fe, 411.644; Santiago del Estero, 61.736; Tierra del Fuego, 29.951; y Tucum\u00e1n, 160.815.<\/p>\n<p>Se incluyen casos existentes en las Islas Malvinas seg\u00fan informaci\u00f3n de prensa (debido a la ocupaci\u00f3n ilegal del Reino Unido, Gran Breta\u00f1a e Irlanda del Norte no es posible contar con informaci\u00f3n propia sobre el impacto de la Covid-19 en esa parte del territorio argentino).<\/p>\n<\/div>\n<\/div>\n<\/div>\n<\/div>\n<\/div>\n","protected":false},"excerpt":{"rendered":"<p>Otras\u00a0310 personas murieron y 9.000 fueron reportadas con coronavirus\u00a0en las \u00faltimas 24 horas en la Argentina, con lo que suman 95.904 los fallecidos registrados oficialmente a nivel nacional y 4.535.473 los contagiados desde el inicio de la pandemia, inform\u00f3 hoy el Ministerio de Salud.<\/p>\n","protected":false},"author":3,"featured_media":0,"comment_status":"closed","ping_status":"closed","sticky":false,"template":"","format":"standard","meta":{"footnotes":""},"categories":[30],"tags":[],"class_list":["post-59733","post","type-post","status-publish","format-standard","hentry","category-salud"],"yoast_head":"<!-- This site is optimized with the Yoast SEO plugin v25.9 - https:\/\/yoast.com\/wordpress\/plugins\/seo\/ -->\n<title>Otras 310 personas murieron y 9.000 fueron reportadas con coronavirus - Noticias Radio Reflejos<\/title>\n<meta name=\"robots\" content=\"index, follow, max-snippet:-1, max-image-preview:large, max-video-preview:-1\" \/>\n<link rel=\"canonical\" href=\"https:\/\/www.noticiasradioreflejos.com.ar\/2021\/otras-310-personas-murieron-y-9-000-fueron-reportadas-con-coronavirus\/\" \/>\n<meta property=\"og:locale\" content=\"es_ES\" \/>\n<meta property=\"og:type\" content=\"article\" \/>\n<meta property=\"og:title\" content=\"Otras 310 personas murieron y 9.000 fueron reportadas con coronavirus - Noticias Radio Reflejos\" \/>\n<meta property=\"og:description\" content=\"Otras\u00a0310 personas murieron y 9.000 fueron reportadas con coronavirus\u00a0en las \u00faltimas 24 horas en la Argentina, con lo que suman 95.904 los fallecidos registrados oficialmente a nivel nacional y 4.535.473 los contagiados desde el inicio de la pandemia, inform\u00f3 hoy el Ministerio de Salud.\" \/>\n<meta property=\"og:url\" content=\"https:\/\/www.noticiasradioreflejos.com.ar\/2021\/otras-310-personas-murieron-y-9-000-fueron-reportadas-con-coronavirus\/\" \/>\n<meta property=\"og:site_name\" content=\"Noticias Radio Reflejos\" \/>\n<meta property=\"article:published_time\" content=\"2021-07-04T20:55:18+00:00\" \/>\n<meta property=\"article:modified_time\" content=\"2021-07-04T20:59:45+00:00\" \/>\n<meta property=\"og:image\" content=\"https:\/\/www.telam.com.ar\/advf\/imagenes\/2021\/04\/6088700baf80e_1004x565.jpg\" \/>\n<meta name=\"author\" content=\"Arnaldo Botto\" \/>\n<meta name=\"twitter:card\" content=\"summary_large_image\" \/>\n<script type=\"application\/ld+json\" class=\"yoast-schema-graph\">{\"@context\":\"https:\/\/schema.org\",\"@graph\":[{\"@type\":\"WebPage\",\"@id\":\"https:\/\/www.noticiasradioreflejos.com.ar\/2021\/otras-310-personas-murieron-y-9-000-fueron-reportadas-con-coronavirus\/\",\"url\":\"https:\/\/www.noticiasradioreflejos.com.ar\/2021\/otras-310-personas-murieron-y-9-000-fueron-reportadas-con-coronavirus\/\",\"name\":\"Otras 310 personas murieron y 9.000 fueron reportadas con coronavirus - Noticias Radio Reflejos\",\"isPartOf\":{\"@id\":\"https:\/\/www.noticiasradioreflejos.com.ar\/2021\/#website\"},\"primaryImageOfPage\":{\"@id\":\"https:\/\/www.noticiasradioreflejos.com.ar\/2021\/otras-310-personas-murieron-y-9-000-fueron-reportadas-con-coronavirus\/#primaryimage\"},\"image\":{\"@id\":\"https:\/\/www.noticiasradioreflejos.com.ar\/2021\/otras-310-personas-murieron-y-9-000-fueron-reportadas-con-coronavirus\/#primaryimage\"},\"thumbnailUrl\":\"https:\/\/www.telam.com.ar\/advf\/imagenes\/2021\/04\/6088700baf80e_1004x565.jpg\",\"datePublished\":\"2021-07-04T20:55:18+00:00\",\"dateModified\":\"2021-07-04T20:59:45+00:00\",\"author\":{\"@id\":\"https:\/\/www.noticiasradioreflejos.com.ar\/2021\/#\/schema\/person\/ad82545263dcc5ec0996818884fd5fb1\"},\"breadcrumb\":{\"@id\":\"https:\/\/www.noticiasradioreflejos.com.ar\/2021\/otras-310-personas-murieron-y-9-000-fueron-reportadas-con-coronavirus\/#breadcrumb\"},\"inLanguage\":\"es\",\"potentialAction\":[{\"@type\":\"ReadAction\",\"target\":[\"https:\/\/www.noticiasradioreflejos.com.ar\/2021\/otras-310-personas-murieron-y-9-000-fueron-reportadas-con-coronavirus\/\"]}]},{\"@type\":\"ImageObject\",\"inLanguage\":\"es\",\"@id\":\"https:\/\/www.noticiasradioreflejos.com.ar\/2021\/otras-310-personas-murieron-y-9-000-fueron-reportadas-con-coronavirus\/#primaryimage\",\"url\":\"https:\/\/www.telam.com.ar\/advf\/imagenes\/2021\/04\/6088700baf80e_1004x565.jpg\",\"contentUrl\":\"https:\/\/www.telam.com.ar\/advf\/imagenes\/2021\/04\/6088700baf80e_1004x565.jpg\"},{\"@type\":\"BreadcrumbList\",\"@id\":\"https:\/\/www.noticiasradioreflejos.com.ar\/2021\/otras-310-personas-murieron-y-9-000-fueron-reportadas-con-coronavirus\/#breadcrumb\",\"itemListElement\":[{\"@type\":\"ListItem\",\"position\":1,\"name\":\"Portada\",\"item\":\"https:\/\/www.noticiasradioreflejos.com.ar\/2021\/\"},{\"@type\":\"ListItem\",\"position\":2,\"name\":\"Otras 310 personas murieron y 9.000 fueron reportadas con coronavirus\"}]},{\"@type\":\"WebSite\",\"@id\":\"https:\/\/www.noticiasradioreflejos.com.ar\/2021\/#website\",\"url\":\"https:\/\/www.noticiasradioreflejos.com.ar\/2021\/\",\"name\":\"Noticias Radio Reflejos\",\"description\":\"Las noticias de mi comarca\",\"potentialAction\":[{\"@type\":\"SearchAction\",\"target\":{\"@type\":\"EntryPoint\",\"urlTemplate\":\"https:\/\/www.noticiasradioreflejos.com.ar\/2021\/?s={search_term_string}\"},\"query-input\":{\"@type\":\"PropertyValueSpecification\",\"valueRequired\":true,\"valueName\":\"search_term_string\"}}],\"inLanguage\":\"es\"},{\"@type\":\"Person\",\"@id\":\"https:\/\/www.noticiasradioreflejos.com.ar\/2021\/#\/schema\/person\/ad82545263dcc5ec0996818884fd5fb1\",\"name\":\"Arnaldo Botto\",\"image\":{\"@type\":\"ImageObject\",\"inLanguage\":\"es\",\"@id\":\"https:\/\/www.noticiasradioreflejos.com.ar\/2021\/#\/schema\/person\/image\/\",\"url\":\"https:\/\/secure.gravatar.com\/avatar\/55cb5e37c1efa326397366e6974cb338056df65cb50e7d64d1cf314e87504837?s=96&d=mm&r=g\",\"contentUrl\":\"https:\/\/secure.gravatar.com\/avatar\/55cb5e37c1efa326397366e6974cb338056df65cb50e7d64d1cf314e87504837?s=96&d=mm&r=g\",\"caption\":\"Arnaldo Botto\"},\"url\":\"https:\/\/www.noticiasradioreflejos.com.ar\/2021\/author\/arnaldo\/\"}]}<\/script>\n<!-- \/ Yoast SEO plugin. -->","yoast_head_json":{"title":"Otras 310 personas murieron y 9.000 fueron reportadas con coronavirus - Noticias Radio Reflejos","robots":{"index":"index","follow":"follow","max-snippet":"max-snippet:-1","max-image-preview":"max-image-preview:large","max-video-preview":"max-video-preview:-1"},"canonical":"https:\/\/www.noticiasradioreflejos.com.ar\/2021\/otras-310-personas-murieron-y-9-000-fueron-reportadas-con-coronavirus\/","og_locale":"es_ES","og_type":"article","og_title":"Otras 310 personas murieron y 9.000 fueron reportadas con coronavirus - Noticias Radio Reflejos","og_description":"Otras\u00a0310 personas murieron y 9.000 fueron reportadas con coronavirus\u00a0en las \u00faltimas 24 horas en la Argentina, con lo que suman 95.904 los fallecidos registrados oficialmente a nivel nacional y 4.535.473 los contagiados desde el inicio de la pandemia, inform\u00f3 hoy el Ministerio de Salud.","og_url":"https:\/\/www.noticiasradioreflejos.com.ar\/2021\/otras-310-personas-murieron-y-9-000-fueron-reportadas-con-coronavirus\/","og_site_name":"Noticias Radio Reflejos","article_published_time":"2021-07-04T20:55:18+00:00","article_modified_time":"2021-07-04T20:59:45+00:00","og_image":[{"url":"https:\/\/www.telam.com.ar\/advf\/imagenes\/2021\/04\/6088700baf80e_1004x565.jpg","type":"","width":"","height":""}],"author":"Arnaldo Botto","twitter_card":"summary_large_image","schema":{"@context":"https:\/\/schema.org","@graph":[{"@type":"WebPage","@id":"https:\/\/www.noticiasradioreflejos.com.ar\/2021\/otras-310-personas-murieron-y-9-000-fueron-reportadas-con-coronavirus\/","url":"https:\/\/www.noticiasradioreflejos.com.ar\/2021\/otras-310-personas-murieron-y-9-000-fueron-reportadas-con-coronavirus\/","name":"Otras 310 personas murieron y 9.000 fueron reportadas con coronavirus - Noticias Radio Reflejos","isPartOf":{"@id":"https:\/\/www.noticiasradioreflejos.com.ar\/2021\/#website"},"primaryImageOfPage":{"@id":"https:\/\/www.noticiasradioreflejos.com.ar\/2021\/otras-310-personas-murieron-y-9-000-fueron-reportadas-con-coronavirus\/#primaryimage"},"image":{"@id":"https:\/\/www.noticiasradioreflejos.com.ar\/2021\/otras-310-personas-murieron-y-9-000-fueron-reportadas-con-coronavirus\/#primaryimage"},"thumbnailUrl":"https:\/\/www.telam.com.ar\/advf\/imagenes\/2021\/04\/6088700baf80e_1004x565.jpg","datePublished":"2021-07-04T20:55:18+00:00","dateModified":"2021-07-04T20:59:45+00:00","author":{"@id":"https:\/\/www.noticiasradioreflejos.com.ar\/2021\/#\/schema\/person\/ad82545263dcc5ec0996818884fd5fb1"},"breadcrumb":{"@id":"https:\/\/www.noticiasradioreflejos.com.ar\/2021\/otras-310-personas-murieron-y-9-000-fueron-reportadas-con-coronavirus\/#breadcrumb"},"inLanguage":"es","potentialAction":[{"@type":"ReadAction","target":["https:\/\/www.noticiasradioreflejos.com.ar\/2021\/otras-310-personas-murieron-y-9-000-fueron-reportadas-con-coronavirus\/"]}]},{"@type":"ImageObject","inLanguage":"es","@id":"https:\/\/www.noticiasradioreflejos.com.ar\/2021\/otras-310-personas-murieron-y-9-000-fueron-reportadas-con-coronavirus\/#primaryimage","url":"https:\/\/www.telam.com.ar\/advf\/imagenes\/2021\/04\/6088700baf80e_1004x565.jpg","contentUrl":"https:\/\/www.telam.com.ar\/advf\/imagenes\/2021\/04\/6088700baf80e_1004x565.jpg"},{"@type":"BreadcrumbList","@id":"https:\/\/www.noticiasradioreflejos.com.ar\/2021\/otras-310-personas-murieron-y-9-000-fueron-reportadas-con-coronavirus\/#breadcrumb","itemListElement":[{"@type":"ListItem","position":1,"name":"Portada","item":"https:\/\/www.noticiasradioreflejos.com.ar\/2021\/"},{"@type":"ListItem","position":2,"name":"Otras 310 personas murieron y 9.000 fueron reportadas con coronavirus"}]},{"@type":"WebSite","@id":"https:\/\/www.noticiasradioreflejos.com.ar\/2021\/#website","url":"https:\/\/www.noticiasradioreflejos.com.ar\/2021\/","name":"Noticias Radio Reflejos","description":"Las noticias de mi comarca","potentialAction":[{"@type":"SearchAction","target":{"@type":"EntryPoint","urlTemplate":"https:\/\/www.noticiasradioreflejos.com.ar\/2021\/?s={search_term_string}"},"query-input":{"@type":"PropertyValueSpecification","valueRequired":true,"valueName":"search_term_string"}}],"inLanguage":"es"},{"@type":"Person","@id":"https:\/\/www.noticiasradioreflejos.com.ar\/2021\/#\/schema\/person\/ad82545263dcc5ec0996818884fd5fb1","name":"Arnaldo Botto","image":{"@type":"ImageObject","inLanguage":"es","@id":"https:\/\/www.noticiasradioreflejos.com.ar\/2021\/#\/schema\/person\/image\/","url":"https:\/\/secure.gravatar.com\/avatar\/55cb5e37c1efa326397366e6974cb338056df65cb50e7d64d1cf314e87504837?s=96&d=mm&r=g","contentUrl":"https:\/\/secure.gravatar.com\/avatar\/55cb5e37c1efa326397366e6974cb338056df65cb50e7d64d1cf314e87504837?s=96&d=mm&r=g","caption":"Arnaldo Botto"},"url":"https:\/\/www.noticiasradioreflejos.com.ar\/2021\/author\/arnaldo\/"}]}},"_links":{"self":[{"href":"https:\/\/www.noticiasradioreflejos.com.ar\/2021\/wp-json\/wp\/v2\/posts\/59733","targetHints":{"allow":["GET"]}}],"collection":[{"href":"https:\/\/www.noticiasradioreflejos.com.ar\/2021\/wp-json\/wp\/v2\/posts"}],"about":[{"href":"https:\/\/www.noticiasradioreflejos.com.ar\/2021\/wp-json\/wp\/v2\/types\/post"}],"author":[{"embeddable":true,"href":"https:\/\/www.noticiasradioreflejos.com.ar\/2021\/wp-json\/wp\/v2\/users\/3"}],"replies":[{"embeddable":true,"href":"https:\/\/www.noticiasradioreflejos.com.ar\/2021\/wp-json\/wp\/v2\/comments?post=59733"}],"version-history":[{"count":3,"href":"https:\/\/www.noticiasradioreflejos.com.ar\/2021\/wp-json\/wp\/v2\/posts\/59733\/revisions"}],"predecessor-version":[{"id":59736,"href":"https:\/\/www.noticiasradioreflejos.com.ar\/2021\/wp-json\/wp\/v2\/posts\/59733\/revisions\/59736"}],"wp:attachment":[{"href":"https:\/\/www.noticiasradioreflejos.com.ar\/2021\/wp-json\/wp\/v2\/media?parent=59733"}],"wp:term":[{"taxonomy":"category","embeddable":true,"href":"https:\/\/www.noticiasradioreflejos.com.ar\/2021\/wp-json\/wp\/v2\/categories?post=59733"},{"taxonomy":"post_tag","embeddable":true,"href":"https:\/\/www.noticiasradioreflejos.com.ar\/2021\/wp-json\/wp\/v2\/tags?post=59733"}],"curies":[{"name":"wp","href":"https:\/\/api.w.org\/{rel}","templated":true}]}}