{"id":59724,"date":"2021-07-04T18:51:32","date_gmt":"2021-07-04T18:51:32","guid":{"rendered":"http:\/\/www.noticiasradioreflejos.com.ar\/2021\/?p=59724"},"modified":"2021-07-04T18:51:32","modified_gmt":"2021-07-04T18:51:32","slug":"someten-al-papa-a-una-intervencion-quirurgica","status":"publish","type":"post","link":"https:\/\/www.noticiasradioreflejos.com.ar\/2021\/someten-al-papa-a-una-intervencion-quirurgica\/","title":{"rendered":"Someten al Papa a una intervenci\u00f3n quir\u00fargica"},"content":{"rendered":"<div class=\"head-content\">\n<p>El Sumo Pont\u00edfice ser\u00e1 intervenido quir\u00fargicamente por una \u00abestenosis diverticular\u00a0sintom\u00e1tica del colon\u00bb\u00a0en el colon, inform\u00f3 la oficina de prensa del Vaticano.<\/p>\n<div class=\"addthis_custom_sharing\" data-url=\"https:\/\/www.telam.com.ar\/notas\/202107\/560085-papa-francisco-operacion.html\" data-title=\"Someten al Papa a una intervenci\u00f3n quir\u00fargica\" data-description=\"El Sumo Pont\u00edfice ser\u00e1 intervenido quir\u00fargicamente por una &quot;estenosis diverticular\u00a0sintom\u00e1tica del colon&quot;\u00a0en el colon, inform\u00f3 la oficina de prensa del Vaticano.\">\n<div id=\"atstbx\" class=\"at-resp-share-element at-style-responsive addthis-smartlayers addthis-animated at4-show\" role=\"region\" aria-labelledby=\"at-f9728eb8-c785-4969-a4e1-3a14549991ad\"><\/div>\n<\/div>\n<\/div>\n<p><!--more--><\/p>\n<div class=\"main-content-block\">\n<div class=\"main-box clearfix\">\n<div class=\"wrapper-main-section clearfix\">\n<div class=\"wrapper-editable-content\">\n<div class=\"editable-content clearfix\">\n<div id=\"image\" class=\"image\">\n<div class=\"epigrafe\">El papa Francisco, de 84 a\u00f1os, es operado hoy de una \u00abestenosis diverticular\u00bb en el colon en un centro asistencial de Roma, en el marco de una intervenci\u00f3n programada, inform\u00f3 a T\u00e9lam el vocero papal Matteo Bruni.<\/div>\n<\/div>\n<p>La operaci\u00f3n se lleva adelante en el Policl\u00ednico A. Gemelli de la capital italiana, detall\u00f3 Bruni.<\/p>\n<p>\u00abLa cirug\u00eda ser\u00e1 realizada por el Prof. Sergio Alfieri\u00bb, agreg\u00f3 un comunicado vaticano.Seg\u00fan la Santa Sede,\u00a0<strong>\u00abal finalizar la cirug\u00eda, se emitir\u00e1 un nuevo bolet\u00edn m\u00e9dico\u00bb con el estado de salud de Jorge Bergoglio.<\/strong><\/p>\n<p>Antes de la internaci\u00f3n, Francisco encabez\u00f3 sin problemas el tradicional \u00c1ngelus desde el Palacio Apost\u00f3lico y anunci\u00f3 su viaje de septiembre a Budapest y cuatro ciudades de Eslovaquia.<\/p>\n<p>En el Policlinico Gemelli el Papa tiene una habitaci\u00f3n disponible en el piso 10, la misma en la que, en 1981 el entonces papa Juan Pablo II se recuper\u00f3 del atentado sufrido en Plaza San Pedro.<\/p>\n<p>Durante julio, el Papa tiene suspendidas las audiencias generales de los mi\u00e9rcoles, como todos los veranos, y solo mantendr\u00e1 los \u00c1ngelus dominicales.<\/p>\n<p>Esta es la segunda operaci\u00f3n a la que se somete el pont\u00edfice desde que fue elegido en 2013, luego de que en 2019 fuera operado de cataratas en el hospital Pio XI de la capital italiana.<\/p>\n<p>Hoy es la primera vez que el Papa va a l Gemelli, luego de que, el 27 de junio de 2014, se cancelara a \u00faltima hora la visita que deb\u00eda realizar al Hospital Universitario para celebrar la misa con los enfermos y sus familiares por una indisposici\u00f3n inesperada.<\/p><\/div>\n<\/div>\n<\/div>\n<\/div>\n<\/div>\n","protected":false},"excerpt":{"rendered":"<p>El Sumo Pont\u00edfice ser\u00e1 intervenido quir\u00fargicamente por una \u00abestenosis diverticular\u00a0sintom\u00e1tica del colon\u00bb\u00a0en el colon, inform\u00f3 la oficina de prensa del Vaticano.<\/p>\n","protected":false},"author":3,"featured_media":0,"comment_status":"closed","ping_status":"closed","sticky":false,"template":"","format":"standard","meta":{"footnotes":""},"categories":[26],"tags":[],"class_list":["post-59724","post","type-post","status-publish","format-standard","hentry","category-sociedad"],"yoast_head":"<!-- This site is optimized with the Yoast SEO plugin v25.9 - https:\/\/yoast.com\/wordpress\/plugins\/seo\/ -->\n<title>Someten al Papa a una intervenci\u00f3n quir\u00fargica - Noticias Radio Reflejos<\/title>\n<meta name=\"robots\" content=\"index, follow, max-snippet:-1, max-image-preview:large, max-video-preview:-1\" \/>\n<link rel=\"canonical\" href=\"https:\/\/www.noticiasradioreflejos.com.ar\/2021\/someten-al-papa-a-una-intervencion-quirurgica\/\" \/>\n<meta property=\"og:locale\" content=\"es_ES\" \/>\n<meta property=\"og:type\" content=\"article\" \/>\n<meta property=\"og:title\" content=\"Someten al Papa a una intervenci\u00f3n quir\u00fargica - Noticias Radio Reflejos\" \/>\n<meta property=\"og:description\" content=\"El Sumo Pont\u00edfice ser\u00e1 intervenido quir\u00fargicamente por una \u00abestenosis diverticular\u00a0sintom\u00e1tica del colon\u00bb\u00a0en el colon, inform\u00f3 la oficina de prensa del Vaticano.\" \/>\n<meta property=\"og:url\" content=\"https:\/\/www.noticiasradioreflejos.com.ar\/2021\/someten-al-papa-a-una-intervencion-quirurgica\/\" \/>\n<meta property=\"og:site_name\" content=\"Noticias Radio Reflejos\" \/>\n<meta property=\"article:published_time\" content=\"2021-07-04T18:51:32+00:00\" \/>\n<meta property=\"og:image\" content=\"https:\/\/www.noticiasradioreflejos.com.ar\/2021\/wp-content\/uploads\/2021\/07\/logosol300x200.png\" \/>\n\t<meta property=\"og:image:width\" content=\"300\" \/>\n\t<meta property=\"og:image:height\" content=\"200\" \/>\n\t<meta property=\"og:image:type\" content=\"image\/png\" \/>\n<meta name=\"author\" content=\"Arnaldo Botto\" \/>\n<meta name=\"twitter:card\" content=\"summary_large_image\" \/>\n<script type=\"application\/ld+json\" class=\"yoast-schema-graph\">{\"@context\":\"https:\/\/schema.org\",\"@graph\":[{\"@type\":\"WebPage\",\"@id\":\"https:\/\/www.noticiasradioreflejos.com.ar\/2021\/someten-al-papa-a-una-intervencion-quirurgica\/\",\"url\":\"https:\/\/www.noticiasradioreflejos.com.ar\/2021\/someten-al-papa-a-una-intervencion-quirurgica\/\",\"name\":\"Someten al Papa a una intervenci\u00f3n quir\u00fargica - Noticias Radio Reflejos\",\"isPartOf\":{\"@id\":\"https:\/\/www.noticiasradioreflejos.com.ar\/2021\/#website\"},\"datePublished\":\"2021-07-04T18:51:32+00:00\",\"author\":{\"@id\":\"https:\/\/www.noticiasradioreflejos.com.ar\/2021\/#\/schema\/person\/ad82545263dcc5ec0996818884fd5fb1\"},\"breadcrumb\":{\"@id\":\"https:\/\/www.noticiasradioreflejos.com.ar\/2021\/someten-al-papa-a-una-intervencion-quirurgica\/#breadcrumb\"},\"inLanguage\":\"es\",\"potentialAction\":[{\"@type\":\"ReadAction\",\"target\":[\"https:\/\/www.noticiasradioreflejos.com.ar\/2021\/someten-al-papa-a-una-intervencion-quirurgica\/\"]}]},{\"@type\":\"BreadcrumbList\",\"@id\":\"https:\/\/www.noticiasradioreflejos.com.ar\/2021\/someten-al-papa-a-una-intervencion-quirurgica\/#breadcrumb\",\"itemListElement\":[{\"@type\":\"ListItem\",\"position\":1,\"name\":\"Portada\",\"item\":\"https:\/\/www.noticiasradioreflejos.com.ar\/2021\/\"},{\"@type\":\"ListItem\",\"position\":2,\"name\":\"Someten al Papa a una intervenci\u00f3n quir\u00fargica\"}]},{\"@type\":\"WebSite\",\"@id\":\"https:\/\/www.noticiasradioreflejos.com.ar\/2021\/#website\",\"url\":\"https:\/\/www.noticiasradioreflejos.com.ar\/2021\/\",\"name\":\"Noticias Radio Reflejos\",\"description\":\"Las noticias de mi comarca\",\"potentialAction\":[{\"@type\":\"SearchAction\",\"target\":{\"@type\":\"EntryPoint\",\"urlTemplate\":\"https:\/\/www.noticiasradioreflejos.com.ar\/2021\/?s={search_term_string}\"},\"query-input\":{\"@type\":\"PropertyValueSpecification\",\"valueRequired\":true,\"valueName\":\"search_term_string\"}}],\"inLanguage\":\"es\"},{\"@type\":\"Person\",\"@id\":\"https:\/\/www.noticiasradioreflejos.com.ar\/2021\/#\/schema\/person\/ad82545263dcc5ec0996818884fd5fb1\",\"name\":\"Arnaldo Botto\",\"image\":{\"@type\":\"ImageObject\",\"inLanguage\":\"es\",\"@id\":\"https:\/\/www.noticiasradioreflejos.com.ar\/2021\/#\/schema\/person\/image\/\",\"url\":\"https:\/\/secure.gravatar.com\/avatar\/55cb5e37c1efa326397366e6974cb338056df65cb50e7d64d1cf314e87504837?s=96&d=mm&r=g\",\"contentUrl\":\"https:\/\/secure.gravatar.com\/avatar\/55cb5e37c1efa326397366e6974cb338056df65cb50e7d64d1cf314e87504837?s=96&d=mm&r=g\",\"caption\":\"Arnaldo Botto\"},\"url\":\"https:\/\/www.noticiasradioreflejos.com.ar\/2021\/author\/arnaldo\/\"}]}<\/script>\n<!-- \/ Yoast SEO plugin. -->","yoast_head_json":{"title":"Someten al Papa a una intervenci\u00f3n quir\u00fargica - Noticias Radio Reflejos","robots":{"index":"index","follow":"follow","max-snippet":"max-snippet:-1","max-image-preview":"max-image-preview:large","max-video-preview":"max-video-preview:-1"},"canonical":"https:\/\/www.noticiasradioreflejos.com.ar\/2021\/someten-al-papa-a-una-intervencion-quirurgica\/","og_locale":"es_ES","og_type":"article","og_title":"Someten al Papa a una intervenci\u00f3n quir\u00fargica - Noticias Radio Reflejos","og_description":"El Sumo Pont\u00edfice ser\u00e1 intervenido quir\u00fargicamente por una \u00abestenosis diverticular\u00a0sintom\u00e1tica del colon\u00bb\u00a0en el colon, inform\u00f3 la oficina de prensa del Vaticano.","og_url":"https:\/\/www.noticiasradioreflejos.com.ar\/2021\/someten-al-papa-a-una-intervencion-quirurgica\/","og_site_name":"Noticias Radio Reflejos","article_published_time":"2021-07-04T18:51:32+00:00","og_image":[{"width":300,"height":200,"url":"https:\/\/www.noticiasradioreflejos.com.ar\/2021\/wp-content\/uploads\/2021\/07\/logosol300x200.png","type":"image\/png"}],"author":"Arnaldo Botto","twitter_card":"summary_large_image","schema":{"@context":"https:\/\/schema.org","@graph":[{"@type":"WebPage","@id":"https:\/\/www.noticiasradioreflejos.com.ar\/2021\/someten-al-papa-a-una-intervencion-quirurgica\/","url":"https:\/\/www.noticiasradioreflejos.com.ar\/2021\/someten-al-papa-a-una-intervencion-quirurgica\/","name":"Someten al Papa a una intervenci\u00f3n quir\u00fargica - Noticias Radio Reflejos","isPartOf":{"@id":"https:\/\/www.noticiasradioreflejos.com.ar\/2021\/#website"},"datePublished":"2021-07-04T18:51:32+00:00","author":{"@id":"https:\/\/www.noticiasradioreflejos.com.ar\/2021\/#\/schema\/person\/ad82545263dcc5ec0996818884fd5fb1"},"breadcrumb":{"@id":"https:\/\/www.noticiasradioreflejos.com.ar\/2021\/someten-al-papa-a-una-intervencion-quirurgica\/#breadcrumb"},"inLanguage":"es","potentialAction":[{"@type":"ReadAction","target":["https:\/\/www.noticiasradioreflejos.com.ar\/2021\/someten-al-papa-a-una-intervencion-quirurgica\/"]}]},{"@type":"BreadcrumbList","@id":"https:\/\/www.noticiasradioreflejos.com.ar\/2021\/someten-al-papa-a-una-intervencion-quirurgica\/#breadcrumb","itemListElement":[{"@type":"ListItem","position":1,"name":"Portada","item":"https:\/\/www.noticiasradioreflejos.com.ar\/2021\/"},{"@type":"ListItem","position":2,"name":"Someten al Papa a una intervenci\u00f3n quir\u00fargica"}]},{"@type":"WebSite","@id":"https:\/\/www.noticiasradioreflejos.com.ar\/2021\/#website","url":"https:\/\/www.noticiasradioreflejos.com.ar\/2021\/","name":"Noticias Radio Reflejos","description":"Las noticias de mi comarca","potentialAction":[{"@type":"SearchAction","target":{"@type":"EntryPoint","urlTemplate":"https:\/\/www.noticiasradioreflejos.com.ar\/2021\/?s={search_term_string}"},"query-input":{"@type":"PropertyValueSpecification","valueRequired":true,"valueName":"search_term_string"}}],"inLanguage":"es"},{"@type":"Person","@id":"https:\/\/www.noticiasradioreflejos.com.ar\/2021\/#\/schema\/person\/ad82545263dcc5ec0996818884fd5fb1","name":"Arnaldo Botto","image":{"@type":"ImageObject","inLanguage":"es","@id":"https:\/\/www.noticiasradioreflejos.com.ar\/2021\/#\/schema\/person\/image\/","url":"https:\/\/secure.gravatar.com\/avatar\/55cb5e37c1efa326397366e6974cb338056df65cb50e7d64d1cf314e87504837?s=96&d=mm&r=g","contentUrl":"https:\/\/secure.gravatar.com\/avatar\/55cb5e37c1efa326397366e6974cb338056df65cb50e7d64d1cf314e87504837?s=96&d=mm&r=g","caption":"Arnaldo Botto"},"url":"https:\/\/www.noticiasradioreflejos.com.ar\/2021\/author\/arnaldo\/"}]}},"_links":{"self":[{"href":"https:\/\/www.noticiasradioreflejos.com.ar\/2021\/wp-json\/wp\/v2\/posts\/59724","targetHints":{"allow":["GET"]}}],"collection":[{"href":"https:\/\/www.noticiasradioreflejos.com.ar\/2021\/wp-json\/wp\/v2\/posts"}],"about":[{"href":"https:\/\/www.noticiasradioreflejos.com.ar\/2021\/wp-json\/wp\/v2\/types\/post"}],"author":[{"embeddable":true,"href":"https:\/\/www.noticiasradioreflejos.com.ar\/2021\/wp-json\/wp\/v2\/users\/3"}],"replies":[{"embeddable":true,"href":"https:\/\/www.noticiasradioreflejos.com.ar\/2021\/wp-json\/wp\/v2\/comments?post=59724"}],"version-history":[{"count":1,"href":"https:\/\/www.noticiasradioreflejos.com.ar\/2021\/wp-json\/wp\/v2\/posts\/59724\/revisions"}],"predecessor-version":[{"id":59726,"href":"https:\/\/www.noticiasradioreflejos.com.ar\/2021\/wp-json\/wp\/v2\/posts\/59724\/revisions\/59726"}],"wp:attachment":[{"href":"https:\/\/www.noticiasradioreflejos.com.ar\/2021\/wp-json\/wp\/v2\/media?parent=59724"}],"wp:term":[{"taxonomy":"category","embeddable":true,"href":"https:\/\/www.noticiasradioreflejos.com.ar\/2021\/wp-json\/wp\/v2\/categories?post=59724"},{"taxonomy":"post_tag","embeddable":true,"href":"https:\/\/www.noticiasradioreflejos.com.ar\/2021\/wp-json\/wp\/v2\/tags?post=59724"}],"curies":[{"name":"wp","href":"https:\/\/api.w.org\/{rel}","templated":true}]}}