{"id":59713,"date":"2021-07-04T18:43:51","date_gmt":"2021-07-04T18:43:51","guid":{"rendered":"http:\/\/www.noticiasradioreflejos.com.ar\/2021\/?p=59713"},"modified":"2021-07-05T00:45:32","modified_gmt":"2021-07-05T00:45:32","slug":"comenzo-este-sabado-el-desarrollo-del-proyecto-custom-en-sierra-de-la-ventana","status":"publish","type":"post","link":"https:\/\/www.noticiasradioreflejos.com.ar\/2021\/comenzo-este-sabado-el-desarrollo-del-proyecto-custom-en-sierra-de-la-ventana\/","title":{"rendered":"Comenz\u00f3 este s\u00e1bado el desarrollo del proyecto Custom en Sierra de la Ventana."},"content":{"rendered":"<p>Se realiz\u00f3 este s\u00e1bado durante parte de la ma\u00f1ana y la tarde la primer jornada de actividades que nuclea el <strong>Proyecto Custom<\/strong>, presentado por la Concejal Viviana Montibeller, que tiene como objetivos, a valoraci\u00f3n y participaci\u00f3n ciudadana de los j\u00f3venes en \u00e9poca de pandemia, con la intervenci\u00f3n de espacios p\u00fablicos.<!--more--><\/p>\n<p><a title=\"Custom 2021 (17)\" href=\"https:\/\/www.flickr.com\/photos\/182279889@N02\/51289542168\/in\/dateposted-public\/\" data-flickr-embed=\"true\"><img loading=\"lazy\" decoding=\"async\" src=\"https:\/\/live.staticflickr.com\/65535\/51289542168_7b139e01f4_c.jpg\" alt=\"Custom 2021 (17)\" width=\"800\" height=\"450\" \/><\/a><script async src=\"\/\/embedr.flickr.com\/assets\/client-code.js\" charset=\"utf-8\"><\/script><\/p>\n<p>Integrantes de instituciones locales como el\u00a0 Club Ventana y la biblioteca Popular \u2018Mariano Moreno\u2019, se dedicaron a pintar 27 bancos que se ubican a la margen de la senda peatonal de Sierra de la Ventana, un espacio p\u00fablico de gran concurrencia utilizado por vecinos y turistas durante muchas horas del d\u00eda.<\/p>\n<p>Impulsada por la Secretar\u00eda de Desarrollo de Tornquist Municipio, la coordinaci\u00f3n estuvo a cargo de la biblioteca Popular \u2018Mariano Moreno\u2019 y cont\u00f3 con la participaci\u00f3n ni\u00f1os y j\u00f3venes del Club que concurrieron, en algunos casos, con sus padres para realizar los trabajos de pintura.<span id=\"more-59622\"><\/span><\/p>\n<p>La actividad se enmarca en el programa \u201cSalir a Jugar\u201d de la Subsecretar\u00eda de Juventudes y cuenta con el apoyo econ\u00f3mico de la empresa AES Energ\u00eda, como una nueva actividad de gesti\u00f3n social articulada entre la Agencia de Desarrollo del Municipio y la firma propietaria del parque e\u00f3lico Vientos Bonaerenses I, en inmediaciones a la localidad de Tres Picos.<\/p>\n<p><a title=\"Custom 2021 (13)\" href=\"https:\/\/www.flickr.com\/photos\/182279889@N02\/51290097069\/in\/dateposted-public\/\" data-flickr-embed=\"true\"><img loading=\"lazy\" decoding=\"async\" src=\"https:\/\/live.staticflickr.com\/65535\/51290097069_508d7be195_c.jpg\" alt=\"Custom 2021 (13)\" width=\"800\" height=\"450\" \/><\/a><script async src=\"\/\/embedr.flickr.com\/assets\/client-code.js\" charset=\"utf-8\"><\/script><\/p>\n<h4>\u00abFusionando fuerzas\u00bb<\/h4>\n<p><strong>Erica Vollers<\/strong> presidenta de la Biblioteca Popular Mariano Moreno, rodeada de tachos de pinturas, combinando y poniendo los colores a la actividad nos dec\u00eda: \u00abLo que nos gusta hacer siempre desde la \u00abbiblio\u00bb, laburar y unir fuerzas entre varios.\u00bb<\/p>\n<p>&nbsp;<\/p>\n<p><a title=\"Custom 2021 (9)\" href=\"https:\/\/www.flickr.com\/photos\/182279889@N02\/51288634662\/in\/dateposted-public\/\" data-flickr-embed=\"true\"><img loading=\"lazy\" decoding=\"async\" src=\"https:\/\/live.staticflickr.com\/65535\/51288634662_2202cc0c8c_c.jpg\" alt=\"Custom 2021 (9)\" width=\"800\" height=\"450\" \/><\/a><script async src=\"\/\/embedr.flickr.com\/assets\/client-code.js\" charset=\"utf-8\"><\/script><\/p>\n<p>Describiendo como llegaron a unirse al proyecto, destaca que en esta primer etapa se enmarca en trabajos de dar color a los 27 bancos que se encuentran en la senda peatonal de Sierra de la Ventana, y \u00abLuego con la Bi\u00f3loga, Samanta Cairo, integrante tambien de la Biblioteca y con artistas locales, plasmar im\u00e1genes de plantas nativas y aut\u00f3ctonas en todos y cada uno de los bancos pintados durante la presente jornada.<\/p>\n<p>\u00abQueremos intervenir en nuestra comunidad con sapiencia, sepamos que plantas nativas tenemos y sepamos que nativas son de nuestra regi\u00f3n\u00bb destaca Vollers a la c\u00e1mara, que se encontraba acompa\u00f1ada por Antonela Luce, docente, actriz y profesora de teatro, adem\u00e1s de ser vicepresidenta de la Mariano Moreno.<\/p>\n<p>Erica explica tambien que los pasos siguientes a la jornada de ayer, ser\u00e1n mas lentos y que adem\u00e1s de pintar las plantas en cada banco, acompa\u00f1ar\u00e1n con charlas informativas sobre las especies elegidas, su h\u00e1bitat y zonas de la comarca que ocupan.<\/p>\n<p><a title=\"Custom 2021 (11)\" href=\"https:\/\/www.flickr.com\/photos\/182279889@N02\/51289551733\/in\/dateposted-public\/\" data-flickr-embed=\"true\"><img loading=\"lazy\" decoding=\"async\" src=\"https:\/\/live.staticflickr.com\/65535\/51289551733_2fcd71267e_c.jpg\" alt=\"Custom 2021 (11)\" width=\"800\" height=\"450\" \/><\/a><script async src=\"\/\/embedr.flickr.com\/assets\/client-code.js\" charset=\"utf-8\"><\/script><\/p>\n<h4>\u00abEmbellecer e intervenir los espacios p\u00fablicos\u00bb<\/h4>\n<p><strong>Viviana Montibeller<\/strong>, concejala de JXC, autora del proyecto sostuvo:<strong> \u00abCustom<\/strong> naci\u00f3 por octubre del a\u00f1o pasado, en plena pandemia, buscando actividades para los j\u00f3venes y no pudo realizarse.\u00bb<\/p>\n<p>La edil agreg\u00f3 que intentaron durante las vacaciones de verano llevarlo a cabo pero \u00abtampoco su pudo\u00bb .<\/p>\n<p><a title=\"Custom 2021 (14)\" href=\"https:\/\/www.flickr.com\/photos\/182279889@N02\/51289546508\/in\/dateposted-public\/\" data-flickr-embed=\"true\"><img loading=\"lazy\" decoding=\"async\" src=\"https:\/\/live.staticflickr.com\/65535\/51289546508_c5c8470c32_c.jpg\" alt=\"Custom 2021 (14)\" width=\"800\" height=\"450\" \/><\/a><script async src=\"\/\/embedr.flickr.com\/assets\/client-code.js\" charset=\"utf-8\"><\/script><\/p>\n<p>\u00abCustomizar, de pintar y darle nuestra impronta a los espacios p\u00fablicos\u00bb define Viviana al origen del proyecto, qui\u00e9n finaliz\u00f3 agradeciendo a Cultura, Desarrollo y Juventud del municipio por el apoyo y los aportes logrados para llevar a delante el proyecto.<\/p>\n<p><a title=\"Custom 2021 (12)\" href=\"https:\/\/www.flickr.com\/photos\/182279889@N02\/51290390565\/in\/dateposted-public\/\" data-flickr-embed=\"true\"><img loading=\"lazy\" decoding=\"async\" src=\"https:\/\/live.staticflickr.com\/65535\/51290390565_25b10d23c3_c.jpg\" alt=\"Custom 2021 (12)\" width=\"800\" height=\"450\" \/><\/a><script async src=\"\/\/embedr.flickr.com\/assets\/client-code.js\" charset=\"utf-8\"><\/script><\/p>\n<p><a href=\"http:\/\/&lt;iframe src=&quot;https:\/\/www.facebook.com\/plugins\/post.php?href=https%3A%2F%2Fwww.facebook.com%2FNoticiasRadioReflejos%2Fposts%2F1418161521885085&amp;show_text=true&amp;width=500&quot; width=&quot;500&quot; height=&quot;775&quot; style=&quot;border:none;overflow:hidden&quot; scrolling=&quot;no&quot; frameborder=&quot;0&quot; allowfullscreen=&quot;true&quot; allow=&quot;autoplay; clipboard-write; encrypted-media; picture-in-picture; web-share&quot;&gt;&lt;\/iframe&gt;\"><strong>Ver \u00c1lbum de fotos AQUI<\/strong><\/a><\/p>\n<p><iframe loading=\"lazy\" title=\"YouTube video player\" src=\"https:\/\/www.youtube.com\/embed\/exXKUL9SjSo\" width=\"727\" height=\"409\" frameborder=\"0\" allowfullscreen=\"allowfullscreen\"><\/iframe><\/p>\n","protected":false},"excerpt":{"rendered":"<p>Se realiz\u00f3 este s\u00e1bado durante parte de la ma\u00f1ana y la tarde la primer jornada de actividades que nuclea el Proyecto Custom, presentado por la Concejal Viviana Montibeller, que tiene como objetivos, a valoraci\u00f3n y participaci\u00f3n ciudadana de los j\u00f3venes en \u00e9poca de pandemia, con la intervenci\u00f3n de espacios p\u00fablicos.<\/p>\n","protected":false},"author":3,"featured_media":0,"comment_status":"closed","ping_status":"closed","sticky":false,"template":"","format":"standard","meta":{"footnotes":""},"categories":[35,28,26],"tags":[48],"class_list":["post-59713","post","type-post","status-publish","format-standard","hentry","category-cultura","category-municipales","category-sociedad","tag-destacada"],"yoast_head":"<!-- This site is optimized with the Yoast SEO plugin v25.9 - https:\/\/yoast.com\/wordpress\/plugins\/seo\/ -->\n<title>Comenz\u00f3 este s\u00e1bado el desarrollo del proyecto Custom en Sierra de la Ventana. - Noticias Radio Reflejos<\/title>\n<meta name=\"robots\" content=\"index, follow, max-snippet:-1, max-image-preview:large, max-video-preview:-1\" \/>\n<link rel=\"canonical\" href=\"https:\/\/www.noticiasradioreflejos.com.ar\/2021\/comenzo-este-sabado-el-desarrollo-del-proyecto-custom-en-sierra-de-la-ventana\/\" \/>\n<meta property=\"og:locale\" content=\"es_ES\" \/>\n<meta property=\"og:type\" content=\"article\" \/>\n<meta property=\"og:title\" content=\"Comenz\u00f3 este s\u00e1bado el desarrollo del proyecto Custom en Sierra de la Ventana. - Noticias Radio Reflejos\" \/>\n<meta property=\"og:description\" content=\"Se realiz\u00f3 este s\u00e1bado durante parte de la ma\u00f1ana y la tarde la primer jornada de actividades que nuclea el Proyecto Custom, presentado por la Concejal Viviana Montibeller, que tiene como objetivos, a valoraci\u00f3n y participaci\u00f3n ciudadana de los j\u00f3venes en \u00e9poca de pandemia, con la intervenci\u00f3n de espacios p\u00fablicos.\" \/>\n<meta property=\"og:url\" content=\"https:\/\/www.noticiasradioreflejos.com.ar\/2021\/comenzo-este-sabado-el-desarrollo-del-proyecto-custom-en-sierra-de-la-ventana\/\" \/>\n<meta property=\"og:site_name\" content=\"Noticias Radio Reflejos\" \/>\n<meta property=\"article:published_time\" content=\"2021-07-04T18:43:51+00:00\" \/>\n<meta property=\"article:modified_time\" content=\"2021-07-05T00:45:32+00:00\" \/>\n<meta property=\"og:image\" content=\"https:\/\/live.staticflickr.com\/65535\/51289542168_7b139e01f4_c.jpg\" \/>\n<meta name=\"author\" content=\"Arnaldo Botto\" \/>\n<meta name=\"twitter:card\" content=\"summary_large_image\" \/>\n<script type=\"application\/ld+json\" class=\"yoast-schema-graph\">{\"@context\":\"https:\/\/schema.org\",\"@graph\":[{\"@type\":\"WebPage\",\"@id\":\"https:\/\/www.noticiasradioreflejos.com.ar\/2021\/comenzo-este-sabado-el-desarrollo-del-proyecto-custom-en-sierra-de-la-ventana\/\",\"url\":\"https:\/\/www.noticiasradioreflejos.com.ar\/2021\/comenzo-este-sabado-el-desarrollo-del-proyecto-custom-en-sierra-de-la-ventana\/\",\"name\":\"Comenz\u00f3 este s\u00e1bado el desarrollo del proyecto Custom en Sierra de la Ventana. - Noticias Radio Reflejos\",\"isPartOf\":{\"@id\":\"https:\/\/www.noticiasradioreflejos.com.ar\/2021\/#website\"},\"primaryImageOfPage\":{\"@id\":\"https:\/\/www.noticiasradioreflejos.com.ar\/2021\/comenzo-este-sabado-el-desarrollo-del-proyecto-custom-en-sierra-de-la-ventana\/#primaryimage\"},\"image\":{\"@id\":\"https:\/\/www.noticiasradioreflejos.com.ar\/2021\/comenzo-este-sabado-el-desarrollo-del-proyecto-custom-en-sierra-de-la-ventana\/#primaryimage\"},\"thumbnailUrl\":\"https:\/\/live.staticflickr.com\/65535\/51289542168_7b139e01f4_c.jpg\",\"datePublished\":\"2021-07-04T18:43:51+00:00\",\"dateModified\":\"2021-07-05T00:45:32+00:00\",\"author\":{\"@id\":\"https:\/\/www.noticiasradioreflejos.com.ar\/2021\/#\/schema\/person\/ad82545263dcc5ec0996818884fd5fb1\"},\"breadcrumb\":{\"@id\":\"https:\/\/www.noticiasradioreflejos.com.ar\/2021\/comenzo-este-sabado-el-desarrollo-del-proyecto-custom-en-sierra-de-la-ventana\/#breadcrumb\"},\"inLanguage\":\"es\",\"potentialAction\":[{\"@type\":\"ReadAction\",\"target\":[\"https:\/\/www.noticiasradioreflejos.com.ar\/2021\/comenzo-este-sabado-el-desarrollo-del-proyecto-custom-en-sierra-de-la-ventana\/\"]}]},{\"@type\":\"ImageObject\",\"inLanguage\":\"es\",\"@id\":\"https:\/\/www.noticiasradioreflejos.com.ar\/2021\/comenzo-este-sabado-el-desarrollo-del-proyecto-custom-en-sierra-de-la-ventana\/#primaryimage\",\"url\":\"https:\/\/live.staticflickr.com\/65535\/51289542168_7b139e01f4_c.jpg\",\"contentUrl\":\"https:\/\/live.staticflickr.com\/65535\/51289542168_7b139e01f4_c.jpg\"},{\"@type\":\"BreadcrumbList\",\"@id\":\"https:\/\/www.noticiasradioreflejos.com.ar\/2021\/comenzo-este-sabado-el-desarrollo-del-proyecto-custom-en-sierra-de-la-ventana\/#breadcrumb\",\"itemListElement\":[{\"@type\":\"ListItem\",\"position\":1,\"name\":\"Portada\",\"item\":\"https:\/\/www.noticiasradioreflejos.com.ar\/2021\/\"},{\"@type\":\"ListItem\",\"position\":2,\"name\":\"Comenz\u00f3 este s\u00e1bado el desarrollo del proyecto Custom en Sierra de la Ventana.\"}]},{\"@type\":\"WebSite\",\"@id\":\"https:\/\/www.noticiasradioreflejos.com.ar\/2021\/#website\",\"url\":\"https:\/\/www.noticiasradioreflejos.com.ar\/2021\/\",\"name\":\"Noticias Radio Reflejos\",\"description\":\"Las noticias de mi comarca\",\"potentialAction\":[{\"@type\":\"SearchAction\",\"target\":{\"@type\":\"EntryPoint\",\"urlTemplate\":\"https:\/\/www.noticiasradioreflejos.com.ar\/2021\/?s={search_term_string}\"},\"query-input\":{\"@type\":\"PropertyValueSpecification\",\"valueRequired\":true,\"valueName\":\"search_term_string\"}}],\"inLanguage\":\"es\"},{\"@type\":\"Person\",\"@id\":\"https:\/\/www.noticiasradioreflejos.com.ar\/2021\/#\/schema\/person\/ad82545263dcc5ec0996818884fd5fb1\",\"name\":\"Arnaldo Botto\",\"image\":{\"@type\":\"ImageObject\",\"inLanguage\":\"es\",\"@id\":\"https:\/\/www.noticiasradioreflejos.com.ar\/2021\/#\/schema\/person\/image\/\",\"url\":\"https:\/\/secure.gravatar.com\/avatar\/55cb5e37c1efa326397366e6974cb338056df65cb50e7d64d1cf314e87504837?s=96&d=mm&r=g\",\"contentUrl\":\"https:\/\/secure.gravatar.com\/avatar\/55cb5e37c1efa326397366e6974cb338056df65cb50e7d64d1cf314e87504837?s=96&d=mm&r=g\",\"caption\":\"Arnaldo Botto\"},\"url\":\"https:\/\/www.noticiasradioreflejos.com.ar\/2021\/author\/arnaldo\/\"}]}<\/script>\n<!-- \/ Yoast SEO plugin. -->","yoast_head_json":{"title":"Comenz\u00f3 este s\u00e1bado el desarrollo del proyecto Custom en Sierra de la Ventana. - Noticias Radio Reflejos","robots":{"index":"index","follow":"follow","max-snippet":"max-snippet:-1","max-image-preview":"max-image-preview:large","max-video-preview":"max-video-preview:-1"},"canonical":"https:\/\/www.noticiasradioreflejos.com.ar\/2021\/comenzo-este-sabado-el-desarrollo-del-proyecto-custom-en-sierra-de-la-ventana\/","og_locale":"es_ES","og_type":"article","og_title":"Comenz\u00f3 este s\u00e1bado el desarrollo del proyecto Custom en Sierra de la Ventana. - Noticias Radio Reflejos","og_description":"Se realiz\u00f3 este s\u00e1bado durante parte de la ma\u00f1ana y la tarde la primer jornada de actividades que nuclea el Proyecto Custom, presentado por la Concejal Viviana Montibeller, que tiene como objetivos, a valoraci\u00f3n y participaci\u00f3n ciudadana de los j\u00f3venes en \u00e9poca de pandemia, con la intervenci\u00f3n de espacios p\u00fablicos.","og_url":"https:\/\/www.noticiasradioreflejos.com.ar\/2021\/comenzo-este-sabado-el-desarrollo-del-proyecto-custom-en-sierra-de-la-ventana\/","og_site_name":"Noticias Radio Reflejos","article_published_time":"2021-07-04T18:43:51+00:00","article_modified_time":"2021-07-05T00:45:32+00:00","og_image":[{"url":"https:\/\/live.staticflickr.com\/65535\/51289542168_7b139e01f4_c.jpg","type":"","width":"","height":""}],"author":"Arnaldo Botto","twitter_card":"summary_large_image","schema":{"@context":"https:\/\/schema.org","@graph":[{"@type":"WebPage","@id":"https:\/\/www.noticiasradioreflejos.com.ar\/2021\/comenzo-este-sabado-el-desarrollo-del-proyecto-custom-en-sierra-de-la-ventana\/","url":"https:\/\/www.noticiasradioreflejos.com.ar\/2021\/comenzo-este-sabado-el-desarrollo-del-proyecto-custom-en-sierra-de-la-ventana\/","name":"Comenz\u00f3 este s\u00e1bado el desarrollo del proyecto Custom en Sierra de la Ventana. - Noticias Radio Reflejos","isPartOf":{"@id":"https:\/\/www.noticiasradioreflejos.com.ar\/2021\/#website"},"primaryImageOfPage":{"@id":"https:\/\/www.noticiasradioreflejos.com.ar\/2021\/comenzo-este-sabado-el-desarrollo-del-proyecto-custom-en-sierra-de-la-ventana\/#primaryimage"},"image":{"@id":"https:\/\/www.noticiasradioreflejos.com.ar\/2021\/comenzo-este-sabado-el-desarrollo-del-proyecto-custom-en-sierra-de-la-ventana\/#primaryimage"},"thumbnailUrl":"https:\/\/live.staticflickr.com\/65535\/51289542168_7b139e01f4_c.jpg","datePublished":"2021-07-04T18:43:51+00:00","dateModified":"2021-07-05T00:45:32+00:00","author":{"@id":"https:\/\/www.noticiasradioreflejos.com.ar\/2021\/#\/schema\/person\/ad82545263dcc5ec0996818884fd5fb1"},"breadcrumb":{"@id":"https:\/\/www.noticiasradioreflejos.com.ar\/2021\/comenzo-este-sabado-el-desarrollo-del-proyecto-custom-en-sierra-de-la-ventana\/#breadcrumb"},"inLanguage":"es","potentialAction":[{"@type":"ReadAction","target":["https:\/\/www.noticiasradioreflejos.com.ar\/2021\/comenzo-este-sabado-el-desarrollo-del-proyecto-custom-en-sierra-de-la-ventana\/"]}]},{"@type":"ImageObject","inLanguage":"es","@id":"https:\/\/www.noticiasradioreflejos.com.ar\/2021\/comenzo-este-sabado-el-desarrollo-del-proyecto-custom-en-sierra-de-la-ventana\/#primaryimage","url":"https:\/\/live.staticflickr.com\/65535\/51289542168_7b139e01f4_c.jpg","contentUrl":"https:\/\/live.staticflickr.com\/65535\/51289542168_7b139e01f4_c.jpg"},{"@type":"BreadcrumbList","@id":"https:\/\/www.noticiasradioreflejos.com.ar\/2021\/comenzo-este-sabado-el-desarrollo-del-proyecto-custom-en-sierra-de-la-ventana\/#breadcrumb","itemListElement":[{"@type":"ListItem","position":1,"name":"Portada","item":"https:\/\/www.noticiasradioreflejos.com.ar\/2021\/"},{"@type":"ListItem","position":2,"name":"Comenz\u00f3 este s\u00e1bado el desarrollo del proyecto Custom en Sierra de la Ventana."}]},{"@type":"WebSite","@id":"https:\/\/www.noticiasradioreflejos.com.ar\/2021\/#website","url":"https:\/\/www.noticiasradioreflejos.com.ar\/2021\/","name":"Noticias Radio Reflejos","description":"Las noticias de mi comarca","potentialAction":[{"@type":"SearchAction","target":{"@type":"EntryPoint","urlTemplate":"https:\/\/www.noticiasradioreflejos.com.ar\/2021\/?s={search_term_string}"},"query-input":{"@type":"PropertyValueSpecification","valueRequired":true,"valueName":"search_term_string"}}],"inLanguage":"es"},{"@type":"Person","@id":"https:\/\/www.noticiasradioreflejos.com.ar\/2021\/#\/schema\/person\/ad82545263dcc5ec0996818884fd5fb1","name":"Arnaldo Botto","image":{"@type":"ImageObject","inLanguage":"es","@id":"https:\/\/www.noticiasradioreflejos.com.ar\/2021\/#\/schema\/person\/image\/","url":"https:\/\/secure.gravatar.com\/avatar\/55cb5e37c1efa326397366e6974cb338056df65cb50e7d64d1cf314e87504837?s=96&d=mm&r=g","contentUrl":"https:\/\/secure.gravatar.com\/avatar\/55cb5e37c1efa326397366e6974cb338056df65cb50e7d64d1cf314e87504837?s=96&d=mm&r=g","caption":"Arnaldo Botto"},"url":"https:\/\/www.noticiasradioreflejos.com.ar\/2021\/author\/arnaldo\/"}]}},"_links":{"self":[{"href":"https:\/\/www.noticiasradioreflejos.com.ar\/2021\/wp-json\/wp\/v2\/posts\/59713","targetHints":{"allow":["GET"]}}],"collection":[{"href":"https:\/\/www.noticiasradioreflejos.com.ar\/2021\/wp-json\/wp\/v2\/posts"}],"about":[{"href":"https:\/\/www.noticiasradioreflejos.com.ar\/2021\/wp-json\/wp\/v2\/types\/post"}],"author":[{"embeddable":true,"href":"https:\/\/www.noticiasradioreflejos.com.ar\/2021\/wp-json\/wp\/v2\/users\/3"}],"replies":[{"embeddable":true,"href":"https:\/\/www.noticiasradioreflejos.com.ar\/2021\/wp-json\/wp\/v2\/comments?post=59713"}],"version-history":[{"count":3,"href":"https:\/\/www.noticiasradioreflejos.com.ar\/2021\/wp-json\/wp\/v2\/posts\/59713\/revisions"}],"predecessor-version":[{"id":59723,"href":"https:\/\/www.noticiasradioreflejos.com.ar\/2021\/wp-json\/wp\/v2\/posts\/59713\/revisions\/59723"}],"wp:attachment":[{"href":"https:\/\/www.noticiasradioreflejos.com.ar\/2021\/wp-json\/wp\/v2\/media?parent=59713"}],"wp:term":[{"taxonomy":"category","embeddable":true,"href":"https:\/\/www.noticiasradioreflejos.com.ar\/2021\/wp-json\/wp\/v2\/categories?post=59713"},{"taxonomy":"post_tag","embeddable":true,"href":"https:\/\/www.noticiasradioreflejos.com.ar\/2021\/wp-json\/wp\/v2\/tags?post=59713"}],"curies":[{"name":"wp","href":"https:\/\/api.w.org\/{rel}","templated":true}]}}