{"id":59687,"date":"2021-07-03T12:33:38","date_gmt":"2021-07-03T12:33:38","guid":{"rendered":"http:\/\/www.noticiasradioreflejos.com.ar\/2021\/?p=59687"},"modified":"2021-07-03T12:33:38","modified_gmt":"2021-07-03T12:33:38","slug":"alberto-fernandez-firmo-un-dnu-para-regular-el-mecanismo-de-adquisicion-de-nuevas-vacunas","status":"publish","type":"post","link":"https:\/\/www.noticiasradioreflejos.com.ar\/2021\/alberto-fernandez-firmo-un-dnu-para-regular-el-mecanismo-de-adquisicion-de-nuevas-vacunas\/","title":{"rendered":"Alberto Fern\u00e1ndez firm\u00f3 un DNU para regular el mecanismo de adquisici\u00f3n de nuevas vacunas"},"content":{"rendered":"<p>La nueva normativa le permitir\u00e1 al pa\u00eds acceder a mayor cantidad de dosis y establece modificaciones a la ley 27.573 que regula la adquisici\u00f3n de inoculantes contra el coronavirus.<!--more--><\/p>\n<p><iframe loading=\"lazy\" title=\"YouTube video player\" src=\"https:\/\/www.youtube.com\/embed\/H1Pf7W3gOiQ\" width=\"646\" height=\"363\" frameborder=\"0\" allowfullscreen=\"allowfullscreen\"><\/iframe><\/p>\n<div class=\"editable-content clearfix\">\n<div class=\"epigrafe\">Emiten un DNU para regular el mecanismo de adquisici\u00f3n de vacunas<\/div>\n<p>El presidente Alberto Fern\u00e1ndez firm\u00f3 la noche del viernes un Decreto de Necesidad y Urgencia (DNU) para regular y actualizar el marco legal en el que se desenvuelve el mecanismo de compra de vacunas contra el coronavirus, lo cual abrir\u00e1 el paso a la adquisici\u00f3n de dosis pedi\u00e1tricas y permitir\u00e1 ampliar el espectro de inmunizantes disponibles para la poblaci\u00f3n en general.<\/p>\n<p>Los detalles del decreto hab\u00edan sido anticipados en una conferencia de prensa que dieron en la Casa Rosada la secretaria Legal y T\u00e9cnica, Vilma Ibarra; y la ministra de Salud, Carla Vizzotti, quienes anunciaron su pronta publicaci\u00f3n en el Bolet\u00edn Oficial.<\/p>\n<p>M\u00e1s tarde, el\u00a0<strong>Gobierno confirm\u00f3 oficialmente que el jefe del Estado hab\u00eda formado el decreto.<\/strong><\/p>\n<p><strong>La normativa crea un Fondo de Reparaci\u00f3n Covid-19 para responder al pago de indemnizaciones ante la eventualidad de que alguna persona pueda ser da\u00f1ada por la aplicaci\u00f3n de una vacuna.<\/strong><\/p>\n<p>Se trata de un mecanismo que existe en muchos pa\u00edses del mundo y da tranquilidad respecto de las contrataciones, dijeron las funcionarias.<\/p>\n<div class=\"auth\">El anuncio de Vilma Ibarra y Carla Vizzotti<\/div>\n<p>Ibarra adelant\u00f3 que\u00a0<strong>se establecer\u00e1n modificaciones a la ley de 27.573 que regula la adquisici\u00f3n de vacunas contra la Covid-19, tanto en lo que son \u00abcontratos bilaterales, como mecanismo Covax y donaciones\u00bb.<\/strong><\/p>\n<div id=\"image\" class=\"image\">\n<p><img decoding=\"async\" title=\"La ministra de Salud, Carla Vizzotti, y la secretaria Legal y T\u00e9cnica, Vilma Ibarra, brindaron una conferencia de prensa.\" src=\"https:\/\/www.telam.com.ar\/advf\/imagenes\/2021\/07\/60dfa05357e6e_1004x565.jpg\" alt=\"La ministra de Salud, Carla Vizzotti, y la secretaria Legal y T\u00e9cnica, Vilma Ibarra, brindaron una conferencia de prensa.\" \/><\/p>\n<div class=\"epigrafe\">La ministra de Salud, Carla Vizzotti, y la secretaria Legal y T\u00e9cnica, Vilma Ibarra, brindaron una conferencia de prensa.<\/div>\n<\/div>\n<p>La funcionaria subray\u00f3 que apenas fueron aprobadas las vacunas pedi\u00e1tricas contra el coronavirus fue un objetivo del Gobierno nacional obtenerlas y, en ese contexto, es que se modifica el \u00abmarco legal\u00bb para propiciar \u00abconversaciones\u00bb con los distintos laboratorios, sin perder de vista la \u00ab<strong>protecci\u00f3n de los intereses de los argentinos<\/strong>\u00bb y de los \u00abbienes soberanos\u00bb.<\/p>\n<p>La secretaria Legal y T\u00e9cnica adelant\u00f3 que el DNU incluir\u00e1 modificaciones a la normativa vigente, y que una de ellas ser\u00e1 la\u00a0<strong>supresi\u00f3n de \u00abla negligencia como supuesto de responsabilidad para los fabricantes de vacunas Covid 19<\/strong>\u00ab, y dijo en su lugar el Estado establecer\u00e1 \u00abel modo en que recibe conforme las vacunas\u00bb.<\/p>\n<p>El t\u00e9rmino negligencia fue considerado por representantes de laboratorios como uno de los obst\u00e1culos para la provisi\u00f3n de vacunas.<\/p>\n<p>Adem\u00e1s, se suprime el t\u00e9rmino \u00abmalicioso o fraudulento\u00bb, que se reemplaza por \u00abconductas dolosas\u00bb, un concepto m\u00e1s claro y que es el que utiliza el C\u00f3digo Civil y Comercial, seg\u00fan explic\u00f3 Ibarra.<\/p>\n<p>A\u00f1adi\u00f3 que en la nueva normativa tendr\u00e1n\u00a0<strong>\u00abinmunidad soberana\u00bb<\/strong>\u00a0todos los bienes del Estado, tal como lo ten\u00edan en la ley vigente, y afirm\u00f3 que la instrucci\u00f3n para la negociaci\u00f3n es \u00abcompatibilizar\u00bb la llegada de nuevos f\u00e1rmacos con los intereses que hay proteger del Estado.<\/p>\n<div id=\"image\" class=\"image\"><img decoding=\"async\" title=\"\" src=\"https:\/\/www.telam.com.ar\/advf\/imagenes\/2021\/07\/60dfa0535f872_1004x565.jpg\" alt=\"\" \/><\/div>\n<p>\u00abEn materia de inmunidad de los bienes del Estado se va a eximir a las regal\u00edas que percibe el Estado nacional y los bienes privados del Estado\u00bb, manifest\u00f3 Ibarra, y se\u00f1al\u00f3 que \u00abtodos los bienes soberanos establecidos en la Ley de Restauraci\u00f3n de Sostenibilidad de la Deuda deben permanecer soberanos\u00bb.<\/p>\n<p>La funcionaria remarc\u00f3 que el DNU \u00abes fruto de mucho esfuerzo\u00bb llevado a cabo para \u00abcuidar los intereses de la Naci\u00f3n\u00bb, porque \u00abhay bienes soberanos que no se pueden tocar\u00bb .<\/p>\n<div class=\"auth\">Fondo de compensaci\u00f3n<\/div>\n<p>Adem\u00e1s, expres\u00f3 que se crear\u00e1 un fondo de compensaci\u00f3n Covid-19, \u00abque existe en muchos pa\u00edses del mundo y da tranquilidad respecto de las contrataciones\u00bb, para \u00abindemnizar a quienes puedan ser da\u00f1ados por la aplicaci\u00f3n de una vacuna\u00bb.<\/p>\n<p>\u00abEl Fondo de Reparaci\u00f3n se arm\u00f3 porque si alguna persona sufre un da\u00f1o y pide una reparaci\u00f3n tiene que existir la tranquilidad de que ese fondo es el que lo cubre y, si no, lo har\u00e1 el Estado\u00bb, explic\u00f3.<\/p>\n<p>Asegur\u00f3 tambi\u00e9n que\u00a0<strong>el Estado nacional \u00abconversa, dialoga y escucha a todos los potenciales proveedores<\/strong>\u00bb de vacunas contra el coronavirus para ver si se puede \u00abllegar a un acuerdo\u00bb, al aclarar que \u00abson muchos los interlocutores\u00bb, m\u00e1s all\u00e1 de los laboratorios estadounidenses Pfizer, Janssen y Moderna, y cont\u00f3 que el Gobierno nacional \u00abnegoci\u00f3 para tener la mayor cantidad de vacunas y proveedores sin interrumpir las conversaciones\u00bb.<\/p>\n<p>\u00abUso pol\u00edtico no\u00bb, dej\u00f3 en claro la secretaria Legal y T\u00e9cnica ante una consulta, al considerar que \u00absi se votaba\u00bb lo que propuso el jueves la oposici\u00f3n en la C\u00e1mara de Diputados \u00abno pod\u00edamos contratar\u00bb, y dej\u00f3 claro que fue por decreto porque el tr\u00e1mite en el Congreso lleva mucho tiempo\u00bb y \u00ablos tiempos de la pandemia\u00bb son otros.<\/p>\n<p>En ese sentido, Ibarra indic\u00f3 que espera que el Congreso de la Naci\u00f3n trate \u00abpronto\u00bb la ley de regulaci\u00f3n de adquisici\u00f3n de vacunas, ya que es una norma que \u00abresguarda los intereses del Estado nacional, al tiempo que permite abrir puertas\u00bb.<\/p>\n<p>Por su parte, Vizzotti sostuvo que en el marco del Plan de Vacunaci\u00f3n del Gobierno nacional fue el Presidente el que propici\u00f3 el DNU que este s\u00e1bado publica el Bolet\u00edn Oficial y que \u00abda la perspectiva de<strong>\u00a0avanzar con contratos bilaterales con los laboratorios, la obtenci\u00f3n de vacunas dentro del mecanismo Covax y a trav\u00e9s de donaciones\u00bb<\/strong>, como la que comprometi\u00f3 el presidente estadounidense Jon Biden de Pfizer para distintos pa\u00edses del mundo.<\/p>\n<p>Vizzotti se sum\u00f3 al pedido de Ibarra de no hacer uso pol\u00edtico de las vacunas y les transmiti\u00f3 a los padres de ni\u00f1os y ni\u00f1as menores de 18 a\u00f1os que el Estado nacional \u00abest\u00e1 trabajando para que tengan la vacuna\u00bb, y que para eso est\u00e1n \u00abconversando con todos los proveedores\u00bb, que son \u00abmuchos\u00bb.<\/p>\n<p>\u00abQuiz\u00e1 fallemos en transmitir la complejidad de la negociaci\u00f3n y parezca algo m\u00e1s sencillo, pero es compleja por el marco de la confidencialidad y por el marco legal, por eso: uso pol\u00edtico no\u00bb, complet\u00f3.<\/p>\n<p>Tras recordar que \u00abcasi el 40 porciento de la poblaci\u00f3n inici\u00f3 el proceso de vacunaci\u00f3n contra el coronavirus\u00bb y que \u00abya llegaron 27 millones de dosis\u00bb, la ministra de Salud advirti\u00f3 que \u00abtodav\u00eda son confidenciales las conversaciones\u00bb con los laboratorios para la compra de f\u00e1rmacos contra el coronavirus e insisti\u00f3 en que el DNU que firmar\u00e1 el Presidente \u00abfacilita\u00bb la adquisici\u00f3n de todas las vacunas.<\/p>\n<\/div>\n","protected":false},"excerpt":{"rendered":"<p>La nueva normativa le permitir\u00e1 al pa\u00eds acceder a mayor cantidad de dosis y establece modificaciones a la ley 27.573 que regula la adquisici\u00f3n de inoculantes contra el coronavirus.<\/p>\n","protected":false},"author":3,"featured_media":0,"comment_status":"closed","ping_status":"closed","sticky":false,"template":"","format":"standard","meta":{"footnotes":""},"categories":[24,30],"tags":[],"class_list":["post-59687","post","type-post","status-publish","format-standard","hentry","category-politica","category-salud"],"yoast_head":"<!-- This site is optimized with the Yoast SEO plugin v25.9 - https:\/\/yoast.com\/wordpress\/plugins\/seo\/ -->\n<title>Alberto Fern\u00e1ndez firm\u00f3 un DNU para regular el mecanismo de adquisici\u00f3n de nuevas vacunas - Noticias Radio Reflejos<\/title>\n<meta name=\"robots\" content=\"index, follow, max-snippet:-1, max-image-preview:large, max-video-preview:-1\" \/>\n<link rel=\"canonical\" href=\"https:\/\/www.noticiasradioreflejos.com.ar\/2021\/alberto-fernandez-firmo-un-dnu-para-regular-el-mecanismo-de-adquisicion-de-nuevas-vacunas\/\" \/>\n<meta property=\"og:locale\" content=\"es_ES\" \/>\n<meta property=\"og:type\" content=\"article\" \/>\n<meta property=\"og:title\" content=\"Alberto Fern\u00e1ndez firm\u00f3 un DNU para regular el mecanismo de adquisici\u00f3n de nuevas vacunas - Noticias Radio Reflejos\" \/>\n<meta property=\"og:description\" content=\"La nueva normativa le permitir\u00e1 al pa\u00eds acceder a mayor cantidad de dosis y establece modificaciones a la ley 27.573 que regula la adquisici\u00f3n de inoculantes contra el coronavirus.\" \/>\n<meta property=\"og:url\" content=\"https:\/\/www.noticiasradioreflejos.com.ar\/2021\/alberto-fernandez-firmo-un-dnu-para-regular-el-mecanismo-de-adquisicion-de-nuevas-vacunas\/\" \/>\n<meta property=\"og:site_name\" content=\"Noticias Radio Reflejos\" \/>\n<meta property=\"article:published_time\" content=\"2021-07-03T12:33:38+00:00\" \/>\n<meta property=\"og:image\" content=\"https:\/\/www.telam.com.ar\/advf\/imagenes\/2021\/07\/60dfa05357e6e_1004x565.jpg\" \/>\n<meta name=\"author\" content=\"Arnaldo Botto\" \/>\n<meta name=\"twitter:card\" content=\"summary_large_image\" \/>\n<script type=\"application\/ld+json\" class=\"yoast-schema-graph\">{\"@context\":\"https:\/\/schema.org\",\"@graph\":[{\"@type\":\"WebPage\",\"@id\":\"https:\/\/www.noticiasradioreflejos.com.ar\/2021\/alberto-fernandez-firmo-un-dnu-para-regular-el-mecanismo-de-adquisicion-de-nuevas-vacunas\/\",\"url\":\"https:\/\/www.noticiasradioreflejos.com.ar\/2021\/alberto-fernandez-firmo-un-dnu-para-regular-el-mecanismo-de-adquisicion-de-nuevas-vacunas\/\",\"name\":\"Alberto Fern\u00e1ndez firm\u00f3 un DNU para regular el mecanismo de adquisici\u00f3n de nuevas vacunas - Noticias Radio Reflejos\",\"isPartOf\":{\"@id\":\"https:\/\/www.noticiasradioreflejos.com.ar\/2021\/#website\"},\"primaryImageOfPage\":{\"@id\":\"https:\/\/www.noticiasradioreflejos.com.ar\/2021\/alberto-fernandez-firmo-un-dnu-para-regular-el-mecanismo-de-adquisicion-de-nuevas-vacunas\/#primaryimage\"},\"image\":{\"@id\":\"https:\/\/www.noticiasradioreflejos.com.ar\/2021\/alberto-fernandez-firmo-un-dnu-para-regular-el-mecanismo-de-adquisicion-de-nuevas-vacunas\/#primaryimage\"},\"thumbnailUrl\":\"https:\/\/www.telam.com.ar\/advf\/imagenes\/2021\/07\/60dfa05357e6e_1004x565.jpg\",\"datePublished\":\"2021-07-03T12:33:38+00:00\",\"author\":{\"@id\":\"https:\/\/www.noticiasradioreflejos.com.ar\/2021\/#\/schema\/person\/ad82545263dcc5ec0996818884fd5fb1\"},\"breadcrumb\":{\"@id\":\"https:\/\/www.noticiasradioreflejos.com.ar\/2021\/alberto-fernandez-firmo-un-dnu-para-regular-el-mecanismo-de-adquisicion-de-nuevas-vacunas\/#breadcrumb\"},\"inLanguage\":\"es\",\"potentialAction\":[{\"@type\":\"ReadAction\",\"target\":[\"https:\/\/www.noticiasradioreflejos.com.ar\/2021\/alberto-fernandez-firmo-un-dnu-para-regular-el-mecanismo-de-adquisicion-de-nuevas-vacunas\/\"]}]},{\"@type\":\"ImageObject\",\"inLanguage\":\"es\",\"@id\":\"https:\/\/www.noticiasradioreflejos.com.ar\/2021\/alberto-fernandez-firmo-un-dnu-para-regular-el-mecanismo-de-adquisicion-de-nuevas-vacunas\/#primaryimage\",\"url\":\"https:\/\/www.telam.com.ar\/advf\/imagenes\/2021\/07\/60dfa05357e6e_1004x565.jpg\",\"contentUrl\":\"https:\/\/www.telam.com.ar\/advf\/imagenes\/2021\/07\/60dfa05357e6e_1004x565.jpg\"},{\"@type\":\"BreadcrumbList\",\"@id\":\"https:\/\/www.noticiasradioreflejos.com.ar\/2021\/alberto-fernandez-firmo-un-dnu-para-regular-el-mecanismo-de-adquisicion-de-nuevas-vacunas\/#breadcrumb\",\"itemListElement\":[{\"@type\":\"ListItem\",\"position\":1,\"name\":\"Portada\",\"item\":\"https:\/\/www.noticiasradioreflejos.com.ar\/2021\/\"},{\"@type\":\"ListItem\",\"position\":2,\"name\":\"Alberto Fern\u00e1ndez firm\u00f3 un DNU para regular el mecanismo de adquisici\u00f3n de nuevas vacunas\"}]},{\"@type\":\"WebSite\",\"@id\":\"https:\/\/www.noticiasradioreflejos.com.ar\/2021\/#website\",\"url\":\"https:\/\/www.noticiasradioreflejos.com.ar\/2021\/\",\"name\":\"Noticias Radio Reflejos\",\"description\":\"Las noticias de mi comarca\",\"potentialAction\":[{\"@type\":\"SearchAction\",\"target\":{\"@type\":\"EntryPoint\",\"urlTemplate\":\"https:\/\/www.noticiasradioreflejos.com.ar\/2021\/?s={search_term_string}\"},\"query-input\":{\"@type\":\"PropertyValueSpecification\",\"valueRequired\":true,\"valueName\":\"search_term_string\"}}],\"inLanguage\":\"es\"},{\"@type\":\"Person\",\"@id\":\"https:\/\/www.noticiasradioreflejos.com.ar\/2021\/#\/schema\/person\/ad82545263dcc5ec0996818884fd5fb1\",\"name\":\"Arnaldo Botto\",\"image\":{\"@type\":\"ImageObject\",\"inLanguage\":\"es\",\"@id\":\"https:\/\/www.noticiasradioreflejos.com.ar\/2021\/#\/schema\/person\/image\/\",\"url\":\"https:\/\/secure.gravatar.com\/avatar\/55cb5e37c1efa326397366e6974cb338056df65cb50e7d64d1cf314e87504837?s=96&d=mm&r=g\",\"contentUrl\":\"https:\/\/secure.gravatar.com\/avatar\/55cb5e37c1efa326397366e6974cb338056df65cb50e7d64d1cf314e87504837?s=96&d=mm&r=g\",\"caption\":\"Arnaldo Botto\"},\"url\":\"https:\/\/www.noticiasradioreflejos.com.ar\/2021\/author\/arnaldo\/\"}]}<\/script>\n<!-- \/ Yoast SEO plugin. -->","yoast_head_json":{"title":"Alberto Fern\u00e1ndez firm\u00f3 un DNU para regular el mecanismo de adquisici\u00f3n de nuevas vacunas - Noticias Radio Reflejos","robots":{"index":"index","follow":"follow","max-snippet":"max-snippet:-1","max-image-preview":"max-image-preview:large","max-video-preview":"max-video-preview:-1"},"canonical":"https:\/\/www.noticiasradioreflejos.com.ar\/2021\/alberto-fernandez-firmo-un-dnu-para-regular-el-mecanismo-de-adquisicion-de-nuevas-vacunas\/","og_locale":"es_ES","og_type":"article","og_title":"Alberto Fern\u00e1ndez firm\u00f3 un DNU para regular el mecanismo de adquisici\u00f3n de nuevas vacunas - Noticias Radio Reflejos","og_description":"La nueva normativa le permitir\u00e1 al pa\u00eds acceder a mayor cantidad de dosis y establece modificaciones a la ley 27.573 que regula la adquisici\u00f3n de inoculantes contra el coronavirus.","og_url":"https:\/\/www.noticiasradioreflejos.com.ar\/2021\/alberto-fernandez-firmo-un-dnu-para-regular-el-mecanismo-de-adquisicion-de-nuevas-vacunas\/","og_site_name":"Noticias Radio Reflejos","article_published_time":"2021-07-03T12:33:38+00:00","og_image":[{"url":"https:\/\/www.telam.com.ar\/advf\/imagenes\/2021\/07\/60dfa05357e6e_1004x565.jpg","type":"","width":"","height":""}],"author":"Arnaldo Botto","twitter_card":"summary_large_image","schema":{"@context":"https:\/\/schema.org","@graph":[{"@type":"WebPage","@id":"https:\/\/www.noticiasradioreflejos.com.ar\/2021\/alberto-fernandez-firmo-un-dnu-para-regular-el-mecanismo-de-adquisicion-de-nuevas-vacunas\/","url":"https:\/\/www.noticiasradioreflejos.com.ar\/2021\/alberto-fernandez-firmo-un-dnu-para-regular-el-mecanismo-de-adquisicion-de-nuevas-vacunas\/","name":"Alberto Fern\u00e1ndez firm\u00f3 un DNU para regular el mecanismo de adquisici\u00f3n de nuevas vacunas - Noticias Radio Reflejos","isPartOf":{"@id":"https:\/\/www.noticiasradioreflejos.com.ar\/2021\/#website"},"primaryImageOfPage":{"@id":"https:\/\/www.noticiasradioreflejos.com.ar\/2021\/alberto-fernandez-firmo-un-dnu-para-regular-el-mecanismo-de-adquisicion-de-nuevas-vacunas\/#primaryimage"},"image":{"@id":"https:\/\/www.noticiasradioreflejos.com.ar\/2021\/alberto-fernandez-firmo-un-dnu-para-regular-el-mecanismo-de-adquisicion-de-nuevas-vacunas\/#primaryimage"},"thumbnailUrl":"https:\/\/www.telam.com.ar\/advf\/imagenes\/2021\/07\/60dfa05357e6e_1004x565.jpg","datePublished":"2021-07-03T12:33:38+00:00","author":{"@id":"https:\/\/www.noticiasradioreflejos.com.ar\/2021\/#\/schema\/person\/ad82545263dcc5ec0996818884fd5fb1"},"breadcrumb":{"@id":"https:\/\/www.noticiasradioreflejos.com.ar\/2021\/alberto-fernandez-firmo-un-dnu-para-regular-el-mecanismo-de-adquisicion-de-nuevas-vacunas\/#breadcrumb"},"inLanguage":"es","potentialAction":[{"@type":"ReadAction","target":["https:\/\/www.noticiasradioreflejos.com.ar\/2021\/alberto-fernandez-firmo-un-dnu-para-regular-el-mecanismo-de-adquisicion-de-nuevas-vacunas\/"]}]},{"@type":"ImageObject","inLanguage":"es","@id":"https:\/\/www.noticiasradioreflejos.com.ar\/2021\/alberto-fernandez-firmo-un-dnu-para-regular-el-mecanismo-de-adquisicion-de-nuevas-vacunas\/#primaryimage","url":"https:\/\/www.telam.com.ar\/advf\/imagenes\/2021\/07\/60dfa05357e6e_1004x565.jpg","contentUrl":"https:\/\/www.telam.com.ar\/advf\/imagenes\/2021\/07\/60dfa05357e6e_1004x565.jpg"},{"@type":"BreadcrumbList","@id":"https:\/\/www.noticiasradioreflejos.com.ar\/2021\/alberto-fernandez-firmo-un-dnu-para-regular-el-mecanismo-de-adquisicion-de-nuevas-vacunas\/#breadcrumb","itemListElement":[{"@type":"ListItem","position":1,"name":"Portada","item":"https:\/\/www.noticiasradioreflejos.com.ar\/2021\/"},{"@type":"ListItem","position":2,"name":"Alberto Fern\u00e1ndez firm\u00f3 un DNU para regular el mecanismo de adquisici\u00f3n de nuevas vacunas"}]},{"@type":"WebSite","@id":"https:\/\/www.noticiasradioreflejos.com.ar\/2021\/#website","url":"https:\/\/www.noticiasradioreflejos.com.ar\/2021\/","name":"Noticias Radio Reflejos","description":"Las noticias de mi comarca","potentialAction":[{"@type":"SearchAction","target":{"@type":"EntryPoint","urlTemplate":"https:\/\/www.noticiasradioreflejos.com.ar\/2021\/?s={search_term_string}"},"query-input":{"@type":"PropertyValueSpecification","valueRequired":true,"valueName":"search_term_string"}}],"inLanguage":"es"},{"@type":"Person","@id":"https:\/\/www.noticiasradioreflejos.com.ar\/2021\/#\/schema\/person\/ad82545263dcc5ec0996818884fd5fb1","name":"Arnaldo Botto","image":{"@type":"ImageObject","inLanguage":"es","@id":"https:\/\/www.noticiasradioreflejos.com.ar\/2021\/#\/schema\/person\/image\/","url":"https:\/\/secure.gravatar.com\/avatar\/55cb5e37c1efa326397366e6974cb338056df65cb50e7d64d1cf314e87504837?s=96&d=mm&r=g","contentUrl":"https:\/\/secure.gravatar.com\/avatar\/55cb5e37c1efa326397366e6974cb338056df65cb50e7d64d1cf314e87504837?s=96&d=mm&r=g","caption":"Arnaldo Botto"},"url":"https:\/\/www.noticiasradioreflejos.com.ar\/2021\/author\/arnaldo\/"}]}},"_links":{"self":[{"href":"https:\/\/www.noticiasradioreflejos.com.ar\/2021\/wp-json\/wp\/v2\/posts\/59687","targetHints":{"allow":["GET"]}}],"collection":[{"href":"https:\/\/www.noticiasradioreflejos.com.ar\/2021\/wp-json\/wp\/v2\/posts"}],"about":[{"href":"https:\/\/www.noticiasradioreflejos.com.ar\/2021\/wp-json\/wp\/v2\/types\/post"}],"author":[{"embeddable":true,"href":"https:\/\/www.noticiasradioreflejos.com.ar\/2021\/wp-json\/wp\/v2\/users\/3"}],"replies":[{"embeddable":true,"href":"https:\/\/www.noticiasradioreflejos.com.ar\/2021\/wp-json\/wp\/v2\/comments?post=59687"}],"version-history":[{"count":1,"href":"https:\/\/www.noticiasradioreflejos.com.ar\/2021\/wp-json\/wp\/v2\/posts\/59687\/revisions"}],"predecessor-version":[{"id":59689,"href":"https:\/\/www.noticiasradioreflejos.com.ar\/2021\/wp-json\/wp\/v2\/posts\/59687\/revisions\/59689"}],"wp:attachment":[{"href":"https:\/\/www.noticiasradioreflejos.com.ar\/2021\/wp-json\/wp\/v2\/media?parent=59687"}],"wp:term":[{"taxonomy":"category","embeddable":true,"href":"https:\/\/www.noticiasradioreflejos.com.ar\/2021\/wp-json\/wp\/v2\/categories?post=59687"},{"taxonomy":"post_tag","embeddable":true,"href":"https:\/\/www.noticiasradioreflejos.com.ar\/2021\/wp-json\/wp\/v2\/tags?post=59687"}],"curies":[{"name":"wp","href":"https:\/\/api.w.org\/{rel}","templated":true}]}}