{"id":59682,"date":"2021-07-02T18:13:44","date_gmt":"2021-07-02T18:13:44","guid":{"rendered":"http:\/\/www.noticiasradioreflejos.com.ar\/2021\/?p=59682"},"modified":"2021-07-02T18:13:44","modified_gmt":"2021-07-02T18:13:44","slug":"confirmaron-dos-casos-de-coronavirus-de-variante-delta-en-residentes-en-caba-tras-su-regreso-al-pais","status":"publish","type":"post","link":"https:\/\/www.noticiasradioreflejos.com.ar\/2021\/confirmaron-dos-casos-de-coronavirus-de-variante-delta-en-residentes-en-caba-tras-su-regreso-al-pais\/","title":{"rendered":"Confirmaron dos casos de coronavirus de variante Delta en residentes en CABA tras su regreso al pa\u00eds"},"content":{"rendered":"<div class=\"head-content\">\n<p>Son una persona de 42 a\u00f1os que volvi\u00f3 de Estados Unidos y una de 34, que pas\u00f3 dos meses en Venezuela. Ambos ten\u00edan PCR negativos antes de subir al avi\u00f3n y un resultado similar en el test de ant\u00edgenos en Ezeiza, pero comenzaron a tener s\u00edntomas d\u00edas despu\u00e9s de su llegada.<\/p>\n<div class=\"addthis_custom_sharing\" data-url=\"https:\/\/www.telam.com.ar\/notas\/202107\/559904-casos-coronavirus-variante-delta-caba.html\" data-title=\"Confirmaron dos casos de coronavirus de variante Delta en residentes en CABA tras su regreso al pa\u00eds\" data-description=\"Son una persona de 42 a\u00f1os que volvi\u00f3 de Estados Unidos y una de 34, que pas\u00f3 dos meses en Venezuela. Ambos ten\u00edan PCR negativos antes de subir al avi\u00f3n y un resultado similar en el test de ant\u00edgenos en Ezeiza, pero comenzaron a tener s\u00edntomas d\u00edas despu\u00e9s de su llegada.\">\n<div id=\"atstbx\" class=\"at-resp-share-element at-style-responsive addthis-smartlayers addthis-animated at4-show\" role=\"region\" aria-labelledby=\"at-9b364e37-4067-433b-9b4c-544b6954b6bd\"><\/div>\n<\/div>\n<\/div>\n<p><!--more--><\/p>\n<div class=\"main-content-block\">\n<div class=\"main-box clearfix\">\n<div class=\"wrapper-main-section clearfix\">\n<div class=\"wrapper-editable-content\">\n<div class=\"editable-content clearfix\">\n<div id=\"image\" class=\"image\"><img decoding=\"async\" title=\"La delta es una variante de preocupaci\u00f3n de acuerdo a la caracterizaci\u00f3n de la OMS.\" src=\"https:\/\/www.telam.com.ar\/advf\/imagenes\/2020\/12\/5fdffa3f89dda_1004x565.jpg\" alt=\"La delta es una variante de preocupaci\u00f3n de acuerdo a la caracterizaci\u00f3n de la OMS.\" \/><\/p>\n<div class=\"epigrafe\">La delta es una variante de preocupaci\u00f3n de acuerdo a la caracterizaci\u00f3n de la OMS.<\/div>\n<\/div>\n<p>Dos personas residentes en la ciudad de Buenos Aires que regresaron de viajes al exterior fueron confirmadas como casos de la\u00a0<strong>variante Delta<\/strong>\u00a0del coronavirus y se encuentran cumpliendo el aislamiento de siete d\u00edas, informaron desde el Ministerio de Salud de Naci\u00f3n.<\/p>\n<p>Se trata de\u00a0<strong>una variante de preocupaci\u00f3n de acuerdo a la caracterizaci\u00f3n de la Organizaci\u00f3n Mundial de la Salud<\/strong>\u00a0(OMS), que sin embargo no tiene circulaci\u00f3n comunitaria en la Argentina, seg\u00fan los estudios de vigilancia gen\u00f3mica que se realizan en el pa\u00eds.<\/p>\n<p>Una de ellas es una\u00a0<strong>persona de 42 a\u00f1os que regres\u00f3 de Estados Unidos<\/strong>, donde se fue a vacunar con el inmunizante del laboratorio Janssen de una dosis, y que ten\u00eda un PCR negativo antes de subir al avi\u00f3n y un resultado similar en el test de ant\u00edgenos que se le realiz\u00f3 en el Aeropuerto de Ezeiza.<\/p>\n<blockquote><p>En ambos casos conviven con una sola persona, que tambi\u00e9n result\u00f3 aislada<\/p><\/blockquote>\n<p>Sin embargo, result\u00f3 positivo el test PCR que se le practic\u00f3 al s\u00e9ptimo d\u00eda de haber arribado a la Argentina, confirmando que se trataba de la variante Delta, que se origin\u00f3 en la India y actualmente preocupa al mundo por su mayor transmisibilidad.<\/p>\n<p>Desde el Ministerio de Salud informaron que cuando se le realiz\u00f3 el seguimiento en los d\u00edas posteriores la persona indic\u00f3 que no ten\u00eda s\u00edntomas, pero tras el positivo asegur\u00f3 que \u00abtenia rinitis y dolor de garganta, lo cual demuestra que muchas veces las personas subestiman los s\u00edntomas porque son leves\u00bb, informaron fuentes de la cartera sanitaria.<\/p>\n<p>El segundo caso es de una\u00a0<strong>persona de 34 a\u00f1os que hab\u00eda estado dos meses en Venezuela\u00a0<\/strong>y a quien tambi\u00e9n le hab\u00eda dado negativo el PCR en el exterior y el ant\u00edgeno realizado en Ezeiza, pero comenz\u00f3 a tener s\u00edntomas de Covid-19 dos d\u00edas despu\u00e9s de llegar a la Argentina.<\/p>\n<p>Tras la confirmaci\u00f3n de que ten\u00eda la variante Delta de la enfermedad fue derivada a un hotel de la ciudad de Buenos Aires donde cumple su aislamiento.<\/p>\n<div id=\"image\" class=\"image\"><img decoding=\"async\" title=\"Ambas personas se encuentran cumpliendo el aislamiento de siete d\u00edas.\" src=\"https:\/\/www.telam.com.ar\/advf\/imagenes\/2021\/06\/60db261ec57f8_1004x565.jpg\" alt=\"Ambas personas se encuentran cumpliendo el aislamiento de siete d\u00edas.\" \/><\/p>\n<div class=\"epigrafe\">Ambas personas se encuentran cumpliendo el aislamiento de siete d\u00edas.<\/div>\n<\/div>\n<p>En ambos casos conviven con una sola persona, que tambi\u00e9n result\u00f3 aislada siguiendo los protocolos establecidos para evitar la propagaci\u00f3n del coronavirus.<\/p>\n<p>Desde el Ministerio confirmaron a T\u00e9lam que\u00a0<strong>quienes compartieron el vuelo con los contagiados no son contactos estrechos\u00a0<\/strong>porque para eso deben estar en contacto 48 horas antes del inicio de los s\u00edntomas o de la PCR positiva.<\/p>\n<p>No obstante, solicitaron informaci\u00f3n a Migraciones para realizar un seguimiento de las personas que iban en los dos aviones.<\/p>\n<p>En abril pasado, dos ni\u00f1os hab\u00edan sido detectados con la variante Delta de coronavirus al llegar al pa\u00eds del exterior, pero tambi\u00e9n fueron aislados y se evit\u00f3 que contagiaran a m\u00e1s personas.<\/p><\/div>\n<\/div>\n<\/div>\n<\/div>\n<\/div>\n","protected":false},"excerpt":{"rendered":"<p>Son una persona de 42 a\u00f1os que volvi\u00f3 de Estados Unidos y una de 34, que pas\u00f3 dos meses en Venezuela. Ambos ten\u00edan PCR negativos antes de subir al avi\u00f3n y un resultado similar en el test de ant\u00edgenos en Ezeiza, pero comenzaron a tener s\u00edntomas d\u00edas despu\u00e9s de su llegada.<\/p>\n","protected":false},"author":3,"featured_media":0,"comment_status":"closed","ping_status":"closed","sticky":false,"template":"","format":"standard","meta":{"footnotes":""},"categories":[30],"tags":[48],"class_list":["post-59682","post","type-post","status-publish","format-standard","hentry","category-salud","tag-destacada"],"yoast_head":"<!-- This site is optimized with the Yoast SEO plugin v25.9 - https:\/\/yoast.com\/wordpress\/plugins\/seo\/ -->\n<title>Confirmaron dos casos de coronavirus de variante Delta en residentes en CABA tras su regreso al pa\u00eds - Noticias Radio Reflejos<\/title>\n<meta name=\"robots\" content=\"index, follow, max-snippet:-1, max-image-preview:large, max-video-preview:-1\" \/>\n<link rel=\"canonical\" href=\"https:\/\/www.noticiasradioreflejos.com.ar\/2021\/confirmaron-dos-casos-de-coronavirus-de-variante-delta-en-residentes-en-caba-tras-su-regreso-al-pais\/\" \/>\n<meta property=\"og:locale\" content=\"es_ES\" \/>\n<meta property=\"og:type\" content=\"article\" \/>\n<meta property=\"og:title\" content=\"Confirmaron dos casos de coronavirus de variante Delta en residentes en CABA tras su regreso al pa\u00eds - Noticias Radio Reflejos\" \/>\n<meta property=\"og:description\" content=\"Son una persona de 42 a\u00f1os que volvi\u00f3 de Estados Unidos y una de 34, que pas\u00f3 dos meses en Venezuela. Ambos ten\u00edan PCR negativos antes de subir al avi\u00f3n y un resultado similar en el test de ant\u00edgenos en Ezeiza, pero comenzaron a tener s\u00edntomas d\u00edas despu\u00e9s de su llegada.\" \/>\n<meta property=\"og:url\" content=\"https:\/\/www.noticiasradioreflejos.com.ar\/2021\/confirmaron-dos-casos-de-coronavirus-de-variante-delta-en-residentes-en-caba-tras-su-regreso-al-pais\/\" \/>\n<meta property=\"og:site_name\" content=\"Noticias Radio Reflejos\" \/>\n<meta property=\"article:published_time\" content=\"2021-07-02T18:13:44+00:00\" \/>\n<meta property=\"og:image\" content=\"https:\/\/www.telam.com.ar\/advf\/imagenes\/2020\/12\/5fdffa3f89dda_1004x565.jpg\" \/>\n<meta name=\"author\" content=\"Arnaldo Botto\" \/>\n<meta name=\"twitter:card\" content=\"summary_large_image\" \/>\n<script type=\"application\/ld+json\" class=\"yoast-schema-graph\">{\"@context\":\"https:\/\/schema.org\",\"@graph\":[{\"@type\":\"WebPage\",\"@id\":\"https:\/\/www.noticiasradioreflejos.com.ar\/2021\/confirmaron-dos-casos-de-coronavirus-de-variante-delta-en-residentes-en-caba-tras-su-regreso-al-pais\/\",\"url\":\"https:\/\/www.noticiasradioreflejos.com.ar\/2021\/confirmaron-dos-casos-de-coronavirus-de-variante-delta-en-residentes-en-caba-tras-su-regreso-al-pais\/\",\"name\":\"Confirmaron dos casos de coronavirus de variante Delta en residentes en CABA tras su regreso al pa\u00eds - Noticias Radio Reflejos\",\"isPartOf\":{\"@id\":\"https:\/\/www.noticiasradioreflejos.com.ar\/2021\/#website\"},\"primaryImageOfPage\":{\"@id\":\"https:\/\/www.noticiasradioreflejos.com.ar\/2021\/confirmaron-dos-casos-de-coronavirus-de-variante-delta-en-residentes-en-caba-tras-su-regreso-al-pais\/#primaryimage\"},\"image\":{\"@id\":\"https:\/\/www.noticiasradioreflejos.com.ar\/2021\/confirmaron-dos-casos-de-coronavirus-de-variante-delta-en-residentes-en-caba-tras-su-regreso-al-pais\/#primaryimage\"},\"thumbnailUrl\":\"https:\/\/www.telam.com.ar\/advf\/imagenes\/2020\/12\/5fdffa3f89dda_1004x565.jpg\",\"datePublished\":\"2021-07-02T18:13:44+00:00\",\"author\":{\"@id\":\"https:\/\/www.noticiasradioreflejos.com.ar\/2021\/#\/schema\/person\/ad82545263dcc5ec0996818884fd5fb1\"},\"breadcrumb\":{\"@id\":\"https:\/\/www.noticiasradioreflejos.com.ar\/2021\/confirmaron-dos-casos-de-coronavirus-de-variante-delta-en-residentes-en-caba-tras-su-regreso-al-pais\/#breadcrumb\"},\"inLanguage\":\"es\",\"potentialAction\":[{\"@type\":\"ReadAction\",\"target\":[\"https:\/\/www.noticiasradioreflejos.com.ar\/2021\/confirmaron-dos-casos-de-coronavirus-de-variante-delta-en-residentes-en-caba-tras-su-regreso-al-pais\/\"]}]},{\"@type\":\"ImageObject\",\"inLanguage\":\"es\",\"@id\":\"https:\/\/www.noticiasradioreflejos.com.ar\/2021\/confirmaron-dos-casos-de-coronavirus-de-variante-delta-en-residentes-en-caba-tras-su-regreso-al-pais\/#primaryimage\",\"url\":\"https:\/\/www.telam.com.ar\/advf\/imagenes\/2020\/12\/5fdffa3f89dda_1004x565.jpg\",\"contentUrl\":\"https:\/\/www.telam.com.ar\/advf\/imagenes\/2020\/12\/5fdffa3f89dda_1004x565.jpg\"},{\"@type\":\"BreadcrumbList\",\"@id\":\"https:\/\/www.noticiasradioreflejos.com.ar\/2021\/confirmaron-dos-casos-de-coronavirus-de-variante-delta-en-residentes-en-caba-tras-su-regreso-al-pais\/#breadcrumb\",\"itemListElement\":[{\"@type\":\"ListItem\",\"position\":1,\"name\":\"Portada\",\"item\":\"https:\/\/www.noticiasradioreflejos.com.ar\/2021\/\"},{\"@type\":\"ListItem\",\"position\":2,\"name\":\"Confirmaron dos casos de coronavirus de variante Delta en residentes en CABA tras su regreso al pa\u00eds\"}]},{\"@type\":\"WebSite\",\"@id\":\"https:\/\/www.noticiasradioreflejos.com.ar\/2021\/#website\",\"url\":\"https:\/\/www.noticiasradioreflejos.com.ar\/2021\/\",\"name\":\"Noticias Radio Reflejos\",\"description\":\"Las noticias de mi comarca\",\"potentialAction\":[{\"@type\":\"SearchAction\",\"target\":{\"@type\":\"EntryPoint\",\"urlTemplate\":\"https:\/\/www.noticiasradioreflejos.com.ar\/2021\/?s={search_term_string}\"},\"query-input\":{\"@type\":\"PropertyValueSpecification\",\"valueRequired\":true,\"valueName\":\"search_term_string\"}}],\"inLanguage\":\"es\"},{\"@type\":\"Person\",\"@id\":\"https:\/\/www.noticiasradioreflejos.com.ar\/2021\/#\/schema\/person\/ad82545263dcc5ec0996818884fd5fb1\",\"name\":\"Arnaldo Botto\",\"image\":{\"@type\":\"ImageObject\",\"inLanguage\":\"es\",\"@id\":\"https:\/\/www.noticiasradioreflejos.com.ar\/2021\/#\/schema\/person\/image\/\",\"url\":\"https:\/\/secure.gravatar.com\/avatar\/55cb5e37c1efa326397366e6974cb338056df65cb50e7d64d1cf314e87504837?s=96&d=mm&r=g\",\"contentUrl\":\"https:\/\/secure.gravatar.com\/avatar\/55cb5e37c1efa326397366e6974cb338056df65cb50e7d64d1cf314e87504837?s=96&d=mm&r=g\",\"caption\":\"Arnaldo Botto\"},\"url\":\"https:\/\/www.noticiasradioreflejos.com.ar\/2021\/author\/arnaldo\/\"}]}<\/script>\n<!-- \/ Yoast SEO plugin. -->","yoast_head_json":{"title":"Confirmaron dos casos de coronavirus de variante Delta en residentes en CABA tras su regreso al pa\u00eds - Noticias Radio Reflejos","robots":{"index":"index","follow":"follow","max-snippet":"max-snippet:-1","max-image-preview":"max-image-preview:large","max-video-preview":"max-video-preview:-1"},"canonical":"https:\/\/www.noticiasradioreflejos.com.ar\/2021\/confirmaron-dos-casos-de-coronavirus-de-variante-delta-en-residentes-en-caba-tras-su-regreso-al-pais\/","og_locale":"es_ES","og_type":"article","og_title":"Confirmaron dos casos de coronavirus de variante Delta en residentes en CABA tras su regreso al pa\u00eds - Noticias Radio Reflejos","og_description":"Son una persona de 42 a\u00f1os que volvi\u00f3 de Estados Unidos y una de 34, que pas\u00f3 dos meses en Venezuela. Ambos ten\u00edan PCR negativos antes de subir al avi\u00f3n y un resultado similar en el test de ant\u00edgenos en Ezeiza, pero comenzaron a tener s\u00edntomas d\u00edas despu\u00e9s de su llegada.","og_url":"https:\/\/www.noticiasradioreflejos.com.ar\/2021\/confirmaron-dos-casos-de-coronavirus-de-variante-delta-en-residentes-en-caba-tras-su-regreso-al-pais\/","og_site_name":"Noticias Radio Reflejos","article_published_time":"2021-07-02T18:13:44+00:00","og_image":[{"url":"https:\/\/www.telam.com.ar\/advf\/imagenes\/2020\/12\/5fdffa3f89dda_1004x565.jpg","type":"","width":"","height":""}],"author":"Arnaldo Botto","twitter_card":"summary_large_image","schema":{"@context":"https:\/\/schema.org","@graph":[{"@type":"WebPage","@id":"https:\/\/www.noticiasradioreflejos.com.ar\/2021\/confirmaron-dos-casos-de-coronavirus-de-variante-delta-en-residentes-en-caba-tras-su-regreso-al-pais\/","url":"https:\/\/www.noticiasradioreflejos.com.ar\/2021\/confirmaron-dos-casos-de-coronavirus-de-variante-delta-en-residentes-en-caba-tras-su-regreso-al-pais\/","name":"Confirmaron dos casos de coronavirus de variante Delta en residentes en CABA tras su regreso al pa\u00eds - Noticias Radio Reflejos","isPartOf":{"@id":"https:\/\/www.noticiasradioreflejos.com.ar\/2021\/#website"},"primaryImageOfPage":{"@id":"https:\/\/www.noticiasradioreflejos.com.ar\/2021\/confirmaron-dos-casos-de-coronavirus-de-variante-delta-en-residentes-en-caba-tras-su-regreso-al-pais\/#primaryimage"},"image":{"@id":"https:\/\/www.noticiasradioreflejos.com.ar\/2021\/confirmaron-dos-casos-de-coronavirus-de-variante-delta-en-residentes-en-caba-tras-su-regreso-al-pais\/#primaryimage"},"thumbnailUrl":"https:\/\/www.telam.com.ar\/advf\/imagenes\/2020\/12\/5fdffa3f89dda_1004x565.jpg","datePublished":"2021-07-02T18:13:44+00:00","author":{"@id":"https:\/\/www.noticiasradioreflejos.com.ar\/2021\/#\/schema\/person\/ad82545263dcc5ec0996818884fd5fb1"},"breadcrumb":{"@id":"https:\/\/www.noticiasradioreflejos.com.ar\/2021\/confirmaron-dos-casos-de-coronavirus-de-variante-delta-en-residentes-en-caba-tras-su-regreso-al-pais\/#breadcrumb"},"inLanguage":"es","potentialAction":[{"@type":"ReadAction","target":["https:\/\/www.noticiasradioreflejos.com.ar\/2021\/confirmaron-dos-casos-de-coronavirus-de-variante-delta-en-residentes-en-caba-tras-su-regreso-al-pais\/"]}]},{"@type":"ImageObject","inLanguage":"es","@id":"https:\/\/www.noticiasradioreflejos.com.ar\/2021\/confirmaron-dos-casos-de-coronavirus-de-variante-delta-en-residentes-en-caba-tras-su-regreso-al-pais\/#primaryimage","url":"https:\/\/www.telam.com.ar\/advf\/imagenes\/2020\/12\/5fdffa3f89dda_1004x565.jpg","contentUrl":"https:\/\/www.telam.com.ar\/advf\/imagenes\/2020\/12\/5fdffa3f89dda_1004x565.jpg"},{"@type":"BreadcrumbList","@id":"https:\/\/www.noticiasradioreflejos.com.ar\/2021\/confirmaron-dos-casos-de-coronavirus-de-variante-delta-en-residentes-en-caba-tras-su-regreso-al-pais\/#breadcrumb","itemListElement":[{"@type":"ListItem","position":1,"name":"Portada","item":"https:\/\/www.noticiasradioreflejos.com.ar\/2021\/"},{"@type":"ListItem","position":2,"name":"Confirmaron dos casos de coronavirus de variante Delta en residentes en CABA tras su regreso al pa\u00eds"}]},{"@type":"WebSite","@id":"https:\/\/www.noticiasradioreflejos.com.ar\/2021\/#website","url":"https:\/\/www.noticiasradioreflejos.com.ar\/2021\/","name":"Noticias Radio Reflejos","description":"Las noticias de mi comarca","potentialAction":[{"@type":"SearchAction","target":{"@type":"EntryPoint","urlTemplate":"https:\/\/www.noticiasradioreflejos.com.ar\/2021\/?s={search_term_string}"},"query-input":{"@type":"PropertyValueSpecification","valueRequired":true,"valueName":"search_term_string"}}],"inLanguage":"es"},{"@type":"Person","@id":"https:\/\/www.noticiasradioreflejos.com.ar\/2021\/#\/schema\/person\/ad82545263dcc5ec0996818884fd5fb1","name":"Arnaldo Botto","image":{"@type":"ImageObject","inLanguage":"es","@id":"https:\/\/www.noticiasradioreflejos.com.ar\/2021\/#\/schema\/person\/image\/","url":"https:\/\/secure.gravatar.com\/avatar\/55cb5e37c1efa326397366e6974cb338056df65cb50e7d64d1cf314e87504837?s=96&d=mm&r=g","contentUrl":"https:\/\/secure.gravatar.com\/avatar\/55cb5e37c1efa326397366e6974cb338056df65cb50e7d64d1cf314e87504837?s=96&d=mm&r=g","caption":"Arnaldo Botto"},"url":"https:\/\/www.noticiasradioreflejos.com.ar\/2021\/author\/arnaldo\/"}]}},"_links":{"self":[{"href":"https:\/\/www.noticiasradioreflejos.com.ar\/2021\/wp-json\/wp\/v2\/posts\/59682","targetHints":{"allow":["GET"]}}],"collection":[{"href":"https:\/\/www.noticiasradioreflejos.com.ar\/2021\/wp-json\/wp\/v2\/posts"}],"about":[{"href":"https:\/\/www.noticiasradioreflejos.com.ar\/2021\/wp-json\/wp\/v2\/types\/post"}],"author":[{"embeddable":true,"href":"https:\/\/www.noticiasradioreflejos.com.ar\/2021\/wp-json\/wp\/v2\/users\/3"}],"replies":[{"embeddable":true,"href":"https:\/\/www.noticiasradioreflejos.com.ar\/2021\/wp-json\/wp\/v2\/comments?post=59682"}],"version-history":[{"count":1,"href":"https:\/\/www.noticiasradioreflejos.com.ar\/2021\/wp-json\/wp\/v2\/posts\/59682\/revisions"}],"predecessor-version":[{"id":59683,"href":"https:\/\/www.noticiasradioreflejos.com.ar\/2021\/wp-json\/wp\/v2\/posts\/59682\/revisions\/59683"}],"wp:attachment":[{"href":"https:\/\/www.noticiasradioreflejos.com.ar\/2021\/wp-json\/wp\/v2\/media?parent=59682"}],"wp:term":[{"taxonomy":"category","embeddable":true,"href":"https:\/\/www.noticiasradioreflejos.com.ar\/2021\/wp-json\/wp\/v2\/categories?post=59682"},{"taxonomy":"post_tag","embeddable":true,"href":"https:\/\/www.noticiasradioreflejos.com.ar\/2021\/wp-json\/wp\/v2\/tags?post=59682"}],"curies":[{"name":"wp","href":"https:\/\/api.w.org\/{rel}","templated":true}]}}