{"id":59676,"date":"2021-07-02T14:58:07","date_gmt":"2021-07-02T14:58:07","guid":{"rendered":"http:\/\/www.noticiasradioreflejos.com.ar\/2021\/?p=59676"},"modified":"2021-07-02T15:00:38","modified_gmt":"2021-07-02T15:00:38","slug":"sueno-logrado-una-historia-agradable-para-leer-y-contar","status":"publish","type":"post","link":"https:\/\/www.noticiasradioreflejos.com.ar\/2021\/sueno-logrado-una-historia-agradable-para-leer-y-contar\/","title":{"rendered":"\u00bb SUE\u00d1O LOGRADO \u00bb &#8211; Una historia agradable para leer y contar"},"content":{"rendered":"<p>Despu\u00e9s de haber cursado sus estudios primarios y secundarios en su pueblo natal, <strong>Nicolas Grassi<\/strong>\u00a0 busco el desaf\u00edo y anhelo de plasmar su vocaci\u00f3n.<!--more--><br \/>\n<a data-flickr-embed=\"true\" href=\"https:\/\/www.flickr.com\/photos\/182279889@N02\/51285284708\/in\/dateposted-public\/\" title=\"WhatsApp Image 2021-07-02 at 11.58.08\"><img loading=\"lazy\" decoding=\"async\" src=\"https:\/\/live.staticflickr.com\/65535\/51285284708_7a782786b7.jpg\" width=\"352\" height=\"500\" alt=\"WhatsApp Image 2021-07-02 at 11.58.08\"><\/a><script async src=\"\/\/embedr.flickr.com\/assets\/client-code.js\" charset=\"utf-8\"><\/script><\/p>\n<p>Es as\u00ed que en Enero del 2014 parte hacia Bah\u00eda Blanca , desde su Tornquist querido, para afrontar el desaf\u00edo de un estudio Universitario, lugar donde pod\u00eda obtener su ansiado deseo de ser Medico.<br \/>\nEs as\u00ed que el 26 de Marzo del 2021, su gran ilusi\u00f3n se ve concretada, llegando el \u00abd\u00eda esperado\u00bb.<br \/>\nDespu\u00e9s de siete a\u00f1os de intenso estudio y dedicaci\u00f3n llego el Examen Final , con optimo resultado.<br \/>\nMas tarde se realizo el acostumbrado festejo, junto a los otros recibidos, en el Parque de Mayo , donde descargaron tensiones acumuladas de diversas maneras.<\/p>\n<p><iframe loading=\"lazy\" title=\"YouTube video player\" src=\"https:\/\/www.youtube.com\/embed\/8lKvJnkZYDw\" width=\"636\" height=\"360\" frameborder=\"0\" allowfullscreen=\"allowfullscreen\"><\/iframe><\/p>\n<p>Por la noche se realizo una cena en agasajo al logro de Nicolas , con familiares y amigos , algo muy merecido, siendo el nuevo \u00abgaleno\u00bb centro de incalculables saludos por el merito logrado.<\/p>\n<p>Al cabo de tres meses del examen , llego la fecha de la Colaci\u00f3n de Grado , donde oficialmente definen a Nicolas Antonio Grassi como MEDICO &#8230;su sue\u00f1o se hizo realidad , el titulo que recibe respalda y categoriza la Profesi\u00f3n , por \u00e9l elegida.<\/p>\n<p>Un nativo de Tornquist que demostr\u00f3 que con responsabilidad , sacrificio y ah\u00ednco, se puede llegar a obtener la vocaci\u00f3n deseada<\/p>\n<p>\u00a1\u00a1\u00a1 EXITOS NICOLAS !!!<\/p>\n<p><a title=\"WhatsApp Image 2021-07-02 at 11.35.50\" href=\"https:\/\/www.flickr.com\/photos\/182279889@N02\/51285255428\/in\/dateposted-public\/\" data-flickr-embed=\"true\"><img loading=\"lazy\" decoding=\"async\" src=\"https:\/\/live.staticflickr.com\/65535\/51285255428_43317ff091_z.jpg\" alt=\"WhatsApp Image 2021-07-02 at 11.35.50\" width=\"481\" height=\"640\" \/><\/a><script async src=\"\/\/embedr.flickr.com\/assets\/client-code.js\" charset=\"utf-8\"><\/script><\/p>\n<p><a title=\"WhatsApp Image 2021-07-02 at 11.50.19\" href=\"https:\/\/www.flickr.com\/photos\/182279889@N02\/51285826379\/in\/dateposted-public\/\" data-flickr-embed=\"true\"><img loading=\"lazy\" decoding=\"async\" src=\"https:\/\/live.staticflickr.com\/65535\/51285826379_92d61d70bd_z.jpg\" alt=\"WhatsApp Image 2021-07-02 at 11.50.19\" width=\"378\" height=\"640\" \/><\/a><script async src=\"\/\/embedr.flickr.com\/assets\/client-code.js\" charset=\"utf-8\"><\/script><\/p>\n","protected":false},"excerpt":{"rendered":"<p>Despu\u00e9s de haber cursado sus estudios primarios y secundarios en su pueblo natal, Nicolas Grassi\u00a0 busco el desaf\u00edo y anhelo de plasmar su vocaci\u00f3n.<\/p>\n","protected":false},"author":3,"featured_media":0,"comment_status":"closed","ping_status":"closed","sticky":false,"template":"","format":"standard","meta":{"footnotes":""},"categories":[26],"tags":[],"class_list":["post-59676","post","type-post","status-publish","format-standard","hentry","category-sociedad"],"yoast_head":"<!-- This site is optimized with the Yoast SEO plugin v25.9 - https:\/\/yoast.com\/wordpress\/plugins\/seo\/ -->\n<title>&quot; SUE\u00d1O LOGRADO &quot; - Una historia agradable para leer y contar - Noticias Radio Reflejos<\/title>\n<meta name=\"robots\" content=\"index, follow, max-snippet:-1, max-image-preview:large, max-video-preview:-1\" \/>\n<link rel=\"canonical\" href=\"https:\/\/www.noticiasradioreflejos.com.ar\/2021\/sueno-logrado-una-historia-agradable-para-leer-y-contar\/\" \/>\n<meta property=\"og:locale\" content=\"es_ES\" \/>\n<meta property=\"og:type\" content=\"article\" \/>\n<meta property=\"og:title\" content=\"&quot; SUE\u00d1O LOGRADO &quot; - Una historia agradable para leer y contar - Noticias Radio Reflejos\" \/>\n<meta property=\"og:description\" content=\"Despu\u00e9s de haber cursado sus estudios primarios y secundarios en su pueblo natal, Nicolas Grassi\u00a0 busco el desaf\u00edo y anhelo de plasmar su vocaci\u00f3n.\" \/>\n<meta property=\"og:url\" content=\"https:\/\/www.noticiasradioreflejos.com.ar\/2021\/sueno-logrado-una-historia-agradable-para-leer-y-contar\/\" \/>\n<meta property=\"og:site_name\" content=\"Noticias Radio Reflejos\" \/>\n<meta property=\"article:published_time\" content=\"2021-07-02T14:58:07+00:00\" \/>\n<meta property=\"article:modified_time\" content=\"2021-07-02T15:00:38+00:00\" \/>\n<meta property=\"og:image\" content=\"https:\/\/live.staticflickr.com\/65535\/51285284708_7a782786b7.jpg\" \/>\n<meta name=\"author\" content=\"Arnaldo Botto\" \/>\n<meta name=\"twitter:card\" content=\"summary_large_image\" \/>\n<script type=\"application\/ld+json\" class=\"yoast-schema-graph\">{\"@context\":\"https:\/\/schema.org\",\"@graph\":[{\"@type\":\"WebPage\",\"@id\":\"https:\/\/www.noticiasradioreflejos.com.ar\/2021\/sueno-logrado-una-historia-agradable-para-leer-y-contar\/\",\"url\":\"https:\/\/www.noticiasradioreflejos.com.ar\/2021\/sueno-logrado-una-historia-agradable-para-leer-y-contar\/\",\"name\":\"\\\" SUE\u00d1O LOGRADO \\\" - Una historia agradable para leer y contar - Noticias Radio Reflejos\",\"isPartOf\":{\"@id\":\"https:\/\/www.noticiasradioreflejos.com.ar\/2021\/#website\"},\"primaryImageOfPage\":{\"@id\":\"https:\/\/www.noticiasradioreflejos.com.ar\/2021\/sueno-logrado-una-historia-agradable-para-leer-y-contar\/#primaryimage\"},\"image\":{\"@id\":\"https:\/\/www.noticiasradioreflejos.com.ar\/2021\/sueno-logrado-una-historia-agradable-para-leer-y-contar\/#primaryimage\"},\"thumbnailUrl\":\"https:\/\/live.staticflickr.com\/65535\/51285284708_7a782786b7.jpg\",\"datePublished\":\"2021-07-02T14:58:07+00:00\",\"dateModified\":\"2021-07-02T15:00:38+00:00\",\"author\":{\"@id\":\"https:\/\/www.noticiasradioreflejos.com.ar\/2021\/#\/schema\/person\/ad82545263dcc5ec0996818884fd5fb1\"},\"breadcrumb\":{\"@id\":\"https:\/\/www.noticiasradioreflejos.com.ar\/2021\/sueno-logrado-una-historia-agradable-para-leer-y-contar\/#breadcrumb\"},\"inLanguage\":\"es\",\"potentialAction\":[{\"@type\":\"ReadAction\",\"target\":[\"https:\/\/www.noticiasradioreflejos.com.ar\/2021\/sueno-logrado-una-historia-agradable-para-leer-y-contar\/\"]}]},{\"@type\":\"ImageObject\",\"inLanguage\":\"es\",\"@id\":\"https:\/\/www.noticiasradioreflejos.com.ar\/2021\/sueno-logrado-una-historia-agradable-para-leer-y-contar\/#primaryimage\",\"url\":\"https:\/\/live.staticflickr.com\/65535\/51285284708_7a782786b7.jpg\",\"contentUrl\":\"https:\/\/live.staticflickr.com\/65535\/51285284708_7a782786b7.jpg\"},{\"@type\":\"BreadcrumbList\",\"@id\":\"https:\/\/www.noticiasradioreflejos.com.ar\/2021\/sueno-logrado-una-historia-agradable-para-leer-y-contar\/#breadcrumb\",\"itemListElement\":[{\"@type\":\"ListItem\",\"position\":1,\"name\":\"Portada\",\"item\":\"https:\/\/www.noticiasradioreflejos.com.ar\/2021\/\"},{\"@type\":\"ListItem\",\"position\":2,\"name\":\"\u00bb SUE\u00d1O LOGRADO \u00bb &#8211; Una historia agradable para leer y contar\"}]},{\"@type\":\"WebSite\",\"@id\":\"https:\/\/www.noticiasradioreflejos.com.ar\/2021\/#website\",\"url\":\"https:\/\/www.noticiasradioreflejos.com.ar\/2021\/\",\"name\":\"Noticias Radio Reflejos\",\"description\":\"Las noticias de mi comarca\",\"potentialAction\":[{\"@type\":\"SearchAction\",\"target\":{\"@type\":\"EntryPoint\",\"urlTemplate\":\"https:\/\/www.noticiasradioreflejos.com.ar\/2021\/?s={search_term_string}\"},\"query-input\":{\"@type\":\"PropertyValueSpecification\",\"valueRequired\":true,\"valueName\":\"search_term_string\"}}],\"inLanguage\":\"es\"},{\"@type\":\"Person\",\"@id\":\"https:\/\/www.noticiasradioreflejos.com.ar\/2021\/#\/schema\/person\/ad82545263dcc5ec0996818884fd5fb1\",\"name\":\"Arnaldo Botto\",\"image\":{\"@type\":\"ImageObject\",\"inLanguage\":\"es\",\"@id\":\"https:\/\/www.noticiasradioreflejos.com.ar\/2021\/#\/schema\/person\/image\/\",\"url\":\"https:\/\/secure.gravatar.com\/avatar\/55cb5e37c1efa326397366e6974cb338056df65cb50e7d64d1cf314e87504837?s=96&d=mm&r=g\",\"contentUrl\":\"https:\/\/secure.gravatar.com\/avatar\/55cb5e37c1efa326397366e6974cb338056df65cb50e7d64d1cf314e87504837?s=96&d=mm&r=g\",\"caption\":\"Arnaldo Botto\"},\"url\":\"https:\/\/www.noticiasradioreflejos.com.ar\/2021\/author\/arnaldo\/\"}]}<\/script>\n<!-- \/ Yoast SEO plugin. -->","yoast_head_json":{"title":"\" SUE\u00d1O LOGRADO \" - Una historia agradable para leer y contar - Noticias Radio Reflejos","robots":{"index":"index","follow":"follow","max-snippet":"max-snippet:-1","max-image-preview":"max-image-preview:large","max-video-preview":"max-video-preview:-1"},"canonical":"https:\/\/www.noticiasradioreflejos.com.ar\/2021\/sueno-logrado-una-historia-agradable-para-leer-y-contar\/","og_locale":"es_ES","og_type":"article","og_title":"\" SUE\u00d1O LOGRADO \" - Una historia agradable para leer y contar - Noticias Radio Reflejos","og_description":"Despu\u00e9s de haber cursado sus estudios primarios y secundarios en su pueblo natal, Nicolas Grassi\u00a0 busco el desaf\u00edo y anhelo de plasmar su vocaci\u00f3n.","og_url":"https:\/\/www.noticiasradioreflejos.com.ar\/2021\/sueno-logrado-una-historia-agradable-para-leer-y-contar\/","og_site_name":"Noticias Radio Reflejos","article_published_time":"2021-07-02T14:58:07+00:00","article_modified_time":"2021-07-02T15:00:38+00:00","og_image":[{"url":"https:\/\/live.staticflickr.com\/65535\/51285284708_7a782786b7.jpg","type":"","width":"","height":""}],"author":"Arnaldo Botto","twitter_card":"summary_large_image","schema":{"@context":"https:\/\/schema.org","@graph":[{"@type":"WebPage","@id":"https:\/\/www.noticiasradioreflejos.com.ar\/2021\/sueno-logrado-una-historia-agradable-para-leer-y-contar\/","url":"https:\/\/www.noticiasradioreflejos.com.ar\/2021\/sueno-logrado-una-historia-agradable-para-leer-y-contar\/","name":"\" SUE\u00d1O LOGRADO \" - Una historia agradable para leer y contar - Noticias Radio Reflejos","isPartOf":{"@id":"https:\/\/www.noticiasradioreflejos.com.ar\/2021\/#website"},"primaryImageOfPage":{"@id":"https:\/\/www.noticiasradioreflejos.com.ar\/2021\/sueno-logrado-una-historia-agradable-para-leer-y-contar\/#primaryimage"},"image":{"@id":"https:\/\/www.noticiasradioreflejos.com.ar\/2021\/sueno-logrado-una-historia-agradable-para-leer-y-contar\/#primaryimage"},"thumbnailUrl":"https:\/\/live.staticflickr.com\/65535\/51285284708_7a782786b7.jpg","datePublished":"2021-07-02T14:58:07+00:00","dateModified":"2021-07-02T15:00:38+00:00","author":{"@id":"https:\/\/www.noticiasradioreflejos.com.ar\/2021\/#\/schema\/person\/ad82545263dcc5ec0996818884fd5fb1"},"breadcrumb":{"@id":"https:\/\/www.noticiasradioreflejos.com.ar\/2021\/sueno-logrado-una-historia-agradable-para-leer-y-contar\/#breadcrumb"},"inLanguage":"es","potentialAction":[{"@type":"ReadAction","target":["https:\/\/www.noticiasradioreflejos.com.ar\/2021\/sueno-logrado-una-historia-agradable-para-leer-y-contar\/"]}]},{"@type":"ImageObject","inLanguage":"es","@id":"https:\/\/www.noticiasradioreflejos.com.ar\/2021\/sueno-logrado-una-historia-agradable-para-leer-y-contar\/#primaryimage","url":"https:\/\/live.staticflickr.com\/65535\/51285284708_7a782786b7.jpg","contentUrl":"https:\/\/live.staticflickr.com\/65535\/51285284708_7a782786b7.jpg"},{"@type":"BreadcrumbList","@id":"https:\/\/www.noticiasradioreflejos.com.ar\/2021\/sueno-logrado-una-historia-agradable-para-leer-y-contar\/#breadcrumb","itemListElement":[{"@type":"ListItem","position":1,"name":"Portada","item":"https:\/\/www.noticiasradioreflejos.com.ar\/2021\/"},{"@type":"ListItem","position":2,"name":"\u00bb SUE\u00d1O LOGRADO \u00bb &#8211; Una historia agradable para leer y contar"}]},{"@type":"WebSite","@id":"https:\/\/www.noticiasradioreflejos.com.ar\/2021\/#website","url":"https:\/\/www.noticiasradioreflejos.com.ar\/2021\/","name":"Noticias Radio Reflejos","description":"Las noticias de mi comarca","potentialAction":[{"@type":"SearchAction","target":{"@type":"EntryPoint","urlTemplate":"https:\/\/www.noticiasradioreflejos.com.ar\/2021\/?s={search_term_string}"},"query-input":{"@type":"PropertyValueSpecification","valueRequired":true,"valueName":"search_term_string"}}],"inLanguage":"es"},{"@type":"Person","@id":"https:\/\/www.noticiasradioreflejos.com.ar\/2021\/#\/schema\/person\/ad82545263dcc5ec0996818884fd5fb1","name":"Arnaldo Botto","image":{"@type":"ImageObject","inLanguage":"es","@id":"https:\/\/www.noticiasradioreflejos.com.ar\/2021\/#\/schema\/person\/image\/","url":"https:\/\/secure.gravatar.com\/avatar\/55cb5e37c1efa326397366e6974cb338056df65cb50e7d64d1cf314e87504837?s=96&d=mm&r=g","contentUrl":"https:\/\/secure.gravatar.com\/avatar\/55cb5e37c1efa326397366e6974cb338056df65cb50e7d64d1cf314e87504837?s=96&d=mm&r=g","caption":"Arnaldo Botto"},"url":"https:\/\/www.noticiasradioreflejos.com.ar\/2021\/author\/arnaldo\/"}]}},"_links":{"self":[{"href":"https:\/\/www.noticiasradioreflejos.com.ar\/2021\/wp-json\/wp\/v2\/posts\/59676","targetHints":{"allow":["GET"]}}],"collection":[{"href":"https:\/\/www.noticiasradioreflejos.com.ar\/2021\/wp-json\/wp\/v2\/posts"}],"about":[{"href":"https:\/\/www.noticiasradioreflejos.com.ar\/2021\/wp-json\/wp\/v2\/types\/post"}],"author":[{"embeddable":true,"href":"https:\/\/www.noticiasradioreflejos.com.ar\/2021\/wp-json\/wp\/v2\/users\/3"}],"replies":[{"embeddable":true,"href":"https:\/\/www.noticiasradioreflejos.com.ar\/2021\/wp-json\/wp\/v2\/comments?post=59676"}],"version-history":[{"count":2,"href":"https:\/\/www.noticiasradioreflejos.com.ar\/2021\/wp-json\/wp\/v2\/posts\/59676\/revisions"}],"predecessor-version":[{"id":59679,"href":"https:\/\/www.noticiasradioreflejos.com.ar\/2021\/wp-json\/wp\/v2\/posts\/59676\/revisions\/59679"}],"wp:attachment":[{"href":"https:\/\/www.noticiasradioreflejos.com.ar\/2021\/wp-json\/wp\/v2\/media?parent=59676"}],"wp:term":[{"taxonomy":"category","embeddable":true,"href":"https:\/\/www.noticiasradioreflejos.com.ar\/2021\/wp-json\/wp\/v2\/categories?post=59676"},{"taxonomy":"post_tag","embeddable":true,"href":"https:\/\/www.noticiasradioreflejos.com.ar\/2021\/wp-json\/wp\/v2\/tags?post=59676"}],"curies":[{"name":"wp","href":"https:\/\/api.w.org\/{rel}","templated":true}]}}