{"id":59657,"date":"2021-07-02T12:14:17","date_gmt":"2021-07-02T12:14:17","guid":{"rendered":"http:\/\/www.noticiasradioreflejos.com.ar\/2021\/?p=59657"},"modified":"2021-07-02T12:14:17","modified_gmt":"2021-07-02T12:14:17","slug":"se-exime-del-pago-de-tasas-municipales-a-rubros-comerciales-afectados-por-la-pandemia","status":"publish","type":"post","link":"https:\/\/www.noticiasradioreflejos.com.ar\/2021\/se-exime-del-pago-de-tasas-municipales-a-rubros-comerciales-afectados-por-la-pandemia\/","title":{"rendered":"Se exime del pago de tasas municipales a rubros comerciales afectados por la pandemia"},"content":{"rendered":"<p>Tal como lo establece la Ordenanza N\u00b0 3350\/21, impulsada por el Departamento Ejecutivo, el municipio de Tornquist eximir\u00e1 del pago de tasas a rubros comerciales que vieron afectada su actividad econ\u00f3mica por la pandemia de Covid-19.<!--more--><\/p>\n<p>En primer t\u00e9rmino, se exceptuar\u00e1 del abono de las cuotas 3 a 6 de la Tasa por Inspecci\u00f3n de Seguridad e Higiene, a todos los prestadores y operadores tur\u00edsticos, como restaurantes, confiter\u00edas, salones de t\u00e9, bares y otros establecimientos similares hoteles, alojamientos, hoster\u00edas, caba\u00f1as, camping y similares.<\/p>\n<p>Tambi\u00e9n, se incluir\u00e1 a los comercios que prestan servicios de esparcimiento, como los gimnasios.<\/p>\n<p>Para obtener el beneficio, es requisito tener pagas las cuotas 1 y 2 del presente a\u00f1o de la mencionada tasa antes del 31 de diciembre 2021.<\/p>\n<p>As\u00ed mismo, se eximir\u00e1 del pago de las cuotas 7 a 12 de las Tasas de Salud y Servicios P\u00fablicos Urbanos a los comercios anteriormente mencionados.<\/p>\n<p><strong>Quienes deseen acceder al beneficio, deber\u00e1n:<\/strong><\/p>\n<p>-Presentar Declaraci\u00f3n Jurada suscripta por el titular del comercio, indicando la partida sobre la cual recae el beneficio de exenci\u00f3n. Debe ser \u00fanica y corresponder al local comercial donde se ejerce la actividad. Se descarga en <a href=\"http:\/\/tornquist.gob.ar\/wp-content\/uploads\/2021\/06\/DDJJ-SEG-HIG-SPU.pdf\">http:\/\/tornquist.gob.ar\/wp-content\/uploads\/2021\/06\/DDJJ-SEG-HIG-SPU.pdf<\/a>.<\/p>\n<p>-Tener abonadas las cuotas 1 a 6 del presente a\u00f1o, de las tasas que se solicita la exenci\u00f3n. Aquellos que las tengan impagas dentro del presente ejercicio, podr\u00e1n regularizar la situaci\u00f3n a trav\u00e9s de Convenio, cuyas cuotas devengar\u00e1n del inter\u00e9s vigente para los planes de facilidades de pago.<\/p>\n<p>La solicitud de las exenciones se realiza v\u00eda mail a <a href=\"mailto:computos@tornquist.gov.ar\">computos@tornquist.gov.ar<\/a>. Por mayor informaci\u00f3n, comunicarse con la oficina de C\u00f3mputos al (0291) 4941075 int. 110.<\/p>\n","protected":false},"excerpt":{"rendered":"<p>Tal como lo establece la Ordenanza N\u00b0 3350\/21, impulsada por el Departamento Ejecutivo, el municipio de Tornquist eximir\u00e1 del pago de tasas a rubros comerciales que vieron afectada su actividad econ\u00f3mica por la pandemia de Covid-19.<\/p>\n","protected":false},"author":3,"featured_media":0,"comment_status":"closed","ping_status":"closed","sticky":false,"template":"","format":"standard","meta":{"footnotes":""},"categories":[36,28],"tags":[],"class_list":["post-59657","post","type-post","status-publish","format-standard","hentry","category-economia","category-municipales"],"yoast_head":"<!-- This site is optimized with the Yoast SEO plugin v25.9 - https:\/\/yoast.com\/wordpress\/plugins\/seo\/ -->\n<title>Se exime del pago de tasas municipales a rubros comerciales afectados por la pandemia - Noticias Radio Reflejos<\/title>\n<meta name=\"robots\" content=\"index, follow, max-snippet:-1, max-image-preview:large, max-video-preview:-1\" \/>\n<link rel=\"canonical\" href=\"https:\/\/www.noticiasradioreflejos.com.ar\/2021\/se-exime-del-pago-de-tasas-municipales-a-rubros-comerciales-afectados-por-la-pandemia\/\" \/>\n<meta property=\"og:locale\" content=\"es_ES\" \/>\n<meta property=\"og:type\" content=\"article\" \/>\n<meta property=\"og:title\" content=\"Se exime del pago de tasas municipales a rubros comerciales afectados por la pandemia - Noticias Radio Reflejos\" \/>\n<meta property=\"og:description\" content=\"Tal como lo establece la Ordenanza N\u00b0 3350\/21, impulsada por el Departamento Ejecutivo, el municipio de Tornquist eximir\u00e1 del pago de tasas a rubros comerciales que vieron afectada su actividad econ\u00f3mica por la pandemia de Covid-19.\" \/>\n<meta property=\"og:url\" content=\"https:\/\/www.noticiasradioreflejos.com.ar\/2021\/se-exime-del-pago-de-tasas-municipales-a-rubros-comerciales-afectados-por-la-pandemia\/\" \/>\n<meta property=\"og:site_name\" content=\"Noticias Radio Reflejos\" \/>\n<meta property=\"article:published_time\" content=\"2021-07-02T12:14:17+00:00\" \/>\n<meta property=\"og:image\" content=\"https:\/\/www.noticiasradioreflejos.com.ar\/2021\/wp-content\/uploads\/2021\/07\/logosol300x200.png\" \/>\n\t<meta property=\"og:image:width\" content=\"300\" \/>\n\t<meta property=\"og:image:height\" content=\"200\" \/>\n\t<meta property=\"og:image:type\" content=\"image\/png\" \/>\n<meta name=\"author\" content=\"Arnaldo Botto\" \/>\n<meta name=\"twitter:card\" content=\"summary_large_image\" \/>\n<script type=\"application\/ld+json\" class=\"yoast-schema-graph\">{\"@context\":\"https:\/\/schema.org\",\"@graph\":[{\"@type\":\"WebPage\",\"@id\":\"https:\/\/www.noticiasradioreflejos.com.ar\/2021\/se-exime-del-pago-de-tasas-municipales-a-rubros-comerciales-afectados-por-la-pandemia\/\",\"url\":\"https:\/\/www.noticiasradioreflejos.com.ar\/2021\/se-exime-del-pago-de-tasas-municipales-a-rubros-comerciales-afectados-por-la-pandemia\/\",\"name\":\"Se exime del pago de tasas municipales a rubros comerciales afectados por la pandemia - Noticias Radio Reflejos\",\"isPartOf\":{\"@id\":\"https:\/\/www.noticiasradioreflejos.com.ar\/2021\/#website\"},\"datePublished\":\"2021-07-02T12:14:17+00:00\",\"author\":{\"@id\":\"https:\/\/www.noticiasradioreflejos.com.ar\/2021\/#\/schema\/person\/ad82545263dcc5ec0996818884fd5fb1\"},\"breadcrumb\":{\"@id\":\"https:\/\/www.noticiasradioreflejos.com.ar\/2021\/se-exime-del-pago-de-tasas-municipales-a-rubros-comerciales-afectados-por-la-pandemia\/#breadcrumb\"},\"inLanguage\":\"es\",\"potentialAction\":[{\"@type\":\"ReadAction\",\"target\":[\"https:\/\/www.noticiasradioreflejos.com.ar\/2021\/se-exime-del-pago-de-tasas-municipales-a-rubros-comerciales-afectados-por-la-pandemia\/\"]}]},{\"@type\":\"BreadcrumbList\",\"@id\":\"https:\/\/www.noticiasradioreflejos.com.ar\/2021\/se-exime-del-pago-de-tasas-municipales-a-rubros-comerciales-afectados-por-la-pandemia\/#breadcrumb\",\"itemListElement\":[{\"@type\":\"ListItem\",\"position\":1,\"name\":\"Portada\",\"item\":\"https:\/\/www.noticiasradioreflejos.com.ar\/2021\/\"},{\"@type\":\"ListItem\",\"position\":2,\"name\":\"Se exime del pago de tasas municipales a rubros comerciales afectados por la pandemia\"}]},{\"@type\":\"WebSite\",\"@id\":\"https:\/\/www.noticiasradioreflejos.com.ar\/2021\/#website\",\"url\":\"https:\/\/www.noticiasradioreflejos.com.ar\/2021\/\",\"name\":\"Noticias Radio Reflejos\",\"description\":\"Las noticias de mi comarca\",\"potentialAction\":[{\"@type\":\"SearchAction\",\"target\":{\"@type\":\"EntryPoint\",\"urlTemplate\":\"https:\/\/www.noticiasradioreflejos.com.ar\/2021\/?s={search_term_string}\"},\"query-input\":{\"@type\":\"PropertyValueSpecification\",\"valueRequired\":true,\"valueName\":\"search_term_string\"}}],\"inLanguage\":\"es\"},{\"@type\":\"Person\",\"@id\":\"https:\/\/www.noticiasradioreflejos.com.ar\/2021\/#\/schema\/person\/ad82545263dcc5ec0996818884fd5fb1\",\"name\":\"Arnaldo Botto\",\"image\":{\"@type\":\"ImageObject\",\"inLanguage\":\"es\",\"@id\":\"https:\/\/www.noticiasradioreflejos.com.ar\/2021\/#\/schema\/person\/image\/\",\"url\":\"https:\/\/secure.gravatar.com\/avatar\/55cb5e37c1efa326397366e6974cb338056df65cb50e7d64d1cf314e87504837?s=96&d=mm&r=g\",\"contentUrl\":\"https:\/\/secure.gravatar.com\/avatar\/55cb5e37c1efa326397366e6974cb338056df65cb50e7d64d1cf314e87504837?s=96&d=mm&r=g\",\"caption\":\"Arnaldo Botto\"},\"url\":\"https:\/\/www.noticiasradioreflejos.com.ar\/2021\/author\/arnaldo\/\"}]}<\/script>\n<!-- \/ Yoast SEO plugin. -->","yoast_head_json":{"title":"Se exime del pago de tasas municipales a rubros comerciales afectados por la pandemia - Noticias Radio Reflejos","robots":{"index":"index","follow":"follow","max-snippet":"max-snippet:-1","max-image-preview":"max-image-preview:large","max-video-preview":"max-video-preview:-1"},"canonical":"https:\/\/www.noticiasradioreflejos.com.ar\/2021\/se-exime-del-pago-de-tasas-municipales-a-rubros-comerciales-afectados-por-la-pandemia\/","og_locale":"es_ES","og_type":"article","og_title":"Se exime del pago de tasas municipales a rubros comerciales afectados por la pandemia - Noticias Radio Reflejos","og_description":"Tal como lo establece la Ordenanza N\u00b0 3350\/21, impulsada por el Departamento Ejecutivo, el municipio de Tornquist eximir\u00e1 del pago de tasas a rubros comerciales que vieron afectada su actividad econ\u00f3mica por la pandemia de Covid-19.","og_url":"https:\/\/www.noticiasradioreflejos.com.ar\/2021\/se-exime-del-pago-de-tasas-municipales-a-rubros-comerciales-afectados-por-la-pandemia\/","og_site_name":"Noticias Radio Reflejos","article_published_time":"2021-07-02T12:14:17+00:00","og_image":[{"width":300,"height":200,"url":"https:\/\/www.noticiasradioreflejos.com.ar\/2021\/wp-content\/uploads\/2021\/07\/logosol300x200.png","type":"image\/png"}],"author":"Arnaldo Botto","twitter_card":"summary_large_image","schema":{"@context":"https:\/\/schema.org","@graph":[{"@type":"WebPage","@id":"https:\/\/www.noticiasradioreflejos.com.ar\/2021\/se-exime-del-pago-de-tasas-municipales-a-rubros-comerciales-afectados-por-la-pandemia\/","url":"https:\/\/www.noticiasradioreflejos.com.ar\/2021\/se-exime-del-pago-de-tasas-municipales-a-rubros-comerciales-afectados-por-la-pandemia\/","name":"Se exime del pago de tasas municipales a rubros comerciales afectados por la pandemia - Noticias Radio Reflejos","isPartOf":{"@id":"https:\/\/www.noticiasradioreflejos.com.ar\/2021\/#website"},"datePublished":"2021-07-02T12:14:17+00:00","author":{"@id":"https:\/\/www.noticiasradioreflejos.com.ar\/2021\/#\/schema\/person\/ad82545263dcc5ec0996818884fd5fb1"},"breadcrumb":{"@id":"https:\/\/www.noticiasradioreflejos.com.ar\/2021\/se-exime-del-pago-de-tasas-municipales-a-rubros-comerciales-afectados-por-la-pandemia\/#breadcrumb"},"inLanguage":"es","potentialAction":[{"@type":"ReadAction","target":["https:\/\/www.noticiasradioreflejos.com.ar\/2021\/se-exime-del-pago-de-tasas-municipales-a-rubros-comerciales-afectados-por-la-pandemia\/"]}]},{"@type":"BreadcrumbList","@id":"https:\/\/www.noticiasradioreflejos.com.ar\/2021\/se-exime-del-pago-de-tasas-municipales-a-rubros-comerciales-afectados-por-la-pandemia\/#breadcrumb","itemListElement":[{"@type":"ListItem","position":1,"name":"Portada","item":"https:\/\/www.noticiasradioreflejos.com.ar\/2021\/"},{"@type":"ListItem","position":2,"name":"Se exime del pago de tasas municipales a rubros comerciales afectados por la pandemia"}]},{"@type":"WebSite","@id":"https:\/\/www.noticiasradioreflejos.com.ar\/2021\/#website","url":"https:\/\/www.noticiasradioreflejos.com.ar\/2021\/","name":"Noticias Radio Reflejos","description":"Las noticias de mi comarca","potentialAction":[{"@type":"SearchAction","target":{"@type":"EntryPoint","urlTemplate":"https:\/\/www.noticiasradioreflejos.com.ar\/2021\/?s={search_term_string}"},"query-input":{"@type":"PropertyValueSpecification","valueRequired":true,"valueName":"search_term_string"}}],"inLanguage":"es"},{"@type":"Person","@id":"https:\/\/www.noticiasradioreflejos.com.ar\/2021\/#\/schema\/person\/ad82545263dcc5ec0996818884fd5fb1","name":"Arnaldo Botto","image":{"@type":"ImageObject","inLanguage":"es","@id":"https:\/\/www.noticiasradioreflejos.com.ar\/2021\/#\/schema\/person\/image\/","url":"https:\/\/secure.gravatar.com\/avatar\/55cb5e37c1efa326397366e6974cb338056df65cb50e7d64d1cf314e87504837?s=96&d=mm&r=g","contentUrl":"https:\/\/secure.gravatar.com\/avatar\/55cb5e37c1efa326397366e6974cb338056df65cb50e7d64d1cf314e87504837?s=96&d=mm&r=g","caption":"Arnaldo Botto"},"url":"https:\/\/www.noticiasradioreflejos.com.ar\/2021\/author\/arnaldo\/"}]}},"_links":{"self":[{"href":"https:\/\/www.noticiasradioreflejos.com.ar\/2021\/wp-json\/wp\/v2\/posts\/59657","targetHints":{"allow":["GET"]}}],"collection":[{"href":"https:\/\/www.noticiasradioreflejos.com.ar\/2021\/wp-json\/wp\/v2\/posts"}],"about":[{"href":"https:\/\/www.noticiasradioreflejos.com.ar\/2021\/wp-json\/wp\/v2\/types\/post"}],"author":[{"embeddable":true,"href":"https:\/\/www.noticiasradioreflejos.com.ar\/2021\/wp-json\/wp\/v2\/users\/3"}],"replies":[{"embeddable":true,"href":"https:\/\/www.noticiasradioreflejos.com.ar\/2021\/wp-json\/wp\/v2\/comments?post=59657"}],"version-history":[{"count":1,"href":"https:\/\/www.noticiasradioreflejos.com.ar\/2021\/wp-json\/wp\/v2\/posts\/59657\/revisions"}],"predecessor-version":[{"id":59658,"href":"https:\/\/www.noticiasradioreflejos.com.ar\/2021\/wp-json\/wp\/v2\/posts\/59657\/revisions\/59658"}],"wp:attachment":[{"href":"https:\/\/www.noticiasradioreflejos.com.ar\/2021\/wp-json\/wp\/v2\/media?parent=59657"}],"wp:term":[{"taxonomy":"category","embeddable":true,"href":"https:\/\/www.noticiasradioreflejos.com.ar\/2021\/wp-json\/wp\/v2\/categories?post=59657"},{"taxonomy":"post_tag","embeddable":true,"href":"https:\/\/www.noticiasradioreflejos.com.ar\/2021\/wp-json\/wp\/v2\/tags?post=59657"}],"curies":[{"name":"wp","href":"https:\/\/api.w.org\/{rel}","templated":true}]}}