{"id":59652,"date":"2021-07-02T11:31:57","date_gmt":"2021-07-02T11:31:57","guid":{"rendered":"http:\/\/www.noticiasradioreflejos.com.ar\/2021\/?p=59652"},"modified":"2021-07-02T11:31:57","modified_gmt":"2021-07-02T11:31:57","slug":"diputados-aprobo-la-reforma-del-monotributo-que-beneficia-a-4-millones-de-contribuyentes","status":"publish","type":"post","link":"https:\/\/www.noticiasradioreflejos.com.ar\/2021\/diputados-aprobo-la-reforma-del-monotributo-que-beneficia-a-4-millones-de-contribuyentes\/","title":{"rendered":"Diputados aprob\u00f3 la reforma del Monotributo que beneficia a 4 millones de contribuyentes"},"content":{"rendered":"<p>La C\u00e1mara de Diputados aprob\u00f3 esta madrugada por amplia mayor\u00eda el proyecto de ley que crea un Programa de Fortalecimiento y Alivio Fiscal para Peque\u00f1os Contribuyentes, que permitir\u00e1 que los monotributistas no deban afrontar ninguna deuda acumulada por la diferencia resultante entre lo que pagaron entre enero y junio y los nuevos valores establecidos por la ley 27.618.<!--more--><\/p>\n<p>El respaldo alcanz\u00f3 los 233 votos afirmativos que fueron aportados por el Frente de Todos, Juntos por el Cambio, los interbloques Federal y Unidad Federal para el Desarrollo, Acci\u00f3n Federal y Movimiento Popular Neuquino, mientras que los dos legisladores de la izquierda se abstuvieron.<\/p>\n<div id=\"talkFireEvent\"><\/div>\n<p>Con este proyecto se busca dar mayor alivio fiscal y previsibilidad a la actividad econ\u00f3mica de los monotributistas que suman un total de 4.080.151 contribuyentes; de los cuales 1.592.466 (39%) se encuentran en el \u00c1rea Metropolitana de Buenos Aires (AMBA), y 2.487.685 (61%) en el resto del pa\u00eds.<\/p>\n<p>Los contribuyentes deb\u00edan pagar el monotributo con nuevos valores, pero la AFIP prorrog\u00f3 el vencimiento del monotributo del 25 de junio al 5 de agosto pr\u00f3ximo. Ahora deber\u00e1 tratarlo el Senado para transformarlo en ley.<\/p>\n<p>&nbsp;<\/p>\n<h2>Ganancias y Bienes Personales<\/h2>\n<p>El plenario legislativo tambi\u00e9n aprob\u00f3 y gir\u00f3 al Senado, por 227 votos a favor contra 3 en contra, un proyecto de reforma de los Impuestos a las Ganancias y de Bienes Personales con el fin de fomentar el ahorro en pesos, destinado a ampliar las exenciones en los mencionados Impuestos para los activos de inversiones financieras en moneda nacional.<\/p>\n<p>Uno de los puntos salientes fue que se elimin\u00f3 el art\u00edculo tercero que permit\u00eda gravar por Bienes Personales los plazos fijos que se depositen por un plazo menor a 275 d\u00edas, como hab\u00eda anunciado el titular del cuerpo, Sergio Massa.<\/p>\n<h2>Cuatro millones de beneficiados<\/h2>\n<p>Al abrir el debate, el presidente de la comisi\u00f3n de Presupuesto y Hacienda, Carlos Heller, se\u00f1al\u00f3 que ambos proyectos implican beneficios para la ciudadan\u00eda: \u00abTodo lo que hemos hecho en esta modificaci\u00f3n de la llamada Ley de Monotributo, est\u00e1 basado en ese criterio\u00bb. \u00abHemos dispuesto el sostenimiento de los valores de las cuotas que se pagan hasta junio, a los que hab\u00eda hasta diciembre del 20\u00bb, agreg\u00f3.<\/p>\n<p>Destac\u00f3 que \u00abes un proyecto que busca aliviar la situaci\u00f3n de 4 millones de monotributistas que ten\u00edan preocupaci\u00f3n y angustia, para los que ten\u00edan deudas\u00bb.<\/p>\n<p>Por su parte, el sindicalista y diputado oficialista Hugo Yasky se\u00f1al\u00f3 que este proyecto \u00abva a beneficiar a cuatro millones de monotributistas, forma parte de la l\u00f3gica de volver a poner el salario y el consumo interno como el movimiento que lleve a la recuperaci\u00f3n econ\u00f3mica\u00bb.<\/p>\n<p>Desde la oposici\u00f3n, el radical Luis Pastori dijo que esta ley viene \u00aba corregir la absurda situaci\u00f3n provocada por la mala administraci\u00f3n de la AFIP. sobre el retroactivo\u00bb y se\u00f1al\u00f3 que \u00abnos parece bien el aumento de los par\u00e1metros de facturaci\u00f3n bruta anual, que estaban muy desactualizados\u00bb.<\/p>\n<p>Uno de los aspectos que mayor debate gener\u00f3 fue el art\u00edculo 11 que se refer\u00eda a las condiciones para poder acceder a los beneficios y all\u00ed el oficialismo impuso su criterio por 132 contra 102 votos de Juntos por el Cambio.<\/p>\n<p>&nbsp;<\/p>\n<h2>Los cambios en el monotributo<\/h2>\n<p>A lo largo del proyecto del monotributo se fijan los incrementos que tendr\u00e1n escalas en las cuales las m\u00e1s bajas podr\u00e1n duplicar los montos de facturaci\u00f3n.<\/p>\n<p>Otro punto central es que aquellos que se excedieron de la facturaci\u00f3n prevista en su categor\u00eda podr\u00e1n permanecer en el r\u00e9gimen siempre que no superen la facturaci\u00f3n de $5,55 millones anuales y un patrimonio de hasta $6,5 millones.<\/p>\n<p>Asimismo, se contempla un plan de pagos para regularizar la deuda de los monotributistas, con un m\u00e1ximo de 60 cuotas, un inter\u00e9s de financiaci\u00f3n no superior a 1,5% mensual, para deudas que se ven\u00edan pagando en planes vigentes y caducos, y para contribuyentes que no ingresen al Alivio Fiscal Monotributo, entre otras cuestiones.<\/p>\n","protected":false},"excerpt":{"rendered":"<p>La C\u00e1mara de Diputados aprob\u00f3 esta madrugada por amplia mayor\u00eda el proyecto de ley que crea un Programa de Fortalecimiento y Alivio Fiscal para Peque\u00f1os Contribuyentes, que permitir\u00e1 que los monotributistas no deban afrontar ninguna deuda acumulada por la diferencia resultante entre lo que pagaron entre enero y junio y los nuevos valores establecidos por la ley 27.618.<\/p>\n","protected":false},"author":3,"featured_media":0,"comment_status":"closed","ping_status":"closed","sticky":false,"template":"","format":"standard","meta":{"footnotes":""},"categories":[36,24],"tags":[],"class_list":["post-59652","post","type-post","status-publish","format-standard","hentry","category-economia","category-politica"],"yoast_head":"<!-- This site is optimized with the Yoast SEO plugin v25.9 - https:\/\/yoast.com\/wordpress\/plugins\/seo\/ -->\n<title>Diputados aprob\u00f3 la reforma del Monotributo que beneficia a 4 millones de contribuyentes - Noticias Radio Reflejos<\/title>\n<meta name=\"robots\" content=\"index, follow, max-snippet:-1, max-image-preview:large, max-video-preview:-1\" \/>\n<link rel=\"canonical\" href=\"https:\/\/www.noticiasradioreflejos.com.ar\/2021\/diputados-aprobo-la-reforma-del-monotributo-que-beneficia-a-4-millones-de-contribuyentes\/\" \/>\n<meta property=\"og:locale\" content=\"es_ES\" \/>\n<meta property=\"og:type\" content=\"article\" \/>\n<meta property=\"og:title\" content=\"Diputados aprob\u00f3 la reforma del Monotributo que beneficia a 4 millones de contribuyentes - Noticias Radio Reflejos\" \/>\n<meta property=\"og:description\" content=\"La C\u00e1mara de Diputados aprob\u00f3 esta madrugada por amplia mayor\u00eda el proyecto de ley que crea un Programa de Fortalecimiento y Alivio Fiscal para Peque\u00f1os Contribuyentes, que permitir\u00e1 que los monotributistas no deban afrontar ninguna deuda acumulada por la diferencia resultante entre lo que pagaron entre enero y junio y los nuevos valores establecidos por la ley 27.618.\" \/>\n<meta property=\"og:url\" content=\"https:\/\/www.noticiasradioreflejos.com.ar\/2021\/diputados-aprobo-la-reforma-del-monotributo-que-beneficia-a-4-millones-de-contribuyentes\/\" \/>\n<meta property=\"og:site_name\" content=\"Noticias Radio Reflejos\" \/>\n<meta property=\"article:published_time\" content=\"2021-07-02T11:31:57+00:00\" \/>\n<meta property=\"og:image\" content=\"https:\/\/www.noticiasradioreflejos.com.ar\/2021\/wp-content\/uploads\/2021\/07\/logosol300x200.png\" \/>\n\t<meta property=\"og:image:width\" content=\"300\" \/>\n\t<meta property=\"og:image:height\" content=\"200\" \/>\n\t<meta property=\"og:image:type\" content=\"image\/png\" \/>\n<meta name=\"author\" content=\"Arnaldo Botto\" \/>\n<meta name=\"twitter:card\" content=\"summary_large_image\" \/>\n<script type=\"application\/ld+json\" class=\"yoast-schema-graph\">{\"@context\":\"https:\/\/schema.org\",\"@graph\":[{\"@type\":\"WebPage\",\"@id\":\"https:\/\/www.noticiasradioreflejos.com.ar\/2021\/diputados-aprobo-la-reforma-del-monotributo-que-beneficia-a-4-millones-de-contribuyentes\/\",\"url\":\"https:\/\/www.noticiasradioreflejos.com.ar\/2021\/diputados-aprobo-la-reforma-del-monotributo-que-beneficia-a-4-millones-de-contribuyentes\/\",\"name\":\"Diputados aprob\u00f3 la reforma del Monotributo que beneficia a 4 millones de contribuyentes - Noticias Radio Reflejos\",\"isPartOf\":{\"@id\":\"https:\/\/www.noticiasradioreflejos.com.ar\/2021\/#website\"},\"datePublished\":\"2021-07-02T11:31:57+00:00\",\"author\":{\"@id\":\"https:\/\/www.noticiasradioreflejos.com.ar\/2021\/#\/schema\/person\/ad82545263dcc5ec0996818884fd5fb1\"},\"breadcrumb\":{\"@id\":\"https:\/\/www.noticiasradioreflejos.com.ar\/2021\/diputados-aprobo-la-reforma-del-monotributo-que-beneficia-a-4-millones-de-contribuyentes\/#breadcrumb\"},\"inLanguage\":\"es\",\"potentialAction\":[{\"@type\":\"ReadAction\",\"target\":[\"https:\/\/www.noticiasradioreflejos.com.ar\/2021\/diputados-aprobo-la-reforma-del-monotributo-que-beneficia-a-4-millones-de-contribuyentes\/\"]}]},{\"@type\":\"BreadcrumbList\",\"@id\":\"https:\/\/www.noticiasradioreflejos.com.ar\/2021\/diputados-aprobo-la-reforma-del-monotributo-que-beneficia-a-4-millones-de-contribuyentes\/#breadcrumb\",\"itemListElement\":[{\"@type\":\"ListItem\",\"position\":1,\"name\":\"Portada\",\"item\":\"https:\/\/www.noticiasradioreflejos.com.ar\/2021\/\"},{\"@type\":\"ListItem\",\"position\":2,\"name\":\"Diputados aprob\u00f3 la reforma del Monotributo que beneficia a 4 millones de contribuyentes\"}]},{\"@type\":\"WebSite\",\"@id\":\"https:\/\/www.noticiasradioreflejos.com.ar\/2021\/#website\",\"url\":\"https:\/\/www.noticiasradioreflejos.com.ar\/2021\/\",\"name\":\"Noticias Radio Reflejos\",\"description\":\"Las noticias de mi comarca\",\"potentialAction\":[{\"@type\":\"SearchAction\",\"target\":{\"@type\":\"EntryPoint\",\"urlTemplate\":\"https:\/\/www.noticiasradioreflejos.com.ar\/2021\/?s={search_term_string}\"},\"query-input\":{\"@type\":\"PropertyValueSpecification\",\"valueRequired\":true,\"valueName\":\"search_term_string\"}}],\"inLanguage\":\"es\"},{\"@type\":\"Person\",\"@id\":\"https:\/\/www.noticiasradioreflejos.com.ar\/2021\/#\/schema\/person\/ad82545263dcc5ec0996818884fd5fb1\",\"name\":\"Arnaldo Botto\",\"image\":{\"@type\":\"ImageObject\",\"inLanguage\":\"es\",\"@id\":\"https:\/\/www.noticiasradioreflejos.com.ar\/2021\/#\/schema\/person\/image\/\",\"url\":\"https:\/\/secure.gravatar.com\/avatar\/55cb5e37c1efa326397366e6974cb338056df65cb50e7d64d1cf314e87504837?s=96&d=mm&r=g\",\"contentUrl\":\"https:\/\/secure.gravatar.com\/avatar\/55cb5e37c1efa326397366e6974cb338056df65cb50e7d64d1cf314e87504837?s=96&d=mm&r=g\",\"caption\":\"Arnaldo Botto\"},\"url\":\"https:\/\/www.noticiasradioreflejos.com.ar\/2021\/author\/arnaldo\/\"}]}<\/script>\n<!-- \/ Yoast SEO plugin. -->","yoast_head_json":{"title":"Diputados aprob\u00f3 la reforma del Monotributo que beneficia a 4 millones de contribuyentes - Noticias Radio Reflejos","robots":{"index":"index","follow":"follow","max-snippet":"max-snippet:-1","max-image-preview":"max-image-preview:large","max-video-preview":"max-video-preview:-1"},"canonical":"https:\/\/www.noticiasradioreflejos.com.ar\/2021\/diputados-aprobo-la-reforma-del-monotributo-que-beneficia-a-4-millones-de-contribuyentes\/","og_locale":"es_ES","og_type":"article","og_title":"Diputados aprob\u00f3 la reforma del Monotributo que beneficia a 4 millones de contribuyentes - Noticias Radio Reflejos","og_description":"La C\u00e1mara de Diputados aprob\u00f3 esta madrugada por amplia mayor\u00eda el proyecto de ley que crea un Programa de Fortalecimiento y Alivio Fiscal para Peque\u00f1os Contribuyentes, que permitir\u00e1 que los monotributistas no deban afrontar ninguna deuda acumulada por la diferencia resultante entre lo que pagaron entre enero y junio y los nuevos valores establecidos por la ley 27.618.","og_url":"https:\/\/www.noticiasradioreflejos.com.ar\/2021\/diputados-aprobo-la-reforma-del-monotributo-que-beneficia-a-4-millones-de-contribuyentes\/","og_site_name":"Noticias Radio Reflejos","article_published_time":"2021-07-02T11:31:57+00:00","og_image":[{"width":300,"height":200,"url":"https:\/\/www.noticiasradioreflejos.com.ar\/2021\/wp-content\/uploads\/2021\/07\/logosol300x200.png","type":"image\/png"}],"author":"Arnaldo Botto","twitter_card":"summary_large_image","schema":{"@context":"https:\/\/schema.org","@graph":[{"@type":"WebPage","@id":"https:\/\/www.noticiasradioreflejos.com.ar\/2021\/diputados-aprobo-la-reforma-del-monotributo-que-beneficia-a-4-millones-de-contribuyentes\/","url":"https:\/\/www.noticiasradioreflejos.com.ar\/2021\/diputados-aprobo-la-reforma-del-monotributo-que-beneficia-a-4-millones-de-contribuyentes\/","name":"Diputados aprob\u00f3 la reforma del Monotributo que beneficia a 4 millones de contribuyentes - Noticias Radio Reflejos","isPartOf":{"@id":"https:\/\/www.noticiasradioreflejos.com.ar\/2021\/#website"},"datePublished":"2021-07-02T11:31:57+00:00","author":{"@id":"https:\/\/www.noticiasradioreflejos.com.ar\/2021\/#\/schema\/person\/ad82545263dcc5ec0996818884fd5fb1"},"breadcrumb":{"@id":"https:\/\/www.noticiasradioreflejos.com.ar\/2021\/diputados-aprobo-la-reforma-del-monotributo-que-beneficia-a-4-millones-de-contribuyentes\/#breadcrumb"},"inLanguage":"es","potentialAction":[{"@type":"ReadAction","target":["https:\/\/www.noticiasradioreflejos.com.ar\/2021\/diputados-aprobo-la-reforma-del-monotributo-que-beneficia-a-4-millones-de-contribuyentes\/"]}]},{"@type":"BreadcrumbList","@id":"https:\/\/www.noticiasradioreflejos.com.ar\/2021\/diputados-aprobo-la-reforma-del-monotributo-que-beneficia-a-4-millones-de-contribuyentes\/#breadcrumb","itemListElement":[{"@type":"ListItem","position":1,"name":"Portada","item":"https:\/\/www.noticiasradioreflejos.com.ar\/2021\/"},{"@type":"ListItem","position":2,"name":"Diputados aprob\u00f3 la reforma del Monotributo que beneficia a 4 millones de contribuyentes"}]},{"@type":"WebSite","@id":"https:\/\/www.noticiasradioreflejos.com.ar\/2021\/#website","url":"https:\/\/www.noticiasradioreflejos.com.ar\/2021\/","name":"Noticias Radio Reflejos","description":"Las noticias de mi comarca","potentialAction":[{"@type":"SearchAction","target":{"@type":"EntryPoint","urlTemplate":"https:\/\/www.noticiasradioreflejos.com.ar\/2021\/?s={search_term_string}"},"query-input":{"@type":"PropertyValueSpecification","valueRequired":true,"valueName":"search_term_string"}}],"inLanguage":"es"},{"@type":"Person","@id":"https:\/\/www.noticiasradioreflejos.com.ar\/2021\/#\/schema\/person\/ad82545263dcc5ec0996818884fd5fb1","name":"Arnaldo Botto","image":{"@type":"ImageObject","inLanguage":"es","@id":"https:\/\/www.noticiasradioreflejos.com.ar\/2021\/#\/schema\/person\/image\/","url":"https:\/\/secure.gravatar.com\/avatar\/55cb5e37c1efa326397366e6974cb338056df65cb50e7d64d1cf314e87504837?s=96&d=mm&r=g","contentUrl":"https:\/\/secure.gravatar.com\/avatar\/55cb5e37c1efa326397366e6974cb338056df65cb50e7d64d1cf314e87504837?s=96&d=mm&r=g","caption":"Arnaldo Botto"},"url":"https:\/\/www.noticiasradioreflejos.com.ar\/2021\/author\/arnaldo\/"}]}},"_links":{"self":[{"href":"https:\/\/www.noticiasradioreflejos.com.ar\/2021\/wp-json\/wp\/v2\/posts\/59652","targetHints":{"allow":["GET"]}}],"collection":[{"href":"https:\/\/www.noticiasradioreflejos.com.ar\/2021\/wp-json\/wp\/v2\/posts"}],"about":[{"href":"https:\/\/www.noticiasradioreflejos.com.ar\/2021\/wp-json\/wp\/v2\/types\/post"}],"author":[{"embeddable":true,"href":"https:\/\/www.noticiasradioreflejos.com.ar\/2021\/wp-json\/wp\/v2\/users\/3"}],"replies":[{"embeddable":true,"href":"https:\/\/www.noticiasradioreflejos.com.ar\/2021\/wp-json\/wp\/v2\/comments?post=59652"}],"version-history":[{"count":1,"href":"https:\/\/www.noticiasradioreflejos.com.ar\/2021\/wp-json\/wp\/v2\/posts\/59652\/revisions"}],"predecessor-version":[{"id":59654,"href":"https:\/\/www.noticiasradioreflejos.com.ar\/2021\/wp-json\/wp\/v2\/posts\/59652\/revisions\/59654"}],"wp:attachment":[{"href":"https:\/\/www.noticiasradioreflejos.com.ar\/2021\/wp-json\/wp\/v2\/media?parent=59652"}],"wp:term":[{"taxonomy":"category","embeddable":true,"href":"https:\/\/www.noticiasradioreflejos.com.ar\/2021\/wp-json\/wp\/v2\/categories?post=59652"},{"taxonomy":"post_tag","embeddable":true,"href":"https:\/\/www.noticiasradioreflejos.com.ar\/2021\/wp-json\/wp\/v2\/tags?post=59652"}],"curies":[{"name":"wp","href":"https:\/\/api.w.org\/{rel}","templated":true}]}}