{"id":59650,"date":"2021-07-02T11:26:35","date_gmt":"2021-07-02T11:26:35","guid":{"rendered":"http:\/\/www.noticiasradioreflejos.com.ar\/2021\/?p=59650"},"modified":"2021-07-02T11:26:35","modified_gmt":"2021-07-02T11:26:35","slug":"deudas-de-gas-acumuladas-en-la-pandemia-podran-pagarse-hasta-en-30-cuotas","status":"publish","type":"post","link":"https:\/\/www.noticiasradioreflejos.com.ar\/2021\/deudas-de-gas-acumuladas-en-la-pandemia-podran-pagarse-hasta-en-30-cuotas\/","title":{"rendered":"Deudas de gas acumuladas en la pandemia podr\u00e1n pagarse hasta en 30 cuotas"},"content":{"rendered":"<p>Las empresas distribuidoras de gas por redes deber\u00e1n ofrecer planes de facilidades de pago de hasta 30 cuotas a los usuarios beneficiados por la suspensi\u00f3n de cortes de servicio que rigi\u00f3 desde el 1 de marzo hasta el 31 de diciembre del a\u00f1o pasado, para cancelar las deudas que se hubieran generado.<!--more--><\/p>\n<p>As\u00ed lo estableci\u00f3 el Ministerio de Econom\u00eda a trav\u00e9s de la resoluci\u00f3n 383\/2021, publicada hoy en el Bolet\u00edn Oficial.<\/p>\n<div class=\"mvp-post-main-out left relative\">\n<div class=\"mvp-post-main-in\">\n<div id=\"mvp-post-content\" class=\"left relative\">\n<div id=\"mvp-content-wrap\" class=\"left relative\">\n<div class=\"mvp-post-soc-out right relative\">\n<div class=\"mvp-post-soc-in\">\n<div id=\"mvp-content-body\" class=\"left relative\">\n<div id=\"mvp-content-body-top\" class=\"left relative\">\n<div id=\"mvp-content-main\" class=\"left relative\">\n<div id=\"textbody\">\n<p>La misma determin\u00f3 que \u00ablas empresas prestadoras del servicio p\u00fablico de distribuci\u00f3n de gas por redes deber\u00e1n otorgar a los usuarios y a las usuarias residenciales y no residenciales beneficiados por la suspensi\u00f3n de cortes de servicio establecida en el decreto 311\/2020, planes de facilidades de pago de hasta 30 cuotas iguales, mensuales y consecutivas\u00bb.<\/p>\n<p>Esto \u00abpara cancelar las deudas que se hubieren generado durante el plazo de vigencia del decreto; sin perjuicio que el usuario o la usuaria pueda solicitar fehacientemente ante la prestadora su cancelaci\u00f3n con anterioridad o en menor cantidad de cuotas\u201d.<\/p>\n<p>El decreto 311 suspendi\u00f3 los cortes de servicio en caso de mora o falta de pago de hasta siete facturas consecutivas o alternas, con vencimientos desde el 1 de marzo de 2020.<\/p>\n<p>La resoluci\u00f3n tambi\u00e9n fij\u00f3 que la tasa de inter\u00e9s a aplicar en los planes de facilidades destinados a usuarias y usuarios residenciales y no residenciales, \u201cno podr\u00e1 exceder el 50% de la tasa pasiva nominal anual para operaciones de dep\u00f3sitos a plazo fijo tradicional a 30 d\u00edas del Banco Naci\u00f3n del \u00faltimo d\u00eda del mes anterior al del otorgamiento del plan de pagos\u201d.<\/p>\n<p>Adem\u00e1s indic\u00f3 que en ambos casos \u201clos intereses no podr\u00e1n ser capitalizables\u201d.<\/p>\n<p>Asimismo, la normativa defini\u00f3 que \u201cla falta de pago o mora en el pago de tres cuotas consecutivas o seis alternas, por parte de los usuarios y las usuarias que hayan adherido a un plan de facilidades, habilitar\u00e1 a las prestadoras al corte del suministro\u201d.<\/p>\n<div class=\"code-block code-block-6\"><\/div>\n<p>Tambi\u00e9n habilit\u00f3 que \u201clas empresas prestadoras del servicio p\u00fablico de distribuci\u00f3n de gas por redes podr\u00e1n extender las condiciones de los planes de facilidades a deudas adquiridas fuera del plazo de vigencia del decreto 311 y respecto de usuarias o usuarios no alcanzados por \u00e9ste\u201d.<\/p>\n<p>Adem\u00e1s, instruy\u00f3 al Ente Nacional Regulador del Gas (Enargas) a llevar a cabo todos los actos necesarios para controlar el cumplimiento de las pautas establecidas en esta resoluci\u00f3n, y a autorizar la inclusi\u00f3n del plan de facilidades objeto de la presente en la factura final del servicio.<\/p>\n<p>La medida alcanza a beneficiarios de la Asignaci\u00f3n Universal por Hijo (AUH) y la Asignaci\u00f3n por Embarazo, a quienes perciban Pensiones no Contributivas y tengan ingresos mensuales brutos no superiores a dos veces el Salario M\u00ednimo Vital y M\u00f3vil (SMVyM), a usuarios inscriptos en el R\u00e9gimen de Monotributo Social, a jubilados y pensionados, y trabajadores en relaci\u00f3n de dependencia que perciban una remuneraci\u00f3n bruta menor o igual a dos SMVyM.<\/p>\n<p>Tambi\u00e9n abarca a monotributistas de categor\u00edas cuyo ingreso anual mensualizado no supere en dos SMVyM, a usuarios que perciben seguro de desempleo, personas electrodependientes, a quienes est\u00e9n dentro del R\u00e9gimen Especial de Seguridad Social para Empleados de Casas Particulares y a exentos en el pago de ABL o tributos locales de igual naturaleza.<\/p>\n<p>Adem\u00e1s, se benefician de esta medida las Micro, Peque\u00f1as y Medianas Empresas (MiPyMES) afectadas en la emergencia, las Cooperativas de Trabajo o Empresas Recuperadas inscriptas en Inaes, las instituciones de salud, p\u00fablicas y privadas, y las entidades de bien p\u00fablico que contribuyan a la elaboraci\u00f3n y distribuci\u00f3n de alimentos.<\/p>\n<p>Fuente: T\u00e9lam<\/p>\n<\/div>\n<\/div>\n<\/div>\n<\/div>\n<\/div>\n<\/div>\n<\/div>\n<\/div>\n<\/div>\n<\/div>\n","protected":false},"excerpt":{"rendered":"<p>Las empresas distribuidoras de gas por redes deber\u00e1n ofrecer planes de facilidades de pago de hasta 30 cuotas a los usuarios beneficiados por la suspensi\u00f3n de cortes de servicio que rigi\u00f3 desde el 1 de marzo hasta el 31 de diciembre del a\u00f1o pasado, para cancelar las deudas que se hubieran generado.<\/p>\n","protected":false},"author":3,"featured_media":56913,"comment_status":"closed","ping_status":"closed","sticky":false,"template":"","format":"standard","meta":{"footnotes":""},"categories":[24,26],"tags":[],"class_list":["post-59650","post","type-post","status-publish","format-standard","has-post-thumbnail","hentry","category-politica","category-sociedad"],"yoast_head":"<!-- This site is optimized with the Yoast SEO plugin v25.9 - https:\/\/yoast.com\/wordpress\/plugins\/seo\/ -->\n<title>Deudas de gas acumuladas en la pandemia podr\u00e1n pagarse hasta en 30 cuotas - Noticias Radio Reflejos<\/title>\n<meta name=\"robots\" content=\"index, follow, max-snippet:-1, max-image-preview:large, max-video-preview:-1\" \/>\n<link rel=\"canonical\" href=\"https:\/\/www.noticiasradioreflejos.com.ar\/2021\/deudas-de-gas-acumuladas-en-la-pandemia-podran-pagarse-hasta-en-30-cuotas\/\" \/>\n<meta property=\"og:locale\" content=\"es_ES\" \/>\n<meta property=\"og:type\" content=\"article\" \/>\n<meta property=\"og:title\" content=\"Deudas de gas acumuladas en la pandemia podr\u00e1n pagarse hasta en 30 cuotas - Noticias Radio Reflejos\" \/>\n<meta property=\"og:description\" content=\"Las empresas distribuidoras de gas por redes deber\u00e1n ofrecer planes de facilidades de pago de hasta 30 cuotas a los usuarios beneficiados por la suspensi\u00f3n de cortes de servicio que rigi\u00f3 desde el 1 de marzo hasta el 31 de diciembre del a\u00f1o pasado, para cancelar las deudas que se hubieran generado.\" \/>\n<meta property=\"og:url\" content=\"https:\/\/www.noticiasradioreflejos.com.ar\/2021\/deudas-de-gas-acumuladas-en-la-pandemia-podran-pagarse-hasta-en-30-cuotas\/\" \/>\n<meta property=\"og:site_name\" content=\"Noticias Radio Reflejos\" \/>\n<meta property=\"article:published_time\" content=\"2021-07-02T11:26:35+00:00\" \/>\n<meta property=\"og:image\" content=\"https:\/\/www.noticiasradioreflejos.com.ar\/2021\/wp-content\/uploads\/2021\/05\/Gas.jpg\" \/>\n\t<meta property=\"og:image:width\" content=\"1004\" \/>\n\t<meta property=\"og:image:height\" content=\"565\" \/>\n\t<meta property=\"og:image:type\" content=\"image\/jpeg\" \/>\n<meta name=\"author\" content=\"Arnaldo Botto\" \/>\n<meta name=\"twitter:card\" content=\"summary_large_image\" \/>\n<script type=\"application\/ld+json\" class=\"yoast-schema-graph\">{\"@context\":\"https:\/\/schema.org\",\"@graph\":[{\"@type\":\"WebPage\",\"@id\":\"https:\/\/www.noticiasradioreflejos.com.ar\/2021\/deudas-de-gas-acumuladas-en-la-pandemia-podran-pagarse-hasta-en-30-cuotas\/\",\"url\":\"https:\/\/www.noticiasradioreflejos.com.ar\/2021\/deudas-de-gas-acumuladas-en-la-pandemia-podran-pagarse-hasta-en-30-cuotas\/\",\"name\":\"Deudas de gas acumuladas en la pandemia podr\u00e1n pagarse hasta en 30 cuotas - Noticias Radio Reflejos\",\"isPartOf\":{\"@id\":\"https:\/\/www.noticiasradioreflejos.com.ar\/2021\/#website\"},\"primaryImageOfPage\":{\"@id\":\"https:\/\/www.noticiasradioreflejos.com.ar\/2021\/deudas-de-gas-acumuladas-en-la-pandemia-podran-pagarse-hasta-en-30-cuotas\/#primaryimage\"},\"image\":{\"@id\":\"https:\/\/www.noticiasradioreflejos.com.ar\/2021\/deudas-de-gas-acumuladas-en-la-pandemia-podran-pagarse-hasta-en-30-cuotas\/#primaryimage\"},\"thumbnailUrl\":\"https:\/\/www.noticiasradioreflejos.com.ar\/2021\/wp-content\/uploads\/2021\/05\/Gas.jpg\",\"datePublished\":\"2021-07-02T11:26:35+00:00\",\"author\":{\"@id\":\"https:\/\/www.noticiasradioreflejos.com.ar\/2021\/#\/schema\/person\/ad82545263dcc5ec0996818884fd5fb1\"},\"breadcrumb\":{\"@id\":\"https:\/\/www.noticiasradioreflejos.com.ar\/2021\/deudas-de-gas-acumuladas-en-la-pandemia-podran-pagarse-hasta-en-30-cuotas\/#breadcrumb\"},\"inLanguage\":\"es\",\"potentialAction\":[{\"@type\":\"ReadAction\",\"target\":[\"https:\/\/www.noticiasradioreflejos.com.ar\/2021\/deudas-de-gas-acumuladas-en-la-pandemia-podran-pagarse-hasta-en-30-cuotas\/\"]}]},{\"@type\":\"ImageObject\",\"inLanguage\":\"es\",\"@id\":\"https:\/\/www.noticiasradioreflejos.com.ar\/2021\/deudas-de-gas-acumuladas-en-la-pandemia-podran-pagarse-hasta-en-30-cuotas\/#primaryimage\",\"url\":\"https:\/\/www.noticiasradioreflejos.com.ar\/2021\/wp-content\/uploads\/2021\/05\/Gas.jpg\",\"contentUrl\":\"https:\/\/www.noticiasradioreflejos.com.ar\/2021\/wp-content\/uploads\/2021\/05\/Gas.jpg\",\"width\":1004,\"height\":565},{\"@type\":\"BreadcrumbList\",\"@id\":\"https:\/\/www.noticiasradioreflejos.com.ar\/2021\/deudas-de-gas-acumuladas-en-la-pandemia-podran-pagarse-hasta-en-30-cuotas\/#breadcrumb\",\"itemListElement\":[{\"@type\":\"ListItem\",\"position\":1,\"name\":\"Portada\",\"item\":\"https:\/\/www.noticiasradioreflejos.com.ar\/2021\/\"},{\"@type\":\"ListItem\",\"position\":2,\"name\":\"Deudas de gas acumuladas en la pandemia podr\u00e1n pagarse hasta en 30 cuotas\"}]},{\"@type\":\"WebSite\",\"@id\":\"https:\/\/www.noticiasradioreflejos.com.ar\/2021\/#website\",\"url\":\"https:\/\/www.noticiasradioreflejos.com.ar\/2021\/\",\"name\":\"Noticias Radio Reflejos\",\"description\":\"Las noticias de mi comarca\",\"potentialAction\":[{\"@type\":\"SearchAction\",\"target\":{\"@type\":\"EntryPoint\",\"urlTemplate\":\"https:\/\/www.noticiasradioreflejos.com.ar\/2021\/?s={search_term_string}\"},\"query-input\":{\"@type\":\"PropertyValueSpecification\",\"valueRequired\":true,\"valueName\":\"search_term_string\"}}],\"inLanguage\":\"es\"},{\"@type\":\"Person\",\"@id\":\"https:\/\/www.noticiasradioreflejos.com.ar\/2021\/#\/schema\/person\/ad82545263dcc5ec0996818884fd5fb1\",\"name\":\"Arnaldo Botto\",\"image\":{\"@type\":\"ImageObject\",\"inLanguage\":\"es\",\"@id\":\"https:\/\/www.noticiasradioreflejos.com.ar\/2021\/#\/schema\/person\/image\/\",\"url\":\"https:\/\/secure.gravatar.com\/avatar\/55cb5e37c1efa326397366e6974cb338056df65cb50e7d64d1cf314e87504837?s=96&d=mm&r=g\",\"contentUrl\":\"https:\/\/secure.gravatar.com\/avatar\/55cb5e37c1efa326397366e6974cb338056df65cb50e7d64d1cf314e87504837?s=96&d=mm&r=g\",\"caption\":\"Arnaldo Botto\"},\"url\":\"https:\/\/www.noticiasradioreflejos.com.ar\/2021\/author\/arnaldo\/\"}]}<\/script>\n<!-- \/ Yoast SEO plugin. -->","yoast_head_json":{"title":"Deudas de gas acumuladas en la pandemia podr\u00e1n pagarse hasta en 30 cuotas - Noticias Radio Reflejos","robots":{"index":"index","follow":"follow","max-snippet":"max-snippet:-1","max-image-preview":"max-image-preview:large","max-video-preview":"max-video-preview:-1"},"canonical":"https:\/\/www.noticiasradioreflejos.com.ar\/2021\/deudas-de-gas-acumuladas-en-la-pandemia-podran-pagarse-hasta-en-30-cuotas\/","og_locale":"es_ES","og_type":"article","og_title":"Deudas de gas acumuladas en la pandemia podr\u00e1n pagarse hasta en 30 cuotas - Noticias Radio Reflejos","og_description":"Las empresas distribuidoras de gas por redes deber\u00e1n ofrecer planes de facilidades de pago de hasta 30 cuotas a los usuarios beneficiados por la suspensi\u00f3n de cortes de servicio que rigi\u00f3 desde el 1 de marzo hasta el 31 de diciembre del a\u00f1o pasado, para cancelar las deudas que se hubieran generado.","og_url":"https:\/\/www.noticiasradioreflejos.com.ar\/2021\/deudas-de-gas-acumuladas-en-la-pandemia-podran-pagarse-hasta-en-30-cuotas\/","og_site_name":"Noticias Radio Reflejos","article_published_time":"2021-07-02T11:26:35+00:00","og_image":[{"width":1004,"height":565,"url":"https:\/\/www.noticiasradioreflejos.com.ar\/2021\/wp-content\/uploads\/2021\/05\/Gas.jpg","type":"image\/jpeg"}],"author":"Arnaldo Botto","twitter_card":"summary_large_image","schema":{"@context":"https:\/\/schema.org","@graph":[{"@type":"WebPage","@id":"https:\/\/www.noticiasradioreflejos.com.ar\/2021\/deudas-de-gas-acumuladas-en-la-pandemia-podran-pagarse-hasta-en-30-cuotas\/","url":"https:\/\/www.noticiasradioreflejos.com.ar\/2021\/deudas-de-gas-acumuladas-en-la-pandemia-podran-pagarse-hasta-en-30-cuotas\/","name":"Deudas de gas acumuladas en la pandemia podr\u00e1n pagarse hasta en 30 cuotas - Noticias Radio Reflejos","isPartOf":{"@id":"https:\/\/www.noticiasradioreflejos.com.ar\/2021\/#website"},"primaryImageOfPage":{"@id":"https:\/\/www.noticiasradioreflejos.com.ar\/2021\/deudas-de-gas-acumuladas-en-la-pandemia-podran-pagarse-hasta-en-30-cuotas\/#primaryimage"},"image":{"@id":"https:\/\/www.noticiasradioreflejos.com.ar\/2021\/deudas-de-gas-acumuladas-en-la-pandemia-podran-pagarse-hasta-en-30-cuotas\/#primaryimage"},"thumbnailUrl":"https:\/\/www.noticiasradioreflejos.com.ar\/2021\/wp-content\/uploads\/2021\/05\/Gas.jpg","datePublished":"2021-07-02T11:26:35+00:00","author":{"@id":"https:\/\/www.noticiasradioreflejos.com.ar\/2021\/#\/schema\/person\/ad82545263dcc5ec0996818884fd5fb1"},"breadcrumb":{"@id":"https:\/\/www.noticiasradioreflejos.com.ar\/2021\/deudas-de-gas-acumuladas-en-la-pandemia-podran-pagarse-hasta-en-30-cuotas\/#breadcrumb"},"inLanguage":"es","potentialAction":[{"@type":"ReadAction","target":["https:\/\/www.noticiasradioreflejos.com.ar\/2021\/deudas-de-gas-acumuladas-en-la-pandemia-podran-pagarse-hasta-en-30-cuotas\/"]}]},{"@type":"ImageObject","inLanguage":"es","@id":"https:\/\/www.noticiasradioreflejos.com.ar\/2021\/deudas-de-gas-acumuladas-en-la-pandemia-podran-pagarse-hasta-en-30-cuotas\/#primaryimage","url":"https:\/\/www.noticiasradioreflejos.com.ar\/2021\/wp-content\/uploads\/2021\/05\/Gas.jpg","contentUrl":"https:\/\/www.noticiasradioreflejos.com.ar\/2021\/wp-content\/uploads\/2021\/05\/Gas.jpg","width":1004,"height":565},{"@type":"BreadcrumbList","@id":"https:\/\/www.noticiasradioreflejos.com.ar\/2021\/deudas-de-gas-acumuladas-en-la-pandemia-podran-pagarse-hasta-en-30-cuotas\/#breadcrumb","itemListElement":[{"@type":"ListItem","position":1,"name":"Portada","item":"https:\/\/www.noticiasradioreflejos.com.ar\/2021\/"},{"@type":"ListItem","position":2,"name":"Deudas de gas acumuladas en la pandemia podr\u00e1n pagarse hasta en 30 cuotas"}]},{"@type":"WebSite","@id":"https:\/\/www.noticiasradioreflejos.com.ar\/2021\/#website","url":"https:\/\/www.noticiasradioreflejos.com.ar\/2021\/","name":"Noticias Radio Reflejos","description":"Las noticias de mi comarca","potentialAction":[{"@type":"SearchAction","target":{"@type":"EntryPoint","urlTemplate":"https:\/\/www.noticiasradioreflejos.com.ar\/2021\/?s={search_term_string}"},"query-input":{"@type":"PropertyValueSpecification","valueRequired":true,"valueName":"search_term_string"}}],"inLanguage":"es"},{"@type":"Person","@id":"https:\/\/www.noticiasradioreflejos.com.ar\/2021\/#\/schema\/person\/ad82545263dcc5ec0996818884fd5fb1","name":"Arnaldo Botto","image":{"@type":"ImageObject","inLanguage":"es","@id":"https:\/\/www.noticiasradioreflejos.com.ar\/2021\/#\/schema\/person\/image\/","url":"https:\/\/secure.gravatar.com\/avatar\/55cb5e37c1efa326397366e6974cb338056df65cb50e7d64d1cf314e87504837?s=96&d=mm&r=g","contentUrl":"https:\/\/secure.gravatar.com\/avatar\/55cb5e37c1efa326397366e6974cb338056df65cb50e7d64d1cf314e87504837?s=96&d=mm&r=g","caption":"Arnaldo Botto"},"url":"https:\/\/www.noticiasradioreflejos.com.ar\/2021\/author\/arnaldo\/"}]}},"_links":{"self":[{"href":"https:\/\/www.noticiasradioreflejos.com.ar\/2021\/wp-json\/wp\/v2\/posts\/59650","targetHints":{"allow":["GET"]}}],"collection":[{"href":"https:\/\/www.noticiasradioreflejos.com.ar\/2021\/wp-json\/wp\/v2\/posts"}],"about":[{"href":"https:\/\/www.noticiasradioreflejos.com.ar\/2021\/wp-json\/wp\/v2\/types\/post"}],"author":[{"embeddable":true,"href":"https:\/\/www.noticiasradioreflejos.com.ar\/2021\/wp-json\/wp\/v2\/users\/3"}],"replies":[{"embeddable":true,"href":"https:\/\/www.noticiasradioreflejos.com.ar\/2021\/wp-json\/wp\/v2\/comments?post=59650"}],"version-history":[{"count":1,"href":"https:\/\/www.noticiasradioreflejos.com.ar\/2021\/wp-json\/wp\/v2\/posts\/59650\/revisions"}],"predecessor-version":[{"id":59651,"href":"https:\/\/www.noticiasradioreflejos.com.ar\/2021\/wp-json\/wp\/v2\/posts\/59650\/revisions\/59651"}],"wp:featuredmedia":[{"embeddable":true,"href":"https:\/\/www.noticiasradioreflejos.com.ar\/2021\/wp-json\/wp\/v2\/media\/56913"}],"wp:attachment":[{"href":"https:\/\/www.noticiasradioreflejos.com.ar\/2021\/wp-json\/wp\/v2\/media?parent=59650"}],"wp:term":[{"taxonomy":"category","embeddable":true,"href":"https:\/\/www.noticiasradioreflejos.com.ar\/2021\/wp-json\/wp\/v2\/categories?post=59650"},{"taxonomy":"post_tag","embeddable":true,"href":"https:\/\/www.noticiasradioreflejos.com.ar\/2021\/wp-json\/wp\/v2\/tags?post=59650"}],"curies":[{"name":"wp","href":"https:\/\/api.w.org\/{rel}","templated":true}]}}