{"id":59626,"date":"2021-07-01T20:22:32","date_gmt":"2021-07-01T20:22:32","guid":{"rendered":"http:\/\/www.noticiasradioreflejos.com.ar\/2021\/?p=59626"},"modified":"2021-07-01T20:23:27","modified_gmt":"2021-07-01T20:23:27","slug":"la-semana-proxima-comenzaran-a-aplicarse-las-sputnik-v-producidas-en-el-pais","status":"publish","type":"post","link":"https:\/\/www.noticiasradioreflejos.com.ar\/2021\/la-semana-proxima-comenzaran-a-aplicarse-las-sputnik-v-producidas-en-el-pais\/","title":{"rendered":"La semana pr\u00f3xima comenzar\u00e1n a aplicarse las Sputnik V producidas en el pa\u00eds"},"content":{"rendered":"<div class=\"head-content\">\n<p>\u00abEmpezamos la producci\u00f3n la semana pasada, ya tenemos listo el primer lote con 450 mil dosis del primer componente; esta semana elaboramos 525 mil dosis tambi\u00e9n del primero componente\u00bb, asegur\u00f3 el presidente de Laboratorios Richmond, Marcelo Figueiras.<\/p>\n<\/div>\n<p><!--more--><\/p>\n<div class=\"main-content-block\">\n<div class=\"main-box clearfix\">\n<div class=\"wrapper-main-section clearfix\">\n<div class=\"wrapper-editable-content\">\n<div class=\"editable-content clearfix\">\n<div id=\"image\" class=\"image\">\n<p><img decoding=\"async\" title=\"Marcelo Figueiras, presidente de Laboratorios Richmond\" src=\"https:\/\/www.telam.com.ar\/advf\/imagenes\/2020\/05\/5eb83ef6db982_1004x565.jpg\" alt=\"Marcelo Figueiras, presidente de Laboratorios Richmond\" \/><\/p>\n<div class=\"epigrafe\">Marcelo Figueiras, presidente de Laboratorios Richmond<\/div>\n<\/div>\n<p>El presidente de Laboratorios Richmond, Marcelo Figueiras, asegur\u00f3 este jueves que\u00a0<strong>la semana pr\u00f3xima se estar\u00edan liberando las 450 mil dosis del primer componente de la vacuna Sputnik V contra el coronavirus fabricadas en el pa\u00eds para su aplicaci\u00f3n<\/strong>, si el Centro de Investigaci\u00f3n Gamaleya de Rusia aprueba las muestras enviadas del primer lote del inmunizante.<\/p>\n<p>\u00ab(La producci\u00f3n y control) es un proceso que\u00a0<strong>tendr\u00eda que llevar no m\u00e1s de 12 d\u00edas y va a tardar entre 20 y 25 d\u00edas<\/strong>\u00a0pero estimamos que<strong>\u00a0la semana que viene ya estar\u00edamos liberando el primer lote (las 450 mil)<\/strong>\u00a0que ya se encuentra en el operador log\u00edstico a disposici\u00f3n del Gobierno nacional\u00bb, detall\u00f3 Figueiras en declaraciones a Radio con Vos.<\/p>\n<h4 class=\"auth\">El proceso de producci\u00f3n<\/h4>\n<p>El presidente de Richmond se\u00f1al\u00f3 que en el laboratorio \u00abempezamos la producci\u00f3n la semana pasada y ya tenemos listo el primer lote con 450 mil dosis del primer componente; esta semana elaboramos 525 mil dosis tambi\u00e9n del componente 1 y la semana que viene comenzamos con la producci\u00f3n del segundo componente\u00bb.<\/p>\n<p>\u00abSi se tratara de un medicamento com\u00fan el laboratorio junto con Anmat realiza el control y lo libera, pero en este caso se hace un triple control y se manda al Gamaleya una muestra peque\u00f1a y ah\u00ed se produce un cuello de botella\u00bb, indic\u00f3.<\/p>\n<blockquote><p>\u00abLa nueva planta est\u00e1 pensada para producir hasta 500 millones de dosis por a\u00f1o y ah\u00ed se podr\u00eda hacer desde el principio activo hasta el envasado, es decir, la producci\u00f3n completa\u00bb<\/p><\/blockquote>\n<div id=\"image\" class=\"image\">\n<p><img decoding=\"async\" title=\"Para realizar este proceso, el laboratorio recibe el principio activo de la vacuna elaborado en el Gamaleya.\" src=\"https:\/\/www.telam.com.ar\/advf\/imagenes\/2021\/04\/607f127fad97d_1004x565.jpg\" alt=\"Para realizar este proceso, el laboratorio recibe el principio activo de la vacuna elaborado en el Gamaleya.\" \/><\/p>\n<div class=\"epigrafe\">Para realizar este proceso, el laboratorio recibe el principio activo de la vacuna elaborado en el Gamaleya.<\/div>\n<\/div>\n<p><strong>A la semana siguiente de liberada la producci\u00f3n de este primer lote, el Gamaleya podr\u00eda autorizar el segundo lote\u00a0<\/strong>que se est\u00e1 realizando estos d\u00edas; y si no surgen m\u00e1s demoras en este proceso\u00a0<strong>en tres semanas podr\u00eda haber casi un mill\u00f3n de dosis producidas en el pa\u00eds que se est\u00e9n aplicando<\/strong>, describi\u00f3 Figueiras.<\/p>\n<div class=\"auth\">La segunda dosis<\/div>\n<p>En relaci\u00f3n a la segunda dosis, el presidente de Richmond sostuvo que \u00aben lo que respecta al nuestro laboratorio es el mismo procedimiento; el punto es que evidentemente hay un problema industrial en el fermentado que tiene mucho menos rendimiento, entonces cada 10 lotes del componente uno hacen hasta siete veces menos que el dos\u00bb.<\/p>\n<p>No obstante, se\u00f1al\u00f3 que desde Rusia han incrementado la producci\u00f3n. \u00abTenemos los primeros 100 litros del fermentado con los que vamos a comenzar a trabajar a partir del lunes, y tenemos otro lote de 560 litros del componente 2 previsto para la misma semana con el que seguir\u00edamos; quiere decir que<strong>\u00a0en tres semanas tendr\u00edamos un mill\u00f3n de dosis fabricadas ac\u00e1 del componente 2&#8243;,<\/strong>\u00a0detall\u00f3.<\/p>\n<p>Una vez que est\u00e9n listas las dosis,\u00a0<strong>el proceso es el mismo: debe enviarse al Gamaleya y reci\u00e9n despu\u00e9s de su aprobaci\u00f3n se liberan.<\/strong><\/p>\n<p>\u00abEn principio, de cada lote tiene que ir una muestra a Rusia para que realice su control; imagino que de ac\u00e1 a un tiempo terminaremos liberando nosotros\u00bb, apunt\u00f3.<\/p>\n<h4 class=\"auth\">Escalar la producci\u00f3n<\/h4>\n<p>El empresario asegur\u00f3 que independientemente del componente que se trate,<strong>\u00a0la planta tiene actualmente la capacidad de producir hasta 500 mil dosis por semana \u00abpero podemos escalar hasta cinco millones de dosis por mes\u00bb<\/strong>, aunque esto depende de m\u00faltiples factores.<\/p>\n<p>\u00abEn este tipo de producci\u00f3n tan compleja hay que validar cada movimiento que se hace diferente; por ejemplo, no pod\u00e9s cambiar de un lote de 100 litros a uno de 150 sin volver a validar todos los procesos, y las urgencias hacen que esto cambie todo el tiempo\u00bb, describi\u00f3.<\/p>\n<p>En este contexto, remarc\u00f3 que\u00a0<strong>\u00abla autoridad sanitaria (Anamt) est\u00e1 prest\u00e1ndonos apoyo constantemente\u00bb<\/strong>\u00a0para validar cada uno de los procedimientos.<\/p>\n<p>La planta de Richmond, ubicada en la localidad bonaerense de Pilar, realiza la formulaci\u00f3n, filtrado y rellenado de viales (envasado) de la vacuna Sputnik, un complejo proceso t\u00e9cnico y cient\u00edfico con exigentes requerimientos de buenas pr\u00e1cticas de manufactura.<\/p>\n<p>La siguiente etapa consistir\u00e1 en la producci\u00f3n completa de la vacuna en la nueva planta que el laboratorio se encuentra construyendo tambi\u00e9n en Pilar.<\/p>\n<p>\u00abLa nueva planta est\u00e1 pensada para producir hasta 500 millones de dosis por a\u00f1o y ah\u00ed se podr\u00eda hacer desde el principio activo hasta el envasado; es decir, la producci\u00f3n completa\u00bb, hab\u00eda adelantado Figueiras a T\u00e9lam en una entrevista anterior.<\/p>\n<p>Adem\u00e1s, detall\u00f3 que\u00a0<strong>\u00abtendr\u00e1 la capacidad de realizar productos biotecnol\u00f3gicos y de producir vacunas de diferentes tipos de plataforma como, por ejemplo, la de Pfizer y la Sputnik V, que usan diferente tecnolog\u00eda\u00bb.<\/strong><\/p>\n<h4 class=\"auth\">Las caracter\u00edsticas de la vacuna<\/h4>\n<div id=\"image\" class=\"image\"><img decoding=\"async\" title=\"\" src=\"https:\/\/www.telam.com.ar\/advf\/imagenes\/2021\/06\/60db399803045_1004x565.jpg\" alt=\"\" \/><\/div>\n<p>La Sputnik V es una vacuna que utiliza una plataforma (o tecnolog\u00eda) llamada de \u00abvectores no replicativos\u00bb: virus que se modifican gen\u00e9ticamente para que no tengan capacidad de reproducirse en el organismo (y por tanto son inocuos) y se usan para transportar material gen\u00e9tico del virus del que se quiere inmunizar.<\/p>\n<p>En este caso, la Sputnik V usa adenovirus humano como vector y, a diferencia de otras candidatas, utiliza dos adenovirus (uno diferente en cada dosis) para provocar una mayor y m\u00e1s duradera respuesta en el sistema inmunol\u00f3gico.<\/p>\n<p>M\u00e1s all\u00e1 de la producci\u00f3n local, hasta el momento arribaron 10.124.830 de dosis de Sputnik V, (8.234.670 del componente 1 y 1.890.160 del componente 2) y se espera que ma\u00f1ana llegue otra partida con una cifra r\u00e9cord de dosis.<\/p>\n<\/div>\n<\/div>\n<\/div>\n<\/div>\n<\/div>\n","protected":false},"excerpt":{"rendered":"<p>El presidente de Laboratorios Richmond, Marcelo Figueiras, asegur\u00f3 este jueves que\u00a0la semana pr\u00f3xima se estar\u00edan liberando las 450 mil dosis del primer componente de la vacuna Sputnik V contra el coronavirus fabricadas en el pa\u00eds para su aplicaci\u00f3n, si el Centro de Investigaci\u00f3n Gamaleya de Rusia aprueba las muestras enviadas del primer lote del inmunizante.<\/p>\n","protected":false},"author":3,"featured_media":0,"comment_status":"closed","ping_status":"closed","sticky":false,"template":"","format":"standard","meta":{"footnotes":""},"categories":[24,30],"tags":[],"class_list":["post-59626","post","type-post","status-publish","format-standard","hentry","category-politica","category-salud"],"yoast_head":"<!-- This site is optimized with the Yoast SEO plugin v25.9 - https:\/\/yoast.com\/wordpress\/plugins\/seo\/ -->\n<title>La semana pr\u00f3xima comenzar\u00e1n a aplicarse las Sputnik V producidas en el pa\u00eds - Noticias Radio Reflejos<\/title>\n<meta name=\"robots\" content=\"index, follow, max-snippet:-1, max-image-preview:large, max-video-preview:-1\" \/>\n<link rel=\"canonical\" href=\"https:\/\/www.noticiasradioreflejos.com.ar\/2021\/la-semana-proxima-comenzaran-a-aplicarse-las-sputnik-v-producidas-en-el-pais\/\" \/>\n<meta property=\"og:locale\" content=\"es_ES\" \/>\n<meta property=\"og:type\" content=\"article\" \/>\n<meta property=\"og:title\" content=\"La semana pr\u00f3xima comenzar\u00e1n a aplicarse las Sputnik V producidas en el pa\u00eds - Noticias Radio Reflejos\" \/>\n<meta property=\"og:description\" content=\"El presidente de Laboratorios Richmond, Marcelo Figueiras, asegur\u00f3 este jueves que\u00a0la semana pr\u00f3xima se estar\u00edan liberando las 450 mil dosis del primer componente de la vacuna Sputnik V contra el coronavirus fabricadas en el pa\u00eds para su aplicaci\u00f3n, si el Centro de Investigaci\u00f3n Gamaleya de Rusia aprueba las muestras enviadas del primer lote del inmunizante.\" \/>\n<meta property=\"og:url\" content=\"https:\/\/www.noticiasradioreflejos.com.ar\/2021\/la-semana-proxima-comenzaran-a-aplicarse-las-sputnik-v-producidas-en-el-pais\/\" \/>\n<meta property=\"og:site_name\" content=\"Noticias Radio Reflejos\" \/>\n<meta property=\"article:published_time\" content=\"2021-07-01T20:22:32+00:00\" \/>\n<meta property=\"article:modified_time\" content=\"2021-07-01T20:23:27+00:00\" \/>\n<meta property=\"og:image\" content=\"https:\/\/www.telam.com.ar\/advf\/imagenes\/2020\/05\/5eb83ef6db982_1004x565.jpg\" \/>\n<meta name=\"author\" content=\"Arnaldo Botto\" \/>\n<meta name=\"twitter:card\" content=\"summary_large_image\" \/>\n<script type=\"application\/ld+json\" class=\"yoast-schema-graph\">{\"@context\":\"https:\/\/schema.org\",\"@graph\":[{\"@type\":\"WebPage\",\"@id\":\"https:\/\/www.noticiasradioreflejos.com.ar\/2021\/la-semana-proxima-comenzaran-a-aplicarse-las-sputnik-v-producidas-en-el-pais\/\",\"url\":\"https:\/\/www.noticiasradioreflejos.com.ar\/2021\/la-semana-proxima-comenzaran-a-aplicarse-las-sputnik-v-producidas-en-el-pais\/\",\"name\":\"La semana pr\u00f3xima comenzar\u00e1n a aplicarse las Sputnik V producidas en el pa\u00eds - Noticias Radio Reflejos\",\"isPartOf\":{\"@id\":\"https:\/\/www.noticiasradioreflejos.com.ar\/2021\/#website\"},\"primaryImageOfPage\":{\"@id\":\"https:\/\/www.noticiasradioreflejos.com.ar\/2021\/la-semana-proxima-comenzaran-a-aplicarse-las-sputnik-v-producidas-en-el-pais\/#primaryimage\"},\"image\":{\"@id\":\"https:\/\/www.noticiasradioreflejos.com.ar\/2021\/la-semana-proxima-comenzaran-a-aplicarse-las-sputnik-v-producidas-en-el-pais\/#primaryimage\"},\"thumbnailUrl\":\"https:\/\/www.telam.com.ar\/advf\/imagenes\/2020\/05\/5eb83ef6db982_1004x565.jpg\",\"datePublished\":\"2021-07-01T20:22:32+00:00\",\"dateModified\":\"2021-07-01T20:23:27+00:00\",\"author\":{\"@id\":\"https:\/\/www.noticiasradioreflejos.com.ar\/2021\/#\/schema\/person\/ad82545263dcc5ec0996818884fd5fb1\"},\"breadcrumb\":{\"@id\":\"https:\/\/www.noticiasradioreflejos.com.ar\/2021\/la-semana-proxima-comenzaran-a-aplicarse-las-sputnik-v-producidas-en-el-pais\/#breadcrumb\"},\"inLanguage\":\"es\",\"potentialAction\":[{\"@type\":\"ReadAction\",\"target\":[\"https:\/\/www.noticiasradioreflejos.com.ar\/2021\/la-semana-proxima-comenzaran-a-aplicarse-las-sputnik-v-producidas-en-el-pais\/\"]}]},{\"@type\":\"ImageObject\",\"inLanguage\":\"es\",\"@id\":\"https:\/\/www.noticiasradioreflejos.com.ar\/2021\/la-semana-proxima-comenzaran-a-aplicarse-las-sputnik-v-producidas-en-el-pais\/#primaryimage\",\"url\":\"https:\/\/www.telam.com.ar\/advf\/imagenes\/2020\/05\/5eb83ef6db982_1004x565.jpg\",\"contentUrl\":\"https:\/\/www.telam.com.ar\/advf\/imagenes\/2020\/05\/5eb83ef6db982_1004x565.jpg\"},{\"@type\":\"BreadcrumbList\",\"@id\":\"https:\/\/www.noticiasradioreflejos.com.ar\/2021\/la-semana-proxima-comenzaran-a-aplicarse-las-sputnik-v-producidas-en-el-pais\/#breadcrumb\",\"itemListElement\":[{\"@type\":\"ListItem\",\"position\":1,\"name\":\"Portada\",\"item\":\"https:\/\/www.noticiasradioreflejos.com.ar\/2021\/\"},{\"@type\":\"ListItem\",\"position\":2,\"name\":\"La semana pr\u00f3xima comenzar\u00e1n a aplicarse las Sputnik V producidas en el pa\u00eds\"}]},{\"@type\":\"WebSite\",\"@id\":\"https:\/\/www.noticiasradioreflejos.com.ar\/2021\/#website\",\"url\":\"https:\/\/www.noticiasradioreflejos.com.ar\/2021\/\",\"name\":\"Noticias Radio Reflejos\",\"description\":\"Las noticias de mi comarca\",\"potentialAction\":[{\"@type\":\"SearchAction\",\"target\":{\"@type\":\"EntryPoint\",\"urlTemplate\":\"https:\/\/www.noticiasradioreflejos.com.ar\/2021\/?s={search_term_string}\"},\"query-input\":{\"@type\":\"PropertyValueSpecification\",\"valueRequired\":true,\"valueName\":\"search_term_string\"}}],\"inLanguage\":\"es\"},{\"@type\":\"Person\",\"@id\":\"https:\/\/www.noticiasradioreflejos.com.ar\/2021\/#\/schema\/person\/ad82545263dcc5ec0996818884fd5fb1\",\"name\":\"Arnaldo Botto\",\"image\":{\"@type\":\"ImageObject\",\"inLanguage\":\"es\",\"@id\":\"https:\/\/www.noticiasradioreflejos.com.ar\/2021\/#\/schema\/person\/image\/\",\"url\":\"https:\/\/secure.gravatar.com\/avatar\/55cb5e37c1efa326397366e6974cb338056df65cb50e7d64d1cf314e87504837?s=96&d=mm&r=g\",\"contentUrl\":\"https:\/\/secure.gravatar.com\/avatar\/55cb5e37c1efa326397366e6974cb338056df65cb50e7d64d1cf314e87504837?s=96&d=mm&r=g\",\"caption\":\"Arnaldo Botto\"},\"url\":\"https:\/\/www.noticiasradioreflejos.com.ar\/2021\/author\/arnaldo\/\"}]}<\/script>\n<!-- \/ Yoast SEO plugin. -->","yoast_head_json":{"title":"La semana pr\u00f3xima comenzar\u00e1n a aplicarse las Sputnik V producidas en el pa\u00eds - Noticias Radio Reflejos","robots":{"index":"index","follow":"follow","max-snippet":"max-snippet:-1","max-image-preview":"max-image-preview:large","max-video-preview":"max-video-preview:-1"},"canonical":"https:\/\/www.noticiasradioreflejos.com.ar\/2021\/la-semana-proxima-comenzaran-a-aplicarse-las-sputnik-v-producidas-en-el-pais\/","og_locale":"es_ES","og_type":"article","og_title":"La semana pr\u00f3xima comenzar\u00e1n a aplicarse las Sputnik V producidas en el pa\u00eds - Noticias Radio Reflejos","og_description":"El presidente de Laboratorios Richmond, Marcelo Figueiras, asegur\u00f3 este jueves que\u00a0la semana pr\u00f3xima se estar\u00edan liberando las 450 mil dosis del primer componente de la vacuna Sputnik V contra el coronavirus fabricadas en el pa\u00eds para su aplicaci\u00f3n, si el Centro de Investigaci\u00f3n Gamaleya de Rusia aprueba las muestras enviadas del primer lote del inmunizante.","og_url":"https:\/\/www.noticiasradioreflejos.com.ar\/2021\/la-semana-proxima-comenzaran-a-aplicarse-las-sputnik-v-producidas-en-el-pais\/","og_site_name":"Noticias Radio Reflejos","article_published_time":"2021-07-01T20:22:32+00:00","article_modified_time":"2021-07-01T20:23:27+00:00","og_image":[{"url":"https:\/\/www.telam.com.ar\/advf\/imagenes\/2020\/05\/5eb83ef6db982_1004x565.jpg","type":"","width":"","height":""}],"author":"Arnaldo Botto","twitter_card":"summary_large_image","schema":{"@context":"https:\/\/schema.org","@graph":[{"@type":"WebPage","@id":"https:\/\/www.noticiasradioreflejos.com.ar\/2021\/la-semana-proxima-comenzaran-a-aplicarse-las-sputnik-v-producidas-en-el-pais\/","url":"https:\/\/www.noticiasradioreflejos.com.ar\/2021\/la-semana-proxima-comenzaran-a-aplicarse-las-sputnik-v-producidas-en-el-pais\/","name":"La semana pr\u00f3xima comenzar\u00e1n a aplicarse las Sputnik V producidas en el pa\u00eds - Noticias Radio Reflejos","isPartOf":{"@id":"https:\/\/www.noticiasradioreflejos.com.ar\/2021\/#website"},"primaryImageOfPage":{"@id":"https:\/\/www.noticiasradioreflejos.com.ar\/2021\/la-semana-proxima-comenzaran-a-aplicarse-las-sputnik-v-producidas-en-el-pais\/#primaryimage"},"image":{"@id":"https:\/\/www.noticiasradioreflejos.com.ar\/2021\/la-semana-proxima-comenzaran-a-aplicarse-las-sputnik-v-producidas-en-el-pais\/#primaryimage"},"thumbnailUrl":"https:\/\/www.telam.com.ar\/advf\/imagenes\/2020\/05\/5eb83ef6db982_1004x565.jpg","datePublished":"2021-07-01T20:22:32+00:00","dateModified":"2021-07-01T20:23:27+00:00","author":{"@id":"https:\/\/www.noticiasradioreflejos.com.ar\/2021\/#\/schema\/person\/ad82545263dcc5ec0996818884fd5fb1"},"breadcrumb":{"@id":"https:\/\/www.noticiasradioreflejos.com.ar\/2021\/la-semana-proxima-comenzaran-a-aplicarse-las-sputnik-v-producidas-en-el-pais\/#breadcrumb"},"inLanguage":"es","potentialAction":[{"@type":"ReadAction","target":["https:\/\/www.noticiasradioreflejos.com.ar\/2021\/la-semana-proxima-comenzaran-a-aplicarse-las-sputnik-v-producidas-en-el-pais\/"]}]},{"@type":"ImageObject","inLanguage":"es","@id":"https:\/\/www.noticiasradioreflejos.com.ar\/2021\/la-semana-proxima-comenzaran-a-aplicarse-las-sputnik-v-producidas-en-el-pais\/#primaryimage","url":"https:\/\/www.telam.com.ar\/advf\/imagenes\/2020\/05\/5eb83ef6db982_1004x565.jpg","contentUrl":"https:\/\/www.telam.com.ar\/advf\/imagenes\/2020\/05\/5eb83ef6db982_1004x565.jpg"},{"@type":"BreadcrumbList","@id":"https:\/\/www.noticiasradioreflejos.com.ar\/2021\/la-semana-proxima-comenzaran-a-aplicarse-las-sputnik-v-producidas-en-el-pais\/#breadcrumb","itemListElement":[{"@type":"ListItem","position":1,"name":"Portada","item":"https:\/\/www.noticiasradioreflejos.com.ar\/2021\/"},{"@type":"ListItem","position":2,"name":"La semana pr\u00f3xima comenzar\u00e1n a aplicarse las Sputnik V producidas en el pa\u00eds"}]},{"@type":"WebSite","@id":"https:\/\/www.noticiasradioreflejos.com.ar\/2021\/#website","url":"https:\/\/www.noticiasradioreflejos.com.ar\/2021\/","name":"Noticias Radio Reflejos","description":"Las noticias de mi comarca","potentialAction":[{"@type":"SearchAction","target":{"@type":"EntryPoint","urlTemplate":"https:\/\/www.noticiasradioreflejos.com.ar\/2021\/?s={search_term_string}"},"query-input":{"@type":"PropertyValueSpecification","valueRequired":true,"valueName":"search_term_string"}}],"inLanguage":"es"},{"@type":"Person","@id":"https:\/\/www.noticiasradioreflejos.com.ar\/2021\/#\/schema\/person\/ad82545263dcc5ec0996818884fd5fb1","name":"Arnaldo Botto","image":{"@type":"ImageObject","inLanguage":"es","@id":"https:\/\/www.noticiasradioreflejos.com.ar\/2021\/#\/schema\/person\/image\/","url":"https:\/\/secure.gravatar.com\/avatar\/55cb5e37c1efa326397366e6974cb338056df65cb50e7d64d1cf314e87504837?s=96&d=mm&r=g","contentUrl":"https:\/\/secure.gravatar.com\/avatar\/55cb5e37c1efa326397366e6974cb338056df65cb50e7d64d1cf314e87504837?s=96&d=mm&r=g","caption":"Arnaldo Botto"},"url":"https:\/\/www.noticiasradioreflejos.com.ar\/2021\/author\/arnaldo\/"}]}},"_links":{"self":[{"href":"https:\/\/www.noticiasradioreflejos.com.ar\/2021\/wp-json\/wp\/v2\/posts\/59626","targetHints":{"allow":["GET"]}}],"collection":[{"href":"https:\/\/www.noticiasradioreflejos.com.ar\/2021\/wp-json\/wp\/v2\/posts"}],"about":[{"href":"https:\/\/www.noticiasradioreflejos.com.ar\/2021\/wp-json\/wp\/v2\/types\/post"}],"author":[{"embeddable":true,"href":"https:\/\/www.noticiasradioreflejos.com.ar\/2021\/wp-json\/wp\/v2\/users\/3"}],"replies":[{"embeddable":true,"href":"https:\/\/www.noticiasradioreflejos.com.ar\/2021\/wp-json\/wp\/v2\/comments?post=59626"}],"version-history":[{"count":2,"href":"https:\/\/www.noticiasradioreflejos.com.ar\/2021\/wp-json\/wp\/v2\/posts\/59626\/revisions"}],"predecessor-version":[{"id":59629,"href":"https:\/\/www.noticiasradioreflejos.com.ar\/2021\/wp-json\/wp\/v2\/posts\/59626\/revisions\/59629"}],"wp:attachment":[{"href":"https:\/\/www.noticiasradioreflejos.com.ar\/2021\/wp-json\/wp\/v2\/media?parent=59626"}],"wp:term":[{"taxonomy":"category","embeddable":true,"href":"https:\/\/www.noticiasradioreflejos.com.ar\/2021\/wp-json\/wp\/v2\/categories?post=59626"},{"taxonomy":"post_tag","embeddable":true,"href":"https:\/\/www.noticiasradioreflejos.com.ar\/2021\/wp-json\/wp\/v2\/tags?post=59626"}],"curies":[{"name":"wp","href":"https:\/\/api.w.org\/{rel}","templated":true}]}}