{"id":59619,"date":"2021-07-01T17:15:53","date_gmt":"2021-07-01T17:15:53","guid":{"rendered":"http:\/\/www.noticiasradioreflejos.com.ar\/2021\/?p=59619"},"modified":"2021-07-01T17:15:53","modified_gmt":"2021-07-01T17:15:53","slug":"el-partido-justicialista-del-distrito-de-tornquist-recuerda-a-juan-domingo-peron","status":"publish","type":"post","link":"https:\/\/www.noticiasradioreflejos.com.ar\/2021\/el-partido-justicialista-del-distrito-de-tornquist-recuerda-a-juan-domingo-peron\/","title":{"rendered":"El Partido Justicialista del Distrito de Tornquist recuerda a Juan Domingo Per\u00f3n"},"content":{"rendered":"<p>El Partido Justicialista del Distrito de Tornquist quiere recordar hoy en el d\u00eda de su fallecimiento a nuestro l\u00edder Pol\u00edtico, Juan Domingo Per\u00f3n.<!--more--><\/p>\n<p>El 1 de Julio de 1974, mientras en la planta baja de la Residencia de Olivos, estaba reunido el Gabinete nacional, Per\u00f3n hace crisis y le dice a Zulema Fern\u00e1ndez, gobernanta de la Residencia, quien tuvo el privilegio de acompa\u00f1arlo y cuidarlo hasta el \u00faltimo momento: \u201cMe voy, hija\u201d. Ella, desesperada al verlo caer hacia atr\u00e1s en la cama, comenz\u00f3 a gritar y subi\u00f3 el doctor Taiana que participaba de la reuni\u00f3n de Gabinete. Se acerc\u00f3 una enfermera. Los intentos por revivirlo fueron vanos. Juan Domingo Per\u00f3n dej\u00f3 de existir a las 13.15 horas.<\/p>\n<p>Un mensaje del Consejo Nacional del Partido Justicialista expresaba:<\/p>\n<p>\u201cPara nosotros, sus disc\u00edpulos y sus soldados, Per\u00f3n no ha muerto ni morir\u00e1 jam\u00e1s\u201d. (\u2026) \u201cEn esta hora de dram\u00e1tica adversidad los peronistas, sus descamisados, sus ni\u00f1os y sus j\u00f3venes, sus obreros, sus mujeres y sus hombres, debemos juramentarnos para alcanzar la uni\u00f3n y la organizaci\u00f3n que har\u00e1n grande en el tiempo toda la lucha de Per\u00f3n.\u201d<\/p>\n<p>Hoy a 47 a\u00f1os de su fallecimiento, seguimos por ese camino, sabiendo que la uni\u00f3n y la organizaci\u00f3n nos llevar\u00e1n a lograr pol\u00edticas de estado que favorezcan a los m\u00e1s necesitados, sin dejar de pensar en TODOS y TODAS los argentinos.<\/p>\n<p><a title=\"peron frase\" href=\"https:\/\/www.flickr.com\/photos\/182279889@N02\/51282559922\/in\/dateposted-public\/\" data-flickr-embed=\"true\"><img loading=\"lazy\" decoding=\"async\" src=\"https:\/\/live.staticflickr.com\/65535\/51282559922_2726d951f3_o.jpg\" alt=\"peron frase\" width=\"256\" height=\"197\" \/><\/a><script async src=\"\/\/embedr.flickr.com\/assets\/client-code.js\" charset=\"utf-8\"><\/script><\/p>\n<p><strong>PARTIDO JUSTICIALISTA DEL DISTRITO DE TORNQUIST<\/strong><\/p>\n","protected":false},"excerpt":{"rendered":"<p>El Partido Justicialista del Distrito de Tornquist quiere recordar hoy en el d\u00eda de su fallecimiento a nuestro l\u00edder Pol\u00edtico, Juan Domingo Per\u00f3n.<\/p>\n","protected":false},"author":3,"featured_media":0,"comment_status":"closed","ping_status":"closed","sticky":false,"template":"","format":"standard","meta":{"footnotes":""},"categories":[24],"tags":[],"class_list":["post-59619","post","type-post","status-publish","format-standard","hentry","category-politica"],"yoast_head":"<!-- This site is optimized with the Yoast SEO plugin v25.9 - https:\/\/yoast.com\/wordpress\/plugins\/seo\/ -->\n<title>El Partido Justicialista del Distrito de Tornquist recuerda a Juan Domingo Per\u00f3n - Noticias Radio Reflejos<\/title>\n<meta name=\"robots\" content=\"index, follow, max-snippet:-1, max-image-preview:large, max-video-preview:-1\" \/>\n<link rel=\"canonical\" href=\"https:\/\/www.noticiasradioreflejos.com.ar\/2021\/el-partido-justicialista-del-distrito-de-tornquist-recuerda-a-juan-domingo-peron\/\" \/>\n<meta property=\"og:locale\" content=\"es_ES\" \/>\n<meta property=\"og:type\" content=\"article\" \/>\n<meta property=\"og:title\" content=\"El Partido Justicialista del Distrito de Tornquist recuerda a Juan Domingo Per\u00f3n - Noticias Radio Reflejos\" \/>\n<meta property=\"og:description\" content=\"El Partido Justicialista del Distrito de Tornquist quiere recordar hoy en el d\u00eda de su fallecimiento a nuestro l\u00edder Pol\u00edtico, Juan Domingo Per\u00f3n.\" \/>\n<meta property=\"og:url\" content=\"https:\/\/www.noticiasradioreflejos.com.ar\/2021\/el-partido-justicialista-del-distrito-de-tornquist-recuerda-a-juan-domingo-peron\/\" \/>\n<meta property=\"og:site_name\" content=\"Noticias Radio Reflejos\" \/>\n<meta property=\"article:published_time\" content=\"2021-07-01T17:15:53+00:00\" \/>\n<meta property=\"og:image\" content=\"https:\/\/live.staticflickr.com\/65535\/51282559922_2726d951f3_o.jpg\" \/>\n<meta name=\"author\" content=\"Arnaldo Botto\" \/>\n<meta name=\"twitter:card\" content=\"summary_large_image\" \/>\n<script type=\"application\/ld+json\" class=\"yoast-schema-graph\">{\"@context\":\"https:\/\/schema.org\",\"@graph\":[{\"@type\":\"WebPage\",\"@id\":\"https:\/\/www.noticiasradioreflejos.com.ar\/2021\/el-partido-justicialista-del-distrito-de-tornquist-recuerda-a-juan-domingo-peron\/\",\"url\":\"https:\/\/www.noticiasradioreflejos.com.ar\/2021\/el-partido-justicialista-del-distrito-de-tornquist-recuerda-a-juan-domingo-peron\/\",\"name\":\"El Partido Justicialista del Distrito de Tornquist recuerda a Juan Domingo Per\u00f3n - Noticias Radio Reflejos\",\"isPartOf\":{\"@id\":\"https:\/\/www.noticiasradioreflejos.com.ar\/2021\/#website\"},\"primaryImageOfPage\":{\"@id\":\"https:\/\/www.noticiasradioreflejos.com.ar\/2021\/el-partido-justicialista-del-distrito-de-tornquist-recuerda-a-juan-domingo-peron\/#primaryimage\"},\"image\":{\"@id\":\"https:\/\/www.noticiasradioreflejos.com.ar\/2021\/el-partido-justicialista-del-distrito-de-tornquist-recuerda-a-juan-domingo-peron\/#primaryimage\"},\"thumbnailUrl\":\"https:\/\/live.staticflickr.com\/65535\/51282559922_2726d951f3_o.jpg\",\"datePublished\":\"2021-07-01T17:15:53+00:00\",\"author\":{\"@id\":\"https:\/\/www.noticiasradioreflejos.com.ar\/2021\/#\/schema\/person\/ad82545263dcc5ec0996818884fd5fb1\"},\"breadcrumb\":{\"@id\":\"https:\/\/www.noticiasradioreflejos.com.ar\/2021\/el-partido-justicialista-del-distrito-de-tornquist-recuerda-a-juan-domingo-peron\/#breadcrumb\"},\"inLanguage\":\"es\",\"potentialAction\":[{\"@type\":\"ReadAction\",\"target\":[\"https:\/\/www.noticiasradioreflejos.com.ar\/2021\/el-partido-justicialista-del-distrito-de-tornquist-recuerda-a-juan-domingo-peron\/\"]}]},{\"@type\":\"ImageObject\",\"inLanguage\":\"es\",\"@id\":\"https:\/\/www.noticiasradioreflejos.com.ar\/2021\/el-partido-justicialista-del-distrito-de-tornquist-recuerda-a-juan-domingo-peron\/#primaryimage\",\"url\":\"https:\/\/live.staticflickr.com\/65535\/51282559922_2726d951f3_o.jpg\",\"contentUrl\":\"https:\/\/live.staticflickr.com\/65535\/51282559922_2726d951f3_o.jpg\"},{\"@type\":\"BreadcrumbList\",\"@id\":\"https:\/\/www.noticiasradioreflejos.com.ar\/2021\/el-partido-justicialista-del-distrito-de-tornquist-recuerda-a-juan-domingo-peron\/#breadcrumb\",\"itemListElement\":[{\"@type\":\"ListItem\",\"position\":1,\"name\":\"Portada\",\"item\":\"https:\/\/www.noticiasradioreflejos.com.ar\/2021\/\"},{\"@type\":\"ListItem\",\"position\":2,\"name\":\"El Partido Justicialista del Distrito de Tornquist recuerda a Juan Domingo Per\u00f3n\"}]},{\"@type\":\"WebSite\",\"@id\":\"https:\/\/www.noticiasradioreflejos.com.ar\/2021\/#website\",\"url\":\"https:\/\/www.noticiasradioreflejos.com.ar\/2021\/\",\"name\":\"Noticias Radio Reflejos\",\"description\":\"Las noticias de mi comarca\",\"potentialAction\":[{\"@type\":\"SearchAction\",\"target\":{\"@type\":\"EntryPoint\",\"urlTemplate\":\"https:\/\/www.noticiasradioreflejos.com.ar\/2021\/?s={search_term_string}\"},\"query-input\":{\"@type\":\"PropertyValueSpecification\",\"valueRequired\":true,\"valueName\":\"search_term_string\"}}],\"inLanguage\":\"es\"},{\"@type\":\"Person\",\"@id\":\"https:\/\/www.noticiasradioreflejos.com.ar\/2021\/#\/schema\/person\/ad82545263dcc5ec0996818884fd5fb1\",\"name\":\"Arnaldo Botto\",\"image\":{\"@type\":\"ImageObject\",\"inLanguage\":\"es\",\"@id\":\"https:\/\/www.noticiasradioreflejos.com.ar\/2021\/#\/schema\/person\/image\/\",\"url\":\"https:\/\/secure.gravatar.com\/avatar\/55cb5e37c1efa326397366e6974cb338056df65cb50e7d64d1cf314e87504837?s=96&d=mm&r=g\",\"contentUrl\":\"https:\/\/secure.gravatar.com\/avatar\/55cb5e37c1efa326397366e6974cb338056df65cb50e7d64d1cf314e87504837?s=96&d=mm&r=g\",\"caption\":\"Arnaldo Botto\"},\"url\":\"https:\/\/www.noticiasradioreflejos.com.ar\/2021\/author\/arnaldo\/\"}]}<\/script>\n<!-- \/ Yoast SEO plugin. -->","yoast_head_json":{"title":"El Partido Justicialista del Distrito de Tornquist recuerda a Juan Domingo Per\u00f3n - Noticias Radio Reflejos","robots":{"index":"index","follow":"follow","max-snippet":"max-snippet:-1","max-image-preview":"max-image-preview:large","max-video-preview":"max-video-preview:-1"},"canonical":"https:\/\/www.noticiasradioreflejos.com.ar\/2021\/el-partido-justicialista-del-distrito-de-tornquist-recuerda-a-juan-domingo-peron\/","og_locale":"es_ES","og_type":"article","og_title":"El Partido Justicialista del Distrito de Tornquist recuerda a Juan Domingo Per\u00f3n - Noticias Radio Reflejos","og_description":"El Partido Justicialista del Distrito de Tornquist quiere recordar hoy en el d\u00eda de su fallecimiento a nuestro l\u00edder Pol\u00edtico, Juan Domingo Per\u00f3n.","og_url":"https:\/\/www.noticiasradioreflejos.com.ar\/2021\/el-partido-justicialista-del-distrito-de-tornquist-recuerda-a-juan-domingo-peron\/","og_site_name":"Noticias Radio Reflejos","article_published_time":"2021-07-01T17:15:53+00:00","og_image":[{"url":"https:\/\/live.staticflickr.com\/65535\/51282559922_2726d951f3_o.jpg","type":"","width":"","height":""}],"author":"Arnaldo Botto","twitter_card":"summary_large_image","schema":{"@context":"https:\/\/schema.org","@graph":[{"@type":"WebPage","@id":"https:\/\/www.noticiasradioreflejos.com.ar\/2021\/el-partido-justicialista-del-distrito-de-tornquist-recuerda-a-juan-domingo-peron\/","url":"https:\/\/www.noticiasradioreflejos.com.ar\/2021\/el-partido-justicialista-del-distrito-de-tornquist-recuerda-a-juan-domingo-peron\/","name":"El Partido Justicialista del Distrito de Tornquist recuerda a Juan Domingo Per\u00f3n - Noticias Radio Reflejos","isPartOf":{"@id":"https:\/\/www.noticiasradioreflejos.com.ar\/2021\/#website"},"primaryImageOfPage":{"@id":"https:\/\/www.noticiasradioreflejos.com.ar\/2021\/el-partido-justicialista-del-distrito-de-tornquist-recuerda-a-juan-domingo-peron\/#primaryimage"},"image":{"@id":"https:\/\/www.noticiasradioreflejos.com.ar\/2021\/el-partido-justicialista-del-distrito-de-tornquist-recuerda-a-juan-domingo-peron\/#primaryimage"},"thumbnailUrl":"https:\/\/live.staticflickr.com\/65535\/51282559922_2726d951f3_o.jpg","datePublished":"2021-07-01T17:15:53+00:00","author":{"@id":"https:\/\/www.noticiasradioreflejos.com.ar\/2021\/#\/schema\/person\/ad82545263dcc5ec0996818884fd5fb1"},"breadcrumb":{"@id":"https:\/\/www.noticiasradioreflejos.com.ar\/2021\/el-partido-justicialista-del-distrito-de-tornquist-recuerda-a-juan-domingo-peron\/#breadcrumb"},"inLanguage":"es","potentialAction":[{"@type":"ReadAction","target":["https:\/\/www.noticiasradioreflejos.com.ar\/2021\/el-partido-justicialista-del-distrito-de-tornquist-recuerda-a-juan-domingo-peron\/"]}]},{"@type":"ImageObject","inLanguage":"es","@id":"https:\/\/www.noticiasradioreflejos.com.ar\/2021\/el-partido-justicialista-del-distrito-de-tornquist-recuerda-a-juan-domingo-peron\/#primaryimage","url":"https:\/\/live.staticflickr.com\/65535\/51282559922_2726d951f3_o.jpg","contentUrl":"https:\/\/live.staticflickr.com\/65535\/51282559922_2726d951f3_o.jpg"},{"@type":"BreadcrumbList","@id":"https:\/\/www.noticiasradioreflejos.com.ar\/2021\/el-partido-justicialista-del-distrito-de-tornquist-recuerda-a-juan-domingo-peron\/#breadcrumb","itemListElement":[{"@type":"ListItem","position":1,"name":"Portada","item":"https:\/\/www.noticiasradioreflejos.com.ar\/2021\/"},{"@type":"ListItem","position":2,"name":"El Partido Justicialista del Distrito de Tornquist recuerda a Juan Domingo Per\u00f3n"}]},{"@type":"WebSite","@id":"https:\/\/www.noticiasradioreflejos.com.ar\/2021\/#website","url":"https:\/\/www.noticiasradioreflejos.com.ar\/2021\/","name":"Noticias Radio Reflejos","description":"Las noticias de mi comarca","potentialAction":[{"@type":"SearchAction","target":{"@type":"EntryPoint","urlTemplate":"https:\/\/www.noticiasradioreflejos.com.ar\/2021\/?s={search_term_string}"},"query-input":{"@type":"PropertyValueSpecification","valueRequired":true,"valueName":"search_term_string"}}],"inLanguage":"es"},{"@type":"Person","@id":"https:\/\/www.noticiasradioreflejos.com.ar\/2021\/#\/schema\/person\/ad82545263dcc5ec0996818884fd5fb1","name":"Arnaldo Botto","image":{"@type":"ImageObject","inLanguage":"es","@id":"https:\/\/www.noticiasradioreflejos.com.ar\/2021\/#\/schema\/person\/image\/","url":"https:\/\/secure.gravatar.com\/avatar\/55cb5e37c1efa326397366e6974cb338056df65cb50e7d64d1cf314e87504837?s=96&d=mm&r=g","contentUrl":"https:\/\/secure.gravatar.com\/avatar\/55cb5e37c1efa326397366e6974cb338056df65cb50e7d64d1cf314e87504837?s=96&d=mm&r=g","caption":"Arnaldo Botto"},"url":"https:\/\/www.noticiasradioreflejos.com.ar\/2021\/author\/arnaldo\/"}]}},"_links":{"self":[{"href":"https:\/\/www.noticiasradioreflejos.com.ar\/2021\/wp-json\/wp\/v2\/posts\/59619","targetHints":{"allow":["GET"]}}],"collection":[{"href":"https:\/\/www.noticiasradioreflejos.com.ar\/2021\/wp-json\/wp\/v2\/posts"}],"about":[{"href":"https:\/\/www.noticiasradioreflejos.com.ar\/2021\/wp-json\/wp\/v2\/types\/post"}],"author":[{"embeddable":true,"href":"https:\/\/www.noticiasradioreflejos.com.ar\/2021\/wp-json\/wp\/v2\/users\/3"}],"replies":[{"embeddable":true,"href":"https:\/\/www.noticiasradioreflejos.com.ar\/2021\/wp-json\/wp\/v2\/comments?post=59619"}],"version-history":[{"count":1,"href":"https:\/\/www.noticiasradioreflejos.com.ar\/2021\/wp-json\/wp\/v2\/posts\/59619\/revisions"}],"predecessor-version":[{"id":59620,"href":"https:\/\/www.noticiasradioreflejos.com.ar\/2021\/wp-json\/wp\/v2\/posts\/59619\/revisions\/59620"}],"wp:attachment":[{"href":"https:\/\/www.noticiasradioreflejos.com.ar\/2021\/wp-json\/wp\/v2\/media?parent=59619"}],"wp:term":[{"taxonomy":"category","embeddable":true,"href":"https:\/\/www.noticiasradioreflejos.com.ar\/2021\/wp-json\/wp\/v2\/categories?post=59619"},{"taxonomy":"post_tag","embeddable":true,"href":"https:\/\/www.noticiasradioreflejos.com.ar\/2021\/wp-json\/wp\/v2\/tags?post=59619"}],"curies":[{"name":"wp","href":"https:\/\/api.w.org\/{rel}","templated":true}]}}