{"id":59596,"date":"2021-07-01T12:46:22","date_gmt":"2021-07-01T12:46:22","guid":{"rendered":"http:\/\/www.noticiasradioreflejos.com.ar\/2021\/?p=59596"},"modified":"2021-07-01T15:05:28","modified_gmt":"2021-07-01T15:05:28","slug":"saldungaray-allanamientos-y-un-detenido-por-comercializacion-de-estupefacientes","status":"publish","type":"post","link":"https:\/\/www.noticiasradioreflejos.com.ar\/2021\/saldungaray-allanamientos-y-un-detenido-por-comercializacion-de-estupefacientes\/","title":{"rendered":"Saldungaray: Allanamientos y un detenido por comercializaci\u00f3n de estupefacientes"},"content":{"rendered":"<p>En horas de la noche de ayer, mi\u00e9rcoles 30 de junio personal policial de Saldungaray realiz\u00f3 allanamientos y logro la detenci\u00f3n de un hombre de 22 a\u00f1os al que se le imputa el delito de tenencia y comercializaci\u00f3n de estupefacientes.<!--more--><\/p>\n<p><a title=\"WhatsApp Image 2021-07-01 at 09.15.02\" href=\"https:\/\/www.flickr.com\/photos\/182279889@N02\/51282090027\/in\/dateposted-public\/\" data-flickr-embed=\"true\"><img loading=\"lazy\" decoding=\"async\" src=\"https:\/\/live.staticflickr.com\/65535\/51282090027_57651432a9_c.jpg\" alt=\"WhatsApp Image 2021-07-01 at 09.15.02\" width=\"539\" height=\"800\" \/><\/a><script async src=\"\/\/embedr.flickr.com\/assets\/client-code.js\" charset=\"utf-8\"><\/script><\/p>\n<p>&nbsp;<\/p>\n<p>Tras recibirse una denuncia an\u00f3nima, personal de la Comisar\u00eda de Saldungaray realiz\u00f3 tareas de investigaci\u00f3n e identific\u00f3 al acusado; a quien \u2013 d\u00edas despu\u00e9s \u2013 se le efectu\u00f3 un allanamiento en su casa por el delito de robo y se encontr\u00f3 marihuana compacta, plantas y semillas de cannabis sativa.<\/p>\n<p>Adem\u00e1s se procedi\u00f3 al secuestro de tel\u00e9fonos celulares; de cuyo an\u00e1lisis surgi\u00f3 que el detenido comercializ\u00f3 marihuana, al menos, entre el 5 de julio de 2020 al 4 de febrero de 2021.<\/p>\n<p>Con todos los elementos de prueba recolectados, el Fiscal Del Cero le solicit\u00f3 al Juez de Garant\u00edas Guillermo M\u00e9rcuri la detenci\u00f3n, la cual se concret\u00f3 en el d\u00eda de ayer en su domicilio de calle Donado al 900 de Saldungaray.<\/p>\n<p>El detenido fue indagado esta ma\u00f1ana por el Fiscal de la causa e hizo uso de su derecho a no declarar.<\/p>\n<p><iframe loading=\"lazy\" title=\"YouTube video player\" src=\"https:\/\/www.youtube.com\/embed\/vBs0LDKf_FM\" width=\"640\" height=\"352\" frameborder=\"0\" allowfullscreen=\"allowfullscreen\"><\/iframe><\/p>\n<p>&nbsp;<\/p>\n<h4>Parte policial:<\/h4>\n<p>En virtud a investigaciones iniciadas y judicializadas oportunamente por personal policial de la Sub Estaci\u00f3n de Polic\u00eda de Seguridad Comunal Saldungaray, contando con la orientaci\u00f3n y directivas emanadas desde la superioridad policial, siendo en este caso el jefe de dependencia el Oficial Inspector Gustavo Caballin supervisado por el Jefe Comunal de Tornquist Comisario Inspector Jorge Maffioli. Investigaciones, las que se acompa\u00f1aron, con diarias y arduas tareas de todo el personal policial de Saldungaray, en virtud de recabar datos y pruebas para comprobar la comercializaci\u00f3n de estupefacientes en esta localidad.<br \/>\nA ra\u00edz de las investigaciones ut supra mencionadas, las mismas fueron aportadas y enviadas a la ufij Nro 19 de estupefacientes a cargo del Dr. Mauricio del Cero, con las mismas se pudo acreditar fehacientemente el delito investigado, raz\u00f3n por la cual en el d\u00eda de ayer en horas de la noche se dio cumplimiento a orden de allanamiento y Detenci\u00f3n por parte del juzgado de garant\u00edas Nro 2 a cargo del Dr. Guillermo Mercuri del Departamento Judicial Bah\u00eda Blanca, haciendose efectiva la Detenci\u00f3n de una persona de sexo masculino, oriunda del medio, de 22 a\u00f1os de edad, por el delito de \u00abTenencia de estupefacientes con fines de comercializaci\u00f3n en dosis fraccionadas directamente para consumo\u00bb adem\u00e1s se procedi\u00f3 en su domicilio, al secuestro de dos chips, dos tel\u00e9fonos celulares con chip colocados, una tablet, 92 semillas de marihuana, restos de marihuana y un porro empezado (tuca) con un pesaje de 1, 2 grs. Se deja constancia que los datos filiatorios de la persona detenida no son suministrados con la finalidad de no entorpecer el proceso legal y las investigaciones pertinentes. El detenido fue alojado provisoriamente en los calabozos de Sierra de la Ventana, a la espera de traslado a una unidad penitenciaria.<br \/>\n<strong>Fdo. Oficial Inspector Gustavo Caballin. Jefe Sub Estaci\u00f3n de Polic\u00eda de Seguridad Comunal Saldungaray<\/strong><\/p>\n<p>&nbsp;<\/p>\n<p><a title=\"WhatsApp Image 2021-07-01 at 09.15.02 (1)\" href=\"https:\/\/www.flickr.com\/photos\/182279889@N02\/51283009058\/in\/dateposted-public\/\" data-flickr-embed=\"true\"><img loading=\"lazy\" decoding=\"async\" src=\"https:\/\/live.staticflickr.com\/65535\/51283009058_a0a3c23b2e_c.jpg\" alt=\"WhatsApp Image 2021-07-01 at 09.15.02 (1)\" width=\"800\" height=\"654\" \/><\/a><script async src=\"\/\/embedr.flickr.com\/assets\/client-code.js\" charset=\"utf-8\"><\/script><\/p>\n","protected":false},"excerpt":{"rendered":"<p>En horas de la noche de ayer, mi\u00e9rcoles 30 de junio personal policial de Saldungaray realiz\u00f3 allanamientos y logro la detenci\u00f3n de un hombre de 22 a\u00f1os al que se le imputa el delito de tenencia y comercializaci\u00f3n de estupefacientes.<\/p>\n","protected":false},"author":3,"featured_media":0,"comment_status":"closed","ping_status":"closed","sticky":false,"template":"","format":"standard","meta":{"footnotes":""},"categories":[29],"tags":[48],"class_list":["post-59596","post","type-post","status-publish","format-standard","hentry","category-policiales","tag-destacada"],"yoast_head":"<!-- This site is optimized with the Yoast SEO plugin v25.9 - https:\/\/yoast.com\/wordpress\/plugins\/seo\/ -->\n<title>Saldungaray: Allanamientos y un detenido por comercializaci\u00f3n de estupefacientes - Noticias Radio Reflejos<\/title>\n<meta name=\"robots\" content=\"index, follow, max-snippet:-1, max-image-preview:large, max-video-preview:-1\" \/>\n<link rel=\"canonical\" href=\"https:\/\/www.noticiasradioreflejos.com.ar\/2021\/saldungaray-allanamientos-y-un-detenido-por-comercializacion-de-estupefacientes\/\" \/>\n<meta property=\"og:locale\" content=\"es_ES\" \/>\n<meta property=\"og:type\" content=\"article\" \/>\n<meta property=\"og:title\" content=\"Saldungaray: Allanamientos y un detenido por comercializaci\u00f3n de estupefacientes - Noticias Radio Reflejos\" \/>\n<meta property=\"og:description\" content=\"En horas de la noche de ayer, mi\u00e9rcoles 30 de junio personal policial de Saldungaray realiz\u00f3 allanamientos y logro la detenci\u00f3n de un hombre de 22 a\u00f1os al que se le imputa el delito de tenencia y comercializaci\u00f3n de estupefacientes.\" \/>\n<meta property=\"og:url\" content=\"https:\/\/www.noticiasradioreflejos.com.ar\/2021\/saldungaray-allanamientos-y-un-detenido-por-comercializacion-de-estupefacientes\/\" \/>\n<meta property=\"og:site_name\" content=\"Noticias Radio Reflejos\" \/>\n<meta property=\"article:published_time\" content=\"2021-07-01T12:46:22+00:00\" \/>\n<meta property=\"article:modified_time\" content=\"2021-07-01T15:05:28+00:00\" \/>\n<meta property=\"og:image\" content=\"https:\/\/live.staticflickr.com\/65535\/51282090027_57651432a9_c.jpg\" \/>\n<meta name=\"author\" content=\"Arnaldo Botto\" \/>\n<meta name=\"twitter:card\" content=\"summary_large_image\" \/>\n<script type=\"application\/ld+json\" class=\"yoast-schema-graph\">{\"@context\":\"https:\/\/schema.org\",\"@graph\":[{\"@type\":\"WebPage\",\"@id\":\"https:\/\/www.noticiasradioreflejos.com.ar\/2021\/saldungaray-allanamientos-y-un-detenido-por-comercializacion-de-estupefacientes\/\",\"url\":\"https:\/\/www.noticiasradioreflejos.com.ar\/2021\/saldungaray-allanamientos-y-un-detenido-por-comercializacion-de-estupefacientes\/\",\"name\":\"Saldungaray: Allanamientos y un detenido por comercializaci\u00f3n de estupefacientes - Noticias Radio Reflejos\",\"isPartOf\":{\"@id\":\"https:\/\/www.noticiasradioreflejos.com.ar\/2021\/#website\"},\"primaryImageOfPage\":{\"@id\":\"https:\/\/www.noticiasradioreflejos.com.ar\/2021\/saldungaray-allanamientos-y-un-detenido-por-comercializacion-de-estupefacientes\/#primaryimage\"},\"image\":{\"@id\":\"https:\/\/www.noticiasradioreflejos.com.ar\/2021\/saldungaray-allanamientos-y-un-detenido-por-comercializacion-de-estupefacientes\/#primaryimage\"},\"thumbnailUrl\":\"https:\/\/live.staticflickr.com\/65535\/51282090027_57651432a9_c.jpg\",\"datePublished\":\"2021-07-01T12:46:22+00:00\",\"dateModified\":\"2021-07-01T15:05:28+00:00\",\"author\":{\"@id\":\"https:\/\/www.noticiasradioreflejos.com.ar\/2021\/#\/schema\/person\/ad82545263dcc5ec0996818884fd5fb1\"},\"breadcrumb\":{\"@id\":\"https:\/\/www.noticiasradioreflejos.com.ar\/2021\/saldungaray-allanamientos-y-un-detenido-por-comercializacion-de-estupefacientes\/#breadcrumb\"},\"inLanguage\":\"es\",\"potentialAction\":[{\"@type\":\"ReadAction\",\"target\":[\"https:\/\/www.noticiasradioreflejos.com.ar\/2021\/saldungaray-allanamientos-y-un-detenido-por-comercializacion-de-estupefacientes\/\"]}]},{\"@type\":\"ImageObject\",\"inLanguage\":\"es\",\"@id\":\"https:\/\/www.noticiasradioreflejos.com.ar\/2021\/saldungaray-allanamientos-y-un-detenido-por-comercializacion-de-estupefacientes\/#primaryimage\",\"url\":\"https:\/\/live.staticflickr.com\/65535\/51282090027_57651432a9_c.jpg\",\"contentUrl\":\"https:\/\/live.staticflickr.com\/65535\/51282090027_57651432a9_c.jpg\"},{\"@type\":\"BreadcrumbList\",\"@id\":\"https:\/\/www.noticiasradioreflejos.com.ar\/2021\/saldungaray-allanamientos-y-un-detenido-por-comercializacion-de-estupefacientes\/#breadcrumb\",\"itemListElement\":[{\"@type\":\"ListItem\",\"position\":1,\"name\":\"Portada\",\"item\":\"https:\/\/www.noticiasradioreflejos.com.ar\/2021\/\"},{\"@type\":\"ListItem\",\"position\":2,\"name\":\"Saldungaray: Allanamientos y un detenido por comercializaci\u00f3n de estupefacientes\"}]},{\"@type\":\"WebSite\",\"@id\":\"https:\/\/www.noticiasradioreflejos.com.ar\/2021\/#website\",\"url\":\"https:\/\/www.noticiasradioreflejos.com.ar\/2021\/\",\"name\":\"Noticias Radio Reflejos\",\"description\":\"Las noticias de mi comarca\",\"potentialAction\":[{\"@type\":\"SearchAction\",\"target\":{\"@type\":\"EntryPoint\",\"urlTemplate\":\"https:\/\/www.noticiasradioreflejos.com.ar\/2021\/?s={search_term_string}\"},\"query-input\":{\"@type\":\"PropertyValueSpecification\",\"valueRequired\":true,\"valueName\":\"search_term_string\"}}],\"inLanguage\":\"es\"},{\"@type\":\"Person\",\"@id\":\"https:\/\/www.noticiasradioreflejos.com.ar\/2021\/#\/schema\/person\/ad82545263dcc5ec0996818884fd5fb1\",\"name\":\"Arnaldo Botto\",\"image\":{\"@type\":\"ImageObject\",\"inLanguage\":\"es\",\"@id\":\"https:\/\/www.noticiasradioreflejos.com.ar\/2021\/#\/schema\/person\/image\/\",\"url\":\"https:\/\/secure.gravatar.com\/avatar\/55cb5e37c1efa326397366e6974cb338056df65cb50e7d64d1cf314e87504837?s=96&d=mm&r=g\",\"contentUrl\":\"https:\/\/secure.gravatar.com\/avatar\/55cb5e37c1efa326397366e6974cb338056df65cb50e7d64d1cf314e87504837?s=96&d=mm&r=g\",\"caption\":\"Arnaldo Botto\"},\"url\":\"https:\/\/www.noticiasradioreflejos.com.ar\/2021\/author\/arnaldo\/\"}]}<\/script>\n<!-- \/ Yoast SEO plugin. -->","yoast_head_json":{"title":"Saldungaray: Allanamientos y un detenido por comercializaci\u00f3n de estupefacientes - Noticias Radio Reflejos","robots":{"index":"index","follow":"follow","max-snippet":"max-snippet:-1","max-image-preview":"max-image-preview:large","max-video-preview":"max-video-preview:-1"},"canonical":"https:\/\/www.noticiasradioreflejos.com.ar\/2021\/saldungaray-allanamientos-y-un-detenido-por-comercializacion-de-estupefacientes\/","og_locale":"es_ES","og_type":"article","og_title":"Saldungaray: Allanamientos y un detenido por comercializaci\u00f3n de estupefacientes - Noticias Radio Reflejos","og_description":"En horas de la noche de ayer, mi\u00e9rcoles 30 de junio personal policial de Saldungaray realiz\u00f3 allanamientos y logro la detenci\u00f3n de un hombre de 22 a\u00f1os al que se le imputa el delito de tenencia y comercializaci\u00f3n de estupefacientes.","og_url":"https:\/\/www.noticiasradioreflejos.com.ar\/2021\/saldungaray-allanamientos-y-un-detenido-por-comercializacion-de-estupefacientes\/","og_site_name":"Noticias Radio Reflejos","article_published_time":"2021-07-01T12:46:22+00:00","article_modified_time":"2021-07-01T15:05:28+00:00","og_image":[{"url":"https:\/\/live.staticflickr.com\/65535\/51282090027_57651432a9_c.jpg","type":"","width":"","height":""}],"author":"Arnaldo Botto","twitter_card":"summary_large_image","schema":{"@context":"https:\/\/schema.org","@graph":[{"@type":"WebPage","@id":"https:\/\/www.noticiasradioreflejos.com.ar\/2021\/saldungaray-allanamientos-y-un-detenido-por-comercializacion-de-estupefacientes\/","url":"https:\/\/www.noticiasradioreflejos.com.ar\/2021\/saldungaray-allanamientos-y-un-detenido-por-comercializacion-de-estupefacientes\/","name":"Saldungaray: Allanamientos y un detenido por comercializaci\u00f3n de estupefacientes - Noticias Radio Reflejos","isPartOf":{"@id":"https:\/\/www.noticiasradioreflejos.com.ar\/2021\/#website"},"primaryImageOfPage":{"@id":"https:\/\/www.noticiasradioreflejos.com.ar\/2021\/saldungaray-allanamientos-y-un-detenido-por-comercializacion-de-estupefacientes\/#primaryimage"},"image":{"@id":"https:\/\/www.noticiasradioreflejos.com.ar\/2021\/saldungaray-allanamientos-y-un-detenido-por-comercializacion-de-estupefacientes\/#primaryimage"},"thumbnailUrl":"https:\/\/live.staticflickr.com\/65535\/51282090027_57651432a9_c.jpg","datePublished":"2021-07-01T12:46:22+00:00","dateModified":"2021-07-01T15:05:28+00:00","author":{"@id":"https:\/\/www.noticiasradioreflejos.com.ar\/2021\/#\/schema\/person\/ad82545263dcc5ec0996818884fd5fb1"},"breadcrumb":{"@id":"https:\/\/www.noticiasradioreflejos.com.ar\/2021\/saldungaray-allanamientos-y-un-detenido-por-comercializacion-de-estupefacientes\/#breadcrumb"},"inLanguage":"es","potentialAction":[{"@type":"ReadAction","target":["https:\/\/www.noticiasradioreflejos.com.ar\/2021\/saldungaray-allanamientos-y-un-detenido-por-comercializacion-de-estupefacientes\/"]}]},{"@type":"ImageObject","inLanguage":"es","@id":"https:\/\/www.noticiasradioreflejos.com.ar\/2021\/saldungaray-allanamientos-y-un-detenido-por-comercializacion-de-estupefacientes\/#primaryimage","url":"https:\/\/live.staticflickr.com\/65535\/51282090027_57651432a9_c.jpg","contentUrl":"https:\/\/live.staticflickr.com\/65535\/51282090027_57651432a9_c.jpg"},{"@type":"BreadcrumbList","@id":"https:\/\/www.noticiasradioreflejos.com.ar\/2021\/saldungaray-allanamientos-y-un-detenido-por-comercializacion-de-estupefacientes\/#breadcrumb","itemListElement":[{"@type":"ListItem","position":1,"name":"Portada","item":"https:\/\/www.noticiasradioreflejos.com.ar\/2021\/"},{"@type":"ListItem","position":2,"name":"Saldungaray: Allanamientos y un detenido por comercializaci\u00f3n de estupefacientes"}]},{"@type":"WebSite","@id":"https:\/\/www.noticiasradioreflejos.com.ar\/2021\/#website","url":"https:\/\/www.noticiasradioreflejos.com.ar\/2021\/","name":"Noticias Radio Reflejos","description":"Las noticias de mi comarca","potentialAction":[{"@type":"SearchAction","target":{"@type":"EntryPoint","urlTemplate":"https:\/\/www.noticiasradioreflejos.com.ar\/2021\/?s={search_term_string}"},"query-input":{"@type":"PropertyValueSpecification","valueRequired":true,"valueName":"search_term_string"}}],"inLanguage":"es"},{"@type":"Person","@id":"https:\/\/www.noticiasradioreflejos.com.ar\/2021\/#\/schema\/person\/ad82545263dcc5ec0996818884fd5fb1","name":"Arnaldo Botto","image":{"@type":"ImageObject","inLanguage":"es","@id":"https:\/\/www.noticiasradioreflejos.com.ar\/2021\/#\/schema\/person\/image\/","url":"https:\/\/secure.gravatar.com\/avatar\/55cb5e37c1efa326397366e6974cb338056df65cb50e7d64d1cf314e87504837?s=96&d=mm&r=g","contentUrl":"https:\/\/secure.gravatar.com\/avatar\/55cb5e37c1efa326397366e6974cb338056df65cb50e7d64d1cf314e87504837?s=96&d=mm&r=g","caption":"Arnaldo Botto"},"url":"https:\/\/www.noticiasradioreflejos.com.ar\/2021\/author\/arnaldo\/"}]}},"_links":{"self":[{"href":"https:\/\/www.noticiasradioreflejos.com.ar\/2021\/wp-json\/wp\/v2\/posts\/59596","targetHints":{"allow":["GET"]}}],"collection":[{"href":"https:\/\/www.noticiasradioreflejos.com.ar\/2021\/wp-json\/wp\/v2\/posts"}],"about":[{"href":"https:\/\/www.noticiasradioreflejos.com.ar\/2021\/wp-json\/wp\/v2\/types\/post"}],"author":[{"embeddable":true,"href":"https:\/\/www.noticiasradioreflejos.com.ar\/2021\/wp-json\/wp\/v2\/users\/3"}],"replies":[{"embeddable":true,"href":"https:\/\/www.noticiasradioreflejos.com.ar\/2021\/wp-json\/wp\/v2\/comments?post=59596"}],"version-history":[{"count":3,"href":"https:\/\/www.noticiasradioreflejos.com.ar\/2021\/wp-json\/wp\/v2\/posts\/59596\/revisions"}],"predecessor-version":[{"id":59611,"href":"https:\/\/www.noticiasradioreflejos.com.ar\/2021\/wp-json\/wp\/v2\/posts\/59596\/revisions\/59611"}],"wp:attachment":[{"href":"https:\/\/www.noticiasradioreflejos.com.ar\/2021\/wp-json\/wp\/v2\/media?parent=59596"}],"wp:term":[{"taxonomy":"category","embeddable":true,"href":"https:\/\/www.noticiasradioreflejos.com.ar\/2021\/wp-json\/wp\/v2\/categories?post=59596"},{"taxonomy":"post_tag","embeddable":true,"href":"https:\/\/www.noticiasradioreflejos.com.ar\/2021\/wp-json\/wp\/v2\/tags?post=59596"}],"curies":[{"name":"wp","href":"https:\/\/api.w.org\/{rel}","templated":true}]}}