{"id":59535,"date":"2021-06-30T16:38:01","date_gmt":"2021-06-30T16:38:01","guid":{"rendered":"http:\/\/www.noticiasradioreflejos.com.ar\/2021\/?p=59535"},"modified":"2021-06-30T16:38:01","modified_gmt":"2021-06-30T16:38:01","slug":"rechazaron-un-amparo-contra-el-pago-del-aporte-solidario-y-extraordinario-por-la-pandemia","status":"publish","type":"post","link":"https:\/\/www.noticiasradioreflejos.com.ar\/2021\/rechazaron-un-amparo-contra-el-pago-del-aporte-solidario-y-extraordinario-por-la-pandemia\/","title":{"rendered":"Rechazaron un amparo contra el pago del Aporte Solidario y Extraordinario por la pandemia"},"content":{"rendered":"<div class=\"head-content\">\n<p>El magistrado rechaz\u00f3 el amparo al destacar que la Ley \u00abes producto del debate parlamentario\u00bb, \u00abrespeta el principio de legalidad y por lo tanto desde esta \u00f3ptica de estudio, resulta un instrumento jur\u00eddico id\u00f3neo\u00bb.<\/p>\n<\/div>\n<p><!--more--><\/p>\n<div class=\"main-content-block\">\n<div class=\"main-box clearfix\">\n<div class=\"wrapper-main-section clearfix\">\n<div class=\"wrapper-editable-content\">\n<div class=\"editable-content clearfix\">\n<div id=\"image\" class=\"image\"><img decoding=\"async\" title=\"La Ley 27.605 &quot;fue sancionada siguiendo el procedimiento de formaci\u00f3n y sanci\u00f3n de leyes previsto en la Constituci\u00f3n Nacional&quot;\" src=\"https:\/\/www.telam.com.ar\/advf\/imagenes\/2020\/11\/5fb4f7faaee05_1004x565.jpg\" alt=\"La Ley 27.605 &quot;fue sancionada siguiendo el procedimiento de formaci\u00f3n y sanci\u00f3n de leyes previsto en la Constituci\u00f3n Nacional&quot;\" \/><\/p>\n<div class=\"epigrafe\">La Ley 27.605 \u00abfue sancionada siguiendo el procedimiento de formaci\u00f3n y sanci\u00f3n de leyes previsto en la Constituci\u00f3n Nacional\u00bb<\/div>\n<\/div>\n<p>La Justicia rechaz\u00f3 una acci\u00f3n de amparo de un contribuyente que se negaba a pagar el \u00abAporte Solidario y Extraordinario\u00bb establecido en la ley 27.605, y sostuvo que la norma \u00abrespeta el principio de legalidad\u00bb y se enmarca en la \u00abprofunda y grave crisis sanitaria, social y econ\u00f3mica\u00bb generada por la pandemia de Covid-19.<\/p>\n<p><strong>La Ley 27.605 \u00abfue sancionada siguiendo el procedimiento de formaci\u00f3n y sanci\u00f3n de leyes previsto en la Constituci\u00f3n Nacional\u00bb,<\/strong>\u00a0remarc\u00f3 el titular del juzgado federal en lo Contencioso Administrativo federal 10, Walter Lara Correa, al resolver sobre la cuesti\u00f3n de fondo, en el fallo al que tuvo acceso T\u00e9lam.<\/p>\n<p><strong>La acci\u00f3n de amparo fue presentada el 16 de abril pasado por un contribuyente, identificado por sus iniciales L.F, quien buscaba obtener la declaraci\u00f3n de \u00abinconstitucionalidad\u00bb de la ley\u00a0<\/strong>que estableci\u00f3 por \u00fanica vez el \u00abAporte Solidario y extraordinario para ayudar a morigerar los efectos de la pandemia\u00bb.<\/p>\n<p>El magistrado rechaz\u00f3 el amparo al destacar que la Ley \u00abes producto del debate parlamentario\u00bb, \u00abrespeta el principio de legalidad y por lo tanto desde esta \u00f3ptica de estudio, resulta un instrumento jur\u00eddico id\u00f3neo\u00bb<\/p>\n<p>Adem\u00e1s, hizo un repaso de la situaci\u00f3n econ\u00f3mica y social generada en los pa\u00edses de Am\u00e9rica Latina a ra\u00edz de la pandemia desde inicios del 2020, y su repercusi\u00f3n en la Argentina.<\/p>\n<p>\u00abEs posible concluir que nuestra Naci\u00f3n, como consecuencia de la pandemia del Sars Covid 2 (Covid 19) est\u00e1 atravesando una profunda y grave crisis sanitaria, social y econ\u00f3mica -que sufren m\u00e1s intensamente los grupos y\/o sectores vulnerables- todo lo cual pone en riesgo el capital humano y productivo, acentu\u00e1ndose m\u00e1s las desigualdades distributivas, que ya exist\u00edan con anterioridad\u00bb, consider\u00f3 Lara Correa.<\/p>\n<blockquote><p>En el fallo se mencionaron informes de organismos internacionales como la Cepal, que por ejemplo advierte \u00absobre el aumento de la pobreza en Am\u00e9rica Latina y el Caribe por la pandemia\u00bb.<\/p><\/blockquote>\n<p>En el fallo se mencionaron informes de organismos internacionales como la Cepal, que por ejemplo advierte \u00absobre el aumento de la pobreza en Am\u00e9rica Latina y el Caribe por la pandemia\u00bb.<\/p>\n<p><strong>El juez se refiri\u00f3 adem\u00e1s al programa de las Naciones Unidas para el Desarrollo,<\/strong>\u00a0que advirti\u00f3 que \u00ablos pa\u00edses sufrieron una carga desproporcionada de casos y muertes. Esto trajo consigo m\u00faltiples crisis econ\u00f3micas y sociales\u00bb.<\/p>\n<p><strong>El contribuyente hab\u00eda aludido a una \u00abamenaza al derecho a la propiedad\u00bb.<\/strong><\/p>\n<div id=\"image\" class=\"image\"><img decoding=\"async\" title=\"Al contestar la demanda, la AFIP argument\u00f3 que &quot;la v\u00eda intentada por el sr L.F resulta improcedente&quot;\" src=\"https:\/\/www.telam.com.ar\/advf\/imagenes\/editadas\/602e5e4fa6eee_1004x564.jpg\" alt=\"Al contestar la demanda, la AFIP argument\u00f3 que &quot;la v\u00eda intentada por el sr L.F resulta improcedente&quot;\" \/><\/p>\n<div class=\"epigrafe\">Al contestar la demanda, la AFIP argument\u00f3 que \u00abla v\u00eda intentada por el sr L.F resulta improcedente\u00bb<\/div>\n<\/div>\n<p><strong>Al contestar la demanda, la AFIP argument\u00f3 que \u00abla v\u00eda intentada por el sr L.F resulta improcedente,\u00a0<\/strong>en tanto las afectaciones a los principios constitucionales sobre los que sustenta su pretensi\u00f3n, requieren de un procedimiento que permita un amplio debate y prueba, a efectos de no vulnerar el derecho de defensa\u00bb.<\/p>\n<p>Adem\u00e1s, el organismo enfatiz\u00f3 que \u00abel legislador posee la potestad para establecer la pol\u00edtica econ\u00f3mica que sea necesaria a los efectos del sostenimiento y funcionamiento del Estado Nacional\u00bb.<\/p>\n<p>Por ello y \u00aben virtud de la situaci\u00f3n excepcional de pandemia\u00bb, el Congreso de la Naci\u00f3n \u00abdeclar\u00f3 la emergencia p\u00fablica y, en consecuencia, sancion\u00f3 el \u00abAporte\u00bb a fin de solventar diversas medidas tales como la creaci\u00f3n del Ingreso Familiar de Emergencia (IFE)\u00bb.<\/p>\n<p>En el caso concreto, el magistrado consider\u00f3 que el contribuyente no prob\u00f3 que se afecte su derecho a la propiedad ni \u00abuna porci\u00f3n sustancial de su patrimonio\u00bb, y rechaz\u00f3 por falta de evidencia el argumento sobre la residencia fiscal en los Estados Unidos.<\/p>\n<p><strong>La decisi\u00f3n podr\u00eda ser apelada ante la C\u00e1mara en lo Contencioso Administrativo Federal.<\/strong><\/p>\n<p><strong>Este es uno de los casi dos centenares de amparos presentados para evitar pagar el impuesto,<\/strong>\u00a0entre ellos los de famosos como\u00a0<strong>Carlos Tevez y Gabriel Batistuta<\/strong>, todav\u00eda en tr\u00e1mite en los juzgados de primera instancia.<\/p>\n<p><a href=\"https:\/\/www.telam.com.ar\/notas\/202103\/548419-cautelar-contra-impuesto-grandes-fortunas.html\" target=\"_blank\" rel=\"noopener\">En marzo pasado, otra jueza del mismo fuero, Cecilia Gilardi Madariaga, otorg\u00f3 una medida cautelar a un ejecutivo de la firma Globant<\/a>\u00a0para que la AFIP se abstenga de reclamar el cobro del impuesto hasta que se resuelva si corresponde o no otorgarle el amparo.<\/p>\n<p>Pero luego otros magistrados del fuero como Pablo Cayssials, Enrique Lavi\u00e9 Pico y Esteban Furnari rechazaron en diferentes casos el dictado de medidas cautelares para impedir a la AFIP reclamar el cobro del impuesto, mientras se tramitan los amparos.<\/p><\/div>\n<\/div>\n<\/div>\n<\/div>\n<\/div>\n","protected":false},"excerpt":{"rendered":"<p>La Justicia rechaz\u00f3 una acci\u00f3n de amparo de un contribuyente que se negaba a pagar el \u00abAporte Solidario y Extraordinario\u00bb establecido en la ley 27.605, y sostuvo que la norma \u00abrespeta el principio de legalidad\u00bb y se enmarca en la \u00abprofunda y grave crisis sanitaria, social y econ\u00f3mica\u00bb generada por la pandemia de Covid-19.<\/p>\n","protected":false},"author":3,"featured_media":0,"comment_status":"closed","ping_status":"closed","sticky":false,"template":"","format":"standard","meta":{"footnotes":""},"categories":[24],"tags":[],"class_list":["post-59535","post","type-post","status-publish","format-standard","hentry","category-politica"],"yoast_head":"<!-- This site is optimized with the Yoast SEO plugin v25.9 - https:\/\/yoast.com\/wordpress\/plugins\/seo\/ -->\n<title>Rechazaron un amparo contra el pago del Aporte Solidario y Extraordinario por la pandemia - Noticias Radio Reflejos<\/title>\n<meta name=\"robots\" content=\"index, follow, max-snippet:-1, max-image-preview:large, max-video-preview:-1\" \/>\n<link rel=\"canonical\" href=\"https:\/\/www.noticiasradioreflejos.com.ar\/2021\/rechazaron-un-amparo-contra-el-pago-del-aporte-solidario-y-extraordinario-por-la-pandemia\/\" \/>\n<meta property=\"og:locale\" content=\"es_ES\" \/>\n<meta property=\"og:type\" content=\"article\" \/>\n<meta property=\"og:title\" content=\"Rechazaron un amparo contra el pago del Aporte Solidario y Extraordinario por la pandemia - Noticias Radio Reflejos\" \/>\n<meta property=\"og:description\" content=\"La Justicia rechaz\u00f3 una acci\u00f3n de amparo de un contribuyente que se negaba a pagar el &quot;Aporte Solidario y Extraordinario&quot; establecido en la ley 27.605, y sostuvo que la norma &quot;respeta el principio de legalidad&quot; y se enmarca en la &quot;profunda y grave crisis sanitaria, social y econ\u00f3mica&quot; generada por la pandemia de Covid-19.\" \/>\n<meta property=\"og:url\" content=\"https:\/\/www.noticiasradioreflejos.com.ar\/2021\/rechazaron-un-amparo-contra-el-pago-del-aporte-solidario-y-extraordinario-por-la-pandemia\/\" \/>\n<meta property=\"og:site_name\" content=\"Noticias Radio Reflejos\" \/>\n<meta property=\"article:published_time\" content=\"2021-06-30T16:38:01+00:00\" \/>\n<meta property=\"og:image\" content=\"https:\/\/www.telam.com.ar\/advf\/imagenes\/2020\/11\/5fb4f7faaee05_1004x565.jpg\" \/>\n<meta name=\"author\" content=\"Arnaldo Botto\" \/>\n<meta name=\"twitter:card\" content=\"summary_large_image\" \/>\n<script type=\"application\/ld+json\" class=\"yoast-schema-graph\">{\"@context\":\"https:\/\/schema.org\",\"@graph\":[{\"@type\":\"WebPage\",\"@id\":\"https:\/\/www.noticiasradioreflejos.com.ar\/2021\/rechazaron-un-amparo-contra-el-pago-del-aporte-solidario-y-extraordinario-por-la-pandemia\/\",\"url\":\"https:\/\/www.noticiasradioreflejos.com.ar\/2021\/rechazaron-un-amparo-contra-el-pago-del-aporte-solidario-y-extraordinario-por-la-pandemia\/\",\"name\":\"Rechazaron un amparo contra el pago del Aporte Solidario y Extraordinario por la pandemia - Noticias Radio Reflejos\",\"isPartOf\":{\"@id\":\"https:\/\/www.noticiasradioreflejos.com.ar\/2021\/#website\"},\"primaryImageOfPage\":{\"@id\":\"https:\/\/www.noticiasradioreflejos.com.ar\/2021\/rechazaron-un-amparo-contra-el-pago-del-aporte-solidario-y-extraordinario-por-la-pandemia\/#primaryimage\"},\"image\":{\"@id\":\"https:\/\/www.noticiasradioreflejos.com.ar\/2021\/rechazaron-un-amparo-contra-el-pago-del-aporte-solidario-y-extraordinario-por-la-pandemia\/#primaryimage\"},\"thumbnailUrl\":\"https:\/\/www.telam.com.ar\/advf\/imagenes\/2020\/11\/5fb4f7faaee05_1004x565.jpg\",\"datePublished\":\"2021-06-30T16:38:01+00:00\",\"author\":{\"@id\":\"https:\/\/www.noticiasradioreflejos.com.ar\/2021\/#\/schema\/person\/ad82545263dcc5ec0996818884fd5fb1\"},\"breadcrumb\":{\"@id\":\"https:\/\/www.noticiasradioreflejos.com.ar\/2021\/rechazaron-un-amparo-contra-el-pago-del-aporte-solidario-y-extraordinario-por-la-pandemia\/#breadcrumb\"},\"inLanguage\":\"es\",\"potentialAction\":[{\"@type\":\"ReadAction\",\"target\":[\"https:\/\/www.noticiasradioreflejos.com.ar\/2021\/rechazaron-un-amparo-contra-el-pago-del-aporte-solidario-y-extraordinario-por-la-pandemia\/\"]}]},{\"@type\":\"ImageObject\",\"inLanguage\":\"es\",\"@id\":\"https:\/\/www.noticiasradioreflejos.com.ar\/2021\/rechazaron-un-amparo-contra-el-pago-del-aporte-solidario-y-extraordinario-por-la-pandemia\/#primaryimage\",\"url\":\"https:\/\/www.telam.com.ar\/advf\/imagenes\/2020\/11\/5fb4f7faaee05_1004x565.jpg\",\"contentUrl\":\"https:\/\/www.telam.com.ar\/advf\/imagenes\/2020\/11\/5fb4f7faaee05_1004x565.jpg\"},{\"@type\":\"BreadcrumbList\",\"@id\":\"https:\/\/www.noticiasradioreflejos.com.ar\/2021\/rechazaron-un-amparo-contra-el-pago-del-aporte-solidario-y-extraordinario-por-la-pandemia\/#breadcrumb\",\"itemListElement\":[{\"@type\":\"ListItem\",\"position\":1,\"name\":\"Portada\",\"item\":\"https:\/\/www.noticiasradioreflejos.com.ar\/2021\/\"},{\"@type\":\"ListItem\",\"position\":2,\"name\":\"Rechazaron un amparo contra el pago del Aporte Solidario y Extraordinario por la pandemia\"}]},{\"@type\":\"WebSite\",\"@id\":\"https:\/\/www.noticiasradioreflejos.com.ar\/2021\/#website\",\"url\":\"https:\/\/www.noticiasradioreflejos.com.ar\/2021\/\",\"name\":\"Noticias Radio Reflejos\",\"description\":\"Las noticias de mi comarca\",\"potentialAction\":[{\"@type\":\"SearchAction\",\"target\":{\"@type\":\"EntryPoint\",\"urlTemplate\":\"https:\/\/www.noticiasradioreflejos.com.ar\/2021\/?s={search_term_string}\"},\"query-input\":{\"@type\":\"PropertyValueSpecification\",\"valueRequired\":true,\"valueName\":\"search_term_string\"}}],\"inLanguage\":\"es\"},{\"@type\":\"Person\",\"@id\":\"https:\/\/www.noticiasradioreflejos.com.ar\/2021\/#\/schema\/person\/ad82545263dcc5ec0996818884fd5fb1\",\"name\":\"Arnaldo Botto\",\"image\":{\"@type\":\"ImageObject\",\"inLanguage\":\"es\",\"@id\":\"https:\/\/www.noticiasradioreflejos.com.ar\/2021\/#\/schema\/person\/image\/\",\"url\":\"https:\/\/secure.gravatar.com\/avatar\/55cb5e37c1efa326397366e6974cb338056df65cb50e7d64d1cf314e87504837?s=96&d=mm&r=g\",\"contentUrl\":\"https:\/\/secure.gravatar.com\/avatar\/55cb5e37c1efa326397366e6974cb338056df65cb50e7d64d1cf314e87504837?s=96&d=mm&r=g\",\"caption\":\"Arnaldo Botto\"},\"url\":\"https:\/\/www.noticiasradioreflejos.com.ar\/2021\/author\/arnaldo\/\"}]}<\/script>\n<!-- \/ Yoast SEO plugin. -->","yoast_head_json":{"title":"Rechazaron un amparo contra el pago del Aporte Solidario y Extraordinario por la pandemia - Noticias Radio Reflejos","robots":{"index":"index","follow":"follow","max-snippet":"max-snippet:-1","max-image-preview":"max-image-preview:large","max-video-preview":"max-video-preview:-1"},"canonical":"https:\/\/www.noticiasradioreflejos.com.ar\/2021\/rechazaron-un-amparo-contra-el-pago-del-aporte-solidario-y-extraordinario-por-la-pandemia\/","og_locale":"es_ES","og_type":"article","og_title":"Rechazaron un amparo contra el pago del Aporte Solidario y Extraordinario por la pandemia - Noticias Radio Reflejos","og_description":"La Justicia rechaz\u00f3 una acci\u00f3n de amparo de un contribuyente que se negaba a pagar el \"Aporte Solidario y Extraordinario\" establecido en la ley 27.605, y sostuvo que la norma \"respeta el principio de legalidad\" y se enmarca en la \"profunda y grave crisis sanitaria, social y econ\u00f3mica\" generada por la pandemia de Covid-19.","og_url":"https:\/\/www.noticiasradioreflejos.com.ar\/2021\/rechazaron-un-amparo-contra-el-pago-del-aporte-solidario-y-extraordinario-por-la-pandemia\/","og_site_name":"Noticias Radio Reflejos","article_published_time":"2021-06-30T16:38:01+00:00","og_image":[{"url":"https:\/\/www.telam.com.ar\/advf\/imagenes\/2020\/11\/5fb4f7faaee05_1004x565.jpg","type":"","width":"","height":""}],"author":"Arnaldo Botto","twitter_card":"summary_large_image","schema":{"@context":"https:\/\/schema.org","@graph":[{"@type":"WebPage","@id":"https:\/\/www.noticiasradioreflejos.com.ar\/2021\/rechazaron-un-amparo-contra-el-pago-del-aporte-solidario-y-extraordinario-por-la-pandemia\/","url":"https:\/\/www.noticiasradioreflejos.com.ar\/2021\/rechazaron-un-amparo-contra-el-pago-del-aporte-solidario-y-extraordinario-por-la-pandemia\/","name":"Rechazaron un amparo contra el pago del Aporte Solidario y Extraordinario por la pandemia - Noticias Radio Reflejos","isPartOf":{"@id":"https:\/\/www.noticiasradioreflejos.com.ar\/2021\/#website"},"primaryImageOfPage":{"@id":"https:\/\/www.noticiasradioreflejos.com.ar\/2021\/rechazaron-un-amparo-contra-el-pago-del-aporte-solidario-y-extraordinario-por-la-pandemia\/#primaryimage"},"image":{"@id":"https:\/\/www.noticiasradioreflejos.com.ar\/2021\/rechazaron-un-amparo-contra-el-pago-del-aporte-solidario-y-extraordinario-por-la-pandemia\/#primaryimage"},"thumbnailUrl":"https:\/\/www.telam.com.ar\/advf\/imagenes\/2020\/11\/5fb4f7faaee05_1004x565.jpg","datePublished":"2021-06-30T16:38:01+00:00","author":{"@id":"https:\/\/www.noticiasradioreflejos.com.ar\/2021\/#\/schema\/person\/ad82545263dcc5ec0996818884fd5fb1"},"breadcrumb":{"@id":"https:\/\/www.noticiasradioreflejos.com.ar\/2021\/rechazaron-un-amparo-contra-el-pago-del-aporte-solidario-y-extraordinario-por-la-pandemia\/#breadcrumb"},"inLanguage":"es","potentialAction":[{"@type":"ReadAction","target":["https:\/\/www.noticiasradioreflejos.com.ar\/2021\/rechazaron-un-amparo-contra-el-pago-del-aporte-solidario-y-extraordinario-por-la-pandemia\/"]}]},{"@type":"ImageObject","inLanguage":"es","@id":"https:\/\/www.noticiasradioreflejos.com.ar\/2021\/rechazaron-un-amparo-contra-el-pago-del-aporte-solidario-y-extraordinario-por-la-pandemia\/#primaryimage","url":"https:\/\/www.telam.com.ar\/advf\/imagenes\/2020\/11\/5fb4f7faaee05_1004x565.jpg","contentUrl":"https:\/\/www.telam.com.ar\/advf\/imagenes\/2020\/11\/5fb4f7faaee05_1004x565.jpg"},{"@type":"BreadcrumbList","@id":"https:\/\/www.noticiasradioreflejos.com.ar\/2021\/rechazaron-un-amparo-contra-el-pago-del-aporte-solidario-y-extraordinario-por-la-pandemia\/#breadcrumb","itemListElement":[{"@type":"ListItem","position":1,"name":"Portada","item":"https:\/\/www.noticiasradioreflejos.com.ar\/2021\/"},{"@type":"ListItem","position":2,"name":"Rechazaron un amparo contra el pago del Aporte Solidario y Extraordinario por la pandemia"}]},{"@type":"WebSite","@id":"https:\/\/www.noticiasradioreflejos.com.ar\/2021\/#website","url":"https:\/\/www.noticiasradioreflejos.com.ar\/2021\/","name":"Noticias Radio Reflejos","description":"Las noticias de mi comarca","potentialAction":[{"@type":"SearchAction","target":{"@type":"EntryPoint","urlTemplate":"https:\/\/www.noticiasradioreflejos.com.ar\/2021\/?s={search_term_string}"},"query-input":{"@type":"PropertyValueSpecification","valueRequired":true,"valueName":"search_term_string"}}],"inLanguage":"es"},{"@type":"Person","@id":"https:\/\/www.noticiasradioreflejos.com.ar\/2021\/#\/schema\/person\/ad82545263dcc5ec0996818884fd5fb1","name":"Arnaldo Botto","image":{"@type":"ImageObject","inLanguage":"es","@id":"https:\/\/www.noticiasradioreflejos.com.ar\/2021\/#\/schema\/person\/image\/","url":"https:\/\/secure.gravatar.com\/avatar\/55cb5e37c1efa326397366e6974cb338056df65cb50e7d64d1cf314e87504837?s=96&d=mm&r=g","contentUrl":"https:\/\/secure.gravatar.com\/avatar\/55cb5e37c1efa326397366e6974cb338056df65cb50e7d64d1cf314e87504837?s=96&d=mm&r=g","caption":"Arnaldo Botto"},"url":"https:\/\/www.noticiasradioreflejos.com.ar\/2021\/author\/arnaldo\/"}]}},"_links":{"self":[{"href":"https:\/\/www.noticiasradioreflejos.com.ar\/2021\/wp-json\/wp\/v2\/posts\/59535","targetHints":{"allow":["GET"]}}],"collection":[{"href":"https:\/\/www.noticiasradioreflejos.com.ar\/2021\/wp-json\/wp\/v2\/posts"}],"about":[{"href":"https:\/\/www.noticiasradioreflejos.com.ar\/2021\/wp-json\/wp\/v2\/types\/post"}],"author":[{"embeddable":true,"href":"https:\/\/www.noticiasradioreflejos.com.ar\/2021\/wp-json\/wp\/v2\/users\/3"}],"replies":[{"embeddable":true,"href":"https:\/\/www.noticiasradioreflejos.com.ar\/2021\/wp-json\/wp\/v2\/comments?post=59535"}],"version-history":[{"count":1,"href":"https:\/\/www.noticiasradioreflejos.com.ar\/2021\/wp-json\/wp\/v2\/posts\/59535\/revisions"}],"predecessor-version":[{"id":59537,"href":"https:\/\/www.noticiasradioreflejos.com.ar\/2021\/wp-json\/wp\/v2\/posts\/59535\/revisions\/59537"}],"wp:attachment":[{"href":"https:\/\/www.noticiasradioreflejos.com.ar\/2021\/wp-json\/wp\/v2\/media?parent=59535"}],"wp:term":[{"taxonomy":"category","embeddable":true,"href":"https:\/\/www.noticiasradioreflejos.com.ar\/2021\/wp-json\/wp\/v2\/categories?post=59535"},{"taxonomy":"post_tag","embeddable":true,"href":"https:\/\/www.noticiasradioreflejos.com.ar\/2021\/wp-json\/wp\/v2\/tags?post=59535"}],"curies":[{"name":"wp","href":"https:\/\/api.w.org\/{rel}","templated":true}]}}