{"id":59524,"date":"2021-06-30T13:50:27","date_gmt":"2021-06-30T13:50:27","guid":{"rendered":"http:\/\/www.noticiasradioreflejos.com.ar\/2021\/?p=59524"},"modified":"2021-06-30T13:50:27","modified_gmt":"2021-06-30T13:50:27","slug":"guerrera-vamos-hacia-un-sistema-moderno-abierto-y-mixto-publico-privado-en-los-trenes-de-carga","status":"publish","type":"post","link":"https:\/\/www.noticiasradioreflejos.com.ar\/2021\/guerrera-vamos-hacia-un-sistema-moderno-abierto-y-mixto-publico-privado-en-los-trenes-de-carga\/","title":{"rendered":"Guerrera: \u00abVamos hacia un sistema moderno, abierto y mixto p\u00fablico-privado en los trenes de carga\u00bb"},"content":{"rendered":"<p>Alexis Guerrera analiz\u00f3 la recuperaci\u00f3n por parte del Estado de la operaci\u00f3n de los trenes de carga y destac\u00f3 la experiencia positiva de la gesti\u00f3n del Ferrocarril Belgrano Cargas.<\/p>\n<p><!--more--><\/p>\n<div class=\"main-content-block\">\n<div class=\"main-box clearfix\">\n<div class=\"wrapper-main-section clearfix\">\n<div class=\"wrapper-editable-content\">\n<div class=\"editable-content clearfix\">\n<div id=\"image\" class=\"image\">\n<div class=\"epigrafe\">El ministro de Transporte de la Naci\u00f3n, Alexis Guerrera, sostuvo este martes que l<strong>a Argentina avanza hacia \u00abun sistema moderno, abierto y mixto entre lo p\u00fablico y el privado en los trenes de carga\u201d<\/strong>\u00a0y\u00a0<strong>afirm\u00f3 que lo que se est\u00e1 haciendo en la actualidad, es \u201crecuperar el patrimonio del Estado\u201d<\/strong>\u00a0despu\u00e9s de a\u00f1os de desinversi\u00f3n.<\/div>\n<\/div>\n<p>En una entrevista exclusiva con T\u00e9lam, Guerrera dijo que las medidas tomadas con los trenes de carga \u201cno son una estatizaci\u00f3n ni una reestatizaci\u00f3n, porque en realidad es algo que nunca se privatiz\u00f3, estuvo concesionado, y\u00a0<a href=\"https:\/\/www.telam.com.ar\/notas\/202106\/559400-transporte-control-trenes-carga.html\" target=\"_blank\" rel=\"noopener\">lo que est\u00e1 haciendo el Estado es recuperar la facultad del manejo de su patrimonio hist\u00f3rico y poder mejorarlo y operarlo\u201d.<\/a><\/p>\n<p>\u201cEn los a\u00f1os 90 hubo una concesi\u00f3n por 30 a\u00f1os, con una opci\u00f3n a 10 a\u00f1os m\u00e1s. Y lo que hicimos ahora fue rechazar la pr\u00f3rroga de estas tres concesionarias sobre las l\u00edneas Roca, Sarmiento y Mitre, que corresponden a NCA, Ferroexpreso y Ferrosur respectivamente, sostuvo.<\/p>\n<p>A\u00f1adi\u00f3 que se tom\u00f3 esa decisi\u00f3n porque \u00aben el Plan de Modernizaci\u00f3n del Transporte P\u00fablico del Ministerio, y del transporte en general, tenemos una experiencia como referencia en cuanto a trenes de cargas, que es\u00a0<strong>el Belgrano Cargas, con un muy buen nivel de eficiencia\u201d,<\/strong>\u00a0subray\u00f3.<\/p>\n<div class=\"auth\">La necesidad de inversiones<\/div>\n<p>\u201cY tenemos ese nivel de eficiencia porque el Estado, al haber recuperado su patrimonio, en el material rodante y en la infraestructura,\u00a0<strong>hizo fuertes inversiones y eso permiti\u00f3 que del a\u00f1o 2019 a la fecha, se aumentara un 79 por ciento la carga transportada\u201d<\/strong>, agreg\u00f3 el funcionario.<\/p>\n<p>Remarc\u00f3 que la medida tomada \u201cpermitir\u00e1 una visi\u00f3n global de todo el sistema y no fragmentada en las l\u00edneas, que opera o no el Estado, en lo que tiene que ver con accesos a puertos, nodos log\u00edsticos y la interacci\u00f3n entre los distintos nodos, en los que el ferrocarril tiene una pata muy potente, porque es el que mayor capacidad de carga en toneladas posee\u201d.<\/p>\n<blockquote><p>\u201cPara que esto sea eficiente,\u00a0<strong>se necesitan hacer fuertes inversiones, fundamentalmente en esas l\u00edneas,<\/strong>\u00a0que son las que menos inversiones tienen\u201d.<\/p><\/blockquote>\n<p>Guerrera insisti\u00f3 en que \u201clas inversiones en los \u00faltimos 30 a\u00f1os no fueron las esperadas, ni siquiera las planteadas en los pliegos de licitaci\u00f3n y as\u00ed fuimos cayendo de un sistema de transporte que andaba a un promedio de 70 u 80 kil\u00f3metros por hora, a uno de un promedio hoy, con suerte, de 20 0 24 kil\u00f3metros por hora, y lo ideal del sistema es de 22 toneladas por eje, que es a lo que apuntamos con el Belgrano Cargas; estas tres concesiones est\u00e1n lejos de poder transportar ese tonelaje\u201d.<\/p>\n<p>\u201cEsto \u2013dijo- redunda en perjuicio en tiempo y costos log\u00edsticos y para hacer m\u00e1s eficiente todo el sistema de transporte ferroviario es necesario recuperar la infraestructura y tambi\u00e9n el material rodante y luego hacer un sistema compartido, donde los que hoy son concesionarios no tengan la exclusividad de su l\u00ednea, sino que sean parte de un sistema integrado que administra el Estado\u201d.<\/p>\n<p>\u201cPara que esto sea eficiente,\u00a0<strong>se necesitan hacer fuertes inversiones, fundamentalmente en esas l\u00edneas,<\/strong>\u00a0que son las que menos inversiones tienen\u201d, remarc\u00f3.<\/p>\n<p>Respecto a quienes pueden participar de la licitaci\u00f3n, dijo que comprende a \u00ablos actuales concesionarios y se pueden sumar nuevos operadores\u00bb.<\/p>\n<div id=\"image\" class=\"image\">\n<p><img decoding=\"async\" title=\"Alexis Guerrera destac\u00f3 la experiencia positiva del Belgrano Cargas. \" src=\"https:\/\/www.telam.com.ar\/advf\/imagenes\/2021\/06\/60db97a2308cf_1004x565.jpg\" alt=\"Alexis Guerrera destac\u00f3 la experiencia positiva del Belgrano Cargas. \" \/><\/p>\n<div class=\"epigrafe\">Alexis Guerrera destac\u00f3 la experiencia positiva del Belgrano Cargas.<\/div>\n<\/div>\n<p>\u00abEl Estado cuenta con la infraestructura y con el material rodante que, oportunamente, se les concesion\u00f3 a los operadores actuales. Entonces los futuros concesionarios podr\u00e1n utilizar el material rodante que le provea el Estado, pagando un alquiler por los mismos y, adem\u00e1s, un peaje por el uso de la infraestructura, o podr\u00e1n utilizar material rodante propio, en cuyo caso s\u00f3lo deber\u00e1n abonar el uso de la infraestructura\u201d, se\u00f1al\u00f3.<\/p>\n<h3 class=\"auth\"><strong>Los planes<\/strong><\/h3>\n<p>En lo que respecta a los planes que se van a desarrollar en cada una de las l\u00edneas, apunt\u00f3 Guerrera que \u201ctenemos todav\u00eda por delante 10 meses para que se venza la concesi\u00f3n del Sarmiento, que es la primera, luego hasta final del a\u00f1o que viene para desarrollar el plan de inversi\u00f3n del Roca, que es la siguiente y hasta fines del 2023 para Ferrosur\u201d.<\/p>\n<p>Puntualiz\u00f3 que \u201chay muchos pa\u00edses interesados, de la Comunidad Europea, China, Rusia, Estados Unidos. Es tan importante la gesti\u00f3n que ha venido llevando adelante en este sentido el presidente Alberto Fern\u00e1ndez y que tiene su origen en la que desarroll\u00f3 Cristina Fern\u00e1ndez de Kirchner, que son muchos los interesados en aportar financiamiento para la infraestructura ferroviaria\u201d.<\/p>\n<p>\u201cLo que necesitamos \u2013a\u00f1adi\u00f3- es que el pa\u00eds tambi\u00e9n est\u00e9 en condiciones para el repago de esas inversiones y se est\u00e1 trabajando fuertemente en eso, poniendo en orden el desastre que nos dej\u00f3 (Mauricio) Macri en sus cuatro a\u00f1os de paso por la Casa Rosada\u201d.<\/p>\n<p>Enfatiz\u00f3, adem\u00e1s, que \u201cponiendo en condiciones la red de carga, estamos preparando y generando la infraestructura necesaria para volver a circular los trenes de pasajeros a velocidades aceptables para este momento\u201d.<\/p>\n<p>\u201cUn tren de pasajeros que circula a 20 kil\u00f3metros por hora no le sirve a nadie. Hablar de inversiones en los trenes de carga, implica tambi\u00e9n, un avance para la preparaci\u00f3n para fortalecer los trenes de pasajeros, ya sea de cercan\u00edas, urbanos, interurbanos y de larga distancia\u201d, manifest\u00f3.<\/p>\n<p>Y agreg\u00f3 que \u201choy se vincula esta resoluci\u00f3n con los trenes de carga, pero tambi\u00e9n involucra a los trenes de pasajeros porque va a hacer que sea apta para los trenes de pasajeros a velocidades normales\u201d.<\/p>\n<p>\u201cCuando hablamos de modernizaci\u00f3n del transporte, hablamos tambi\u00e9n de multimodalidad, de c\u00f3mo articulamos el transporte de carga terrestre hacia Nodos Log\u00edsticos vinculados con el ferrocarril, con traslado de camiones en tramos cortos, absorbiendo cientos de camiones para volcarlos en una sola formaci\u00f3n ferroviaria\u201d, insisti\u00f3.<\/p>\n<p>\u201cEstamos trabajando sobre esos Nodos, algunos ya est\u00e1n definidos y otros los estamos definiendo\u201d, finaliz\u00f3 Guerrera.<\/p>\n<\/div>\n<p><iframe loading=\"lazy\" src=\"https:\/\/w.soundcloud.com\/player\/?url=https%3A\/\/api.soundcloud.com\/tracks\/1078815175&amp;color=%23ff5500&amp;auto_play=false&amp;hide_related=false&amp;show_comments=true&amp;show_user=true&amp;show_reposts=false&amp;show_teaser=true\" width=\"100%\" height=\"166\" frameborder=\"no\" scrolling=\"no\"><\/iframe><\/p>\n<div style=\"font-size: 10px; color: #cccccc; line-break: anywhere; word-break: normal; overflow: hidden; white-space: nowrap; text-overflow: ellipsis; font-family: Interstate,Lucida Grande,Lucida Sans Unicode,Lucida Sans,Garuda,Verdana,Tahoma,sans-serif; font-weight: 100;\"><a style=\"color: #cccccc; text-decoration: none;\" title=\"fmreflejos 103.7\" href=\"https:\/\/soundcloud.com\/fmreflejos-103-7\" target=\"_blank\" rel=\"noopener\">fmreflejos 103.7<\/a> \u00b7 <a style=\"color: #cccccc; text-decoration: none;\" title=\"Ministro Guerrera - Plan De Modernizacin Del Transporte\" href=\"https:\/\/soundcloud.com\/fmreflejos-103-7\/ministro-guerrera-plan-de-modernizacin-del-transporte\" target=\"_blank\" rel=\"noopener\">Ministro Guerrera &#8211; Plan De Modernizacin Del Transporte<\/a><\/div>\n<h4><span style=\"color: #0000ff;\">Por Claudio Benites para TELAM<\/span><\/h4>\n<\/div>\n<\/div>\n<\/div>\n<\/div>\n","protected":false},"excerpt":{"rendered":"<p>Alexis Guerrera analiz\u00f3 la recuperaci\u00f3n por parte del Estado de la operaci\u00f3n de los trenes de carga y destac\u00f3 la experiencia positiva de la gesti\u00f3n del Ferrocarril Belgrano Cargas.<\/p>\n","protected":false},"author":3,"featured_media":0,"comment_status":"closed","ping_status":"closed","sticky":false,"template":"","format":"standard","meta":{"footnotes":""},"categories":[36,24,26],"tags":[48],"class_list":["post-59524","post","type-post","status-publish","format-standard","hentry","category-economia","category-politica","category-sociedad","tag-destacada"],"yoast_head":"<!-- This site is optimized with the Yoast SEO plugin v25.9 - https:\/\/yoast.com\/wordpress\/plugins\/seo\/ -->\n<title>Guerrera: &quot;Vamos hacia un sistema moderno, abierto y mixto p\u00fablico-privado en los trenes de carga&quot; - Noticias Radio Reflejos<\/title>\n<meta name=\"robots\" content=\"index, follow, max-snippet:-1, max-image-preview:large, max-video-preview:-1\" \/>\n<link rel=\"canonical\" href=\"https:\/\/www.noticiasradioreflejos.com.ar\/2021\/guerrera-vamos-hacia-un-sistema-moderno-abierto-y-mixto-publico-privado-en-los-trenes-de-carga\/\" \/>\n<meta property=\"og:locale\" content=\"es_ES\" \/>\n<meta property=\"og:type\" content=\"article\" \/>\n<meta property=\"og:title\" content=\"Guerrera: &quot;Vamos hacia un sistema moderno, abierto y mixto p\u00fablico-privado en los trenes de carga&quot; - Noticias Radio Reflejos\" \/>\n<meta property=\"og:description\" content=\"Alexis Guerrera analiz\u00f3 la recuperaci\u00f3n por parte del Estado de la operaci\u00f3n de los trenes de carga y destac\u00f3 la experiencia positiva de la gesti\u00f3n del Ferrocarril Belgrano Cargas.\" \/>\n<meta property=\"og:url\" content=\"https:\/\/www.noticiasradioreflejos.com.ar\/2021\/guerrera-vamos-hacia-un-sistema-moderno-abierto-y-mixto-publico-privado-en-los-trenes-de-carga\/\" \/>\n<meta property=\"og:site_name\" content=\"Noticias Radio Reflejos\" \/>\n<meta property=\"article:published_time\" content=\"2021-06-30T13:50:27+00:00\" \/>\n<meta property=\"og:image\" content=\"https:\/\/www.telam.com.ar\/advf\/imagenes\/2021\/06\/60db97a2308cf_1004x565.jpg\" \/>\n<meta name=\"author\" content=\"Arnaldo Botto\" \/>\n<meta name=\"twitter:card\" content=\"summary_large_image\" \/>\n<script type=\"application\/ld+json\" class=\"yoast-schema-graph\">{\"@context\":\"https:\/\/schema.org\",\"@graph\":[{\"@type\":\"WebPage\",\"@id\":\"https:\/\/www.noticiasradioreflejos.com.ar\/2021\/guerrera-vamos-hacia-un-sistema-moderno-abierto-y-mixto-publico-privado-en-los-trenes-de-carga\/\",\"url\":\"https:\/\/www.noticiasradioreflejos.com.ar\/2021\/guerrera-vamos-hacia-un-sistema-moderno-abierto-y-mixto-publico-privado-en-los-trenes-de-carga\/\",\"name\":\"Guerrera: \\\"Vamos hacia un sistema moderno, abierto y mixto p\u00fablico-privado en los trenes de carga\\\" - Noticias Radio Reflejos\",\"isPartOf\":{\"@id\":\"https:\/\/www.noticiasradioreflejos.com.ar\/2021\/#website\"},\"primaryImageOfPage\":{\"@id\":\"https:\/\/www.noticiasradioreflejos.com.ar\/2021\/guerrera-vamos-hacia-un-sistema-moderno-abierto-y-mixto-publico-privado-en-los-trenes-de-carga\/#primaryimage\"},\"image\":{\"@id\":\"https:\/\/www.noticiasradioreflejos.com.ar\/2021\/guerrera-vamos-hacia-un-sistema-moderno-abierto-y-mixto-publico-privado-en-los-trenes-de-carga\/#primaryimage\"},\"thumbnailUrl\":\"https:\/\/www.telam.com.ar\/advf\/imagenes\/2021\/06\/60db97a2308cf_1004x565.jpg\",\"datePublished\":\"2021-06-30T13:50:27+00:00\",\"author\":{\"@id\":\"https:\/\/www.noticiasradioreflejos.com.ar\/2021\/#\/schema\/person\/ad82545263dcc5ec0996818884fd5fb1\"},\"breadcrumb\":{\"@id\":\"https:\/\/www.noticiasradioreflejos.com.ar\/2021\/guerrera-vamos-hacia-un-sistema-moderno-abierto-y-mixto-publico-privado-en-los-trenes-de-carga\/#breadcrumb\"},\"inLanguage\":\"es\",\"potentialAction\":[{\"@type\":\"ReadAction\",\"target\":[\"https:\/\/www.noticiasradioreflejos.com.ar\/2021\/guerrera-vamos-hacia-un-sistema-moderno-abierto-y-mixto-publico-privado-en-los-trenes-de-carga\/\"]}]},{\"@type\":\"ImageObject\",\"inLanguage\":\"es\",\"@id\":\"https:\/\/www.noticiasradioreflejos.com.ar\/2021\/guerrera-vamos-hacia-un-sistema-moderno-abierto-y-mixto-publico-privado-en-los-trenes-de-carga\/#primaryimage\",\"url\":\"https:\/\/www.telam.com.ar\/advf\/imagenes\/2021\/06\/60db97a2308cf_1004x565.jpg\",\"contentUrl\":\"https:\/\/www.telam.com.ar\/advf\/imagenes\/2021\/06\/60db97a2308cf_1004x565.jpg\"},{\"@type\":\"BreadcrumbList\",\"@id\":\"https:\/\/www.noticiasradioreflejos.com.ar\/2021\/guerrera-vamos-hacia-un-sistema-moderno-abierto-y-mixto-publico-privado-en-los-trenes-de-carga\/#breadcrumb\",\"itemListElement\":[{\"@type\":\"ListItem\",\"position\":1,\"name\":\"Portada\",\"item\":\"https:\/\/www.noticiasradioreflejos.com.ar\/2021\/\"},{\"@type\":\"ListItem\",\"position\":2,\"name\":\"Guerrera: \u00abVamos hacia un sistema moderno, abierto y mixto p\u00fablico-privado en los trenes de carga\u00bb\"}]},{\"@type\":\"WebSite\",\"@id\":\"https:\/\/www.noticiasradioreflejos.com.ar\/2021\/#website\",\"url\":\"https:\/\/www.noticiasradioreflejos.com.ar\/2021\/\",\"name\":\"Noticias Radio Reflejos\",\"description\":\"Las noticias de mi comarca\",\"potentialAction\":[{\"@type\":\"SearchAction\",\"target\":{\"@type\":\"EntryPoint\",\"urlTemplate\":\"https:\/\/www.noticiasradioreflejos.com.ar\/2021\/?s={search_term_string}\"},\"query-input\":{\"@type\":\"PropertyValueSpecification\",\"valueRequired\":true,\"valueName\":\"search_term_string\"}}],\"inLanguage\":\"es\"},{\"@type\":\"Person\",\"@id\":\"https:\/\/www.noticiasradioreflejos.com.ar\/2021\/#\/schema\/person\/ad82545263dcc5ec0996818884fd5fb1\",\"name\":\"Arnaldo Botto\",\"image\":{\"@type\":\"ImageObject\",\"inLanguage\":\"es\",\"@id\":\"https:\/\/www.noticiasradioreflejos.com.ar\/2021\/#\/schema\/person\/image\/\",\"url\":\"https:\/\/secure.gravatar.com\/avatar\/55cb5e37c1efa326397366e6974cb338056df65cb50e7d64d1cf314e87504837?s=96&d=mm&r=g\",\"contentUrl\":\"https:\/\/secure.gravatar.com\/avatar\/55cb5e37c1efa326397366e6974cb338056df65cb50e7d64d1cf314e87504837?s=96&d=mm&r=g\",\"caption\":\"Arnaldo Botto\"},\"url\":\"https:\/\/www.noticiasradioreflejos.com.ar\/2021\/author\/arnaldo\/\"}]}<\/script>\n<!-- \/ Yoast SEO plugin. -->","yoast_head_json":{"title":"Guerrera: \"Vamos hacia un sistema moderno, abierto y mixto p\u00fablico-privado en los trenes de carga\" - Noticias Radio Reflejos","robots":{"index":"index","follow":"follow","max-snippet":"max-snippet:-1","max-image-preview":"max-image-preview:large","max-video-preview":"max-video-preview:-1"},"canonical":"https:\/\/www.noticiasradioreflejos.com.ar\/2021\/guerrera-vamos-hacia-un-sistema-moderno-abierto-y-mixto-publico-privado-en-los-trenes-de-carga\/","og_locale":"es_ES","og_type":"article","og_title":"Guerrera: \"Vamos hacia un sistema moderno, abierto y mixto p\u00fablico-privado en los trenes de carga\" - Noticias Radio Reflejos","og_description":"Alexis Guerrera analiz\u00f3 la recuperaci\u00f3n por parte del Estado de la operaci\u00f3n de los trenes de carga y destac\u00f3 la experiencia positiva de la gesti\u00f3n del Ferrocarril Belgrano Cargas.","og_url":"https:\/\/www.noticiasradioreflejos.com.ar\/2021\/guerrera-vamos-hacia-un-sistema-moderno-abierto-y-mixto-publico-privado-en-los-trenes-de-carga\/","og_site_name":"Noticias Radio Reflejos","article_published_time":"2021-06-30T13:50:27+00:00","og_image":[{"url":"https:\/\/www.telam.com.ar\/advf\/imagenes\/2021\/06\/60db97a2308cf_1004x565.jpg","type":"","width":"","height":""}],"author":"Arnaldo Botto","twitter_card":"summary_large_image","schema":{"@context":"https:\/\/schema.org","@graph":[{"@type":"WebPage","@id":"https:\/\/www.noticiasradioreflejos.com.ar\/2021\/guerrera-vamos-hacia-un-sistema-moderno-abierto-y-mixto-publico-privado-en-los-trenes-de-carga\/","url":"https:\/\/www.noticiasradioreflejos.com.ar\/2021\/guerrera-vamos-hacia-un-sistema-moderno-abierto-y-mixto-publico-privado-en-los-trenes-de-carga\/","name":"Guerrera: \"Vamos hacia un sistema moderno, abierto y mixto p\u00fablico-privado en los trenes de carga\" - Noticias Radio Reflejos","isPartOf":{"@id":"https:\/\/www.noticiasradioreflejos.com.ar\/2021\/#website"},"primaryImageOfPage":{"@id":"https:\/\/www.noticiasradioreflejos.com.ar\/2021\/guerrera-vamos-hacia-un-sistema-moderno-abierto-y-mixto-publico-privado-en-los-trenes-de-carga\/#primaryimage"},"image":{"@id":"https:\/\/www.noticiasradioreflejos.com.ar\/2021\/guerrera-vamos-hacia-un-sistema-moderno-abierto-y-mixto-publico-privado-en-los-trenes-de-carga\/#primaryimage"},"thumbnailUrl":"https:\/\/www.telam.com.ar\/advf\/imagenes\/2021\/06\/60db97a2308cf_1004x565.jpg","datePublished":"2021-06-30T13:50:27+00:00","author":{"@id":"https:\/\/www.noticiasradioreflejos.com.ar\/2021\/#\/schema\/person\/ad82545263dcc5ec0996818884fd5fb1"},"breadcrumb":{"@id":"https:\/\/www.noticiasradioreflejos.com.ar\/2021\/guerrera-vamos-hacia-un-sistema-moderno-abierto-y-mixto-publico-privado-en-los-trenes-de-carga\/#breadcrumb"},"inLanguage":"es","potentialAction":[{"@type":"ReadAction","target":["https:\/\/www.noticiasradioreflejos.com.ar\/2021\/guerrera-vamos-hacia-un-sistema-moderno-abierto-y-mixto-publico-privado-en-los-trenes-de-carga\/"]}]},{"@type":"ImageObject","inLanguage":"es","@id":"https:\/\/www.noticiasradioreflejos.com.ar\/2021\/guerrera-vamos-hacia-un-sistema-moderno-abierto-y-mixto-publico-privado-en-los-trenes-de-carga\/#primaryimage","url":"https:\/\/www.telam.com.ar\/advf\/imagenes\/2021\/06\/60db97a2308cf_1004x565.jpg","contentUrl":"https:\/\/www.telam.com.ar\/advf\/imagenes\/2021\/06\/60db97a2308cf_1004x565.jpg"},{"@type":"BreadcrumbList","@id":"https:\/\/www.noticiasradioreflejos.com.ar\/2021\/guerrera-vamos-hacia-un-sistema-moderno-abierto-y-mixto-publico-privado-en-los-trenes-de-carga\/#breadcrumb","itemListElement":[{"@type":"ListItem","position":1,"name":"Portada","item":"https:\/\/www.noticiasradioreflejos.com.ar\/2021\/"},{"@type":"ListItem","position":2,"name":"Guerrera: \u00abVamos hacia un sistema moderno, abierto y mixto p\u00fablico-privado en los trenes de carga\u00bb"}]},{"@type":"WebSite","@id":"https:\/\/www.noticiasradioreflejos.com.ar\/2021\/#website","url":"https:\/\/www.noticiasradioreflejos.com.ar\/2021\/","name":"Noticias Radio Reflejos","description":"Las noticias de mi comarca","potentialAction":[{"@type":"SearchAction","target":{"@type":"EntryPoint","urlTemplate":"https:\/\/www.noticiasradioreflejos.com.ar\/2021\/?s={search_term_string}"},"query-input":{"@type":"PropertyValueSpecification","valueRequired":true,"valueName":"search_term_string"}}],"inLanguage":"es"},{"@type":"Person","@id":"https:\/\/www.noticiasradioreflejos.com.ar\/2021\/#\/schema\/person\/ad82545263dcc5ec0996818884fd5fb1","name":"Arnaldo Botto","image":{"@type":"ImageObject","inLanguage":"es","@id":"https:\/\/www.noticiasradioreflejos.com.ar\/2021\/#\/schema\/person\/image\/","url":"https:\/\/secure.gravatar.com\/avatar\/55cb5e37c1efa326397366e6974cb338056df65cb50e7d64d1cf314e87504837?s=96&d=mm&r=g","contentUrl":"https:\/\/secure.gravatar.com\/avatar\/55cb5e37c1efa326397366e6974cb338056df65cb50e7d64d1cf314e87504837?s=96&d=mm&r=g","caption":"Arnaldo Botto"},"url":"https:\/\/www.noticiasradioreflejos.com.ar\/2021\/author\/arnaldo\/"}]}},"_links":{"self":[{"href":"https:\/\/www.noticiasradioreflejos.com.ar\/2021\/wp-json\/wp\/v2\/posts\/59524","targetHints":{"allow":["GET"]}}],"collection":[{"href":"https:\/\/www.noticiasradioreflejos.com.ar\/2021\/wp-json\/wp\/v2\/posts"}],"about":[{"href":"https:\/\/www.noticiasradioreflejos.com.ar\/2021\/wp-json\/wp\/v2\/types\/post"}],"author":[{"embeddable":true,"href":"https:\/\/www.noticiasradioreflejos.com.ar\/2021\/wp-json\/wp\/v2\/users\/3"}],"replies":[{"embeddable":true,"href":"https:\/\/www.noticiasradioreflejos.com.ar\/2021\/wp-json\/wp\/v2\/comments?post=59524"}],"version-history":[{"count":1,"href":"https:\/\/www.noticiasradioreflejos.com.ar\/2021\/wp-json\/wp\/v2\/posts\/59524\/revisions"}],"predecessor-version":[{"id":59526,"href":"https:\/\/www.noticiasradioreflejos.com.ar\/2021\/wp-json\/wp\/v2\/posts\/59524\/revisions\/59526"}],"wp:attachment":[{"href":"https:\/\/www.noticiasradioreflejos.com.ar\/2021\/wp-json\/wp\/v2\/media?parent=59524"}],"wp:term":[{"taxonomy":"category","embeddable":true,"href":"https:\/\/www.noticiasradioreflejos.com.ar\/2021\/wp-json\/wp\/v2\/categories?post=59524"},{"taxonomy":"post_tag","embeddable":true,"href":"https:\/\/www.noticiasradioreflejos.com.ar\/2021\/wp-json\/wp\/v2\/tags?post=59524"}],"curies":[{"name":"wp","href":"https:\/\/api.w.org\/{rel}","templated":true}]}}