{"id":59521,"date":"2021-06-30T13:38:49","date_gmt":"2021-06-30T13:38:49","guid":{"rendered":"http:\/\/www.noticiasradioreflejos.com.ar\/2021\/?p=59521"},"modified":"2021-06-30T13:38:49","modified_gmt":"2021-06-30T13:38:49","slug":"puerto-madryn-cerca-del-90-de-los-trabajadores-de-turismo-fueron-vacunados","status":"publish","type":"post","link":"https:\/\/www.noticiasradioreflejos.com.ar\/2021\/puerto-madryn-cerca-del-90-de-los-trabajadores-de-turismo-fueron-vacunados\/","title":{"rendered":"Puerto Madryn: cerca del 90% de los trabajadores de turismo fueron vacunados"},"content":{"rendered":"<div class=\"head-content\">\n<p>A partir de la apertura de la vacunaci\u00f3n a mayores de 18 a\u00f1os sin factores de riesgo, se activ\u00f3 r\u00e1pidamente una campa\u00f1a para inocular a los trabajadores de distintas actividades econ\u00f3micas -entre ellas el turismo- que en primera instancia no eran esenciales.<\/p>\n<\/div>\n<p><!--more--><\/p>\n<div class=\"main-content-block\">\n<div class=\"main-box clearfix\">\n<div class=\"wrapper-main-section clearfix\">\n<div class=\"wrapper-editable-content\">\n<div class=\"editable-content clearfix\">\n<div id=\"image\" class=\"image\">\n<p><img decoding=\"async\" title=\"Se activ\u00f3 r\u00e1pidamente una campa\u00f1a para inocular a trabajadores mayores de 18 a\u00f1os sin factores de riesgo.\" src=\"https:\/\/www.telam.com.ar\/advf\/imagenes\/2021\/06\/60d9eac2656bf_1004x565.jpg\" alt=\"Se activ\u00f3 r\u00e1pidamente una campa\u00f1a para inocular a trabajadores mayores de 18 a\u00f1os sin factores de riesgo.\" \/><\/p>\n<div class=\"epigrafe\">Se activ\u00f3 r\u00e1pidamente una campa\u00f1a para inocular a trabajadores mayores de 18 a\u00f1os sin factores de riesgo.<\/div>\n<\/div>\n<p>El<strong>\u00a0intendente de Puerto Madryn, Gustavo Sastre<\/strong>, asegur\u00f3 que \u00aben un trabajo articulado con el Ministerio de Salud del Chubut, se logr\u00f3 que\u00a0<strong>cerca del 90% de los trabajadores que tienen contacto directo con los turistas en sus distintas actividades, ya recibi\u00f3 la primera dosis de la vacuna contra el coronavirus<\/strong>\u00ab.<\/p>\n<p>Adem\u00e1s, el intendente aclar\u00f3 que \u00abse trata de choferes, gu\u00edas, mozos, mucamas, gu\u00edas balleneros, guardaparques, instructores de buceo, turismo de aventura, gastronom\u00eda y atenci\u00f3n al p\u00fablico que ya han recibido una dosis de la vacuna contra el Covid-19\u00bb.<\/p>\n<p>\u201cContinuamos ejecutando pol\u00edticas p\u00fablicas que siguen fortaleciendo al turismo y en este contexto es muy importante que los trabajadores de la actividad est\u00e9n vacunados porque esto nos hace un destino a\u00fan m\u00e1s seguro en momentos en donde estamos por iniciar la temporada de ballenas, y es fundamental brindar seguridad a quienes desean visitarnos\u201d, explic\u00f3 Sastre.<\/p>\n<blockquote class=\"twitter-tweet\" data-width=\"500\" data-dnt=\"true\">\n<p lang=\"es\" dir=\"ltr\">En <a href=\"https:\/\/twitter.com\/hashtag\/Madryn?src=hash&amp;ref_src=twsrc%5Etfw\">#Madryn<\/a> ya se vacun\u00f3 a casi el 90% de los trabajadores de la actividad tur\u00edstica. Nos preparamos para la Temporada de Ballenas de la mejor manera, fortaleci\u00e9ndonos como un destino seguro y con una gran oferta para quienes nos visiten <a href=\"https:\/\/twitter.com\/hashtag\/LaM%C3%A1sLinda?src=hash&amp;ref_src=twsrc%5Etfw\">#LaM\u00e1sLinda<\/a> <a href=\"https:\/\/t.co\/TZ1FrbDILM\">pic.twitter.com\/TZ1FrbDILM<\/a><\/p>\n<p>&mdash; Gustavo Sastre (@Gus_Sastre) <a href=\"https:\/\/twitter.com\/Gus_Sastre\/status\/1410004935027183620?ref_src=twsrc%5Etfw\">June 29, 2021<\/a><\/p><\/blockquote>\n<p><script async src=\"https:\/\/platform.twitter.com\/widgets.js\" charset=\"utf-8\"><\/script><\/p>\n<p>Asimismo, el Jefe Comunal remarc\u00f3 en di\u00e1logo con T\u00e9lam que \u00aba<strong>\u00a0este plan de vacunaci\u00f3n, tambi\u00e9n hay que sumar los protocolos realizados y probados exitosamente en nuestra ciudad que nos permiti\u00f3 durante la temporada de verano<\/strong>, realizar distintas actividades, respetando las medidas y sin poner en riesgo la situaci\u00f3n epidemiol\u00f3gica de la comarca\u201d.<\/p>\n<p>Por otra parte, el jefe comunal de Puerto Madryn, la ciudad cabecera de la comarca tur\u00edstica \u00abPen\u00ednsula Vald\u00e9s\u00bb, agreg\u00f3 que a\u00bb trav\u00e9s del trabajo articulado entre la Secretar\u00eda de Turismo y las distintas asociaciones y entidades que forman parte del Ente Mixto de Promoci\u00f3n Tur\u00edstica, se logr\u00f3 convocar a todos los empleados relacionados con las agencias de viaje, operadoras de buceo, hoteles, restaurantes, y cervecer\u00edas, entre otros\u00bb.<\/p>\n<p>La tarea fue posible tras el\u00a0<strong>llamado a todos los establecimientos a fin de que informen sobre toda persona mayor de 18 a\u00f1os, inscripta en la web www.vacunate.chubut.gov.ar y que trabaje en relaci\u00f3n a la actividad tur\u00edstica<\/strong>, para que puedan recibir su vacuna en el Gimnasio Municipal N\u00b01 de Puerto Madryn.<\/p>\n<p>Oficialmente se aclar\u00f3 que \u00ablos trabajadores que a\u00fan no se vacunaron y as\u00ed lo deseen pueden comunicarse con la Secretar\u00eda de Turismo para recibir asesoramiento y mediante inscripci\u00f3n en la web provincial, poder acceder a la primera dosis de la vacuna\u00bb.<\/p>\n<p>A partir de la<strong>\u00a0apertura de la vacunaci\u00f3n a mayores de 18 a\u00f1os sin factores de riesgo<\/strong>, se activ\u00f3 r\u00e1pidamente una campa\u00f1a para inocular a los trabajadores de distintas actividades econ\u00f3micas -entre ellas el turismo- que en primera instancia no eran esenciales.<\/p>\n<\/div>\n<\/div>\n<\/div>\n<\/div>\n<\/div>\n","protected":false},"excerpt":{"rendered":"<p>A partir de la apertura de la vacunaci\u00f3n a mayores de 18 a\u00f1os sin factores de riesgo, se activ\u00f3 r\u00e1pidamente una campa\u00f1a para inocular a los trabajadores de distintas actividades econ\u00f3micas -entre ellas el turismo- que en primera instancia no eran esenciales.<\/p>\n","protected":false},"author":3,"featured_media":0,"comment_status":"closed","ping_status":"closed","sticky":false,"template":"","format":"standard","meta":{"footnotes":""},"categories":[24,30,33],"tags":[],"class_list":["post-59521","post","type-post","status-publish","format-standard","hentry","category-politica","category-salud","category-turismo"],"yoast_head":"<!-- This site is optimized with the Yoast SEO plugin v25.9 - https:\/\/yoast.com\/wordpress\/plugins\/seo\/ -->\n<title>Puerto Madryn: cerca del 90% de los trabajadores de turismo fueron vacunados - Noticias Radio Reflejos<\/title>\n<meta name=\"robots\" content=\"index, follow, max-snippet:-1, max-image-preview:large, max-video-preview:-1\" \/>\n<link rel=\"canonical\" href=\"https:\/\/www.noticiasradioreflejos.com.ar\/2021\/puerto-madryn-cerca-del-90-de-los-trabajadores-de-turismo-fueron-vacunados\/\" \/>\n<meta property=\"og:locale\" content=\"es_ES\" \/>\n<meta property=\"og:type\" content=\"article\" \/>\n<meta property=\"og:title\" content=\"Puerto Madryn: cerca del 90% de los trabajadores de turismo fueron vacunados - Noticias Radio Reflejos\" \/>\n<meta property=\"og:description\" content=\"A partir de la apertura de la vacunaci\u00f3n a mayores de 18 a\u00f1os sin factores de riesgo, se activ\u00f3 r\u00e1pidamente una campa\u00f1a para inocular a los trabajadores de distintas actividades econ\u00f3micas -entre ellas el turismo- que en primera instancia no eran esenciales.\" \/>\n<meta property=\"og:url\" content=\"https:\/\/www.noticiasradioreflejos.com.ar\/2021\/puerto-madryn-cerca-del-90-de-los-trabajadores-de-turismo-fueron-vacunados\/\" \/>\n<meta property=\"og:site_name\" content=\"Noticias Radio Reflejos\" \/>\n<meta property=\"article:published_time\" content=\"2021-06-30T13:38:49+00:00\" \/>\n<meta property=\"og:image\" content=\"https:\/\/www.telam.com.ar\/advf\/imagenes\/2021\/06\/60d9eac2656bf_1004x565.jpg\" \/>\n<meta name=\"author\" content=\"Arnaldo Botto\" \/>\n<meta name=\"twitter:card\" content=\"summary_large_image\" \/>\n<script type=\"application\/ld+json\" class=\"yoast-schema-graph\">{\"@context\":\"https:\/\/schema.org\",\"@graph\":[{\"@type\":\"WebPage\",\"@id\":\"https:\/\/www.noticiasradioreflejos.com.ar\/2021\/puerto-madryn-cerca-del-90-de-los-trabajadores-de-turismo-fueron-vacunados\/\",\"url\":\"https:\/\/www.noticiasradioreflejos.com.ar\/2021\/puerto-madryn-cerca-del-90-de-los-trabajadores-de-turismo-fueron-vacunados\/\",\"name\":\"Puerto Madryn: cerca del 90% de los trabajadores de turismo fueron vacunados - Noticias Radio Reflejos\",\"isPartOf\":{\"@id\":\"https:\/\/www.noticiasradioreflejos.com.ar\/2021\/#website\"},\"primaryImageOfPage\":{\"@id\":\"https:\/\/www.noticiasradioreflejos.com.ar\/2021\/puerto-madryn-cerca-del-90-de-los-trabajadores-de-turismo-fueron-vacunados\/#primaryimage\"},\"image\":{\"@id\":\"https:\/\/www.noticiasradioreflejos.com.ar\/2021\/puerto-madryn-cerca-del-90-de-los-trabajadores-de-turismo-fueron-vacunados\/#primaryimage\"},\"thumbnailUrl\":\"https:\/\/www.telam.com.ar\/advf\/imagenes\/2021\/06\/60d9eac2656bf_1004x565.jpg\",\"datePublished\":\"2021-06-30T13:38:49+00:00\",\"author\":{\"@id\":\"https:\/\/www.noticiasradioreflejos.com.ar\/2021\/#\/schema\/person\/ad82545263dcc5ec0996818884fd5fb1\"},\"breadcrumb\":{\"@id\":\"https:\/\/www.noticiasradioreflejos.com.ar\/2021\/puerto-madryn-cerca-del-90-de-los-trabajadores-de-turismo-fueron-vacunados\/#breadcrumb\"},\"inLanguage\":\"es\",\"potentialAction\":[{\"@type\":\"ReadAction\",\"target\":[\"https:\/\/www.noticiasradioreflejos.com.ar\/2021\/puerto-madryn-cerca-del-90-de-los-trabajadores-de-turismo-fueron-vacunados\/\"]}]},{\"@type\":\"ImageObject\",\"inLanguage\":\"es\",\"@id\":\"https:\/\/www.noticiasradioreflejos.com.ar\/2021\/puerto-madryn-cerca-del-90-de-los-trabajadores-de-turismo-fueron-vacunados\/#primaryimage\",\"url\":\"https:\/\/www.telam.com.ar\/advf\/imagenes\/2021\/06\/60d9eac2656bf_1004x565.jpg\",\"contentUrl\":\"https:\/\/www.telam.com.ar\/advf\/imagenes\/2021\/06\/60d9eac2656bf_1004x565.jpg\"},{\"@type\":\"BreadcrumbList\",\"@id\":\"https:\/\/www.noticiasradioreflejos.com.ar\/2021\/puerto-madryn-cerca-del-90-de-los-trabajadores-de-turismo-fueron-vacunados\/#breadcrumb\",\"itemListElement\":[{\"@type\":\"ListItem\",\"position\":1,\"name\":\"Portada\",\"item\":\"https:\/\/www.noticiasradioreflejos.com.ar\/2021\/\"},{\"@type\":\"ListItem\",\"position\":2,\"name\":\"Puerto Madryn: cerca del 90% de los trabajadores de turismo fueron vacunados\"}]},{\"@type\":\"WebSite\",\"@id\":\"https:\/\/www.noticiasradioreflejos.com.ar\/2021\/#website\",\"url\":\"https:\/\/www.noticiasradioreflejos.com.ar\/2021\/\",\"name\":\"Noticias Radio Reflejos\",\"description\":\"Las noticias de mi comarca\",\"potentialAction\":[{\"@type\":\"SearchAction\",\"target\":{\"@type\":\"EntryPoint\",\"urlTemplate\":\"https:\/\/www.noticiasradioreflejos.com.ar\/2021\/?s={search_term_string}\"},\"query-input\":{\"@type\":\"PropertyValueSpecification\",\"valueRequired\":true,\"valueName\":\"search_term_string\"}}],\"inLanguage\":\"es\"},{\"@type\":\"Person\",\"@id\":\"https:\/\/www.noticiasradioreflejos.com.ar\/2021\/#\/schema\/person\/ad82545263dcc5ec0996818884fd5fb1\",\"name\":\"Arnaldo Botto\",\"image\":{\"@type\":\"ImageObject\",\"inLanguage\":\"es\",\"@id\":\"https:\/\/www.noticiasradioreflejos.com.ar\/2021\/#\/schema\/person\/image\/\",\"url\":\"https:\/\/secure.gravatar.com\/avatar\/55cb5e37c1efa326397366e6974cb338056df65cb50e7d64d1cf314e87504837?s=96&d=mm&r=g\",\"contentUrl\":\"https:\/\/secure.gravatar.com\/avatar\/55cb5e37c1efa326397366e6974cb338056df65cb50e7d64d1cf314e87504837?s=96&d=mm&r=g\",\"caption\":\"Arnaldo Botto\"},\"url\":\"https:\/\/www.noticiasradioreflejos.com.ar\/2021\/author\/arnaldo\/\"}]}<\/script>\n<!-- \/ Yoast SEO plugin. -->","yoast_head_json":{"title":"Puerto Madryn: cerca del 90% de los trabajadores de turismo fueron vacunados - Noticias Radio Reflejos","robots":{"index":"index","follow":"follow","max-snippet":"max-snippet:-1","max-image-preview":"max-image-preview:large","max-video-preview":"max-video-preview:-1"},"canonical":"https:\/\/www.noticiasradioreflejos.com.ar\/2021\/puerto-madryn-cerca-del-90-de-los-trabajadores-de-turismo-fueron-vacunados\/","og_locale":"es_ES","og_type":"article","og_title":"Puerto Madryn: cerca del 90% de los trabajadores de turismo fueron vacunados - Noticias Radio Reflejos","og_description":"A partir de la apertura de la vacunaci\u00f3n a mayores de 18 a\u00f1os sin factores de riesgo, se activ\u00f3 r\u00e1pidamente una campa\u00f1a para inocular a los trabajadores de distintas actividades econ\u00f3micas -entre ellas el turismo- que en primera instancia no eran esenciales.","og_url":"https:\/\/www.noticiasradioreflejos.com.ar\/2021\/puerto-madryn-cerca-del-90-de-los-trabajadores-de-turismo-fueron-vacunados\/","og_site_name":"Noticias Radio Reflejos","article_published_time":"2021-06-30T13:38:49+00:00","og_image":[{"url":"https:\/\/www.telam.com.ar\/advf\/imagenes\/2021\/06\/60d9eac2656bf_1004x565.jpg","type":"","width":"","height":""}],"author":"Arnaldo Botto","twitter_card":"summary_large_image","schema":{"@context":"https:\/\/schema.org","@graph":[{"@type":"WebPage","@id":"https:\/\/www.noticiasradioreflejos.com.ar\/2021\/puerto-madryn-cerca-del-90-de-los-trabajadores-de-turismo-fueron-vacunados\/","url":"https:\/\/www.noticiasradioreflejos.com.ar\/2021\/puerto-madryn-cerca-del-90-de-los-trabajadores-de-turismo-fueron-vacunados\/","name":"Puerto Madryn: cerca del 90% de los trabajadores de turismo fueron vacunados - Noticias Radio Reflejos","isPartOf":{"@id":"https:\/\/www.noticiasradioreflejos.com.ar\/2021\/#website"},"primaryImageOfPage":{"@id":"https:\/\/www.noticiasradioreflejos.com.ar\/2021\/puerto-madryn-cerca-del-90-de-los-trabajadores-de-turismo-fueron-vacunados\/#primaryimage"},"image":{"@id":"https:\/\/www.noticiasradioreflejos.com.ar\/2021\/puerto-madryn-cerca-del-90-de-los-trabajadores-de-turismo-fueron-vacunados\/#primaryimage"},"thumbnailUrl":"https:\/\/www.telam.com.ar\/advf\/imagenes\/2021\/06\/60d9eac2656bf_1004x565.jpg","datePublished":"2021-06-30T13:38:49+00:00","author":{"@id":"https:\/\/www.noticiasradioreflejos.com.ar\/2021\/#\/schema\/person\/ad82545263dcc5ec0996818884fd5fb1"},"breadcrumb":{"@id":"https:\/\/www.noticiasradioreflejos.com.ar\/2021\/puerto-madryn-cerca-del-90-de-los-trabajadores-de-turismo-fueron-vacunados\/#breadcrumb"},"inLanguage":"es","potentialAction":[{"@type":"ReadAction","target":["https:\/\/www.noticiasradioreflejos.com.ar\/2021\/puerto-madryn-cerca-del-90-de-los-trabajadores-de-turismo-fueron-vacunados\/"]}]},{"@type":"ImageObject","inLanguage":"es","@id":"https:\/\/www.noticiasradioreflejos.com.ar\/2021\/puerto-madryn-cerca-del-90-de-los-trabajadores-de-turismo-fueron-vacunados\/#primaryimage","url":"https:\/\/www.telam.com.ar\/advf\/imagenes\/2021\/06\/60d9eac2656bf_1004x565.jpg","contentUrl":"https:\/\/www.telam.com.ar\/advf\/imagenes\/2021\/06\/60d9eac2656bf_1004x565.jpg"},{"@type":"BreadcrumbList","@id":"https:\/\/www.noticiasradioreflejos.com.ar\/2021\/puerto-madryn-cerca-del-90-de-los-trabajadores-de-turismo-fueron-vacunados\/#breadcrumb","itemListElement":[{"@type":"ListItem","position":1,"name":"Portada","item":"https:\/\/www.noticiasradioreflejos.com.ar\/2021\/"},{"@type":"ListItem","position":2,"name":"Puerto Madryn: cerca del 90% de los trabajadores de turismo fueron vacunados"}]},{"@type":"WebSite","@id":"https:\/\/www.noticiasradioreflejos.com.ar\/2021\/#website","url":"https:\/\/www.noticiasradioreflejos.com.ar\/2021\/","name":"Noticias Radio Reflejos","description":"Las noticias de mi comarca","potentialAction":[{"@type":"SearchAction","target":{"@type":"EntryPoint","urlTemplate":"https:\/\/www.noticiasradioreflejos.com.ar\/2021\/?s={search_term_string}"},"query-input":{"@type":"PropertyValueSpecification","valueRequired":true,"valueName":"search_term_string"}}],"inLanguage":"es"},{"@type":"Person","@id":"https:\/\/www.noticiasradioreflejos.com.ar\/2021\/#\/schema\/person\/ad82545263dcc5ec0996818884fd5fb1","name":"Arnaldo Botto","image":{"@type":"ImageObject","inLanguage":"es","@id":"https:\/\/www.noticiasradioreflejos.com.ar\/2021\/#\/schema\/person\/image\/","url":"https:\/\/secure.gravatar.com\/avatar\/55cb5e37c1efa326397366e6974cb338056df65cb50e7d64d1cf314e87504837?s=96&d=mm&r=g","contentUrl":"https:\/\/secure.gravatar.com\/avatar\/55cb5e37c1efa326397366e6974cb338056df65cb50e7d64d1cf314e87504837?s=96&d=mm&r=g","caption":"Arnaldo Botto"},"url":"https:\/\/www.noticiasradioreflejos.com.ar\/2021\/author\/arnaldo\/"}]}},"_links":{"self":[{"href":"https:\/\/www.noticiasradioreflejos.com.ar\/2021\/wp-json\/wp\/v2\/posts\/59521","targetHints":{"allow":["GET"]}}],"collection":[{"href":"https:\/\/www.noticiasradioreflejos.com.ar\/2021\/wp-json\/wp\/v2\/posts"}],"about":[{"href":"https:\/\/www.noticiasradioreflejos.com.ar\/2021\/wp-json\/wp\/v2\/types\/post"}],"author":[{"embeddable":true,"href":"https:\/\/www.noticiasradioreflejos.com.ar\/2021\/wp-json\/wp\/v2\/users\/3"}],"replies":[{"embeddable":true,"href":"https:\/\/www.noticiasradioreflejos.com.ar\/2021\/wp-json\/wp\/v2\/comments?post=59521"}],"version-history":[{"count":1,"href":"https:\/\/www.noticiasradioreflejos.com.ar\/2021\/wp-json\/wp\/v2\/posts\/59521\/revisions"}],"predecessor-version":[{"id":59523,"href":"https:\/\/www.noticiasradioreflejos.com.ar\/2021\/wp-json\/wp\/v2\/posts\/59521\/revisions\/59523"}],"wp:attachment":[{"href":"https:\/\/www.noticiasradioreflejos.com.ar\/2021\/wp-json\/wp\/v2\/media?parent=59521"}],"wp:term":[{"taxonomy":"category","embeddable":true,"href":"https:\/\/www.noticiasradioreflejos.com.ar\/2021\/wp-json\/wp\/v2\/categories?post=59521"},{"taxonomy":"post_tag","embeddable":true,"href":"https:\/\/www.noticiasradioreflejos.com.ar\/2021\/wp-json\/wp\/v2\/tags?post=59521"}],"curies":[{"name":"wp","href":"https:\/\/api.w.org\/{rel}","templated":true}]}}