{"id":59517,"date":"2021-06-30T12:58:10","date_gmt":"2021-06-30T12:58:10","guid":{"rendered":"http:\/\/www.noticiasradioreflejos.com.ar\/2021\/?p=59517"},"modified":"2021-06-30T12:58:10","modified_gmt":"2021-06-30T12:58:10","slug":"ultimo-dia-para-inscribirse-en-la-feria-nacional-de-emprendedores-verdes","status":"publish","type":"post","link":"https:\/\/www.noticiasradioreflejos.com.ar\/2021\/ultimo-dia-para-inscribirse-en-la-feria-nacional-de-emprendedores-verdes\/","title":{"rendered":"\u00daltimo d\u00eda para inscribirse en la Feria Nacional de Emprendedores Verdes"},"content":{"rendered":"<p>Este mi\u00e9rcoles 30 cierra la inscripci\u00f3n a la Feria Nacional de Emprendedores Verdes, que se llevar\u00e1 a cabo el pr\u00f3ximo 28 de julio en M\u00e9danos.<!--more--><\/p>\n<p>La jornada est\u00e1 destinada a emprendedores y actores sociales comprometidos en potenciar la Econom\u00eda Verde y en la generaci\u00f3n de Empleo Verde.<\/p>\n<p>Organizada por el Municipio de Villarino, la Red Argentina de Municipios frente al Cambio Clim\u00e1tico\u00a0(RAMCC) y\u00a0Red de Emprendedores Verdes\u00a0(ReVer), busca asegurar la sustentabilidad mediante estrategias de creaci\u00f3n de oportunidades econ\u00f3micas, innovaci\u00f3n en modelos de negocios y tecnolog\u00eda transformadora y ofrecer posibilidades de aumentar el empleo, mejoras en la productividad y la competitividad de los sectores involucrados y nuevas oportunidades de crecimiento e inclusi\u00f3n social.<\/p>\n<p>Inscripci\u00f3n: <a href=\"https:\/\/docs.google.com\/forms\/d\/e\/1FAIpQLSdYnfGCtkhV66a2kKsvplTIGsIRsSpavstsLrUJbOfSLfYFsw\/viewform\">https:\/\/docs.google.com\/forms\/d\/e\/1FAIpQLSdYnfGCtkhV66a2kKsvplTIGsIRsSpavstsLrUJbOfSLfYFsw\/viewform<\/a><\/p>\n<p>&nbsp;<\/p>\n<p>&nbsp;<\/p>\n<p>&nbsp;<\/p>\n<p>&nbsp;<\/p>\n","protected":false},"excerpt":{"rendered":"<p>Este mi\u00e9rcoles 30 cierra la inscripci\u00f3n a la Feria Nacional de Emprendedores Verdes, que se llevar\u00e1 a cabo el pr\u00f3ximo 28 de julio en M\u00e9danos.<\/p>\n","protected":false},"author":3,"featured_media":0,"comment_status":"closed","ping_status":"closed","sticky":false,"template":"","format":"standard","meta":{"footnotes":""},"categories":[28],"tags":[],"class_list":["post-59517","post","type-post","status-publish","format-standard","hentry","category-municipales"],"yoast_head":"<!-- This site is optimized with the Yoast SEO plugin v25.9 - https:\/\/yoast.com\/wordpress\/plugins\/seo\/ -->\n<title>\u00daltimo d\u00eda para inscribirse en la Feria Nacional de Emprendedores Verdes - Noticias Radio Reflejos<\/title>\n<meta name=\"robots\" content=\"index, follow, max-snippet:-1, max-image-preview:large, max-video-preview:-1\" \/>\n<link rel=\"canonical\" href=\"https:\/\/www.noticiasradioreflejos.com.ar\/2021\/ultimo-dia-para-inscribirse-en-la-feria-nacional-de-emprendedores-verdes\/\" \/>\n<meta property=\"og:locale\" content=\"es_ES\" \/>\n<meta property=\"og:type\" content=\"article\" \/>\n<meta property=\"og:title\" content=\"\u00daltimo d\u00eda para inscribirse en la Feria Nacional de Emprendedores Verdes - Noticias Radio Reflejos\" \/>\n<meta property=\"og:description\" content=\"Este mi\u00e9rcoles 30 cierra la inscripci\u00f3n a la Feria Nacional de Emprendedores Verdes, que se llevar\u00e1 a cabo el pr\u00f3ximo 28 de julio en M\u00e9danos.\" \/>\n<meta property=\"og:url\" content=\"https:\/\/www.noticiasradioreflejos.com.ar\/2021\/ultimo-dia-para-inscribirse-en-la-feria-nacional-de-emprendedores-verdes\/\" \/>\n<meta property=\"og:site_name\" content=\"Noticias Radio Reflejos\" \/>\n<meta property=\"article:published_time\" content=\"2021-06-30T12:58:10+00:00\" \/>\n<meta property=\"og:image\" content=\"https:\/\/www.noticiasradioreflejos.com.ar\/2021\/wp-content\/uploads\/2021\/07\/logosol300x200.png\" \/>\n\t<meta property=\"og:image:width\" content=\"300\" \/>\n\t<meta property=\"og:image:height\" content=\"200\" \/>\n\t<meta property=\"og:image:type\" content=\"image\/png\" \/>\n<meta name=\"author\" content=\"Arnaldo Botto\" \/>\n<meta name=\"twitter:card\" content=\"summary_large_image\" \/>\n<script type=\"application\/ld+json\" class=\"yoast-schema-graph\">{\"@context\":\"https:\/\/schema.org\",\"@graph\":[{\"@type\":\"WebPage\",\"@id\":\"https:\/\/www.noticiasradioreflejos.com.ar\/2021\/ultimo-dia-para-inscribirse-en-la-feria-nacional-de-emprendedores-verdes\/\",\"url\":\"https:\/\/www.noticiasradioreflejos.com.ar\/2021\/ultimo-dia-para-inscribirse-en-la-feria-nacional-de-emprendedores-verdes\/\",\"name\":\"\u00daltimo d\u00eda para inscribirse en la Feria Nacional de Emprendedores Verdes - Noticias Radio Reflejos\",\"isPartOf\":{\"@id\":\"https:\/\/www.noticiasradioreflejos.com.ar\/2021\/#website\"},\"datePublished\":\"2021-06-30T12:58:10+00:00\",\"author\":{\"@id\":\"https:\/\/www.noticiasradioreflejos.com.ar\/2021\/#\/schema\/person\/ad82545263dcc5ec0996818884fd5fb1\"},\"breadcrumb\":{\"@id\":\"https:\/\/www.noticiasradioreflejos.com.ar\/2021\/ultimo-dia-para-inscribirse-en-la-feria-nacional-de-emprendedores-verdes\/#breadcrumb\"},\"inLanguage\":\"es\",\"potentialAction\":[{\"@type\":\"ReadAction\",\"target\":[\"https:\/\/www.noticiasradioreflejos.com.ar\/2021\/ultimo-dia-para-inscribirse-en-la-feria-nacional-de-emprendedores-verdes\/\"]}]},{\"@type\":\"BreadcrumbList\",\"@id\":\"https:\/\/www.noticiasradioreflejos.com.ar\/2021\/ultimo-dia-para-inscribirse-en-la-feria-nacional-de-emprendedores-verdes\/#breadcrumb\",\"itemListElement\":[{\"@type\":\"ListItem\",\"position\":1,\"name\":\"Portada\",\"item\":\"https:\/\/www.noticiasradioreflejos.com.ar\/2021\/\"},{\"@type\":\"ListItem\",\"position\":2,\"name\":\"\u00daltimo d\u00eda para inscribirse en la Feria Nacional de Emprendedores Verdes\"}]},{\"@type\":\"WebSite\",\"@id\":\"https:\/\/www.noticiasradioreflejos.com.ar\/2021\/#website\",\"url\":\"https:\/\/www.noticiasradioreflejos.com.ar\/2021\/\",\"name\":\"Noticias Radio Reflejos\",\"description\":\"Las noticias de mi comarca\",\"potentialAction\":[{\"@type\":\"SearchAction\",\"target\":{\"@type\":\"EntryPoint\",\"urlTemplate\":\"https:\/\/www.noticiasradioreflejos.com.ar\/2021\/?s={search_term_string}\"},\"query-input\":{\"@type\":\"PropertyValueSpecification\",\"valueRequired\":true,\"valueName\":\"search_term_string\"}}],\"inLanguage\":\"es\"},{\"@type\":\"Person\",\"@id\":\"https:\/\/www.noticiasradioreflejos.com.ar\/2021\/#\/schema\/person\/ad82545263dcc5ec0996818884fd5fb1\",\"name\":\"Arnaldo Botto\",\"image\":{\"@type\":\"ImageObject\",\"inLanguage\":\"es\",\"@id\":\"https:\/\/www.noticiasradioreflejos.com.ar\/2021\/#\/schema\/person\/image\/\",\"url\":\"https:\/\/secure.gravatar.com\/avatar\/55cb5e37c1efa326397366e6974cb338056df65cb50e7d64d1cf314e87504837?s=96&d=mm&r=g\",\"contentUrl\":\"https:\/\/secure.gravatar.com\/avatar\/55cb5e37c1efa326397366e6974cb338056df65cb50e7d64d1cf314e87504837?s=96&d=mm&r=g\",\"caption\":\"Arnaldo Botto\"},\"url\":\"https:\/\/www.noticiasradioreflejos.com.ar\/2021\/author\/arnaldo\/\"}]}<\/script>\n<!-- \/ Yoast SEO plugin. -->","yoast_head_json":{"title":"\u00daltimo d\u00eda para inscribirse en la Feria Nacional de Emprendedores Verdes - Noticias Radio Reflejos","robots":{"index":"index","follow":"follow","max-snippet":"max-snippet:-1","max-image-preview":"max-image-preview:large","max-video-preview":"max-video-preview:-1"},"canonical":"https:\/\/www.noticiasradioreflejos.com.ar\/2021\/ultimo-dia-para-inscribirse-en-la-feria-nacional-de-emprendedores-verdes\/","og_locale":"es_ES","og_type":"article","og_title":"\u00daltimo d\u00eda para inscribirse en la Feria Nacional de Emprendedores Verdes - Noticias Radio Reflejos","og_description":"Este mi\u00e9rcoles 30 cierra la inscripci\u00f3n a la Feria Nacional de Emprendedores Verdes, que se llevar\u00e1 a cabo el pr\u00f3ximo 28 de julio en M\u00e9danos.","og_url":"https:\/\/www.noticiasradioreflejos.com.ar\/2021\/ultimo-dia-para-inscribirse-en-la-feria-nacional-de-emprendedores-verdes\/","og_site_name":"Noticias Radio Reflejos","article_published_time":"2021-06-30T12:58:10+00:00","og_image":[{"width":300,"height":200,"url":"https:\/\/www.noticiasradioreflejos.com.ar\/2021\/wp-content\/uploads\/2021\/07\/logosol300x200.png","type":"image\/png"}],"author":"Arnaldo Botto","twitter_card":"summary_large_image","schema":{"@context":"https:\/\/schema.org","@graph":[{"@type":"WebPage","@id":"https:\/\/www.noticiasradioreflejos.com.ar\/2021\/ultimo-dia-para-inscribirse-en-la-feria-nacional-de-emprendedores-verdes\/","url":"https:\/\/www.noticiasradioreflejos.com.ar\/2021\/ultimo-dia-para-inscribirse-en-la-feria-nacional-de-emprendedores-verdes\/","name":"\u00daltimo d\u00eda para inscribirse en la Feria Nacional de Emprendedores Verdes - Noticias Radio Reflejos","isPartOf":{"@id":"https:\/\/www.noticiasradioreflejos.com.ar\/2021\/#website"},"datePublished":"2021-06-30T12:58:10+00:00","author":{"@id":"https:\/\/www.noticiasradioreflejos.com.ar\/2021\/#\/schema\/person\/ad82545263dcc5ec0996818884fd5fb1"},"breadcrumb":{"@id":"https:\/\/www.noticiasradioreflejos.com.ar\/2021\/ultimo-dia-para-inscribirse-en-la-feria-nacional-de-emprendedores-verdes\/#breadcrumb"},"inLanguage":"es","potentialAction":[{"@type":"ReadAction","target":["https:\/\/www.noticiasradioreflejos.com.ar\/2021\/ultimo-dia-para-inscribirse-en-la-feria-nacional-de-emprendedores-verdes\/"]}]},{"@type":"BreadcrumbList","@id":"https:\/\/www.noticiasradioreflejos.com.ar\/2021\/ultimo-dia-para-inscribirse-en-la-feria-nacional-de-emprendedores-verdes\/#breadcrumb","itemListElement":[{"@type":"ListItem","position":1,"name":"Portada","item":"https:\/\/www.noticiasradioreflejos.com.ar\/2021\/"},{"@type":"ListItem","position":2,"name":"\u00daltimo d\u00eda para inscribirse en la Feria Nacional de Emprendedores Verdes"}]},{"@type":"WebSite","@id":"https:\/\/www.noticiasradioreflejos.com.ar\/2021\/#website","url":"https:\/\/www.noticiasradioreflejos.com.ar\/2021\/","name":"Noticias Radio Reflejos","description":"Las noticias de mi comarca","potentialAction":[{"@type":"SearchAction","target":{"@type":"EntryPoint","urlTemplate":"https:\/\/www.noticiasradioreflejos.com.ar\/2021\/?s={search_term_string}"},"query-input":{"@type":"PropertyValueSpecification","valueRequired":true,"valueName":"search_term_string"}}],"inLanguage":"es"},{"@type":"Person","@id":"https:\/\/www.noticiasradioreflejos.com.ar\/2021\/#\/schema\/person\/ad82545263dcc5ec0996818884fd5fb1","name":"Arnaldo Botto","image":{"@type":"ImageObject","inLanguage":"es","@id":"https:\/\/www.noticiasradioreflejos.com.ar\/2021\/#\/schema\/person\/image\/","url":"https:\/\/secure.gravatar.com\/avatar\/55cb5e37c1efa326397366e6974cb338056df65cb50e7d64d1cf314e87504837?s=96&d=mm&r=g","contentUrl":"https:\/\/secure.gravatar.com\/avatar\/55cb5e37c1efa326397366e6974cb338056df65cb50e7d64d1cf314e87504837?s=96&d=mm&r=g","caption":"Arnaldo Botto"},"url":"https:\/\/www.noticiasradioreflejos.com.ar\/2021\/author\/arnaldo\/"}]}},"_links":{"self":[{"href":"https:\/\/www.noticiasradioreflejos.com.ar\/2021\/wp-json\/wp\/v2\/posts\/59517","targetHints":{"allow":["GET"]}}],"collection":[{"href":"https:\/\/www.noticiasradioreflejos.com.ar\/2021\/wp-json\/wp\/v2\/posts"}],"about":[{"href":"https:\/\/www.noticiasradioreflejos.com.ar\/2021\/wp-json\/wp\/v2\/types\/post"}],"author":[{"embeddable":true,"href":"https:\/\/www.noticiasradioreflejos.com.ar\/2021\/wp-json\/wp\/v2\/users\/3"}],"replies":[{"embeddable":true,"href":"https:\/\/www.noticiasradioreflejos.com.ar\/2021\/wp-json\/wp\/v2\/comments?post=59517"}],"version-history":[{"count":1,"href":"https:\/\/www.noticiasradioreflejos.com.ar\/2021\/wp-json\/wp\/v2\/posts\/59517\/revisions"}],"predecessor-version":[{"id":59518,"href":"https:\/\/www.noticiasradioreflejos.com.ar\/2021\/wp-json\/wp\/v2\/posts\/59517\/revisions\/59518"}],"wp:attachment":[{"href":"https:\/\/www.noticiasradioreflejos.com.ar\/2021\/wp-json\/wp\/v2\/media?parent=59517"}],"wp:term":[{"taxonomy":"category","embeddable":true,"href":"https:\/\/www.noticiasradioreflejos.com.ar\/2021\/wp-json\/wp\/v2\/categories?post=59517"},{"taxonomy":"post_tag","embeddable":true,"href":"https:\/\/www.noticiasradioreflejos.com.ar\/2021\/wp-json\/wp\/v2\/tags?post=59517"}],"curies":[{"name":"wp","href":"https:\/\/api.w.org\/{rel}","templated":true}]}}