{"id":59514,"date":"2021-06-30T12:20:51","date_gmt":"2021-06-30T12:20:51","guid":{"rendered":"http:\/\/www.noticiasradioreflejos.com.ar\/2021\/?p=59514"},"modified":"2021-06-30T12:20:51","modified_gmt":"2021-06-30T12:20:51","slug":"suben-los-casos-de-coronavirus-en-el-distrito-32-nuevos-y-un-fallecido-mas","status":"publish","type":"post","link":"https:\/\/www.noticiasradioreflejos.com.ar\/2021\/suben-los-casos-de-coronavirus-en-el-distrito-32-nuevos-y-un-fallecido-mas\/","title":{"rendered":"Suben los casos de coronavirus en el distrito, 32 nuevos y un fallecido m\u00e1s."},"content":{"rendered":"<p>La secretar\u00eda de Salud Municipal informa que durante los d\u00edas lunes y martes hubo 36 nuevos casos de coronavirus en todo el distrito. <!--more--><\/p>\n<p>Subieron los casos en Sierra de la Ventana y Tornquist sigue con mayor n\u00famero de contagiados. Los aislados suman 429 y los muertos 34 durante toda la pandemia.<\/p>\n<p><a title=\"WhatsApp Image 2021-06-30 at 09.15.35\" href=\"https:\/\/www.flickr.com\/photos\/182279889@N02\/51279985927\/in\/dateposted-public\/\" data-flickr-embed=\"true\"><img loading=\"lazy\" decoding=\"async\" src=\"https:\/\/live.staticflickr.com\/65535\/51279985927_619070f143_c.jpg\" alt=\"WhatsApp Image 2021-06-30 at 09.15.35\" width=\"800\" height=\"800\" \/><\/a><script async src=\"\/\/embedr.flickr.com\/assets\/client-code.js\" charset=\"utf-8\"><\/script><\/p>\n","protected":false},"excerpt":{"rendered":"<p>La secretar\u00eda de Salud Municipal informa que durante los d\u00edas lunes y martes hubo 36 nuevos casos de coronavirus en todo el distrito.<\/p>\n","protected":false},"author":3,"featured_media":0,"comment_status":"closed","ping_status":"closed","sticky":false,"template":"","format":"standard","meta":{"footnotes":""},"categories":[28,30],"tags":[],"class_list":["post-59514","post","type-post","status-publish","format-standard","hentry","category-municipales","category-salud"],"yoast_head":"<!-- This site is optimized with the Yoast SEO plugin v25.9 - https:\/\/yoast.com\/wordpress\/plugins\/seo\/ -->\n<title>Suben los casos de coronavirus en el distrito, 32 nuevos y un fallecido m\u00e1s. - Noticias Radio Reflejos<\/title>\n<meta name=\"robots\" content=\"index, follow, max-snippet:-1, max-image-preview:large, max-video-preview:-1\" \/>\n<link rel=\"canonical\" href=\"https:\/\/www.noticiasradioreflejos.com.ar\/2021\/suben-los-casos-de-coronavirus-en-el-distrito-32-nuevos-y-un-fallecido-mas\/\" \/>\n<meta property=\"og:locale\" content=\"es_ES\" \/>\n<meta property=\"og:type\" content=\"article\" \/>\n<meta property=\"og:title\" content=\"Suben los casos de coronavirus en el distrito, 32 nuevos y un fallecido m\u00e1s. - Noticias Radio Reflejos\" \/>\n<meta property=\"og:description\" content=\"La secretar\u00eda de Salud Municipal informa que durante los d\u00edas lunes y martes hubo 36 nuevos casos de coronavirus en todo el distrito.\" \/>\n<meta property=\"og:url\" content=\"https:\/\/www.noticiasradioreflejos.com.ar\/2021\/suben-los-casos-de-coronavirus-en-el-distrito-32-nuevos-y-un-fallecido-mas\/\" \/>\n<meta property=\"og:site_name\" content=\"Noticias Radio Reflejos\" \/>\n<meta property=\"article:published_time\" content=\"2021-06-30T12:20:51+00:00\" \/>\n<meta property=\"og:image\" content=\"https:\/\/www.noticiasradioreflejos.com.ar\/2021\/wp-content\/uploads\/2021\/05\/Coronavirus.jpg\" \/>\n\t<meta property=\"og:image:width\" content=\"1320\" \/>\n\t<meta property=\"og:image:height\" content=\"750\" \/>\n\t<meta property=\"og:image:type\" content=\"image\/jpeg\" \/>\n<meta name=\"author\" content=\"Arnaldo Botto\" \/>\n<meta name=\"twitter:card\" content=\"summary_large_image\" \/>\n<script type=\"application\/ld+json\" class=\"yoast-schema-graph\">{\"@context\":\"https:\/\/schema.org\",\"@graph\":[{\"@type\":\"WebPage\",\"@id\":\"https:\/\/www.noticiasradioreflejos.com.ar\/2021\/suben-los-casos-de-coronavirus-en-el-distrito-32-nuevos-y-un-fallecido-mas\/\",\"url\":\"https:\/\/www.noticiasradioreflejos.com.ar\/2021\/suben-los-casos-de-coronavirus-en-el-distrito-32-nuevos-y-un-fallecido-mas\/\",\"name\":\"Suben los casos de coronavirus en el distrito, 32 nuevos y un fallecido m\u00e1s. - Noticias Radio Reflejos\",\"isPartOf\":{\"@id\":\"https:\/\/www.noticiasradioreflejos.com.ar\/2021\/#website\"},\"primaryImageOfPage\":{\"@id\":\"https:\/\/www.noticiasradioreflejos.com.ar\/2021\/suben-los-casos-de-coronavirus-en-el-distrito-32-nuevos-y-un-fallecido-mas\/#primaryimage\"},\"image\":{\"@id\":\"https:\/\/www.noticiasradioreflejos.com.ar\/2021\/suben-los-casos-de-coronavirus-en-el-distrito-32-nuevos-y-un-fallecido-mas\/#primaryimage\"},\"thumbnailUrl\":\"https:\/\/live.staticflickr.com\/65535\/51279985927_619070f143_c.jpg\",\"datePublished\":\"2021-06-30T12:20:51+00:00\",\"author\":{\"@id\":\"https:\/\/www.noticiasradioreflejos.com.ar\/2021\/#\/schema\/person\/ad82545263dcc5ec0996818884fd5fb1\"},\"breadcrumb\":{\"@id\":\"https:\/\/www.noticiasradioreflejos.com.ar\/2021\/suben-los-casos-de-coronavirus-en-el-distrito-32-nuevos-y-un-fallecido-mas\/#breadcrumb\"},\"inLanguage\":\"es\",\"potentialAction\":[{\"@type\":\"ReadAction\",\"target\":[\"https:\/\/www.noticiasradioreflejos.com.ar\/2021\/suben-los-casos-de-coronavirus-en-el-distrito-32-nuevos-y-un-fallecido-mas\/\"]}]},{\"@type\":\"ImageObject\",\"inLanguage\":\"es\",\"@id\":\"https:\/\/www.noticiasradioreflejos.com.ar\/2021\/suben-los-casos-de-coronavirus-en-el-distrito-32-nuevos-y-un-fallecido-mas\/#primaryimage\",\"url\":\"https:\/\/live.staticflickr.com\/65535\/51279985927_619070f143_c.jpg\",\"contentUrl\":\"https:\/\/live.staticflickr.com\/65535\/51279985927_619070f143_c.jpg\"},{\"@type\":\"BreadcrumbList\",\"@id\":\"https:\/\/www.noticiasradioreflejos.com.ar\/2021\/suben-los-casos-de-coronavirus-en-el-distrito-32-nuevos-y-un-fallecido-mas\/#breadcrumb\",\"itemListElement\":[{\"@type\":\"ListItem\",\"position\":1,\"name\":\"Portada\",\"item\":\"https:\/\/www.noticiasradioreflejos.com.ar\/2021\/\"},{\"@type\":\"ListItem\",\"position\":2,\"name\":\"Suben los casos de coronavirus en el distrito, 32 nuevos y un fallecido m\u00e1s.\"}]},{\"@type\":\"WebSite\",\"@id\":\"https:\/\/www.noticiasradioreflejos.com.ar\/2021\/#website\",\"url\":\"https:\/\/www.noticiasradioreflejos.com.ar\/2021\/\",\"name\":\"Noticias Radio Reflejos\",\"description\":\"Las noticias de mi comarca\",\"potentialAction\":[{\"@type\":\"SearchAction\",\"target\":{\"@type\":\"EntryPoint\",\"urlTemplate\":\"https:\/\/www.noticiasradioreflejos.com.ar\/2021\/?s={search_term_string}\"},\"query-input\":{\"@type\":\"PropertyValueSpecification\",\"valueRequired\":true,\"valueName\":\"search_term_string\"}}],\"inLanguage\":\"es\"},{\"@type\":\"Person\",\"@id\":\"https:\/\/www.noticiasradioreflejos.com.ar\/2021\/#\/schema\/person\/ad82545263dcc5ec0996818884fd5fb1\",\"name\":\"Arnaldo Botto\",\"image\":{\"@type\":\"ImageObject\",\"inLanguage\":\"es\",\"@id\":\"https:\/\/www.noticiasradioreflejos.com.ar\/2021\/#\/schema\/person\/image\/\",\"url\":\"https:\/\/secure.gravatar.com\/avatar\/55cb5e37c1efa326397366e6974cb338056df65cb50e7d64d1cf314e87504837?s=96&d=mm&r=g\",\"contentUrl\":\"https:\/\/secure.gravatar.com\/avatar\/55cb5e37c1efa326397366e6974cb338056df65cb50e7d64d1cf314e87504837?s=96&d=mm&r=g\",\"caption\":\"Arnaldo Botto\"},\"url\":\"https:\/\/www.noticiasradioreflejos.com.ar\/2021\/author\/arnaldo\/\"}]}<\/script>\n<!-- \/ Yoast SEO plugin. -->","yoast_head_json":{"title":"Suben los casos de coronavirus en el distrito, 32 nuevos y un fallecido m\u00e1s. - Noticias Radio Reflejos","robots":{"index":"index","follow":"follow","max-snippet":"max-snippet:-1","max-image-preview":"max-image-preview:large","max-video-preview":"max-video-preview:-1"},"canonical":"https:\/\/www.noticiasradioreflejos.com.ar\/2021\/suben-los-casos-de-coronavirus-en-el-distrito-32-nuevos-y-un-fallecido-mas\/","og_locale":"es_ES","og_type":"article","og_title":"Suben los casos de coronavirus en el distrito, 32 nuevos y un fallecido m\u00e1s. - Noticias Radio Reflejos","og_description":"La secretar\u00eda de Salud Municipal informa que durante los d\u00edas lunes y martes hubo 36 nuevos casos de coronavirus en todo el distrito.","og_url":"https:\/\/www.noticiasradioreflejos.com.ar\/2021\/suben-los-casos-de-coronavirus-en-el-distrito-32-nuevos-y-un-fallecido-mas\/","og_site_name":"Noticias Radio Reflejos","article_published_time":"2021-06-30T12:20:51+00:00","og_image":[{"width":1320,"height":750,"url":"https:\/\/www.noticiasradioreflejos.com.ar\/2021\/wp-content\/uploads\/2021\/05\/Coronavirus.jpg","type":"image\/jpeg"}],"author":"Arnaldo Botto","twitter_card":"summary_large_image","schema":{"@context":"https:\/\/schema.org","@graph":[{"@type":"WebPage","@id":"https:\/\/www.noticiasradioreflejos.com.ar\/2021\/suben-los-casos-de-coronavirus-en-el-distrito-32-nuevos-y-un-fallecido-mas\/","url":"https:\/\/www.noticiasradioreflejos.com.ar\/2021\/suben-los-casos-de-coronavirus-en-el-distrito-32-nuevos-y-un-fallecido-mas\/","name":"Suben los casos de coronavirus en el distrito, 32 nuevos y un fallecido m\u00e1s. - Noticias Radio Reflejos","isPartOf":{"@id":"https:\/\/www.noticiasradioreflejos.com.ar\/2021\/#website"},"primaryImageOfPage":{"@id":"https:\/\/www.noticiasradioreflejos.com.ar\/2021\/suben-los-casos-de-coronavirus-en-el-distrito-32-nuevos-y-un-fallecido-mas\/#primaryimage"},"image":{"@id":"https:\/\/www.noticiasradioreflejos.com.ar\/2021\/suben-los-casos-de-coronavirus-en-el-distrito-32-nuevos-y-un-fallecido-mas\/#primaryimage"},"thumbnailUrl":"https:\/\/live.staticflickr.com\/65535\/51279985927_619070f143_c.jpg","datePublished":"2021-06-30T12:20:51+00:00","author":{"@id":"https:\/\/www.noticiasradioreflejos.com.ar\/2021\/#\/schema\/person\/ad82545263dcc5ec0996818884fd5fb1"},"breadcrumb":{"@id":"https:\/\/www.noticiasradioreflejos.com.ar\/2021\/suben-los-casos-de-coronavirus-en-el-distrito-32-nuevos-y-un-fallecido-mas\/#breadcrumb"},"inLanguage":"es","potentialAction":[{"@type":"ReadAction","target":["https:\/\/www.noticiasradioreflejos.com.ar\/2021\/suben-los-casos-de-coronavirus-en-el-distrito-32-nuevos-y-un-fallecido-mas\/"]}]},{"@type":"ImageObject","inLanguage":"es","@id":"https:\/\/www.noticiasradioreflejos.com.ar\/2021\/suben-los-casos-de-coronavirus-en-el-distrito-32-nuevos-y-un-fallecido-mas\/#primaryimage","url":"https:\/\/live.staticflickr.com\/65535\/51279985927_619070f143_c.jpg","contentUrl":"https:\/\/live.staticflickr.com\/65535\/51279985927_619070f143_c.jpg"},{"@type":"BreadcrumbList","@id":"https:\/\/www.noticiasradioreflejos.com.ar\/2021\/suben-los-casos-de-coronavirus-en-el-distrito-32-nuevos-y-un-fallecido-mas\/#breadcrumb","itemListElement":[{"@type":"ListItem","position":1,"name":"Portada","item":"https:\/\/www.noticiasradioreflejos.com.ar\/2021\/"},{"@type":"ListItem","position":2,"name":"Suben los casos de coronavirus en el distrito, 32 nuevos y un fallecido m\u00e1s."}]},{"@type":"WebSite","@id":"https:\/\/www.noticiasradioreflejos.com.ar\/2021\/#website","url":"https:\/\/www.noticiasradioreflejos.com.ar\/2021\/","name":"Noticias Radio Reflejos","description":"Las noticias de mi comarca","potentialAction":[{"@type":"SearchAction","target":{"@type":"EntryPoint","urlTemplate":"https:\/\/www.noticiasradioreflejos.com.ar\/2021\/?s={search_term_string}"},"query-input":{"@type":"PropertyValueSpecification","valueRequired":true,"valueName":"search_term_string"}}],"inLanguage":"es"},{"@type":"Person","@id":"https:\/\/www.noticiasradioreflejos.com.ar\/2021\/#\/schema\/person\/ad82545263dcc5ec0996818884fd5fb1","name":"Arnaldo Botto","image":{"@type":"ImageObject","inLanguage":"es","@id":"https:\/\/www.noticiasradioreflejos.com.ar\/2021\/#\/schema\/person\/image\/","url":"https:\/\/secure.gravatar.com\/avatar\/55cb5e37c1efa326397366e6974cb338056df65cb50e7d64d1cf314e87504837?s=96&d=mm&r=g","contentUrl":"https:\/\/secure.gravatar.com\/avatar\/55cb5e37c1efa326397366e6974cb338056df65cb50e7d64d1cf314e87504837?s=96&d=mm&r=g","caption":"Arnaldo Botto"},"url":"https:\/\/www.noticiasradioreflejos.com.ar\/2021\/author\/arnaldo\/"}]}},"_links":{"self":[{"href":"https:\/\/www.noticiasradioreflejos.com.ar\/2021\/wp-json\/wp\/v2\/posts\/59514","targetHints":{"allow":["GET"]}}],"collection":[{"href":"https:\/\/www.noticiasradioreflejos.com.ar\/2021\/wp-json\/wp\/v2\/posts"}],"about":[{"href":"https:\/\/www.noticiasradioreflejos.com.ar\/2021\/wp-json\/wp\/v2\/types\/post"}],"author":[{"embeddable":true,"href":"https:\/\/www.noticiasradioreflejos.com.ar\/2021\/wp-json\/wp\/v2\/users\/3"}],"replies":[{"embeddable":true,"href":"https:\/\/www.noticiasradioreflejos.com.ar\/2021\/wp-json\/wp\/v2\/comments?post=59514"}],"version-history":[{"count":2,"href":"https:\/\/www.noticiasradioreflejos.com.ar\/2021\/wp-json\/wp\/v2\/posts\/59514\/revisions"}],"predecessor-version":[{"id":59516,"href":"https:\/\/www.noticiasradioreflejos.com.ar\/2021\/wp-json\/wp\/v2\/posts\/59514\/revisions\/59516"}],"wp:attachment":[{"href":"https:\/\/www.noticiasradioreflejos.com.ar\/2021\/wp-json\/wp\/v2\/media?parent=59514"}],"wp:term":[{"taxonomy":"category","embeddable":true,"href":"https:\/\/www.noticiasradioreflejos.com.ar\/2021\/wp-json\/wp\/v2\/categories?post=59514"},{"taxonomy":"post_tag","embeddable":true,"href":"https:\/\/www.noticiasradioreflejos.com.ar\/2021\/wp-json\/wp\/v2\/tags?post=59514"}],"curies":[{"name":"wp","href":"https:\/\/api.w.org\/{rel}","templated":true}]}}