{"id":59511,"date":"2021-06-30T11:51:09","date_gmt":"2021-06-30T11:51:09","guid":{"rendered":"http:\/\/www.noticiasradioreflejos.com.ar\/2021\/?p=59511"},"modified":"2021-06-30T11:51:09","modified_gmt":"2021-06-30T11:51:09","slug":"hay-43-municipios-bonaerenses-en-fase-2-86-en-fase-3-y-6-en-fase-4","status":"publish","type":"post","link":"https:\/\/www.noticiasradioreflejos.com.ar\/2021\/hay-43-municipios-bonaerenses-en-fase-2-86-en-fase-3-y-6-en-fase-4\/","title":{"rendered":"Hay 43 municipios bonaerenses en Fase 2, 86 en Fase 3 y 6 en Fase 4"},"content":{"rendered":"<div class=\"adelanto\">\n<p>Un total de 43 distritos de la provincia de Buenos Aires se encuentran en Fase 2, con mayores restricciones debido al aumento de casos de coronavirus, en tanto que 86 municipios se ubican en Fase 3 y 6 en Fase 4, seg\u00fan se oficializ\u00f3 hoy en el Bolet\u00edn Oficial del distrito.<\/p>\n<\/div>\n<p><!--more--><\/p>\n<div class=\"text\">\n<p>En el \u00e1mbito bonaerense rige desde hace un a\u00f1o un sistema de fases, en el que est\u00e1n incluidos los municipios de acuerdo al riesgo epidemiol\u00f3gico y sanitario que presenten, seg\u00fan la cantidad de casos de coronavirus y otros indicadores.<\/p>\n<p>En cada fase se encuentran habilitadas una serie de actividades, que deber\u00e1n realizarse bajo el \u00abestricto cumplimiento de los protocolos que oportunamente hubieren aprobado las autoridades provinciales competentes o la autoridad sanitaria nacional\u00bb.<\/p>\n<p>As\u00ed, los distritos que se encuentran en Fase 4 o de \u201cRiesgo Epidemiol\u00f3gico y Sanitario Medio\u201d son Adolfo Gonzales Chaves, Baradero, Benito Ju\u00e1rez, Col\u00f3n, Coronel de Marina L. Rosales y Olavarr\u00eda.<\/p>\n<p>En tanto, en Fase 3, de \u201cAlto Riesgo Epidemiol\u00f3gico y Sanitario\u201d se encuentran 25 de Mayo, Adolfo Alsina, Alberti, Almirante Brown, Arrecifes, Avellaneda, Ayacucho, Azul, Bah\u00eda Blanca, Berazategui, Berisso, Bragado, Brandsen, Campana, Ca\u00f1uelas, Capit\u00e1n Sarmiento, Carlos Casares, Carmen de Areco, Castelli, Chascom\u00fas, Coronel Pringles y Daireaux.<\/p>\n<p>Tambi\u00e9n, Dolores, Ensenada, Escobar, Esteban Echeverr\u00eda, Exaltaci\u00f3n de la Cruz, Ezeiza, Florencio Varela, General Alvarado, General Alvear, General Guido, General Madariaga, General Las Heras, General Pueyrred\u00f3n, General Rodr\u00edguez, General San Mart\u00edn, General Villegas, Guamin\u00ed, Hurlingham, Ituzaing\u00f3, Jos\u00e9 C. Paz, La Matanza, La Plata y Lan\u00fas, Laprida, Las Flores y Lezama.<\/p>\n<p>A la vez, est\u00e1n en Fase 3 Lomas de Zamora, Luj\u00e1n, Malvinas Argentinas, Marcos Paz, Mercedes, Merlo, Moreno, Mor\u00f3n, Navarro, Pila, Pilar, Presidente Per\u00f3n, Quilmes, Ramallo, Rojas, Saavedra, Salto, San Antonio de Areco, San Cayetano. San Fernando, San Isidro, San Miguel, San Nicol\u00e1s, San Pedro,<\/p>\n<p>San Vicente, Tandil, Tigre, Tordillo, Tres Arroyos, Tres de Febrero, Vicente L\u00f3pez, Villa Gesell y Z\u00e1rate.<\/p>\n<p>Tres Arroyos, Tres de Febrero, Tres Lomas, Vicente L\u00f3pez, Villa Gesell, Villarino y Z\u00e1rate son otros de los que est\u00e1n en fase 3.<\/p>\n<p>En la Fase 2, de \u201cSituaci\u00f3n de Alarma Epidemiol\u00f3gica y Sanitaria\u00bb, se encuentran: 9 de Julio, Balcarce, Bol\u00edvar, Carlos Tejedor, Chacabuco, y Chivilcoy.<\/p>\n<p>Del mismo modo, Coronel Dorrego, Coronel Su\u00e1rez, Florentino Ameghino, General Arenales, General Belgrano, General Lamadrid, General Lavalle, General Paz, General Pinto, General Viamonte, Hip\u00f3lito Yrigoyen, Jun\u00edn, La Costa, Leandro N. Alem y Lincoln.<\/p>\n<p>En esa instancia se encuentran Lober\u00eda, Lobos, Magdalena, Maip\u00fa, Monte, Monte Hermoso, Necochea, Patagones, Pehuaj\u00f3, Pellegrini, Pergamino, Pinamar, Puan y Punta Indio.<\/p>\n<p>Otros municipios que tambi\u00e9n est\u00e1n en Fase 2 son: Rauch, Rivadavia, Roque P\u00e9rez, Saavedra, Saladillo, San Andr\u00e9s de Giles, San Pedro, Suipacha, Tapalqu\u00e9,<strong>\u00a0Tornquist\u00a0<\/strong>y Trenque Lauquen.(Telam)<\/p>\n<\/div>\n","protected":false},"excerpt":{"rendered":"<p>Un total de 43 distritos de la provincia de Buenos Aires se encuentran en Fase 2, con mayores restricciones debido al aumento de casos de coronavirus, en tanto que 86 municipios se ubican en Fase 3 y 6 en Fase 4, seg\u00fan se oficializ\u00f3 hoy en el Bolet\u00edn Oficial del distrito.<\/p>\n","protected":false},"author":3,"featured_media":0,"comment_status":"closed","ping_status":"closed","sticky":false,"template":"","format":"standard","meta":{"footnotes":""},"categories":[24,30],"tags":[],"class_list":["post-59511","post","type-post","status-publish","format-standard","hentry","category-politica","category-salud"],"yoast_head":"<!-- This site is optimized with the Yoast SEO plugin v25.9 - https:\/\/yoast.com\/wordpress\/plugins\/seo\/ -->\n<title>Hay 43 municipios bonaerenses en Fase 2, 86 en Fase 3 y 6 en Fase 4 - Noticias Radio Reflejos<\/title>\n<meta name=\"robots\" content=\"index, follow, max-snippet:-1, max-image-preview:large, max-video-preview:-1\" \/>\n<link rel=\"canonical\" href=\"https:\/\/www.noticiasradioreflejos.com.ar\/2021\/hay-43-municipios-bonaerenses-en-fase-2-86-en-fase-3-y-6-en-fase-4\/\" \/>\n<meta property=\"og:locale\" content=\"es_ES\" \/>\n<meta property=\"og:type\" content=\"article\" \/>\n<meta property=\"og:title\" content=\"Hay 43 municipios bonaerenses en Fase 2, 86 en Fase 3 y 6 en Fase 4 - Noticias Radio Reflejos\" \/>\n<meta property=\"og:description\" content=\"Un total de 43 distritos de la provincia de Buenos Aires se encuentran en Fase 2, con mayores restricciones debido al aumento de casos de coronavirus, en tanto que 86 municipios se ubican en Fase 3 y 6 en Fase 4, seg\u00fan se oficializ\u00f3 hoy en el Bolet\u00edn Oficial del distrito.\" \/>\n<meta property=\"og:url\" content=\"https:\/\/www.noticiasradioreflejos.com.ar\/2021\/hay-43-municipios-bonaerenses-en-fase-2-86-en-fase-3-y-6-en-fase-4\/\" \/>\n<meta property=\"og:site_name\" content=\"Noticias Radio Reflejos\" \/>\n<meta property=\"article:published_time\" content=\"2021-06-30T11:51:09+00:00\" \/>\n<meta property=\"og:image\" content=\"https:\/\/www.noticiasradioreflejos.com.ar\/2021\/wp-content\/uploads\/2021\/07\/logosol300x200.png\" \/>\n\t<meta property=\"og:image:width\" content=\"300\" \/>\n\t<meta property=\"og:image:height\" content=\"200\" \/>\n\t<meta property=\"og:image:type\" content=\"image\/png\" \/>\n<meta name=\"author\" content=\"Arnaldo Botto\" \/>\n<meta name=\"twitter:card\" content=\"summary_large_image\" \/>\n<script type=\"application\/ld+json\" class=\"yoast-schema-graph\">{\"@context\":\"https:\/\/schema.org\",\"@graph\":[{\"@type\":\"WebPage\",\"@id\":\"https:\/\/www.noticiasradioreflejos.com.ar\/2021\/hay-43-municipios-bonaerenses-en-fase-2-86-en-fase-3-y-6-en-fase-4\/\",\"url\":\"https:\/\/www.noticiasradioreflejos.com.ar\/2021\/hay-43-municipios-bonaerenses-en-fase-2-86-en-fase-3-y-6-en-fase-4\/\",\"name\":\"Hay 43 municipios bonaerenses en Fase 2, 86 en Fase 3 y 6 en Fase 4 - Noticias Radio Reflejos\",\"isPartOf\":{\"@id\":\"https:\/\/www.noticiasradioreflejos.com.ar\/2021\/#website\"},\"datePublished\":\"2021-06-30T11:51:09+00:00\",\"author\":{\"@id\":\"https:\/\/www.noticiasradioreflejos.com.ar\/2021\/#\/schema\/person\/ad82545263dcc5ec0996818884fd5fb1\"},\"breadcrumb\":{\"@id\":\"https:\/\/www.noticiasradioreflejos.com.ar\/2021\/hay-43-municipios-bonaerenses-en-fase-2-86-en-fase-3-y-6-en-fase-4\/#breadcrumb\"},\"inLanguage\":\"es\",\"potentialAction\":[{\"@type\":\"ReadAction\",\"target\":[\"https:\/\/www.noticiasradioreflejos.com.ar\/2021\/hay-43-municipios-bonaerenses-en-fase-2-86-en-fase-3-y-6-en-fase-4\/\"]}]},{\"@type\":\"BreadcrumbList\",\"@id\":\"https:\/\/www.noticiasradioreflejos.com.ar\/2021\/hay-43-municipios-bonaerenses-en-fase-2-86-en-fase-3-y-6-en-fase-4\/#breadcrumb\",\"itemListElement\":[{\"@type\":\"ListItem\",\"position\":1,\"name\":\"Portada\",\"item\":\"https:\/\/www.noticiasradioreflejos.com.ar\/2021\/\"},{\"@type\":\"ListItem\",\"position\":2,\"name\":\"Hay 43 municipios bonaerenses en Fase 2, 86 en Fase 3 y 6 en Fase 4\"}]},{\"@type\":\"WebSite\",\"@id\":\"https:\/\/www.noticiasradioreflejos.com.ar\/2021\/#website\",\"url\":\"https:\/\/www.noticiasradioreflejos.com.ar\/2021\/\",\"name\":\"Noticias Radio Reflejos\",\"description\":\"Las noticias de mi comarca\",\"potentialAction\":[{\"@type\":\"SearchAction\",\"target\":{\"@type\":\"EntryPoint\",\"urlTemplate\":\"https:\/\/www.noticiasradioreflejos.com.ar\/2021\/?s={search_term_string}\"},\"query-input\":{\"@type\":\"PropertyValueSpecification\",\"valueRequired\":true,\"valueName\":\"search_term_string\"}}],\"inLanguage\":\"es\"},{\"@type\":\"Person\",\"@id\":\"https:\/\/www.noticiasradioreflejos.com.ar\/2021\/#\/schema\/person\/ad82545263dcc5ec0996818884fd5fb1\",\"name\":\"Arnaldo Botto\",\"image\":{\"@type\":\"ImageObject\",\"inLanguage\":\"es\",\"@id\":\"https:\/\/www.noticiasradioreflejos.com.ar\/2021\/#\/schema\/person\/image\/\",\"url\":\"https:\/\/secure.gravatar.com\/avatar\/55cb5e37c1efa326397366e6974cb338056df65cb50e7d64d1cf314e87504837?s=96&d=mm&r=g\",\"contentUrl\":\"https:\/\/secure.gravatar.com\/avatar\/55cb5e37c1efa326397366e6974cb338056df65cb50e7d64d1cf314e87504837?s=96&d=mm&r=g\",\"caption\":\"Arnaldo Botto\"},\"url\":\"https:\/\/www.noticiasradioreflejos.com.ar\/2021\/author\/arnaldo\/\"}]}<\/script>\n<!-- \/ Yoast SEO plugin. -->","yoast_head_json":{"title":"Hay 43 municipios bonaerenses en Fase 2, 86 en Fase 3 y 6 en Fase 4 - Noticias Radio Reflejos","robots":{"index":"index","follow":"follow","max-snippet":"max-snippet:-1","max-image-preview":"max-image-preview:large","max-video-preview":"max-video-preview:-1"},"canonical":"https:\/\/www.noticiasradioreflejos.com.ar\/2021\/hay-43-municipios-bonaerenses-en-fase-2-86-en-fase-3-y-6-en-fase-4\/","og_locale":"es_ES","og_type":"article","og_title":"Hay 43 municipios bonaerenses en Fase 2, 86 en Fase 3 y 6 en Fase 4 - Noticias Radio Reflejos","og_description":"Un total de 43 distritos de la provincia de Buenos Aires se encuentran en Fase 2, con mayores restricciones debido al aumento de casos de coronavirus, en tanto que 86 municipios se ubican en Fase 3 y 6 en Fase 4, seg\u00fan se oficializ\u00f3 hoy en el Bolet\u00edn Oficial del distrito.","og_url":"https:\/\/www.noticiasradioreflejos.com.ar\/2021\/hay-43-municipios-bonaerenses-en-fase-2-86-en-fase-3-y-6-en-fase-4\/","og_site_name":"Noticias Radio Reflejos","article_published_time":"2021-06-30T11:51:09+00:00","og_image":[{"width":300,"height":200,"url":"https:\/\/www.noticiasradioreflejos.com.ar\/2021\/wp-content\/uploads\/2021\/07\/logosol300x200.png","type":"image\/png"}],"author":"Arnaldo Botto","twitter_card":"summary_large_image","schema":{"@context":"https:\/\/schema.org","@graph":[{"@type":"WebPage","@id":"https:\/\/www.noticiasradioreflejos.com.ar\/2021\/hay-43-municipios-bonaerenses-en-fase-2-86-en-fase-3-y-6-en-fase-4\/","url":"https:\/\/www.noticiasradioreflejos.com.ar\/2021\/hay-43-municipios-bonaerenses-en-fase-2-86-en-fase-3-y-6-en-fase-4\/","name":"Hay 43 municipios bonaerenses en Fase 2, 86 en Fase 3 y 6 en Fase 4 - Noticias Radio Reflejos","isPartOf":{"@id":"https:\/\/www.noticiasradioreflejos.com.ar\/2021\/#website"},"datePublished":"2021-06-30T11:51:09+00:00","author":{"@id":"https:\/\/www.noticiasradioreflejos.com.ar\/2021\/#\/schema\/person\/ad82545263dcc5ec0996818884fd5fb1"},"breadcrumb":{"@id":"https:\/\/www.noticiasradioreflejos.com.ar\/2021\/hay-43-municipios-bonaerenses-en-fase-2-86-en-fase-3-y-6-en-fase-4\/#breadcrumb"},"inLanguage":"es","potentialAction":[{"@type":"ReadAction","target":["https:\/\/www.noticiasradioreflejos.com.ar\/2021\/hay-43-municipios-bonaerenses-en-fase-2-86-en-fase-3-y-6-en-fase-4\/"]}]},{"@type":"BreadcrumbList","@id":"https:\/\/www.noticiasradioreflejos.com.ar\/2021\/hay-43-municipios-bonaerenses-en-fase-2-86-en-fase-3-y-6-en-fase-4\/#breadcrumb","itemListElement":[{"@type":"ListItem","position":1,"name":"Portada","item":"https:\/\/www.noticiasradioreflejos.com.ar\/2021\/"},{"@type":"ListItem","position":2,"name":"Hay 43 municipios bonaerenses en Fase 2, 86 en Fase 3 y 6 en Fase 4"}]},{"@type":"WebSite","@id":"https:\/\/www.noticiasradioreflejos.com.ar\/2021\/#website","url":"https:\/\/www.noticiasradioreflejos.com.ar\/2021\/","name":"Noticias Radio Reflejos","description":"Las noticias de mi comarca","potentialAction":[{"@type":"SearchAction","target":{"@type":"EntryPoint","urlTemplate":"https:\/\/www.noticiasradioreflejos.com.ar\/2021\/?s={search_term_string}"},"query-input":{"@type":"PropertyValueSpecification","valueRequired":true,"valueName":"search_term_string"}}],"inLanguage":"es"},{"@type":"Person","@id":"https:\/\/www.noticiasradioreflejos.com.ar\/2021\/#\/schema\/person\/ad82545263dcc5ec0996818884fd5fb1","name":"Arnaldo Botto","image":{"@type":"ImageObject","inLanguage":"es","@id":"https:\/\/www.noticiasradioreflejos.com.ar\/2021\/#\/schema\/person\/image\/","url":"https:\/\/secure.gravatar.com\/avatar\/55cb5e37c1efa326397366e6974cb338056df65cb50e7d64d1cf314e87504837?s=96&d=mm&r=g","contentUrl":"https:\/\/secure.gravatar.com\/avatar\/55cb5e37c1efa326397366e6974cb338056df65cb50e7d64d1cf314e87504837?s=96&d=mm&r=g","caption":"Arnaldo Botto"},"url":"https:\/\/www.noticiasradioreflejos.com.ar\/2021\/author\/arnaldo\/"}]}},"_links":{"self":[{"href":"https:\/\/www.noticiasradioreflejos.com.ar\/2021\/wp-json\/wp\/v2\/posts\/59511","targetHints":{"allow":["GET"]}}],"collection":[{"href":"https:\/\/www.noticiasradioreflejos.com.ar\/2021\/wp-json\/wp\/v2\/posts"}],"about":[{"href":"https:\/\/www.noticiasradioreflejos.com.ar\/2021\/wp-json\/wp\/v2\/types\/post"}],"author":[{"embeddable":true,"href":"https:\/\/www.noticiasradioreflejos.com.ar\/2021\/wp-json\/wp\/v2\/users\/3"}],"replies":[{"embeddable":true,"href":"https:\/\/www.noticiasradioreflejos.com.ar\/2021\/wp-json\/wp\/v2\/comments?post=59511"}],"version-history":[{"count":1,"href":"https:\/\/www.noticiasradioreflejos.com.ar\/2021\/wp-json\/wp\/v2\/posts\/59511\/revisions"}],"predecessor-version":[{"id":59512,"href":"https:\/\/www.noticiasradioreflejos.com.ar\/2021\/wp-json\/wp\/v2\/posts\/59511\/revisions\/59512"}],"wp:attachment":[{"href":"https:\/\/www.noticiasradioreflejos.com.ar\/2021\/wp-json\/wp\/v2\/media?parent=59511"}],"wp:term":[{"taxonomy":"category","embeddable":true,"href":"https:\/\/www.noticiasradioreflejos.com.ar\/2021\/wp-json\/wp\/v2\/categories?post=59511"},{"taxonomy":"post_tag","embeddable":true,"href":"https:\/\/www.noticiasradioreflejos.com.ar\/2021\/wp-json\/wp\/v2\/tags?post=59511"}],"curies":[{"name":"wp","href":"https:\/\/api.w.org\/{rel}","templated":true}]}}