{"id":59500,"date":"2021-06-30T10:45:31","date_gmt":"2021-06-30T10:45:31","guid":{"rendered":"http:\/\/www.noticiasradioreflejos.com.ar\/2021\/?p=59500"},"modified":"2021-06-30T10:46:15","modified_gmt":"2021-06-30T10:46:15","slug":"cual-es-el-nivel-de-eficacia-de-las-vacunas-contra-la-variante-delta-que-asola-al-mundo","status":"publish","type":"post","link":"https:\/\/www.noticiasradioreflejos.com.ar\/2021\/cual-es-el-nivel-de-eficacia-de-las-vacunas-contra-la-variante-delta-que-asola-al-mundo\/","title":{"rendered":"Cu\u00e1l es el nivel de eficacia de las vacunas contra la variante Delta que asola al mundo"},"content":{"rendered":"<p>Infect\u00f3logos y sanitaristas recordaron que la vacunaci\u00f3n completa mantiene \u00abaltos niveles de eficacia\u00bb pero propusieron evitar la circulaci\u00f3n de la cepa \u00abpara prevenir una nueva ola o hacer que sea lo m\u00e1s chica posible\u00bb.<!--more--><\/p>\n<div class=\"main-content-block\">\n<div class=\"main-box clearfix\">\n<div class=\"wrapper-main-section clearfix\">\n<div class=\"wrapper-editable-content\">\n<div class=\"editable-content clearfix\">\n<div id=\"image\" class=\"image\">\n<div class=\"epigrafe\">La <strong>variante Delta, originada en India, mantiene alerta a especialistas de la salud quienes estiman que es un \u00ab120% m\u00e1s contagiosa que el virus inicial\u00bb\u00a0<\/strong>de la ciudad china de Wuhan y aunque el esquema completo de vacunas \u00abmantiene altos niveles de eficacia an\u00e1logos a los de otras variantes\u00bb resulta clave evitar y retrasar su ingreso y circulaci\u00f3n comunitaria en el pa\u00eds \u00abpara prevenir una nueva ola o hacer que sea lo m\u00e1s chica posible\u00bb.<\/div>\n<\/div>\n<p>El\u00a0<strong>vir\u00f3logo e integrante del Proyecto Argentino Interinstitucional de Gen\u00f3mica de SARS-CoV-2, Humberto Debat<\/strong>, dialog\u00f3 este martes con T\u00e9lam sobre la eficacia de las actuales vacunas contra el coronavirus y su efectividad en la nueva variante Delta.<\/p>\n<p>\u00abLas vacunas de Pfizer y AstraZeneca tienen distintos niveles de protecci\u00f3n contra contagios que se reducen con una \u00fanica dosis y contra casos severos, como en los de la variante Delta, pero\u00a0<strong>con el r\u00e9gimen completo de dos dosis la eficacia es an\u00e1loga a la que vimos para otras variantes\u00bb<\/strong>, afirm\u00f3 el vir\u00f3logo.<\/p>\n<div id=\"image\" class=\"image\">\n<p><img decoding=\"async\" title=\"La pat\u00f3loga pedi\u00e1trica Marta Cohen, que actualmente reside en el Reino Unido, afirm\u00f3 que la variante Delta del coronavirus &quot;es un 120% m\u00e1s contagiosa que el virus inicial de Wuhan&quot;\" src=\"https:\/\/www.telam.com.ar\/advf\/imagenes\/2021\/05\/608f0f0dadbf9_1004x565.jpg\" alt=\"La pat\u00f3loga pedi\u00e1trica Marta Cohen, que actualmente reside en el Reino Unido, afirm\u00f3 que la variante Delta del coronavirus &quot;es un 120% m\u00e1s contagiosa que el virus inicial de Wuhan&quot;\" \/><\/p>\n<div class=\"epigrafe\">La pat\u00f3loga pedi\u00e1trica Marta Cohen, que actualmente reside en el Reino Unido, afirm\u00f3 que la variante Delta del coronavirus \u00abes un 120% m\u00e1s contagiosa que el virus inicial de Wuhan\u00bb<\/div>\n<\/div>\n<p>En tanto,\u00a0<strong>el investigador Denis Logunov, subdirector del Centro de Investigaci\u00f3n Gamaleya y desarrollador de la Sputnik V,<\/strong>\u00a0se\u00f1al\u00f3:\u00a0<strong>\u00abLa eficacia de Sputnik V contra la variante Delta es superior al 90%,<\/strong>\u00a0ya que muestra una disminuci\u00f3n menor en la eficacia que cualquier otra vacuna que haya publicado resultados de eficacia en la variante Delta\u00bb, seg\u00fan public\u00f3 la cuenta de Twitter de Sputnik.<\/p>\n<p>Durante una conferencia de prensa brindada en la ma\u00f1ana del martes, Logunov explic\u00f3 que los desarrolladores se gu\u00edan por los datos de los sistemas de la UMIAS (Uniform Medical Information and Analytical System) y EGISZ (Project Unified State Health Information System), que recopilan informaci\u00f3n de manera integral del sistema sanitario.<\/p>\n<blockquote class=\"twitter-tweet\" data-width=\"500\" data-dnt=\"true\">\n<p lang=\"en\" dir=\"ltr\">Dr. Denis Logunov, Sputnik V developer: \u201cSputnik V efficacy against Delta variant is above 90% as Sputnik V shows smaller decline in efficacy against Delta than any other vaccine that published efficacy results on Delta variant\u201d <a href=\"https:\/\/t.co\/KunjQo2L0J\">pic.twitter.com\/KunjQo2L0J<\/a><\/p>\n<p>&mdash; Sputnik V (@sputnikvaccine) <a href=\"https:\/\/twitter.com\/sputnikvaccine\/status\/1409841084159700993?ref_src=twsrc%5Etfw\">June 29, 2021<\/a><\/p><\/blockquote>\n<p><script async src=\"https:\/\/platform.twitter.com\/widgets.js\" charset=\"utf-8\"><\/script><\/p>\n<p>En tanto,\u00a0<strong>la pat\u00f3loga pedi\u00e1trica Marta Cohen,<\/strong>\u00a0que actualmente reside en el Reino Unido, afirm\u00f3 que la variante Delta del coronavirus\u00a0<a href=\"https:\/\/www.telam.com.ar\/notas\/202106\/559476-coronavirus-variante-delta-letalidad.html\" target=\"_blank\" rel=\"noopener\"><strong>\u00abes un 120% m\u00e1s contagiosa que el virus inicial de Wuhan\u00bb<\/strong>,\u00a0<\/a>en China, y remarc\u00f3 que con la vacuna se puede sobrellevar \u00abde una mejor manera\u00bb la situaci\u00f3n.<\/p>\n<p>La profesional argentina, distinguida con la \u00abOrden del Imperio\u00bb por su investigaci\u00f3n de m\u00e1s de diez a\u00f1os sobre la muerte s\u00fabita de ni\u00f1os lactantes en la ciudad de Sheffield, se refiri\u00f3 al nivel de contagiosidad de la nueva variante Delta en Reino Unido.<\/p>\n<blockquote><p>\u00abLos casos se duplican cada once d\u00edas, estimamos que es un 120% m\u00e1s contagiosa que el virus inicial de Wuhan\u00bb.<\/p>\n<div class=\"sign\">MARTA COHEN<\/div>\n<\/blockquote>\n<p>\u00abLos casos se duplican cada once d\u00edas, estimamos que es un 120% m\u00e1s contagiosa que el virus inicial de Wuhan, cuando surgi\u00f3 en diciembre de 2019\u00bb, dijo este martes Cohen en di\u00e1logo con Radio Nacional.<\/p>\n<p>Respecto a la letalidad de la variante Delta, la especialista revel\u00f3 los datos de una comparaci\u00f3n del n\u00famero de casos en el Reino Unido del 27 de junio, a\u00fan en la curva ascendente de la tercera ola, con un valor similar registrado el 5 de febrero, en plena ola de la variante Alfa originada en territorio brit\u00e1nico.<\/p>\n<p>Ante el mismo n\u00famero de 15.000 infectados, se registraron 744 muertos en febrero y once en junio cuando ya circulaba la variante Delta.<\/p>\n<p>A su vez, las internaciones fueron menores, 227 pacientes en junio y 2.005 en febrero.<\/p>\n<div id=\"image\" class=\"image\">\n<p><img decoding=\"async\" title=\"Seg\u00fan los estudios la cepa es m\u00e1s contagiosa que el resto de las variantes de coronavirus. \" src=\"https:\/\/www.telam.com.ar\/advf\/imagenes\/2021\/05\/60b11ecfe27f9_1004x565.jpg\" alt=\"Seg\u00fan los estudios la cepa es m\u00e1s contagiosa que el resto de las variantes de coronavirus. \" \/><\/p>\n<div class=\"epigrafe\">Seg\u00fan los estudios la cepa es m\u00e1s contagiosa que el resto de las variantes de coronavirus.<\/div>\n<\/div>\n<p>Cohen atribuy\u00f3 esta diferencia estad\u00edsticamente significativa a la campa\u00f1a de vacunaci\u00f3n del Reino Unido que alcanz\u00f3 al 62% de la poblaci\u00f3n con dos dosis.<\/p>\n<p>\u00abCon la vacuna podemos sobrevivirlo mejor, obviamente tenemos que seguir distanciados\u00bb, sostuvo la m\u00e9dica y asegur\u00f3 que \u00aben este momento de pandemia, la vacuna que nos toca es la que nos tenemos que dar\u00bb.<\/p>\n<p>En tanto,<strong>\u00a0el bioinform\u00e1tico de la Universidad Nacional de C\u00f3rdoba e investigador del Conicet, Rodrigo Quiroga<\/strong>, adhiri\u00f3 a los especialistas respecto a que la \u00abvariante Delta es mucho mas contagiosa que otras variantes\u00bb.<\/p>\n<p>\u00abEst\u00e1 produciendo un aumento exponencial en pa\u00edses europeos en pleno verano y donde el 60% de la poblaci\u00f3n se encuentra vacunada, por ejemplo, en el Reino Unido o Estados Unidos\u00bb, afirm\u00f3 a T\u00e9lam Quiroga respecto de la variante Delta.<\/p>\n<div class=\"js-code\">\n<div class=\"twitter-tweet twitter-tweet-rendered\"><iframe id=\"twitter-widget-1\" class=\"\" title=\"Twitter Tweet\" src=\"https:\/\/platform.twitter.com\/embed\/Tweet.html?creatorScreenName=agenciatelam&amp;dnt=false&amp;embedId=twitter-widget-1&amp;features=eyJ0ZndfZXhwZXJpbWVudHNfY29va2llX2V4cGlyYXRpb24iOnsiYnVja2V0IjoxMjA5NjAwLCJ2ZXJzaW9uIjpudWxsfSwidGZ3X2hvcml6b25fdHdlZXRfZW1iZWRfOTU1NSI6eyJidWNrZXQiOiJodGUiLCJ2ZXJzaW9uIjpudWxsfSwidGZ3X3R3ZWV0X2VtYmVkX2NsaWNrYWJpbGl0eV8xMjEwMiI6eyJidWNrZXQiOiJjb250cm9sIiwidmVyc2lvbiI6bnVsbH19&amp;frame=false&amp;hideCard=false&amp;hideThread=false&amp;id=1409706242138808323&amp;lang=en&amp;origin=https%3A%2F%2Fwww.telam.com.ar%2Fnotas%2F202106%2F559507-especialistas-recomendaciones-variante-delta.html&amp;sessionId=40f1c7987104ee93443057968753e36e73071729&amp;siteScreenName=agenciatelam&amp;theme=light&amp;widgetsVersion=91a128e%3A1623306204510&amp;width=550px\" frameborder=\"0\" scrolling=\"no\" allowfullscreen=\"allowfullscreen\" data-tweet-id=\"1409706242138808323\" data-mce-fragment=\"1\"><\/iframe><\/div>\n<\/div>\n<p>Al tiempo que asumi\u00f3 que\u00a0<strong>de ingresar al pa\u00eds, \u00abproducir\u00eda un incremento exponencial de contagios y nos pondr\u00e1 en una situaci\u00f3n complicada de ac\u00e1 a cuatro meses\u00bb.<\/strong><\/p>\n<p>El tama\u00f1o e impacto de una nueva ola por esta variante, seg\u00fan Quiroga, depender\u00e1 de su contagiosidad, pero tambi\u00e9n de la cantidad de personas que ingresen al pa\u00eds con ella y se prevenga su propagaci\u00f3n, adem\u00e1s de c\u00f3mo contin\u00fae la vacunaci\u00f3n.<\/p>\n<blockquote><p>\u00abResulta fundamental disminuir la cantidad de personas que ingresan con Delta, por eso<strong>\u00a0la medida del Gobierno de reducir de 2.000 a 600 los pasajeros es una medida positiva\u00bb<\/strong><\/p>\n<div class=\"sign\">RODRIGO QUIROGA<\/div>\n<\/blockquote>\n<p>\u00abResulta fundamental disminuir la cantidad de personas que ingresan con Delta en los pr\u00f3ximos dos meses para que esa ola de contagios sea lo m\u00e1s chica posible, por eso<strong>\u00a0l<a href=\"https:\/\/www.telam.com.ar\/notas\/202106\/559496-variante-delta-coronavirus-provincia-buenos-aires-caba-restricciones-viajeros-aislamiento.html\" target=\"_blank\" rel=\"noopener\">a medida del Gobierno de reducir de 2.000 a 600 los pasajeros es una medida positiva\u00bb<\/a><\/strong>, remarc\u00f3 respecto a la iniciativa para reducir el ingreso de personas del exterior.<\/p>\n<p>Adicionalmente, dijo que mientras m\u00e1s logremos demorar esa ola, m\u00e1s nos acercaremos a la primavera y el verano, donde la propagaci\u00f3n va a ser m\u00e1s lenta, adem\u00e1s de procurar el avance de la vacunaci\u00f3n.<\/p>\n<p>Otra medida que remarc\u00f3 como fundamental y que se tom\u00f3 la mayor de pa\u00edses con circulaci\u00f3n de Delta es \u00abobligar a realizar cuarentena obligatoria en hoteles a personas que vuelvan de esos pa\u00edses, aunque el PCR haya dado negativo antes de viajar y al ingresar al pa\u00eds\u00bb.<\/p>\n<div id=\"image\" class=\"image\">\n<p><img decoding=\"async\" title=\"Los expertos se\u00f1alan que en algunos pa\u00edses como el Reino Unido se obliga a los turistas a realizar el aislamiento en hoteles aunque el PCR sea negativo. \" src=\"https:\/\/www.telam.com.ar\/advf\/imagenes\/2021\/02\/602ac539ae967_1004x565.jpg\" alt=\"Los expertos se\u00f1alan que en algunos pa\u00edses como el Reino Unido se obliga a los turistas a realizar el aislamiento en hoteles aunque el PCR sea negativo. \" \/><\/p>\n<div class=\"epigrafe\">Los expertos se\u00f1alan que en algunos pa\u00edses como el Reino Unido se obliga a los turistas a realizar el aislamiento en hoteles aunque el PCR sea negativo.<\/div>\n<\/div>\n<p>Al respecto de la variante Delta,<strong>\u00a0Luis C\u00e1mera, infect\u00f3logo e integrante del equipo que asesora al Gobierno nacional,<\/strong>\u00a0explic\u00f3 este martes que \u00abcon el virus com\u00fan una persona contagia a dos personas, pero con la variante Delta contagia a 5\u00bb.<\/p>\n<p>Al mismo tiempo, el especialista se\u00f1al\u00f3 que \u00abla mortalidad en el Reino Unido es muy baja aunque estamos en los primeros d\u00edas\u00bb sobre el impacto de esa variante originada en India que circula en ese pa\u00eds.<\/p>\n<p>Adem\u00e1s, se\u00f1al\u00f3 que para observar c\u00f3mo impacta la Delta habr\u00eda que esperar 15 o 20 d\u00edas m\u00e1s,\u00a0<strong>consider\u00f3 que est\u00e1 infectando b\u00e1sicamente a gente joven de 20 a 40 a\u00f1os, y sostuvo que \u00abning\u00fan virus en t\u00e9rminos generales genera mucho da\u00f1o a esa edad\u00bb<\/strong>.<\/p>\n<p>El m\u00e9dico advirti\u00f3 que es mejor tomar medidas previas al ingreso de la variante Delta al pa\u00eds porque una vez que ingresa de manera masiva el virus es m\u00e1s dif\u00edcil de frenar.<\/p>\n<p>Sobre el riesgo de estimular viajes en vacaciones de invierno en julio, C\u00e1mera recomend\u00f3 que el receso invernal sea a fines de agosto \u00abcuando haya menos virus\u00bb.<\/p>\n<p>\u00abSi la gente sale de vacaciones en julio vamos a tener un rebrote, est\u00e1 todo el mundo muy preocupado por la variante Delta pero yo estoy asustado con las que tenemos que son tremendas\u00bb, finaliz\u00f3.<\/p>\n<\/div>\n<\/div>\n<\/div>\n<\/div>\n<\/div>\n","protected":false},"excerpt":{"rendered":"<p>Infect\u00f3logos y sanitaristas recordaron que la vacunaci\u00f3n completa mantiene \u00abaltos niveles de eficacia\u00bb pero propusieron evitar la circulaci\u00f3n de la cepa \u00abpara prevenir una nueva ola o hacer que sea lo m\u00e1s chica posible\u00bb.<\/p>\n","protected":false},"author":3,"featured_media":0,"comment_status":"closed","ping_status":"closed","sticky":false,"template":"","format":"standard","meta":{"footnotes":""},"categories":[24,30],"tags":[],"class_list":["post-59500","post","type-post","status-publish","format-standard","hentry","category-politica","category-salud"],"yoast_head":"<!-- This site is optimized with the Yoast SEO plugin v25.9 - https:\/\/yoast.com\/wordpress\/plugins\/seo\/ -->\n<title>Cu\u00e1l es el nivel de eficacia de las vacunas contra la variante Delta que asola al mundo - Noticias Radio Reflejos<\/title>\n<meta name=\"robots\" content=\"index, follow, max-snippet:-1, max-image-preview:large, max-video-preview:-1\" \/>\n<link rel=\"canonical\" href=\"https:\/\/www.noticiasradioreflejos.com.ar\/2021\/cual-es-el-nivel-de-eficacia-de-las-vacunas-contra-la-variante-delta-que-asola-al-mundo\/\" \/>\n<meta property=\"og:locale\" content=\"es_ES\" \/>\n<meta property=\"og:type\" content=\"article\" \/>\n<meta property=\"og:title\" content=\"Cu\u00e1l es el nivel de eficacia de las vacunas contra la variante Delta que asola al mundo - Noticias Radio Reflejos\" \/>\n<meta property=\"og:description\" content=\"Infect\u00f3logos y sanitaristas recordaron que la vacunaci\u00f3n completa mantiene &quot;altos niveles de eficacia&quot; pero propusieron evitar la circulaci\u00f3n de la cepa &quot;para prevenir una nueva ola o hacer que sea lo m\u00e1s chica posible&quot;.\" \/>\n<meta property=\"og:url\" content=\"https:\/\/www.noticiasradioreflejos.com.ar\/2021\/cual-es-el-nivel-de-eficacia-de-las-vacunas-contra-la-variante-delta-que-asola-al-mundo\/\" \/>\n<meta property=\"og:site_name\" content=\"Noticias Radio Reflejos\" \/>\n<meta property=\"article:published_time\" content=\"2021-06-30T10:45:31+00:00\" \/>\n<meta property=\"article:modified_time\" content=\"2021-06-30T10:46:15+00:00\" \/>\n<meta property=\"og:image\" content=\"https:\/\/www.telam.com.ar\/advf\/imagenes\/2021\/05\/608f0f0dadbf9_1004x565.jpg\" \/>\n<meta name=\"author\" content=\"Arnaldo Botto\" \/>\n<meta name=\"twitter:card\" content=\"summary_large_image\" \/>\n<script type=\"application\/ld+json\" class=\"yoast-schema-graph\">{\"@context\":\"https:\/\/schema.org\",\"@graph\":[{\"@type\":\"WebPage\",\"@id\":\"https:\/\/www.noticiasradioreflejos.com.ar\/2021\/cual-es-el-nivel-de-eficacia-de-las-vacunas-contra-la-variante-delta-que-asola-al-mundo\/\",\"url\":\"https:\/\/www.noticiasradioreflejos.com.ar\/2021\/cual-es-el-nivel-de-eficacia-de-las-vacunas-contra-la-variante-delta-que-asola-al-mundo\/\",\"name\":\"Cu\u00e1l es el nivel de eficacia de las vacunas contra la variante Delta que asola al mundo - Noticias Radio Reflejos\",\"isPartOf\":{\"@id\":\"https:\/\/www.noticiasradioreflejos.com.ar\/2021\/#website\"},\"primaryImageOfPage\":{\"@id\":\"https:\/\/www.noticiasradioreflejos.com.ar\/2021\/cual-es-el-nivel-de-eficacia-de-las-vacunas-contra-la-variante-delta-que-asola-al-mundo\/#primaryimage\"},\"image\":{\"@id\":\"https:\/\/www.noticiasradioreflejos.com.ar\/2021\/cual-es-el-nivel-de-eficacia-de-las-vacunas-contra-la-variante-delta-que-asola-al-mundo\/#primaryimage\"},\"thumbnailUrl\":\"https:\/\/www.telam.com.ar\/advf\/imagenes\/2021\/05\/608f0f0dadbf9_1004x565.jpg\",\"datePublished\":\"2021-06-30T10:45:31+00:00\",\"dateModified\":\"2021-06-30T10:46:15+00:00\",\"author\":{\"@id\":\"https:\/\/www.noticiasradioreflejos.com.ar\/2021\/#\/schema\/person\/ad82545263dcc5ec0996818884fd5fb1\"},\"breadcrumb\":{\"@id\":\"https:\/\/www.noticiasradioreflejos.com.ar\/2021\/cual-es-el-nivel-de-eficacia-de-las-vacunas-contra-la-variante-delta-que-asola-al-mundo\/#breadcrumb\"},\"inLanguage\":\"es\",\"potentialAction\":[{\"@type\":\"ReadAction\",\"target\":[\"https:\/\/www.noticiasradioreflejos.com.ar\/2021\/cual-es-el-nivel-de-eficacia-de-las-vacunas-contra-la-variante-delta-que-asola-al-mundo\/\"]}]},{\"@type\":\"ImageObject\",\"inLanguage\":\"es\",\"@id\":\"https:\/\/www.noticiasradioreflejos.com.ar\/2021\/cual-es-el-nivel-de-eficacia-de-las-vacunas-contra-la-variante-delta-que-asola-al-mundo\/#primaryimage\",\"url\":\"https:\/\/www.telam.com.ar\/advf\/imagenes\/2021\/05\/608f0f0dadbf9_1004x565.jpg\",\"contentUrl\":\"https:\/\/www.telam.com.ar\/advf\/imagenes\/2021\/05\/608f0f0dadbf9_1004x565.jpg\"},{\"@type\":\"BreadcrumbList\",\"@id\":\"https:\/\/www.noticiasradioreflejos.com.ar\/2021\/cual-es-el-nivel-de-eficacia-de-las-vacunas-contra-la-variante-delta-que-asola-al-mundo\/#breadcrumb\",\"itemListElement\":[{\"@type\":\"ListItem\",\"position\":1,\"name\":\"Portada\",\"item\":\"https:\/\/www.noticiasradioreflejos.com.ar\/2021\/\"},{\"@type\":\"ListItem\",\"position\":2,\"name\":\"Cu\u00e1l es el nivel de eficacia de las vacunas contra la variante Delta que asola al mundo\"}]},{\"@type\":\"WebSite\",\"@id\":\"https:\/\/www.noticiasradioreflejos.com.ar\/2021\/#website\",\"url\":\"https:\/\/www.noticiasradioreflejos.com.ar\/2021\/\",\"name\":\"Noticias Radio Reflejos\",\"description\":\"Las noticias de mi comarca\",\"potentialAction\":[{\"@type\":\"SearchAction\",\"target\":{\"@type\":\"EntryPoint\",\"urlTemplate\":\"https:\/\/www.noticiasradioreflejos.com.ar\/2021\/?s={search_term_string}\"},\"query-input\":{\"@type\":\"PropertyValueSpecification\",\"valueRequired\":true,\"valueName\":\"search_term_string\"}}],\"inLanguage\":\"es\"},{\"@type\":\"Person\",\"@id\":\"https:\/\/www.noticiasradioreflejos.com.ar\/2021\/#\/schema\/person\/ad82545263dcc5ec0996818884fd5fb1\",\"name\":\"Arnaldo Botto\",\"image\":{\"@type\":\"ImageObject\",\"inLanguage\":\"es\",\"@id\":\"https:\/\/www.noticiasradioreflejos.com.ar\/2021\/#\/schema\/person\/image\/\",\"url\":\"https:\/\/secure.gravatar.com\/avatar\/55cb5e37c1efa326397366e6974cb338056df65cb50e7d64d1cf314e87504837?s=96&d=mm&r=g\",\"contentUrl\":\"https:\/\/secure.gravatar.com\/avatar\/55cb5e37c1efa326397366e6974cb338056df65cb50e7d64d1cf314e87504837?s=96&d=mm&r=g\",\"caption\":\"Arnaldo Botto\"},\"url\":\"https:\/\/www.noticiasradioreflejos.com.ar\/2021\/author\/arnaldo\/\"}]}<\/script>\n<!-- \/ Yoast SEO plugin. -->","yoast_head_json":{"title":"Cu\u00e1l es el nivel de eficacia de las vacunas contra la variante Delta que asola al mundo - Noticias Radio Reflejos","robots":{"index":"index","follow":"follow","max-snippet":"max-snippet:-1","max-image-preview":"max-image-preview:large","max-video-preview":"max-video-preview:-1"},"canonical":"https:\/\/www.noticiasradioreflejos.com.ar\/2021\/cual-es-el-nivel-de-eficacia-de-las-vacunas-contra-la-variante-delta-que-asola-al-mundo\/","og_locale":"es_ES","og_type":"article","og_title":"Cu\u00e1l es el nivel de eficacia de las vacunas contra la variante Delta que asola al mundo - Noticias Radio Reflejos","og_description":"Infect\u00f3logos y sanitaristas recordaron que la vacunaci\u00f3n completa mantiene \"altos niveles de eficacia\" pero propusieron evitar la circulaci\u00f3n de la cepa \"para prevenir una nueva ola o hacer que sea lo m\u00e1s chica posible\".","og_url":"https:\/\/www.noticiasradioreflejos.com.ar\/2021\/cual-es-el-nivel-de-eficacia-de-las-vacunas-contra-la-variante-delta-que-asola-al-mundo\/","og_site_name":"Noticias Radio Reflejos","article_published_time":"2021-06-30T10:45:31+00:00","article_modified_time":"2021-06-30T10:46:15+00:00","og_image":[{"url":"https:\/\/www.telam.com.ar\/advf\/imagenes\/2021\/05\/608f0f0dadbf9_1004x565.jpg","type":"","width":"","height":""}],"author":"Arnaldo Botto","twitter_card":"summary_large_image","schema":{"@context":"https:\/\/schema.org","@graph":[{"@type":"WebPage","@id":"https:\/\/www.noticiasradioreflejos.com.ar\/2021\/cual-es-el-nivel-de-eficacia-de-las-vacunas-contra-la-variante-delta-que-asola-al-mundo\/","url":"https:\/\/www.noticiasradioreflejos.com.ar\/2021\/cual-es-el-nivel-de-eficacia-de-las-vacunas-contra-la-variante-delta-que-asola-al-mundo\/","name":"Cu\u00e1l es el nivel de eficacia de las vacunas contra la variante Delta que asola al mundo - Noticias Radio Reflejos","isPartOf":{"@id":"https:\/\/www.noticiasradioreflejos.com.ar\/2021\/#website"},"primaryImageOfPage":{"@id":"https:\/\/www.noticiasradioreflejos.com.ar\/2021\/cual-es-el-nivel-de-eficacia-de-las-vacunas-contra-la-variante-delta-que-asola-al-mundo\/#primaryimage"},"image":{"@id":"https:\/\/www.noticiasradioreflejos.com.ar\/2021\/cual-es-el-nivel-de-eficacia-de-las-vacunas-contra-la-variante-delta-que-asola-al-mundo\/#primaryimage"},"thumbnailUrl":"https:\/\/www.telam.com.ar\/advf\/imagenes\/2021\/05\/608f0f0dadbf9_1004x565.jpg","datePublished":"2021-06-30T10:45:31+00:00","dateModified":"2021-06-30T10:46:15+00:00","author":{"@id":"https:\/\/www.noticiasradioreflejos.com.ar\/2021\/#\/schema\/person\/ad82545263dcc5ec0996818884fd5fb1"},"breadcrumb":{"@id":"https:\/\/www.noticiasradioreflejos.com.ar\/2021\/cual-es-el-nivel-de-eficacia-de-las-vacunas-contra-la-variante-delta-que-asola-al-mundo\/#breadcrumb"},"inLanguage":"es","potentialAction":[{"@type":"ReadAction","target":["https:\/\/www.noticiasradioreflejos.com.ar\/2021\/cual-es-el-nivel-de-eficacia-de-las-vacunas-contra-la-variante-delta-que-asola-al-mundo\/"]}]},{"@type":"ImageObject","inLanguage":"es","@id":"https:\/\/www.noticiasradioreflejos.com.ar\/2021\/cual-es-el-nivel-de-eficacia-de-las-vacunas-contra-la-variante-delta-que-asola-al-mundo\/#primaryimage","url":"https:\/\/www.telam.com.ar\/advf\/imagenes\/2021\/05\/608f0f0dadbf9_1004x565.jpg","contentUrl":"https:\/\/www.telam.com.ar\/advf\/imagenes\/2021\/05\/608f0f0dadbf9_1004x565.jpg"},{"@type":"BreadcrumbList","@id":"https:\/\/www.noticiasradioreflejos.com.ar\/2021\/cual-es-el-nivel-de-eficacia-de-las-vacunas-contra-la-variante-delta-que-asola-al-mundo\/#breadcrumb","itemListElement":[{"@type":"ListItem","position":1,"name":"Portada","item":"https:\/\/www.noticiasradioreflejos.com.ar\/2021\/"},{"@type":"ListItem","position":2,"name":"Cu\u00e1l es el nivel de eficacia de las vacunas contra la variante Delta que asola al mundo"}]},{"@type":"WebSite","@id":"https:\/\/www.noticiasradioreflejos.com.ar\/2021\/#website","url":"https:\/\/www.noticiasradioreflejos.com.ar\/2021\/","name":"Noticias Radio Reflejos","description":"Las noticias de mi comarca","potentialAction":[{"@type":"SearchAction","target":{"@type":"EntryPoint","urlTemplate":"https:\/\/www.noticiasradioreflejos.com.ar\/2021\/?s={search_term_string}"},"query-input":{"@type":"PropertyValueSpecification","valueRequired":true,"valueName":"search_term_string"}}],"inLanguage":"es"},{"@type":"Person","@id":"https:\/\/www.noticiasradioreflejos.com.ar\/2021\/#\/schema\/person\/ad82545263dcc5ec0996818884fd5fb1","name":"Arnaldo Botto","image":{"@type":"ImageObject","inLanguage":"es","@id":"https:\/\/www.noticiasradioreflejos.com.ar\/2021\/#\/schema\/person\/image\/","url":"https:\/\/secure.gravatar.com\/avatar\/55cb5e37c1efa326397366e6974cb338056df65cb50e7d64d1cf314e87504837?s=96&d=mm&r=g","contentUrl":"https:\/\/secure.gravatar.com\/avatar\/55cb5e37c1efa326397366e6974cb338056df65cb50e7d64d1cf314e87504837?s=96&d=mm&r=g","caption":"Arnaldo Botto"},"url":"https:\/\/www.noticiasradioreflejos.com.ar\/2021\/author\/arnaldo\/"}]}},"_links":{"self":[{"href":"https:\/\/www.noticiasradioreflejos.com.ar\/2021\/wp-json\/wp\/v2\/posts\/59500","targetHints":{"allow":["GET"]}}],"collection":[{"href":"https:\/\/www.noticiasradioreflejos.com.ar\/2021\/wp-json\/wp\/v2\/posts"}],"about":[{"href":"https:\/\/www.noticiasradioreflejos.com.ar\/2021\/wp-json\/wp\/v2\/types\/post"}],"author":[{"embeddable":true,"href":"https:\/\/www.noticiasradioreflejos.com.ar\/2021\/wp-json\/wp\/v2\/users\/3"}],"replies":[{"embeddable":true,"href":"https:\/\/www.noticiasradioreflejos.com.ar\/2021\/wp-json\/wp\/v2\/comments?post=59500"}],"version-history":[{"count":2,"href":"https:\/\/www.noticiasradioreflejos.com.ar\/2021\/wp-json\/wp\/v2\/posts\/59500\/revisions"}],"predecessor-version":[{"id":59503,"href":"https:\/\/www.noticiasradioreflejos.com.ar\/2021\/wp-json\/wp\/v2\/posts\/59500\/revisions\/59503"}],"wp:attachment":[{"href":"https:\/\/www.noticiasradioreflejos.com.ar\/2021\/wp-json\/wp\/v2\/media?parent=59500"}],"wp:term":[{"taxonomy":"category","embeddable":true,"href":"https:\/\/www.noticiasradioreflejos.com.ar\/2021\/wp-json\/wp\/v2\/categories?post=59500"},{"taxonomy":"post_tag","embeddable":true,"href":"https:\/\/www.noticiasradioreflejos.com.ar\/2021\/wp-json\/wp\/v2\/tags?post=59500"}],"curies":[{"name":"wp","href":"https:\/\/api.w.org\/{rel}","templated":true}]}}