{"id":59492,"date":"2021-06-30T10:32:57","date_gmt":"2021-06-30T10:32:57","guid":{"rendered":"http:\/\/www.noticiasradioreflejos.com.ar\/2021\/?p=59492"},"modified":"2021-06-30T10:32:57","modified_gmt":"2021-06-30T10:32:57","slug":"exploto-una-escuela-rural-en-neuquen-dos-obreros-muertos-y-una-docente-con-heridas-graves","status":"publish","type":"post","link":"https:\/\/www.noticiasradioreflejos.com.ar\/2021\/exploto-una-escuela-rural-en-neuquen-dos-obreros-muertos-y-una-docente-con-heridas-graves\/","title":{"rendered":"Explot\u00f3 una escuela rural en Neuqu\u00e9n: dos obreros muertos y una docente con heridas graves"},"content":{"rendered":"<div class=\"head-content\">\n<p>Ardi\u00f3 un establecimiento escolar de la localidad neuquina de A\u00f1elo cuando estaban realizando tareas de remodelaci\u00f3n. \u201cAfortunadamente no hab\u00eda ni\u00f1os a esa hora\u201d, dijo a T\u00e9lam el presidente de la Comisi\u00f3n de Fomento de Aguada San Roque.<\/p>\n<div class=\"addthis_custom_sharing\" data-url=\"https:\/\/www.telam.com.ar\/notas\/202106\/559555-dos-obreros-murieron-y-una-docente-sufrio-heridas-graves-por-una-explosion-en-una-escuela-rural.html\" data-title=\"Explot\u00f3 una escuela rural en Neuqu\u00e9n: dos obreros muertos y una docente con heridas graves\" data-description=\"Ardi\u00f3 un establecimiento escolar de la localidad neuquina de A\u00f1elo cuando estaban realizando tareas de remodelaci\u00f3n. &amp;ldquo;Afortunadamente no hab\u00eda ni\u00f1os a esa hora&amp;rdquo;, dijo a T\u00e9lam el presidente de la Comisi\u00f3n de Fomento de Aguada San Roque.\">\n<div id=\"atstbx\" class=\"at-resp-share-element at-style-responsive addthis-smartlayers addthis-animated at4-show\" role=\"region\" aria-labelledby=\"at-8fcb3070-d2e5-41ed-80de-e2077cfe346f\"><\/div>\n<\/div>\n<\/div>\n<p><!--more--><\/p>\n<div class=\"main-content-block\">\n<div class=\"main-box clearfix\">\n<div class=\"wrapper-main-section clearfix\">\n<div class=\"wrapper-editable-content\">\n<div class=\"editable-content clearfix\">\n<div id=\"image\" class=\"image\"><img decoding=\"async\" title=\"El hecho ocurri\u00f3 en el paraje Aguada San Roque.\" src=\"https:\/\/www.telam.com.ar\/advf\/imagenes\/2021\/06\/60dba9f80b142_1004x565.jpg\" alt=\"El hecho ocurri\u00f3 en el paraje Aguada San Roque.\" \/><\/p>\n<div class=\"epigrafe\"><\/div>\n<\/div>\n<p>Dos obreros murieron y una docente sufri\u00f3 heridas graves en la tarde de este martes, tras una explosi\u00f3n en la escuela albergue 144 del paraje Aguada San Roque, a 60 kil\u00f3metros de la localidad neuquina de A\u00f1elo, mientras se realizaban trabajos de remodelaci\u00f3n en el lugar, informaron fuentes oficiales.<\/p>\n<p><strong>\u201cAfortunadamente no hab\u00eda ni\u00f1os en la escuela a esa hora\u201d<\/strong>, dijo a T\u00e9lam el presidente de la Comisi\u00f3n de Fomento de Aguada San Roque, Claudio Moyano y agreg\u00f3 que se ignora la causa de la explosi\u00f3n.<\/p>\n<p>Moyano destac\u00f3 adem\u00e1s que la deflagraci\u00f3n ocurri\u00f3 \u00aben una parte del albergue que est\u00e1 separado de las aulas, donde se hac\u00edan trabajos de remodelaci\u00f3n\u00bb.<\/p>\n<p><strong>Los dos obreros fallecidos quedaron bajo los escombros tras la explosi\u00f3n<\/strong>, seg\u00fan pudieron constatar los bomberos.<\/p>\n<p>En tanto la docente que sufri\u00f3 heridas de consideraci\u00f3n, fue trasladada al Hospital Provincial \u201cCastro Rend\u00f3n\u201d de la ciudad de Neuqu\u00e9n.<\/p>\n<p>La Asociaci\u00f3n Trabajadores de la Educaci\u00f3n (ATEN) inform\u00f3 en un comunicado que integrantes de la seccional A\u00f1elo del gremio y de vocal\u00edas del Consejo Provincial de Educaci\u00f3n ya viajaron hasta Aguada San Roque y que \u201cen el momento de la explosi\u00f3n no hab\u00eda ni\u00f1os\u00bb.<\/p>\n<p>Interviene en las investigaciones la Fiscal de Cutral C\u00f3, Gabriela Macaya.<\/p><\/div>\n<\/div>\n<\/div>\n<\/div>\n<\/div>\n","protected":false},"excerpt":{"rendered":"<p>Ardi\u00f3 un establecimiento escolar de la localidad neuquina de A\u00f1elo cuando estaban realizando tareas de remodelaci\u00f3n. \u201cAfortunadamente no hab\u00eda ni\u00f1os a esa hora\u201d, dijo a T\u00e9lam el presidente de la Comisi\u00f3n de Fomento de Aguada San Roque.<\/p>\n","protected":false},"author":3,"featured_media":0,"comment_status":"closed","ping_status":"closed","sticky":false,"template":"","format":"standard","meta":{"footnotes":""},"categories":[29],"tags":[],"class_list":["post-59492","post","type-post","status-publish","format-standard","hentry","category-policiales"],"yoast_head":"<!-- This site is optimized with the Yoast SEO plugin v25.9 - https:\/\/yoast.com\/wordpress\/plugins\/seo\/ -->\n<title>Explot\u00f3 una escuela rural en Neuqu\u00e9n: dos obreros muertos y una docente con heridas graves - Noticias Radio Reflejos<\/title>\n<meta name=\"robots\" content=\"index, follow, max-snippet:-1, max-image-preview:large, max-video-preview:-1\" \/>\n<link rel=\"canonical\" href=\"https:\/\/www.noticiasradioreflejos.com.ar\/2021\/exploto-una-escuela-rural-en-neuquen-dos-obreros-muertos-y-una-docente-con-heridas-graves\/\" \/>\n<meta property=\"og:locale\" content=\"es_ES\" \/>\n<meta property=\"og:type\" content=\"article\" \/>\n<meta property=\"og:title\" content=\"Explot\u00f3 una escuela rural en Neuqu\u00e9n: dos obreros muertos y una docente con heridas graves - Noticias Radio Reflejos\" \/>\n<meta property=\"og:description\" content=\"Ardi\u00f3 un establecimiento escolar de la localidad neuquina de A\u00f1elo cuando estaban realizando tareas de remodelaci\u00f3n. \u201cAfortunadamente no hab\u00eda ni\u00f1os a esa hora\u201d, dijo a T\u00e9lam el presidente de la Comisi\u00f3n de Fomento de Aguada San Roque.\" \/>\n<meta property=\"og:url\" content=\"https:\/\/www.noticiasradioreflejos.com.ar\/2021\/exploto-una-escuela-rural-en-neuquen-dos-obreros-muertos-y-una-docente-con-heridas-graves\/\" \/>\n<meta property=\"og:site_name\" content=\"Noticias Radio Reflejos\" \/>\n<meta property=\"article:published_time\" content=\"2021-06-30T10:32:57+00:00\" \/>\n<meta property=\"og:image\" content=\"https:\/\/www.telam.com.ar\/advf\/imagenes\/2021\/06\/60dba9f80b142_1004x565.jpg\" \/>\n<meta name=\"author\" content=\"Arnaldo Botto\" \/>\n<meta name=\"twitter:card\" content=\"summary_large_image\" \/>\n<script type=\"application\/ld+json\" class=\"yoast-schema-graph\">{\"@context\":\"https:\/\/schema.org\",\"@graph\":[{\"@type\":\"WebPage\",\"@id\":\"https:\/\/www.noticiasradioreflejos.com.ar\/2021\/exploto-una-escuela-rural-en-neuquen-dos-obreros-muertos-y-una-docente-con-heridas-graves\/\",\"url\":\"https:\/\/www.noticiasradioreflejos.com.ar\/2021\/exploto-una-escuela-rural-en-neuquen-dos-obreros-muertos-y-una-docente-con-heridas-graves\/\",\"name\":\"Explot\u00f3 una escuela rural en Neuqu\u00e9n: dos obreros muertos y una docente con heridas graves - Noticias Radio Reflejos\",\"isPartOf\":{\"@id\":\"https:\/\/www.noticiasradioreflejos.com.ar\/2021\/#website\"},\"primaryImageOfPage\":{\"@id\":\"https:\/\/www.noticiasradioreflejos.com.ar\/2021\/exploto-una-escuela-rural-en-neuquen-dos-obreros-muertos-y-una-docente-con-heridas-graves\/#primaryimage\"},\"image\":{\"@id\":\"https:\/\/www.noticiasradioreflejos.com.ar\/2021\/exploto-una-escuela-rural-en-neuquen-dos-obreros-muertos-y-una-docente-con-heridas-graves\/#primaryimage\"},\"thumbnailUrl\":\"https:\/\/www.telam.com.ar\/advf\/imagenes\/2021\/06\/60dba9f80b142_1004x565.jpg\",\"datePublished\":\"2021-06-30T10:32:57+00:00\",\"author\":{\"@id\":\"https:\/\/www.noticiasradioreflejos.com.ar\/2021\/#\/schema\/person\/ad82545263dcc5ec0996818884fd5fb1\"},\"breadcrumb\":{\"@id\":\"https:\/\/www.noticiasradioreflejos.com.ar\/2021\/exploto-una-escuela-rural-en-neuquen-dos-obreros-muertos-y-una-docente-con-heridas-graves\/#breadcrumb\"},\"inLanguage\":\"es\",\"potentialAction\":[{\"@type\":\"ReadAction\",\"target\":[\"https:\/\/www.noticiasradioreflejos.com.ar\/2021\/exploto-una-escuela-rural-en-neuquen-dos-obreros-muertos-y-una-docente-con-heridas-graves\/\"]}]},{\"@type\":\"ImageObject\",\"inLanguage\":\"es\",\"@id\":\"https:\/\/www.noticiasradioreflejos.com.ar\/2021\/exploto-una-escuela-rural-en-neuquen-dos-obreros-muertos-y-una-docente-con-heridas-graves\/#primaryimage\",\"url\":\"https:\/\/www.telam.com.ar\/advf\/imagenes\/2021\/06\/60dba9f80b142_1004x565.jpg\",\"contentUrl\":\"https:\/\/www.telam.com.ar\/advf\/imagenes\/2021\/06\/60dba9f80b142_1004x565.jpg\"},{\"@type\":\"BreadcrumbList\",\"@id\":\"https:\/\/www.noticiasradioreflejos.com.ar\/2021\/exploto-una-escuela-rural-en-neuquen-dos-obreros-muertos-y-una-docente-con-heridas-graves\/#breadcrumb\",\"itemListElement\":[{\"@type\":\"ListItem\",\"position\":1,\"name\":\"Portada\",\"item\":\"https:\/\/www.noticiasradioreflejos.com.ar\/2021\/\"},{\"@type\":\"ListItem\",\"position\":2,\"name\":\"Explot\u00f3 una escuela rural en Neuqu\u00e9n: dos obreros muertos y una docente con heridas graves\"}]},{\"@type\":\"WebSite\",\"@id\":\"https:\/\/www.noticiasradioreflejos.com.ar\/2021\/#website\",\"url\":\"https:\/\/www.noticiasradioreflejos.com.ar\/2021\/\",\"name\":\"Noticias Radio Reflejos\",\"description\":\"Las noticias de mi comarca\",\"potentialAction\":[{\"@type\":\"SearchAction\",\"target\":{\"@type\":\"EntryPoint\",\"urlTemplate\":\"https:\/\/www.noticiasradioreflejos.com.ar\/2021\/?s={search_term_string}\"},\"query-input\":{\"@type\":\"PropertyValueSpecification\",\"valueRequired\":true,\"valueName\":\"search_term_string\"}}],\"inLanguage\":\"es\"},{\"@type\":\"Person\",\"@id\":\"https:\/\/www.noticiasradioreflejos.com.ar\/2021\/#\/schema\/person\/ad82545263dcc5ec0996818884fd5fb1\",\"name\":\"Arnaldo Botto\",\"image\":{\"@type\":\"ImageObject\",\"inLanguage\":\"es\",\"@id\":\"https:\/\/www.noticiasradioreflejos.com.ar\/2021\/#\/schema\/person\/image\/\",\"url\":\"https:\/\/secure.gravatar.com\/avatar\/55cb5e37c1efa326397366e6974cb338056df65cb50e7d64d1cf314e87504837?s=96&d=mm&r=g\",\"contentUrl\":\"https:\/\/secure.gravatar.com\/avatar\/55cb5e37c1efa326397366e6974cb338056df65cb50e7d64d1cf314e87504837?s=96&d=mm&r=g\",\"caption\":\"Arnaldo Botto\"},\"url\":\"https:\/\/www.noticiasradioreflejos.com.ar\/2021\/author\/arnaldo\/\"}]}<\/script>\n<!-- \/ Yoast SEO plugin. -->","yoast_head_json":{"title":"Explot\u00f3 una escuela rural en Neuqu\u00e9n: dos obreros muertos y una docente con heridas graves - Noticias Radio Reflejos","robots":{"index":"index","follow":"follow","max-snippet":"max-snippet:-1","max-image-preview":"max-image-preview:large","max-video-preview":"max-video-preview:-1"},"canonical":"https:\/\/www.noticiasradioreflejos.com.ar\/2021\/exploto-una-escuela-rural-en-neuquen-dos-obreros-muertos-y-una-docente-con-heridas-graves\/","og_locale":"es_ES","og_type":"article","og_title":"Explot\u00f3 una escuela rural en Neuqu\u00e9n: dos obreros muertos y una docente con heridas graves - Noticias Radio Reflejos","og_description":"Ardi\u00f3 un establecimiento escolar de la localidad neuquina de A\u00f1elo cuando estaban realizando tareas de remodelaci\u00f3n. \u201cAfortunadamente no hab\u00eda ni\u00f1os a esa hora\u201d, dijo a T\u00e9lam el presidente de la Comisi\u00f3n de Fomento de Aguada San Roque.","og_url":"https:\/\/www.noticiasradioreflejos.com.ar\/2021\/exploto-una-escuela-rural-en-neuquen-dos-obreros-muertos-y-una-docente-con-heridas-graves\/","og_site_name":"Noticias Radio Reflejos","article_published_time":"2021-06-30T10:32:57+00:00","og_image":[{"url":"https:\/\/www.telam.com.ar\/advf\/imagenes\/2021\/06\/60dba9f80b142_1004x565.jpg","type":"","width":"","height":""}],"author":"Arnaldo Botto","twitter_card":"summary_large_image","schema":{"@context":"https:\/\/schema.org","@graph":[{"@type":"WebPage","@id":"https:\/\/www.noticiasradioreflejos.com.ar\/2021\/exploto-una-escuela-rural-en-neuquen-dos-obreros-muertos-y-una-docente-con-heridas-graves\/","url":"https:\/\/www.noticiasradioreflejos.com.ar\/2021\/exploto-una-escuela-rural-en-neuquen-dos-obreros-muertos-y-una-docente-con-heridas-graves\/","name":"Explot\u00f3 una escuela rural en Neuqu\u00e9n: dos obreros muertos y una docente con heridas graves - Noticias Radio Reflejos","isPartOf":{"@id":"https:\/\/www.noticiasradioreflejos.com.ar\/2021\/#website"},"primaryImageOfPage":{"@id":"https:\/\/www.noticiasradioreflejos.com.ar\/2021\/exploto-una-escuela-rural-en-neuquen-dos-obreros-muertos-y-una-docente-con-heridas-graves\/#primaryimage"},"image":{"@id":"https:\/\/www.noticiasradioreflejos.com.ar\/2021\/exploto-una-escuela-rural-en-neuquen-dos-obreros-muertos-y-una-docente-con-heridas-graves\/#primaryimage"},"thumbnailUrl":"https:\/\/www.telam.com.ar\/advf\/imagenes\/2021\/06\/60dba9f80b142_1004x565.jpg","datePublished":"2021-06-30T10:32:57+00:00","author":{"@id":"https:\/\/www.noticiasradioreflejos.com.ar\/2021\/#\/schema\/person\/ad82545263dcc5ec0996818884fd5fb1"},"breadcrumb":{"@id":"https:\/\/www.noticiasradioreflejos.com.ar\/2021\/exploto-una-escuela-rural-en-neuquen-dos-obreros-muertos-y-una-docente-con-heridas-graves\/#breadcrumb"},"inLanguage":"es","potentialAction":[{"@type":"ReadAction","target":["https:\/\/www.noticiasradioreflejos.com.ar\/2021\/exploto-una-escuela-rural-en-neuquen-dos-obreros-muertos-y-una-docente-con-heridas-graves\/"]}]},{"@type":"ImageObject","inLanguage":"es","@id":"https:\/\/www.noticiasradioreflejos.com.ar\/2021\/exploto-una-escuela-rural-en-neuquen-dos-obreros-muertos-y-una-docente-con-heridas-graves\/#primaryimage","url":"https:\/\/www.telam.com.ar\/advf\/imagenes\/2021\/06\/60dba9f80b142_1004x565.jpg","contentUrl":"https:\/\/www.telam.com.ar\/advf\/imagenes\/2021\/06\/60dba9f80b142_1004x565.jpg"},{"@type":"BreadcrumbList","@id":"https:\/\/www.noticiasradioreflejos.com.ar\/2021\/exploto-una-escuela-rural-en-neuquen-dos-obreros-muertos-y-una-docente-con-heridas-graves\/#breadcrumb","itemListElement":[{"@type":"ListItem","position":1,"name":"Portada","item":"https:\/\/www.noticiasradioreflejos.com.ar\/2021\/"},{"@type":"ListItem","position":2,"name":"Explot\u00f3 una escuela rural en Neuqu\u00e9n: dos obreros muertos y una docente con heridas graves"}]},{"@type":"WebSite","@id":"https:\/\/www.noticiasradioreflejos.com.ar\/2021\/#website","url":"https:\/\/www.noticiasradioreflejos.com.ar\/2021\/","name":"Noticias Radio Reflejos","description":"Las noticias de mi comarca","potentialAction":[{"@type":"SearchAction","target":{"@type":"EntryPoint","urlTemplate":"https:\/\/www.noticiasradioreflejos.com.ar\/2021\/?s={search_term_string}"},"query-input":{"@type":"PropertyValueSpecification","valueRequired":true,"valueName":"search_term_string"}}],"inLanguage":"es"},{"@type":"Person","@id":"https:\/\/www.noticiasradioreflejos.com.ar\/2021\/#\/schema\/person\/ad82545263dcc5ec0996818884fd5fb1","name":"Arnaldo Botto","image":{"@type":"ImageObject","inLanguage":"es","@id":"https:\/\/www.noticiasradioreflejos.com.ar\/2021\/#\/schema\/person\/image\/","url":"https:\/\/secure.gravatar.com\/avatar\/55cb5e37c1efa326397366e6974cb338056df65cb50e7d64d1cf314e87504837?s=96&d=mm&r=g","contentUrl":"https:\/\/secure.gravatar.com\/avatar\/55cb5e37c1efa326397366e6974cb338056df65cb50e7d64d1cf314e87504837?s=96&d=mm&r=g","caption":"Arnaldo Botto"},"url":"https:\/\/www.noticiasradioreflejos.com.ar\/2021\/author\/arnaldo\/"}]}},"_links":{"self":[{"href":"https:\/\/www.noticiasradioreflejos.com.ar\/2021\/wp-json\/wp\/v2\/posts\/59492","targetHints":{"allow":["GET"]}}],"collection":[{"href":"https:\/\/www.noticiasradioreflejos.com.ar\/2021\/wp-json\/wp\/v2\/posts"}],"about":[{"href":"https:\/\/www.noticiasradioreflejos.com.ar\/2021\/wp-json\/wp\/v2\/types\/post"}],"author":[{"embeddable":true,"href":"https:\/\/www.noticiasradioreflejos.com.ar\/2021\/wp-json\/wp\/v2\/users\/3"}],"replies":[{"embeddable":true,"href":"https:\/\/www.noticiasradioreflejos.com.ar\/2021\/wp-json\/wp\/v2\/comments?post=59492"}],"version-history":[{"count":1,"href":"https:\/\/www.noticiasradioreflejos.com.ar\/2021\/wp-json\/wp\/v2\/posts\/59492\/revisions"}],"predecessor-version":[{"id":59494,"href":"https:\/\/www.noticiasradioreflejos.com.ar\/2021\/wp-json\/wp\/v2\/posts\/59492\/revisions\/59494"}],"wp:attachment":[{"href":"https:\/\/www.noticiasradioreflejos.com.ar\/2021\/wp-json\/wp\/v2\/media?parent=59492"}],"wp:term":[{"taxonomy":"category","embeddable":true,"href":"https:\/\/www.noticiasradioreflejos.com.ar\/2021\/wp-json\/wp\/v2\/categories?post=59492"},{"taxonomy":"post_tag","embeddable":true,"href":"https:\/\/www.noticiasradioreflejos.com.ar\/2021\/wp-json\/wp\/v2\/tags?post=59492"}],"curies":[{"name":"wp","href":"https:\/\/api.w.org\/{rel}","templated":true}]}}