{"id":59469,"date":"2021-06-29T13:08:25","date_gmt":"2021-06-29T13:08:25","guid":{"rendered":"http:\/\/www.noticiasradioreflejos.com.ar\/2021\/?p=59469"},"modified":"2021-06-29T13:08:25","modified_gmt":"2021-06-29T13:08:25","slug":"sputnik-v-empieza-la-produccion-del-componente-2-en-la-argentina","status":"publish","type":"post","link":"https:\/\/www.noticiasradioreflejos.com.ar\/2021\/sputnik-v-empieza-la-produccion-del-componente-2-en-la-argentina\/","title":{"rendered":"Sputnik V: empieza la producci\u00f3n del componente 2 en la Argentina\u00a0"},"content":{"rendered":"<p>Marcelo Figueiras anunci\u00f3 que este lunes comenzar\u00e1 la fabricaci\u00f3n. \u201cEmpezamos con 150 mil dosis y despu\u00e9s esperamos recibir el principio activo desde Rusia para llegar a un mill\u00f3n de dosis\u00bb, adelant\u00f3. En tanto, esta tarde llega otro avi\u00f3n desde Mosc\u00fa con componentes 1 y 2 de la Sputnik V.<!--more--><\/p>\n<div class=\"col 2-col\">\n<div class=\"article-main-media-image__container\">\n<div class=\"image-wrapper\">\n<figure>El presidente de <b>Laboratorios Richmond<\/b>, Marcelo Figueiras, adelant\u00f3 que el lunes empezar\u00e1<b>\u00a0la producci\u00f3n en la Argentina del segundo componente de la vacuna\u00a0<a href=\"https:\/\/www.pagina12.com.ar\/351117-vacunas-anti-covid-llegan-miles-de-dosis-1-y-2-de-sputnik-v\">Sputnik V<\/a><\/b>. \u201cHacemos el primer pack de 150 mil y luego seguir\u00edamos con un mill\u00f3n\u201d, confirm\u00f3.<\/figure>\n<\/div>\n<\/div>\n<\/div>\n<div class=\"section-2-col article-main-content\">\n<div class=\"col 2-col\">\n<div class=\"article-main-content article-text \">\n<p><b>Respecto a la producci\u00f3n local del primer componente, Figueiras confirm\u00f3 que ya se fabricaron 450 mil dosis<\/b>. \u201cYa est\u00e1n en el operador log\u00edstico\u00a0<i>(Correo Andreani)\u00a0<\/i>y a disposici\u00f3n del Gobierno. Nosotros ya efectuamos nuestros controles y nos dio todo perfecto.\u00a0<b>Ahora el Instituto Gamaleya nos tiene que dar el \u2018ok\u2019<\/b>\u00ab, explic\u00f3.<\/p>\n<div id=\"talkFireEvent\"><\/div>\n<p>\u201cTodo lo que hacemos est\u00e1 siendo analizado por tres partes:\u00a0<b>el control de calidad lo hace la ANMAT, nosotros desde el laboratorio y el centro Gamaleya<\/b>\u00ab, agreg\u00f3 en di\u00e1logo con Radio10 el titular del laboratorio.<\/p>\n<p>&nbsp;<\/p>\n<p>Tambi\u00e9n cont\u00f3 que Richmond recibe llamados \u201cde todos lados\u201d para consultar por la producci\u00f3n de las vacunas. \u201cTenemos que valorar lo que estamos haciendo. Las cosas hay que hacerlas, hay gente que invierte en proyectos porque est\u00e1n convencidos y todos deben ser bienvenidos\u201d, expres\u00f3 y augur\u00f3:<b>\u00a0\u201cVamos a tener soberan\u00eda sanitaria en corto tiempo\u201d.<\/b><\/p>\n<h2>\u00abEn breve vamos a terminar todo el ciclo productivo en nuestra nueva planta\u00bb<\/h2>\n<p>En la actualidad, la planta de Richmond ubicada en la localidad bonaerense de Pilar realiza la<b>\u00a0formulaci\u00f3n, filtrado y rellenado de viales (envasado)<\/b>, un complejo proceso t\u00e9cnico y cient\u00edfico con exigentes requerimientos de buenas pr\u00e1cticas de manufactura. Para realizar este proceso, el laboratorio recibe el principio activo de la vacuna elaborado en el Gamaleya.<\/p>\n<p>\u00abA medida que vas avanzando vas teniendo mayor independencia porque<b>\u00a0hoy estamos dependiendo que otros terminen la sustancia (principio activo)\u00bb<\/b>, explic\u00f3\u00a0Figueiras. Remarc\u00f3 que Richmond prev\u00e9 en breve poder realizar todo el ciclo productivo de la vacuna en la nueva planta que se est\u00e1 construyendo.<\/p>\n<p>Frente al contexto de alta demanda mundial, el empresario sostuvo que \u00abaqu\u00ed no hay mala voluntad sino que la pandemia es la peor tragedia del siglo y ha desbaratado las previsiones de todo; entonces\u00a0<b>se han producido retrasos que no son intencionales y esto sucedi\u00f3 en todo el mundo\u00bb.<\/b><\/p>\n<h2>Llegan m\u00e1s dosis de Sputnik V<\/h2>\n<p>Este lunes\u00a0<b>llega a Ezeiza un nuevo vuelo de Aerol\u00edneas Argentinas desde Mosc\u00fa<\/b>, en el que vendr\u00e1n\u00a0<b>350 mil dosis del segundo componente de la vacuna Sputnik V<\/b>\u00a0que permitir\u00e1n que se complete el esquema de vacunaci\u00f3n de quienes recibieron la primera dosis hace aproximadamente tres meses.<\/p>\n<p>En tanto, partir\u00e1 hacia Rusia\u00a0un nuevo vuelo el jueves, que traer\u00eda s\u00f3lo dosis 1, tal vez cerca de 800.000 dosis como en los anteriores aviones. Y est\u00e1 previsto un tercer vuelo, para el fin de semana, que tambi\u00e9n traer\u00e1 dosis 2 -cerca de 500.000- y m\u00e1s dosis 1.<\/p>\n<\/div>\n<\/div>\n<\/div>\n","protected":false},"excerpt":{"rendered":"<p>Marcelo Figueiras anunci\u00f3 que este lunes comenzar\u00e1 la fabricaci\u00f3n. \u201cEmpezamos con 150 mil dosis y despu\u00e9s esperamos recibir el principio activo desde Rusia para llegar a un mill\u00f3n de dosis\u00bb, adelant\u00f3. En tanto, esta tarde llega otro avi\u00f3n desde Mosc\u00fa con componentes 1 y 2 de la Sputnik V.<\/p>\n","protected":false},"author":3,"featured_media":0,"comment_status":"closed","ping_status":"closed","sticky":false,"template":"","format":"standard","meta":{"footnotes":""},"categories":[46,30],"tags":[],"class_list":["post-59469","post","type-post","status-publish","format-standard","hentry","category-ciencia-y-tecnologia","category-salud"],"yoast_head":"<!-- This site is optimized with the Yoast SEO plugin v25.9 - https:\/\/yoast.com\/wordpress\/plugins\/seo\/ -->\n<title>Sputnik V: empieza la producci\u00f3n del componente 2 en la Argentina\u00a0 - Noticias Radio Reflejos<\/title>\n<meta name=\"robots\" content=\"index, follow, max-snippet:-1, max-image-preview:large, max-video-preview:-1\" \/>\n<link rel=\"canonical\" href=\"https:\/\/www.noticiasradioreflejos.com.ar\/2021\/sputnik-v-empieza-la-produccion-del-componente-2-en-la-argentina\/\" \/>\n<meta property=\"og:locale\" content=\"es_ES\" \/>\n<meta property=\"og:type\" content=\"article\" \/>\n<meta property=\"og:title\" content=\"Sputnik V: empieza la producci\u00f3n del componente 2 en la Argentina\u00a0 - Noticias Radio Reflejos\" \/>\n<meta property=\"og:description\" content=\"Marcelo Figueiras anunci\u00f3 que este lunes comenzar\u00e1 la fabricaci\u00f3n. \u201cEmpezamos con 150 mil dosis y despu\u00e9s esperamos recibir el principio activo desde Rusia para llegar a un mill\u00f3n de dosis&quot;, adelant\u00f3. En tanto, esta tarde llega otro avi\u00f3n desde Mosc\u00fa con componentes 1 y 2 de la Sputnik V.\" \/>\n<meta property=\"og:url\" content=\"https:\/\/www.noticiasradioreflejos.com.ar\/2021\/sputnik-v-empieza-la-produccion-del-componente-2-en-la-argentina\/\" \/>\n<meta property=\"og:site_name\" content=\"Noticias Radio Reflejos\" \/>\n<meta property=\"article:published_time\" content=\"2021-06-29T13:08:25+00:00\" \/>\n<meta property=\"og:image\" content=\"https:\/\/www.noticiasradioreflejos.com.ar\/2021\/wp-content\/uploads\/2021\/07\/logosol300x200.png\" \/>\n\t<meta property=\"og:image:width\" content=\"300\" \/>\n\t<meta property=\"og:image:height\" content=\"200\" \/>\n\t<meta property=\"og:image:type\" content=\"image\/png\" \/>\n<meta name=\"author\" content=\"Arnaldo Botto\" \/>\n<meta name=\"twitter:card\" content=\"summary_large_image\" \/>\n<script type=\"application\/ld+json\" class=\"yoast-schema-graph\">{\"@context\":\"https:\/\/schema.org\",\"@graph\":[{\"@type\":\"WebPage\",\"@id\":\"https:\/\/www.noticiasradioreflejos.com.ar\/2021\/sputnik-v-empieza-la-produccion-del-componente-2-en-la-argentina\/\",\"url\":\"https:\/\/www.noticiasradioreflejos.com.ar\/2021\/sputnik-v-empieza-la-produccion-del-componente-2-en-la-argentina\/\",\"name\":\"Sputnik V: empieza la producci\u00f3n del componente 2 en la Argentina\u00a0 - Noticias Radio Reflejos\",\"isPartOf\":{\"@id\":\"https:\/\/www.noticiasradioreflejos.com.ar\/2021\/#website\"},\"datePublished\":\"2021-06-29T13:08:25+00:00\",\"author\":{\"@id\":\"https:\/\/www.noticiasradioreflejos.com.ar\/2021\/#\/schema\/person\/ad82545263dcc5ec0996818884fd5fb1\"},\"breadcrumb\":{\"@id\":\"https:\/\/www.noticiasradioreflejos.com.ar\/2021\/sputnik-v-empieza-la-produccion-del-componente-2-en-la-argentina\/#breadcrumb\"},\"inLanguage\":\"es\",\"potentialAction\":[{\"@type\":\"ReadAction\",\"target\":[\"https:\/\/www.noticiasradioreflejos.com.ar\/2021\/sputnik-v-empieza-la-produccion-del-componente-2-en-la-argentina\/\"]}]},{\"@type\":\"BreadcrumbList\",\"@id\":\"https:\/\/www.noticiasradioreflejos.com.ar\/2021\/sputnik-v-empieza-la-produccion-del-componente-2-en-la-argentina\/#breadcrumb\",\"itemListElement\":[{\"@type\":\"ListItem\",\"position\":1,\"name\":\"Portada\",\"item\":\"https:\/\/www.noticiasradioreflejos.com.ar\/2021\/\"},{\"@type\":\"ListItem\",\"position\":2,\"name\":\"Sputnik V: empieza la producci\u00f3n del componente 2 en la Argentina\u00a0\"}]},{\"@type\":\"WebSite\",\"@id\":\"https:\/\/www.noticiasradioreflejos.com.ar\/2021\/#website\",\"url\":\"https:\/\/www.noticiasradioreflejos.com.ar\/2021\/\",\"name\":\"Noticias Radio Reflejos\",\"description\":\"Las noticias de mi comarca\",\"potentialAction\":[{\"@type\":\"SearchAction\",\"target\":{\"@type\":\"EntryPoint\",\"urlTemplate\":\"https:\/\/www.noticiasradioreflejos.com.ar\/2021\/?s={search_term_string}\"},\"query-input\":{\"@type\":\"PropertyValueSpecification\",\"valueRequired\":true,\"valueName\":\"search_term_string\"}}],\"inLanguage\":\"es\"},{\"@type\":\"Person\",\"@id\":\"https:\/\/www.noticiasradioreflejos.com.ar\/2021\/#\/schema\/person\/ad82545263dcc5ec0996818884fd5fb1\",\"name\":\"Arnaldo Botto\",\"image\":{\"@type\":\"ImageObject\",\"inLanguage\":\"es\",\"@id\":\"https:\/\/www.noticiasradioreflejos.com.ar\/2021\/#\/schema\/person\/image\/\",\"url\":\"https:\/\/secure.gravatar.com\/avatar\/55cb5e37c1efa326397366e6974cb338056df65cb50e7d64d1cf314e87504837?s=96&d=mm&r=g\",\"contentUrl\":\"https:\/\/secure.gravatar.com\/avatar\/55cb5e37c1efa326397366e6974cb338056df65cb50e7d64d1cf314e87504837?s=96&d=mm&r=g\",\"caption\":\"Arnaldo Botto\"},\"url\":\"https:\/\/www.noticiasradioreflejos.com.ar\/2021\/author\/arnaldo\/\"}]}<\/script>\n<!-- \/ Yoast SEO plugin. -->","yoast_head_json":{"title":"Sputnik V: empieza la producci\u00f3n del componente 2 en la Argentina\u00a0 - Noticias Radio Reflejos","robots":{"index":"index","follow":"follow","max-snippet":"max-snippet:-1","max-image-preview":"max-image-preview:large","max-video-preview":"max-video-preview:-1"},"canonical":"https:\/\/www.noticiasradioreflejos.com.ar\/2021\/sputnik-v-empieza-la-produccion-del-componente-2-en-la-argentina\/","og_locale":"es_ES","og_type":"article","og_title":"Sputnik V: empieza la producci\u00f3n del componente 2 en la Argentina\u00a0 - Noticias Radio Reflejos","og_description":"Marcelo Figueiras anunci\u00f3 que este lunes comenzar\u00e1 la fabricaci\u00f3n. \u201cEmpezamos con 150 mil dosis y despu\u00e9s esperamos recibir el principio activo desde Rusia para llegar a un mill\u00f3n de dosis\", adelant\u00f3. En tanto, esta tarde llega otro avi\u00f3n desde Mosc\u00fa con componentes 1 y 2 de la Sputnik V.","og_url":"https:\/\/www.noticiasradioreflejos.com.ar\/2021\/sputnik-v-empieza-la-produccion-del-componente-2-en-la-argentina\/","og_site_name":"Noticias Radio Reflejos","article_published_time":"2021-06-29T13:08:25+00:00","og_image":[{"width":300,"height":200,"url":"https:\/\/www.noticiasradioreflejos.com.ar\/2021\/wp-content\/uploads\/2021\/07\/logosol300x200.png","type":"image\/png"}],"author":"Arnaldo Botto","twitter_card":"summary_large_image","schema":{"@context":"https:\/\/schema.org","@graph":[{"@type":"WebPage","@id":"https:\/\/www.noticiasradioreflejos.com.ar\/2021\/sputnik-v-empieza-la-produccion-del-componente-2-en-la-argentina\/","url":"https:\/\/www.noticiasradioreflejos.com.ar\/2021\/sputnik-v-empieza-la-produccion-del-componente-2-en-la-argentina\/","name":"Sputnik V: empieza la producci\u00f3n del componente 2 en la Argentina\u00a0 - Noticias Radio Reflejos","isPartOf":{"@id":"https:\/\/www.noticiasradioreflejos.com.ar\/2021\/#website"},"datePublished":"2021-06-29T13:08:25+00:00","author":{"@id":"https:\/\/www.noticiasradioreflejos.com.ar\/2021\/#\/schema\/person\/ad82545263dcc5ec0996818884fd5fb1"},"breadcrumb":{"@id":"https:\/\/www.noticiasradioreflejos.com.ar\/2021\/sputnik-v-empieza-la-produccion-del-componente-2-en-la-argentina\/#breadcrumb"},"inLanguage":"es","potentialAction":[{"@type":"ReadAction","target":["https:\/\/www.noticiasradioreflejos.com.ar\/2021\/sputnik-v-empieza-la-produccion-del-componente-2-en-la-argentina\/"]}]},{"@type":"BreadcrumbList","@id":"https:\/\/www.noticiasradioreflejos.com.ar\/2021\/sputnik-v-empieza-la-produccion-del-componente-2-en-la-argentina\/#breadcrumb","itemListElement":[{"@type":"ListItem","position":1,"name":"Portada","item":"https:\/\/www.noticiasradioreflejos.com.ar\/2021\/"},{"@type":"ListItem","position":2,"name":"Sputnik V: empieza la producci\u00f3n del componente 2 en la Argentina\u00a0"}]},{"@type":"WebSite","@id":"https:\/\/www.noticiasradioreflejos.com.ar\/2021\/#website","url":"https:\/\/www.noticiasradioreflejos.com.ar\/2021\/","name":"Noticias Radio Reflejos","description":"Las noticias de mi comarca","potentialAction":[{"@type":"SearchAction","target":{"@type":"EntryPoint","urlTemplate":"https:\/\/www.noticiasradioreflejos.com.ar\/2021\/?s={search_term_string}"},"query-input":{"@type":"PropertyValueSpecification","valueRequired":true,"valueName":"search_term_string"}}],"inLanguage":"es"},{"@type":"Person","@id":"https:\/\/www.noticiasradioreflejos.com.ar\/2021\/#\/schema\/person\/ad82545263dcc5ec0996818884fd5fb1","name":"Arnaldo Botto","image":{"@type":"ImageObject","inLanguage":"es","@id":"https:\/\/www.noticiasradioreflejos.com.ar\/2021\/#\/schema\/person\/image\/","url":"https:\/\/secure.gravatar.com\/avatar\/55cb5e37c1efa326397366e6974cb338056df65cb50e7d64d1cf314e87504837?s=96&d=mm&r=g","contentUrl":"https:\/\/secure.gravatar.com\/avatar\/55cb5e37c1efa326397366e6974cb338056df65cb50e7d64d1cf314e87504837?s=96&d=mm&r=g","caption":"Arnaldo Botto"},"url":"https:\/\/www.noticiasradioreflejos.com.ar\/2021\/author\/arnaldo\/"}]}},"_links":{"self":[{"href":"https:\/\/www.noticiasradioreflejos.com.ar\/2021\/wp-json\/wp\/v2\/posts\/59469","targetHints":{"allow":["GET"]}}],"collection":[{"href":"https:\/\/www.noticiasradioreflejos.com.ar\/2021\/wp-json\/wp\/v2\/posts"}],"about":[{"href":"https:\/\/www.noticiasradioreflejos.com.ar\/2021\/wp-json\/wp\/v2\/types\/post"}],"author":[{"embeddable":true,"href":"https:\/\/www.noticiasradioreflejos.com.ar\/2021\/wp-json\/wp\/v2\/users\/3"}],"replies":[{"embeddable":true,"href":"https:\/\/www.noticiasradioreflejos.com.ar\/2021\/wp-json\/wp\/v2\/comments?post=59469"}],"version-history":[{"count":1,"href":"https:\/\/www.noticiasradioreflejos.com.ar\/2021\/wp-json\/wp\/v2\/posts\/59469\/revisions"}],"predecessor-version":[{"id":59471,"href":"https:\/\/www.noticiasradioreflejos.com.ar\/2021\/wp-json\/wp\/v2\/posts\/59469\/revisions\/59471"}],"wp:attachment":[{"href":"https:\/\/www.noticiasradioreflejos.com.ar\/2021\/wp-json\/wp\/v2\/media?parent=59469"}],"wp:term":[{"taxonomy":"category","embeddable":true,"href":"https:\/\/www.noticiasradioreflejos.com.ar\/2021\/wp-json\/wp\/v2\/categories?post=59469"},{"taxonomy":"post_tag","embeddable":true,"href":"https:\/\/www.noticiasradioreflejos.com.ar\/2021\/wp-json\/wp\/v2\/tags?post=59469"}],"curies":[{"name":"wp","href":"https:\/\/api.w.org\/{rel}","templated":true}]}}