{"id":59465,"date":"2021-06-29T11:50:22","date_gmt":"2021-06-29T11:50:22","guid":{"rendered":"http:\/\/www.noticiasradioreflejos.com.ar\/2021\/?p=59465"},"modified":"2021-06-29T13:04:33","modified_gmt":"2021-06-29T13:04:33","slug":"gas-en-garrafa-el-gobierno-prepara-una-ley-para-declararla-servicio-publico","status":"publish","type":"post","link":"https:\/\/www.noticiasradioreflejos.com.ar\/2021\/gas-en-garrafa-el-gobierno-prepara-una-ley-para-declararla-servicio-publico\/","title":{"rendered":"Gas en garrafa: el Gobierno prepara una ley para declararla servicio p\u00fablico"},"content":{"rendered":"<p>La iniciativa apunta a controlar el abastecimiento del GLP a precios razonables y uniformes en todo el pa\u00eds. Es una demanda hist\u00f3rica de las entidades de consumidores por los constantes abusos sobre los usuarios. Hay 16 millones de personas que dependen de la garrafa.\u00a0<!--more--><br \/>\nEl Gobierno avanza en la elaboraci\u00f3n de un proyecto de ley para declarar a las garrafas como servicio p\u00fablico, regulado por el Estado y con tarifas uniformes en todo el pa\u00eds. La iniciativa beneficia a 16 millones de personas que no cuentan con el servicio de gas por redes y son v\u00edctimas de todo tipo de abusos, en especial sectores vulnerables. A igual nivel de consumo,\u00a0aquellos que utilizan garrafas terminan gastando hasta el doble de dinero que un usuario residencial. El Frente de Todos contar\u00eda en este tema con el apoyo de sectores de la oposici\u00f3n, incluso de Juntos por el Cambio, lo que qued\u00f3 expresado en el debate de la ley para ampliar el alcance de la tarifa reducida de gas a regiones del pa\u00eds que sufren bajas temperaturas.<\/p>\n<p>Federico Bernal, interventor del Ente Nacional Regulador del Gas (Enargas), est\u00e1 al frente de la redacci\u00f3n de la iniciativa para dar respuesta a un reclamo hist\u00f3rico de las asociaciones de consumidores y usuarios. El gas licuado de petr\u00f3leo (GLP) envasado, es decir las garrafas, tiene un precio de referencia fijado por el Estado, pero en la pr\u00e1ctica se impone la ley del mercado: cada cual cobra lo que quiere, dependiendo muchas veces de los grados de concentraci\u00f3n del negocio. Cada distrito es un mundo. El poder de fraccionadoras y distribuidoras se hace sentir en cada caso.<\/p>\n<p>Las garrafas de 10, 12 y 15 kilos tienen valores de referencia que determina la Secretar\u00eda de Energ\u00eda de la Naci\u00f3n. La \u00faltima actualizaci\u00f3n fue en abril, despu\u00e9s de quince meses de congelamiento, desde julio de 2019. Para el envase de 10 kilos, el m\u00e1s utilizado, se determin\u00f3 un sendero de precios que lleg\u00f3 este mes a 435 pesos, sin contar IVA, Ingresos Brutos ni el costo por entrega a domicilio.<\/p>\n<p>\u201cLos precios al p\u00fablico son muy distintos en cada ciudad. La garrafa de 10 kilos se est\u00e1 pagando a 600, 800 y hasta 1200 pesos en diferentes puntos del pa\u00eds. El \u00fanico lugar donde se consigue al precio oficial es en los dep\u00f3sitos de fraccionadoras y distribuidoras. Pero son pocos en relaci\u00f3n a las necesidades de la demanda. En un radar de tres o cuatro municipios por ah\u00ed hay un solo lugar. Entonces la gente termina comprando en el comercio del barrio o a los garraferos que hacen la distribuci\u00f3n, y los valores son cualquier cosa\u201d, describe Silvia Jensen, integrante de la Red Nacional de Multisectoriales, que viene batallando hace a\u00f1os por profundizar la regulaci\u00f3n del sector.<\/p>\n<p>\u201cEn l\u00edneas generales, las personas que no poseen gas de red son las de menor poder adquisitivo. En muchos casos se debe a que en las viviendas precarias no es posible la instalaci\u00f3n por cuestiones de seguridad o porque no tienen poder adquisitivo suficiente para pagarla con las condiciones de seguridad adecuadas\u201d, describi\u00f3 a su vez Ra\u00fal Bertero, presidente del Centro de Estudios de la Actividad Regulatoria Energ\u00e9tica (Ceare), en declaraciones al portal Chequeado.<\/p>\n<p>En marzo de 2005, el gobierno de N\u00e9stor Kirchner produjo un primer movimiento para intentar amparar al 40 por ciento de los ciudadanos argentinos que no tienen gas por redes. Impuls\u00f3 y logr\u00f3 la aprobaci\u00f3n de la ley 26.020 que establece un r\u00e9gimen regulatorio de la industria y comercializaci\u00f3n del GLP. All\u00ed se cre\u00f3 un fondo fiduciario para atender las necesidades de sectores de bajos recursos y expandir la red de gas natural.<\/p>\n<p>A pesar de los avances, todav\u00eda hay cuatro provincias donde el servicio de gas por redes es muy limitado: Chaco, Corrientes, Formosa y Misiones. Sobre una poblaci\u00f3n de 5,3 millones de personas, la distribuidora regional, GasNea, cuenta apenas con 110 mil usuarios entre residenciales, comercios e industrias.<\/p>\n<p>En 2015 el gobierno de Cristina Fern\u00e1ndez de Kirchner puso en marcha el programa Hogares con Garrafa, que consiste en un subsidio directo para sectores sociales vulnerables y entidades de bien p\u00fablico como comedores, clubes de barrio y centros comunitarios.\u00a0En la actualidad hay 2,4 millones de hogares asistidos. Desde este mes el subsidio es de 338 pesos por garrafa de 10 kilos, con lo cual la diferencia a cubrir por los usuarios es de 143 pesos. Sin embargo, como se indic\u00f3, el problema es la dificultad para conseguir el abastecimiento al precio oficial.<\/p>\n<p>La necesidad de declarar a las garrafas como servicio p\u00fablico es justamente esa: fortalecer las regulaciones y controles del Estado a fin de garantizar la provisi\u00f3n en forma efectiva a precios razonables y uniformes.<\/p>\n<p>Durante el gobierno de Cambiemos, las gestiones de Juan Jos\u00e9 Aranguren, Javier Iguacel y Gustavo Lopetegui en el \u00e1rea de energ\u00eda fueron estrictas en verificar que los inscriptos en el programa Hogar cumplieran con los requisitos exigidos, aunque miraron para otro lado en relaci\u00f3n a los abusos de fraccionadoras y distribuidoras. El resultado fue que dieron de baja a 400 mil usuarios del plan y los precios de las garrafas se movieron a su antojo.<\/p>\n<p>La administraci\u00f3n de Alberto Fern\u00e1ndez fue recuperando inscriptos y en la actualidad son 2,4 millones. En los \u00faltimos dos meses se sumaron 56 mil hogares.<\/p>\n<p>La problem\u00e1tica de los usuarios de garrafas se hizo presente en el debate de la ley de zona fr\u00eda, para ampliar el alcance de una tarifa reducida en 30 o 50 por ciento a ciudadanos de distintas provincias del pa\u00eds donde imperan bajas temperaturas. La iniciativa ya tuvo media sanci\u00f3n de Diputados y ahora pas\u00f3 al Senado.<\/p>\n<p>\u201cEl gas licuado de petr\u00f3leo no es servicio p\u00fablico, mientras que el gas por redes s\u00ed, por lo que tiene una fuerte regulaci\u00f3n, una serie de derechos especiales para sus consumidores y se puede poner un tope al precio. Las garrafas, en cambio, suben sus precios sin control real alguno. Queremos que se vendan a precio regulado y uniforme en todo el pa\u00eds y para eso necesitamos que avance el proyecto para declararlas servicio p\u00fablico. Si antes lo consideraba necesario, en el contexto de pandemia creo que es imprescindible\u201d, remarc\u00f3 el senador Julio Cobos, en tono de reclamo al Frente de Todos, que es la fuerza pol\u00edtica que avanz\u00f3 con las regulaciones y ahora prepara una ley para las garrafas, mientras que Cambiemos cuando estuvo en el poder promovi\u00f3 la desregulaci\u00f3n y el achicamiento de los planes de asistencia.<\/p>\n<p>La demanda de la oposici\u00f3n tambi\u00e9n qued\u00f3 expresada por el senador radical por Chaco V\u00edctor Zimmermann, quien plante\u00f3 la problem\u00e1tica de su provincia en relaci\u00f3n a las garrafas. \u201cTengo un proyecto presentado para declarar al gas en garrafa como un servicio p\u00fablico, porque creemos que es la forma de garantizar el suministro a un precio acorde al poder adquisitivo de nuestra gente, porque los \u00edndices de pobreza m\u00e1s altos del pa\u00eds est\u00e1n en el norte y en particular en mi provincia\u201d, se\u00f1al\u00f3.<\/p>\n<p>Desde el socialismo, el diputado Enrique Est\u00e9vez tambi\u00e9n present\u00f3 en la semana un proyecto de ley para declarar a las garrafas como servicio p\u00fablico. \u201cHoy en la Argentina uno de cada tres hogares no tiene acceso al gas de red y la familia debe utilizar la garrafa para cocinar y calefaccionarse. Por eso resulta urgente que el Estado sea el regulador de las tarifas y que los sectores vulnerados no est\u00e9n a merced de los precios del mercado\u201d, indic\u00f3.<\/p>\n<p>El repentino inter\u00e9s de un sector de la oposici\u00f3n en l\u00ednea con una demanda reiterada de las asociaciones de usuarios le facilita el camino al Gobierno para avanzar con cambios indispensables en el acceso a la energ\u00eda. El Poder Ejecutivo ya dio muestras de su vocaci\u00f3n regulatoria en otro servicio clave, el de las telecomunicaciones, y ahora lleg\u00f3 el turno de la garrafa.<\/p>\n<p>&nbsp;<\/p>\n<figure><img decoding=\"async\" class=\" lazyloaded\" src=\"https:\/\/images.pagina12.com.ar\/styles\/thumbnail\/public\/2016-10\/David-Cufr%C3%A9.png?itok=BPMCPcBv\" alt=\"David Cufr\u00e9\" data-src=\"https:\/\/images.pagina12.com.ar\/styles\/thumbnail\/public\/2016-10\/David-Cufr%C3%A9.png?itok=BPMCPcBv\" \/><\/figure>\n<div class=\"author-name\"><span style=\"color: #0000ff;\"><strong>Por David Cufr\u00e9 para P\u00e1gina 12<\/strong><\/span><\/div>\n","protected":false},"excerpt":{"rendered":"<p>Por David Cufr\u00e9<\/p>\n","protected":false},"author":3,"featured_media":0,"comment_status":"closed","ping_status":"closed","sticky":false,"template":"","format":"standard","meta":{"footnotes":""},"categories":[36,24],"tags":[48],"class_list":["post-59465","post","type-post","status-publish","format-standard","hentry","category-economia","category-politica","tag-destacada"],"yoast_head":"<!-- This site is optimized with the Yoast SEO plugin v25.9 - https:\/\/yoast.com\/wordpress\/plugins\/seo\/ -->\n<title>Gas en garrafa: el Gobierno prepara una ley para declararla servicio p\u00fablico - Noticias Radio Reflejos<\/title>\n<meta name=\"robots\" content=\"index, follow, max-snippet:-1, max-image-preview:large, max-video-preview:-1\" \/>\n<link rel=\"canonical\" href=\"https:\/\/www.noticiasradioreflejos.com.ar\/2021\/gas-en-garrafa-el-gobierno-prepara-una-ley-para-declararla-servicio-publico\/\" \/>\n<meta property=\"og:locale\" content=\"es_ES\" \/>\n<meta property=\"og:type\" content=\"article\" \/>\n<meta property=\"og:title\" content=\"Gas en garrafa: el Gobierno prepara una ley para declararla servicio p\u00fablico - Noticias Radio Reflejos\" \/>\n<meta property=\"og:description\" content=\"Por David Cufr\u00e9\" \/>\n<meta property=\"og:url\" content=\"https:\/\/www.noticiasradioreflejos.com.ar\/2021\/gas-en-garrafa-el-gobierno-prepara-una-ley-para-declararla-servicio-publico\/\" \/>\n<meta property=\"og:site_name\" content=\"Noticias Radio Reflejos\" \/>\n<meta property=\"article:published_time\" content=\"2021-06-29T11:50:22+00:00\" \/>\n<meta property=\"article:modified_time\" content=\"2021-06-29T13:04:33+00:00\" \/>\n<meta property=\"og:image\" content=\"https:\/\/images.pagina12.com.ar\/styles\/thumbnail\/public\/2016-10\/David-Cufr%C3%A9.png?itok=BPMCPcBv\" \/>\n<meta name=\"author\" content=\"Arnaldo Botto\" \/>\n<meta name=\"twitter:card\" content=\"summary_large_image\" \/>\n<script type=\"application\/ld+json\" class=\"yoast-schema-graph\">{\"@context\":\"https:\/\/schema.org\",\"@graph\":[{\"@type\":\"WebPage\",\"@id\":\"https:\/\/www.noticiasradioreflejos.com.ar\/2021\/gas-en-garrafa-el-gobierno-prepara-una-ley-para-declararla-servicio-publico\/\",\"url\":\"https:\/\/www.noticiasradioreflejos.com.ar\/2021\/gas-en-garrafa-el-gobierno-prepara-una-ley-para-declararla-servicio-publico\/\",\"name\":\"Gas en garrafa: el Gobierno prepara una ley para declararla servicio p\u00fablico - Noticias Radio Reflejos\",\"isPartOf\":{\"@id\":\"https:\/\/www.noticiasradioreflejos.com.ar\/2021\/#website\"},\"primaryImageOfPage\":{\"@id\":\"https:\/\/www.noticiasradioreflejos.com.ar\/2021\/gas-en-garrafa-el-gobierno-prepara-una-ley-para-declararla-servicio-publico\/#primaryimage\"},\"image\":{\"@id\":\"https:\/\/www.noticiasradioreflejos.com.ar\/2021\/gas-en-garrafa-el-gobierno-prepara-una-ley-para-declararla-servicio-publico\/#primaryimage\"},\"thumbnailUrl\":\"https:\/\/images.pagina12.com.ar\/styles\/thumbnail\/public\/2016-10\/David-Cufr%C3%A9.png?itok=BPMCPcBv\",\"datePublished\":\"2021-06-29T11:50:22+00:00\",\"dateModified\":\"2021-06-29T13:04:33+00:00\",\"author\":{\"@id\":\"https:\/\/www.noticiasradioreflejos.com.ar\/2021\/#\/schema\/person\/ad82545263dcc5ec0996818884fd5fb1\"},\"breadcrumb\":{\"@id\":\"https:\/\/www.noticiasradioreflejos.com.ar\/2021\/gas-en-garrafa-el-gobierno-prepara-una-ley-para-declararla-servicio-publico\/#breadcrumb\"},\"inLanguage\":\"es\",\"potentialAction\":[{\"@type\":\"ReadAction\",\"target\":[\"https:\/\/www.noticiasradioreflejos.com.ar\/2021\/gas-en-garrafa-el-gobierno-prepara-una-ley-para-declararla-servicio-publico\/\"]}]},{\"@type\":\"ImageObject\",\"inLanguage\":\"es\",\"@id\":\"https:\/\/www.noticiasradioreflejos.com.ar\/2021\/gas-en-garrafa-el-gobierno-prepara-una-ley-para-declararla-servicio-publico\/#primaryimage\",\"url\":\"https:\/\/images.pagina12.com.ar\/styles\/thumbnail\/public\/2016-10\/David-Cufr%C3%A9.png?itok=BPMCPcBv\",\"contentUrl\":\"https:\/\/images.pagina12.com.ar\/styles\/thumbnail\/public\/2016-10\/David-Cufr%C3%A9.png?itok=BPMCPcBv\"},{\"@type\":\"BreadcrumbList\",\"@id\":\"https:\/\/www.noticiasradioreflejos.com.ar\/2021\/gas-en-garrafa-el-gobierno-prepara-una-ley-para-declararla-servicio-publico\/#breadcrumb\",\"itemListElement\":[{\"@type\":\"ListItem\",\"position\":1,\"name\":\"Portada\",\"item\":\"https:\/\/www.noticiasradioreflejos.com.ar\/2021\/\"},{\"@type\":\"ListItem\",\"position\":2,\"name\":\"Gas en garrafa: el Gobierno prepara una ley para declararla servicio p\u00fablico\"}]},{\"@type\":\"WebSite\",\"@id\":\"https:\/\/www.noticiasradioreflejos.com.ar\/2021\/#website\",\"url\":\"https:\/\/www.noticiasradioreflejos.com.ar\/2021\/\",\"name\":\"Noticias Radio Reflejos\",\"description\":\"Las noticias de mi comarca\",\"potentialAction\":[{\"@type\":\"SearchAction\",\"target\":{\"@type\":\"EntryPoint\",\"urlTemplate\":\"https:\/\/www.noticiasradioreflejos.com.ar\/2021\/?s={search_term_string}\"},\"query-input\":{\"@type\":\"PropertyValueSpecification\",\"valueRequired\":true,\"valueName\":\"search_term_string\"}}],\"inLanguage\":\"es\"},{\"@type\":\"Person\",\"@id\":\"https:\/\/www.noticiasradioreflejos.com.ar\/2021\/#\/schema\/person\/ad82545263dcc5ec0996818884fd5fb1\",\"name\":\"Arnaldo Botto\",\"image\":{\"@type\":\"ImageObject\",\"inLanguage\":\"es\",\"@id\":\"https:\/\/www.noticiasradioreflejos.com.ar\/2021\/#\/schema\/person\/image\/\",\"url\":\"https:\/\/secure.gravatar.com\/avatar\/55cb5e37c1efa326397366e6974cb338056df65cb50e7d64d1cf314e87504837?s=96&d=mm&r=g\",\"contentUrl\":\"https:\/\/secure.gravatar.com\/avatar\/55cb5e37c1efa326397366e6974cb338056df65cb50e7d64d1cf314e87504837?s=96&d=mm&r=g\",\"caption\":\"Arnaldo Botto\"},\"url\":\"https:\/\/www.noticiasradioreflejos.com.ar\/2021\/author\/arnaldo\/\"}]}<\/script>\n<!-- \/ Yoast SEO plugin. -->","yoast_head_json":{"title":"Gas en garrafa: el Gobierno prepara una ley para declararla servicio p\u00fablico - Noticias Radio Reflejos","robots":{"index":"index","follow":"follow","max-snippet":"max-snippet:-1","max-image-preview":"max-image-preview:large","max-video-preview":"max-video-preview:-1"},"canonical":"https:\/\/www.noticiasradioreflejos.com.ar\/2021\/gas-en-garrafa-el-gobierno-prepara-una-ley-para-declararla-servicio-publico\/","og_locale":"es_ES","og_type":"article","og_title":"Gas en garrafa: el Gobierno prepara una ley para declararla servicio p\u00fablico - Noticias Radio Reflejos","og_description":"Por David Cufr\u00e9","og_url":"https:\/\/www.noticiasradioreflejos.com.ar\/2021\/gas-en-garrafa-el-gobierno-prepara-una-ley-para-declararla-servicio-publico\/","og_site_name":"Noticias Radio Reflejos","article_published_time":"2021-06-29T11:50:22+00:00","article_modified_time":"2021-06-29T13:04:33+00:00","og_image":[{"url":"https:\/\/images.pagina12.com.ar\/styles\/thumbnail\/public\/2016-10\/David-Cufr%C3%A9.png?itok=BPMCPcBv","type":"","width":"","height":""}],"author":"Arnaldo Botto","twitter_card":"summary_large_image","schema":{"@context":"https:\/\/schema.org","@graph":[{"@type":"WebPage","@id":"https:\/\/www.noticiasradioreflejos.com.ar\/2021\/gas-en-garrafa-el-gobierno-prepara-una-ley-para-declararla-servicio-publico\/","url":"https:\/\/www.noticiasradioreflejos.com.ar\/2021\/gas-en-garrafa-el-gobierno-prepara-una-ley-para-declararla-servicio-publico\/","name":"Gas en garrafa: el Gobierno prepara una ley para declararla servicio p\u00fablico - Noticias Radio Reflejos","isPartOf":{"@id":"https:\/\/www.noticiasradioreflejos.com.ar\/2021\/#website"},"primaryImageOfPage":{"@id":"https:\/\/www.noticiasradioreflejos.com.ar\/2021\/gas-en-garrafa-el-gobierno-prepara-una-ley-para-declararla-servicio-publico\/#primaryimage"},"image":{"@id":"https:\/\/www.noticiasradioreflejos.com.ar\/2021\/gas-en-garrafa-el-gobierno-prepara-una-ley-para-declararla-servicio-publico\/#primaryimage"},"thumbnailUrl":"https:\/\/images.pagina12.com.ar\/styles\/thumbnail\/public\/2016-10\/David-Cufr%C3%A9.png?itok=BPMCPcBv","datePublished":"2021-06-29T11:50:22+00:00","dateModified":"2021-06-29T13:04:33+00:00","author":{"@id":"https:\/\/www.noticiasradioreflejos.com.ar\/2021\/#\/schema\/person\/ad82545263dcc5ec0996818884fd5fb1"},"breadcrumb":{"@id":"https:\/\/www.noticiasradioreflejos.com.ar\/2021\/gas-en-garrafa-el-gobierno-prepara-una-ley-para-declararla-servicio-publico\/#breadcrumb"},"inLanguage":"es","potentialAction":[{"@type":"ReadAction","target":["https:\/\/www.noticiasradioreflejos.com.ar\/2021\/gas-en-garrafa-el-gobierno-prepara-una-ley-para-declararla-servicio-publico\/"]}]},{"@type":"ImageObject","inLanguage":"es","@id":"https:\/\/www.noticiasradioreflejos.com.ar\/2021\/gas-en-garrafa-el-gobierno-prepara-una-ley-para-declararla-servicio-publico\/#primaryimage","url":"https:\/\/images.pagina12.com.ar\/styles\/thumbnail\/public\/2016-10\/David-Cufr%C3%A9.png?itok=BPMCPcBv","contentUrl":"https:\/\/images.pagina12.com.ar\/styles\/thumbnail\/public\/2016-10\/David-Cufr%C3%A9.png?itok=BPMCPcBv"},{"@type":"BreadcrumbList","@id":"https:\/\/www.noticiasradioreflejos.com.ar\/2021\/gas-en-garrafa-el-gobierno-prepara-una-ley-para-declararla-servicio-publico\/#breadcrumb","itemListElement":[{"@type":"ListItem","position":1,"name":"Portada","item":"https:\/\/www.noticiasradioreflejos.com.ar\/2021\/"},{"@type":"ListItem","position":2,"name":"Gas en garrafa: el Gobierno prepara una ley para declararla servicio p\u00fablico"}]},{"@type":"WebSite","@id":"https:\/\/www.noticiasradioreflejos.com.ar\/2021\/#website","url":"https:\/\/www.noticiasradioreflejos.com.ar\/2021\/","name":"Noticias Radio Reflejos","description":"Las noticias de mi comarca","potentialAction":[{"@type":"SearchAction","target":{"@type":"EntryPoint","urlTemplate":"https:\/\/www.noticiasradioreflejos.com.ar\/2021\/?s={search_term_string}"},"query-input":{"@type":"PropertyValueSpecification","valueRequired":true,"valueName":"search_term_string"}}],"inLanguage":"es"},{"@type":"Person","@id":"https:\/\/www.noticiasradioreflejos.com.ar\/2021\/#\/schema\/person\/ad82545263dcc5ec0996818884fd5fb1","name":"Arnaldo Botto","image":{"@type":"ImageObject","inLanguage":"es","@id":"https:\/\/www.noticiasradioreflejos.com.ar\/2021\/#\/schema\/person\/image\/","url":"https:\/\/secure.gravatar.com\/avatar\/55cb5e37c1efa326397366e6974cb338056df65cb50e7d64d1cf314e87504837?s=96&d=mm&r=g","contentUrl":"https:\/\/secure.gravatar.com\/avatar\/55cb5e37c1efa326397366e6974cb338056df65cb50e7d64d1cf314e87504837?s=96&d=mm&r=g","caption":"Arnaldo Botto"},"url":"https:\/\/www.noticiasradioreflejos.com.ar\/2021\/author\/arnaldo\/"}]}},"_links":{"self":[{"href":"https:\/\/www.noticiasradioreflejos.com.ar\/2021\/wp-json\/wp\/v2\/posts\/59465","targetHints":{"allow":["GET"]}}],"collection":[{"href":"https:\/\/www.noticiasradioreflejos.com.ar\/2021\/wp-json\/wp\/v2\/posts"}],"about":[{"href":"https:\/\/www.noticiasradioreflejos.com.ar\/2021\/wp-json\/wp\/v2\/types\/post"}],"author":[{"embeddable":true,"href":"https:\/\/www.noticiasradioreflejos.com.ar\/2021\/wp-json\/wp\/v2\/users\/3"}],"replies":[{"embeddable":true,"href":"https:\/\/www.noticiasradioreflejos.com.ar\/2021\/wp-json\/wp\/v2\/comments?post=59465"}],"version-history":[{"count":2,"href":"https:\/\/www.noticiasradioreflejos.com.ar\/2021\/wp-json\/wp\/v2\/posts\/59465\/revisions"}],"predecessor-version":[{"id":59468,"href":"https:\/\/www.noticiasradioreflejos.com.ar\/2021\/wp-json\/wp\/v2\/posts\/59465\/revisions\/59468"}],"wp:attachment":[{"href":"https:\/\/www.noticiasradioreflejos.com.ar\/2021\/wp-json\/wp\/v2\/media?parent=59465"}],"wp:term":[{"taxonomy":"category","embeddable":true,"href":"https:\/\/www.noticiasradioreflejos.com.ar\/2021\/wp-json\/wp\/v2\/categories?post=59465"},{"taxonomy":"post_tag","embeddable":true,"href":"https:\/\/www.noticiasradioreflejos.com.ar\/2021\/wp-json\/wp\/v2\/tags?post=59465"}],"curies":[{"name":"wp","href":"https:\/\/api.w.org\/{rel}","templated":true}]}}