{"id":59461,"date":"2021-06-29T11:42:44","date_gmt":"2021-06-29T11:42:44","guid":{"rendered":"http:\/\/www.noticiasradioreflejos.com.ar\/2021\/?p=59461"},"modified":"2021-06-29T11:43:40","modified_gmt":"2021-06-29T11:43:40","slug":"los-turistas-son-bienvenidos-siempre-porque-son-los-que-hacen-que-la-comarca-se-posicione","status":"publish","type":"post","link":"https:\/\/www.noticiasradioreflejos.com.ar\/2021\/los-turistas-son-bienvenidos-siempre-porque-son-los-que-hacen-que-la-comarca-se-posicione\/","title":{"rendered":"\u201cLos turistas son bienvenidos siempre porque son los que hacen que la comarca se posicione\u201d"},"content":{"rendered":"<div class=\"hnoti\">La ola polar trajo una ola de visitantes de la regi\u00f3n que disfruto del particular contexto; \u201cvemos mucha gente visitando el distrito\u201d, expres\u00f3 el<strong> Secretario de Turismo. Gustavo Sandobal<\/strong>.<\/div>\n<p><!--more--><\/p>\n<div class=\"text\">\n<p><strong>Gustavo Sandobal<\/strong>, Secretario de Turismo municipal, dialog\u00f3 con este medio sobre la nevada en la jornada de este domingo, la cantidad de visitas en el marco de una ocasi\u00f3n especial y c\u00f3mo se prepara el distrito de cara a las vacaciones de invierno.<\/p>\n<p>En cuanto a la nevada, Sandobal remarc\u00f3 el \u201clindo atractivo\u201d de la comarca en una \u00e9poca que invita al disfrute.<\/p>\n<p>\u201cLos turistas son bienvenidos siempre porque son los que hacen que la comarca se posicione\u201d, sostiene, mientras que detalla la importancia de la app CuidAR: \u201cProvincia pide que los permisos a trav\u00e9s de la aplicaci\u00f3n sean obligatorios, por eso es que nosotros tambi\u00e9n lo solicitamos\u201d.<\/p>\n<p>La aplicaci\u00f3n brinda un an\u00e1lisis a provincia de los distritos m\u00e1s concurridos, siendo Tornquist el segundo destino m\u00e1s visitado, con un total de 90000 personas que tramitaron el permiso. Actualmente, el promedio es del 70% de permisos diarios.<\/p>\n<p>Con una ocupaci\u00f3n actual del 40% y un 50% en los fines de semana, la comarca se encuentra atravesando la hist\u00f3rica temporada baja de los meses de junio y julio, con la excepci\u00f3n de que actualmente es notorio que \u201clos turistas elijen su destino y vemos a mucha gente disfrutando distintos lugares y concurriendo\u201d, detalla.<\/p>\n<p>Actualmente en Fase 2, la actividad tur\u00edstica de la Comarca dista mucho de ser como la del a\u00f1o pasado: \u201cEste a\u00f1o podemos tener turismo aun estando en fase 2, s\u00f3lo solicitamos utilizar la app CuidAR porque es obligatorio. Adem\u00e1s, fuimos acomodando el lugar, poniendo carteles, informando diversos atractivos, inclusive en Saldungaray, anunciando las obras de Salamone y la Iglesia\u201d, concluy\u00f3.<\/p>\n<p><iframe loading=\"lazy\" src=\"https:\/\/w.soundcloud.com\/player\/?url=https%3A\/\/api.soundcloud.com\/tracks\/1078098004&amp;color=%23ff5500&amp;auto_play=false&amp;hide_related=false&amp;show_comments=true&amp;show_user=true&amp;show_reposts=false&amp;show_teaser=true\" width=\"100%\" height=\"166\" frameborder=\"no\" scrolling=\"no\"><\/iframe><\/p>\n<div style=\"font-size: 10px; color: #cccccc; line-break: anywhere; word-break: normal; overflow: hidden; white-space: nowrap; text-overflow: ellipsis; font-family: Interstate,Lucida Grande,Lucida Sans Unicode,Lucida Sans,Garuda,Verdana,Tahoma,sans-serif; font-weight: 100;\"><a style=\"color: #cccccc; text-decoration: none;\" title=\"fmreflejos 103.7\" href=\"https:\/\/soundcloud.com\/fmreflejos-103-7\" target=\"_blank\" rel=\"noopener\">fmreflejos 103.7<\/a> \u00b7 <a style=\"color: #cccccc; text-decoration: none;\" title=\"Nota - Gustavo - Sandobal-\" href=\"https:\/\/soundcloud.com\/fmreflejos-103-7\/nota-gustavo-sandobal-7\" target=\"_blank\" rel=\"noopener\">Nota &#8211; Gustavo &#8211; Sandobal-<\/a><\/div>\n<\/div>\n","protected":false},"excerpt":{"rendered":"<p>Gustavo Sandobal, Secretario de Turismo municipal, dialog\u00f3 con este medio sobre la nevada en la jornada de este domingo, la cantidad de visitas en el marco de una ocasi\u00f3n especial y c\u00f3mo se prepara el distrito de cara a las vacaciones de invierno.\u00a0<\/p>\n","protected":false},"author":3,"featured_media":0,"comment_status":"closed","ping_status":"closed","sticky":false,"template":"","format":"standard","meta":{"footnotes":""},"categories":[28,33],"tags":[48],"class_list":["post-59461","post","type-post","status-publish","format-standard","hentry","category-municipales","category-turismo","tag-destacada"],"yoast_head":"<!-- This site is optimized with the Yoast SEO plugin v25.9 - https:\/\/yoast.com\/wordpress\/plugins\/seo\/ -->\n<title>\u201cLos turistas son bienvenidos siempre porque son los que hacen que la comarca se posicione\u201d - Noticias Radio Reflejos<\/title>\n<meta name=\"robots\" content=\"index, follow, max-snippet:-1, max-image-preview:large, max-video-preview:-1\" \/>\n<link rel=\"canonical\" href=\"https:\/\/www.noticiasradioreflejos.com.ar\/2021\/los-turistas-son-bienvenidos-siempre-porque-son-los-que-hacen-que-la-comarca-se-posicione\/\" \/>\n<meta property=\"og:locale\" content=\"es_ES\" \/>\n<meta property=\"og:type\" content=\"article\" \/>\n<meta property=\"og:title\" content=\"\u201cLos turistas son bienvenidos siempre porque son los que hacen que la comarca se posicione\u201d - Noticias Radio Reflejos\" \/>\n<meta property=\"og:description\" content=\"Gustavo Sandobal, Secretario de Turismo municipal, dialog\u00f3 con este medio sobre la nevada en la jornada de este domingo, la cantidad de visitas en el marco de una ocasi\u00f3n especial y c\u00f3mo se prepara el distrito de cara a las vacaciones de invierno.\u00a0\" \/>\n<meta property=\"og:url\" content=\"https:\/\/www.noticiasradioreflejos.com.ar\/2021\/los-turistas-son-bienvenidos-siempre-porque-son-los-que-hacen-que-la-comarca-se-posicione\/\" \/>\n<meta property=\"og:site_name\" content=\"Noticias Radio Reflejos\" \/>\n<meta property=\"article:published_time\" content=\"2021-06-29T11:42:44+00:00\" \/>\n<meta property=\"article:modified_time\" content=\"2021-06-29T11:43:40+00:00\" \/>\n<meta property=\"og:image\" content=\"https:\/\/www.noticiasradioreflejos.com.ar\/2021\/wp-content\/uploads\/2021\/07\/logosol300x200.png\" \/>\n\t<meta property=\"og:image:width\" content=\"300\" \/>\n\t<meta property=\"og:image:height\" content=\"200\" \/>\n\t<meta property=\"og:image:type\" content=\"image\/png\" \/>\n<meta name=\"author\" content=\"Arnaldo Botto\" \/>\n<meta name=\"twitter:card\" content=\"summary_large_image\" \/>\n<script type=\"application\/ld+json\" class=\"yoast-schema-graph\">{\"@context\":\"https:\/\/schema.org\",\"@graph\":[{\"@type\":\"WebPage\",\"@id\":\"https:\/\/www.noticiasradioreflejos.com.ar\/2021\/los-turistas-son-bienvenidos-siempre-porque-son-los-que-hacen-que-la-comarca-se-posicione\/\",\"url\":\"https:\/\/www.noticiasradioreflejos.com.ar\/2021\/los-turistas-son-bienvenidos-siempre-porque-son-los-que-hacen-que-la-comarca-se-posicione\/\",\"name\":\"\u201cLos turistas son bienvenidos siempre porque son los que hacen que la comarca se posicione\u201d - Noticias Radio Reflejos\",\"isPartOf\":{\"@id\":\"https:\/\/www.noticiasradioreflejos.com.ar\/2021\/#website\"},\"datePublished\":\"2021-06-29T11:42:44+00:00\",\"dateModified\":\"2021-06-29T11:43:40+00:00\",\"author\":{\"@id\":\"https:\/\/www.noticiasradioreflejos.com.ar\/2021\/#\/schema\/person\/ad82545263dcc5ec0996818884fd5fb1\"},\"breadcrumb\":{\"@id\":\"https:\/\/www.noticiasradioreflejos.com.ar\/2021\/los-turistas-son-bienvenidos-siempre-porque-son-los-que-hacen-que-la-comarca-se-posicione\/#breadcrumb\"},\"inLanguage\":\"es\",\"potentialAction\":[{\"@type\":\"ReadAction\",\"target\":[\"https:\/\/www.noticiasradioreflejos.com.ar\/2021\/los-turistas-son-bienvenidos-siempre-porque-son-los-que-hacen-que-la-comarca-se-posicione\/\"]}]},{\"@type\":\"BreadcrumbList\",\"@id\":\"https:\/\/www.noticiasradioreflejos.com.ar\/2021\/los-turistas-son-bienvenidos-siempre-porque-son-los-que-hacen-que-la-comarca-se-posicione\/#breadcrumb\",\"itemListElement\":[{\"@type\":\"ListItem\",\"position\":1,\"name\":\"Portada\",\"item\":\"https:\/\/www.noticiasradioreflejos.com.ar\/2021\/\"},{\"@type\":\"ListItem\",\"position\":2,\"name\":\"\u201cLos turistas son bienvenidos siempre porque son los que hacen que la comarca se posicione\u201d\"}]},{\"@type\":\"WebSite\",\"@id\":\"https:\/\/www.noticiasradioreflejos.com.ar\/2021\/#website\",\"url\":\"https:\/\/www.noticiasradioreflejos.com.ar\/2021\/\",\"name\":\"Noticias Radio Reflejos\",\"description\":\"Las noticias de mi comarca\",\"potentialAction\":[{\"@type\":\"SearchAction\",\"target\":{\"@type\":\"EntryPoint\",\"urlTemplate\":\"https:\/\/www.noticiasradioreflejos.com.ar\/2021\/?s={search_term_string}\"},\"query-input\":{\"@type\":\"PropertyValueSpecification\",\"valueRequired\":true,\"valueName\":\"search_term_string\"}}],\"inLanguage\":\"es\"},{\"@type\":\"Person\",\"@id\":\"https:\/\/www.noticiasradioreflejos.com.ar\/2021\/#\/schema\/person\/ad82545263dcc5ec0996818884fd5fb1\",\"name\":\"Arnaldo Botto\",\"image\":{\"@type\":\"ImageObject\",\"inLanguage\":\"es\",\"@id\":\"https:\/\/www.noticiasradioreflejos.com.ar\/2021\/#\/schema\/person\/image\/\",\"url\":\"https:\/\/secure.gravatar.com\/avatar\/55cb5e37c1efa326397366e6974cb338056df65cb50e7d64d1cf314e87504837?s=96&d=mm&r=g\",\"contentUrl\":\"https:\/\/secure.gravatar.com\/avatar\/55cb5e37c1efa326397366e6974cb338056df65cb50e7d64d1cf314e87504837?s=96&d=mm&r=g\",\"caption\":\"Arnaldo Botto\"},\"url\":\"https:\/\/www.noticiasradioreflejos.com.ar\/2021\/author\/arnaldo\/\"}]}<\/script>\n<!-- \/ Yoast SEO plugin. -->","yoast_head_json":{"title":"\u201cLos turistas son bienvenidos siempre porque son los que hacen que la comarca se posicione\u201d - Noticias Radio Reflejos","robots":{"index":"index","follow":"follow","max-snippet":"max-snippet:-1","max-image-preview":"max-image-preview:large","max-video-preview":"max-video-preview:-1"},"canonical":"https:\/\/www.noticiasradioreflejos.com.ar\/2021\/los-turistas-son-bienvenidos-siempre-porque-son-los-que-hacen-que-la-comarca-se-posicione\/","og_locale":"es_ES","og_type":"article","og_title":"\u201cLos turistas son bienvenidos siempre porque son los que hacen que la comarca se posicione\u201d - Noticias Radio Reflejos","og_description":"Gustavo Sandobal, Secretario de Turismo municipal, dialog\u00f3 con este medio sobre la nevada en la jornada de este domingo, la cantidad de visitas en el marco de una ocasi\u00f3n especial y c\u00f3mo se prepara el distrito de cara a las vacaciones de invierno.\u00a0","og_url":"https:\/\/www.noticiasradioreflejos.com.ar\/2021\/los-turistas-son-bienvenidos-siempre-porque-son-los-que-hacen-que-la-comarca-se-posicione\/","og_site_name":"Noticias Radio Reflejos","article_published_time":"2021-06-29T11:42:44+00:00","article_modified_time":"2021-06-29T11:43:40+00:00","og_image":[{"width":300,"height":200,"url":"https:\/\/www.noticiasradioreflejos.com.ar\/2021\/wp-content\/uploads\/2021\/07\/logosol300x200.png","type":"image\/png"}],"author":"Arnaldo Botto","twitter_card":"summary_large_image","schema":{"@context":"https:\/\/schema.org","@graph":[{"@type":"WebPage","@id":"https:\/\/www.noticiasradioreflejos.com.ar\/2021\/los-turistas-son-bienvenidos-siempre-porque-son-los-que-hacen-que-la-comarca-se-posicione\/","url":"https:\/\/www.noticiasradioreflejos.com.ar\/2021\/los-turistas-son-bienvenidos-siempre-porque-son-los-que-hacen-que-la-comarca-se-posicione\/","name":"\u201cLos turistas son bienvenidos siempre porque son los que hacen que la comarca se posicione\u201d - Noticias Radio Reflejos","isPartOf":{"@id":"https:\/\/www.noticiasradioreflejos.com.ar\/2021\/#website"},"datePublished":"2021-06-29T11:42:44+00:00","dateModified":"2021-06-29T11:43:40+00:00","author":{"@id":"https:\/\/www.noticiasradioreflejos.com.ar\/2021\/#\/schema\/person\/ad82545263dcc5ec0996818884fd5fb1"},"breadcrumb":{"@id":"https:\/\/www.noticiasradioreflejos.com.ar\/2021\/los-turistas-son-bienvenidos-siempre-porque-son-los-que-hacen-que-la-comarca-se-posicione\/#breadcrumb"},"inLanguage":"es","potentialAction":[{"@type":"ReadAction","target":["https:\/\/www.noticiasradioreflejos.com.ar\/2021\/los-turistas-son-bienvenidos-siempre-porque-son-los-que-hacen-que-la-comarca-se-posicione\/"]}]},{"@type":"BreadcrumbList","@id":"https:\/\/www.noticiasradioreflejos.com.ar\/2021\/los-turistas-son-bienvenidos-siempre-porque-son-los-que-hacen-que-la-comarca-se-posicione\/#breadcrumb","itemListElement":[{"@type":"ListItem","position":1,"name":"Portada","item":"https:\/\/www.noticiasradioreflejos.com.ar\/2021\/"},{"@type":"ListItem","position":2,"name":"\u201cLos turistas son bienvenidos siempre porque son los que hacen que la comarca se posicione\u201d"}]},{"@type":"WebSite","@id":"https:\/\/www.noticiasradioreflejos.com.ar\/2021\/#website","url":"https:\/\/www.noticiasradioreflejos.com.ar\/2021\/","name":"Noticias Radio Reflejos","description":"Las noticias de mi comarca","potentialAction":[{"@type":"SearchAction","target":{"@type":"EntryPoint","urlTemplate":"https:\/\/www.noticiasradioreflejos.com.ar\/2021\/?s={search_term_string}"},"query-input":{"@type":"PropertyValueSpecification","valueRequired":true,"valueName":"search_term_string"}}],"inLanguage":"es"},{"@type":"Person","@id":"https:\/\/www.noticiasradioreflejos.com.ar\/2021\/#\/schema\/person\/ad82545263dcc5ec0996818884fd5fb1","name":"Arnaldo Botto","image":{"@type":"ImageObject","inLanguage":"es","@id":"https:\/\/www.noticiasradioreflejos.com.ar\/2021\/#\/schema\/person\/image\/","url":"https:\/\/secure.gravatar.com\/avatar\/55cb5e37c1efa326397366e6974cb338056df65cb50e7d64d1cf314e87504837?s=96&d=mm&r=g","contentUrl":"https:\/\/secure.gravatar.com\/avatar\/55cb5e37c1efa326397366e6974cb338056df65cb50e7d64d1cf314e87504837?s=96&d=mm&r=g","caption":"Arnaldo Botto"},"url":"https:\/\/www.noticiasradioreflejos.com.ar\/2021\/author\/arnaldo\/"}]}},"_links":{"self":[{"href":"https:\/\/www.noticiasradioreflejos.com.ar\/2021\/wp-json\/wp\/v2\/posts\/59461","targetHints":{"allow":["GET"]}}],"collection":[{"href":"https:\/\/www.noticiasradioreflejos.com.ar\/2021\/wp-json\/wp\/v2\/posts"}],"about":[{"href":"https:\/\/www.noticiasradioreflejos.com.ar\/2021\/wp-json\/wp\/v2\/types\/post"}],"author":[{"embeddable":true,"href":"https:\/\/www.noticiasradioreflejos.com.ar\/2021\/wp-json\/wp\/v2\/users\/3"}],"replies":[{"embeddable":true,"href":"https:\/\/www.noticiasradioreflejos.com.ar\/2021\/wp-json\/wp\/v2\/comments?post=59461"}],"version-history":[{"count":2,"href":"https:\/\/www.noticiasradioreflejos.com.ar\/2021\/wp-json\/wp\/v2\/posts\/59461\/revisions"}],"predecessor-version":[{"id":59464,"href":"https:\/\/www.noticiasradioreflejos.com.ar\/2021\/wp-json\/wp\/v2\/posts\/59461\/revisions\/59464"}],"wp:attachment":[{"href":"https:\/\/www.noticiasradioreflejos.com.ar\/2021\/wp-json\/wp\/v2\/media?parent=59461"}],"wp:term":[{"taxonomy":"category","embeddable":true,"href":"https:\/\/www.noticiasradioreflejos.com.ar\/2021\/wp-json\/wp\/v2\/categories?post=59461"},{"taxonomy":"post_tag","embeddable":true,"href":"https:\/\/www.noticiasradioreflejos.com.ar\/2021\/wp-json\/wp\/v2\/tags?post=59461"}],"curies":[{"name":"wp","href":"https:\/\/api.w.org\/{rel}","templated":true}]}}