{"id":59457,"date":"2021-06-29T11:29:27","date_gmt":"2021-06-29T11:29:27","guid":{"rendered":"http:\/\/www.noticiasradioreflejos.com.ar\/2021\/?p=59457"},"modified":"2021-06-29T11:32:52","modified_gmt":"2021-06-29T11:32:52","slug":"el-intendente-estuvo-de-acuerdo-en-todo-momento-con-la-presencialidad-pero-la-decision-final-la-tiene-provincia","status":"publish","type":"post","link":"https:\/\/www.noticiasradioreflejos.com.ar\/2021\/el-intendente-estuvo-de-acuerdo-en-todo-momento-con-la-presencialidad-pero-la-decision-final-la-tiene-provincia\/","title":{"rendered":"\u00abEl intendente estuvo de acuerdo en todo momento con la presencialidad\u201d, pero \u201cla decisi\u00f3n final la tiene provincia\u201d"},"content":{"rendered":"<div class=\"hnoti\">El Secretario de Gobierno y Seguridad de Tornquist Municipio dialog\u00f3 con este medio sobre las condiciones actuales de la Ruta N\u00b0 76 luego de la nevada en la jornada de ayer, la vuelta a la presencialidad y el sistema de fases y las condiciones sanitarias dentro de la UTI.<\/div>\n<p><!--more--><\/p>\n<div class=\"text\">\n<p>En medio de la ola polar que atraviesa la provincia reci\u00e9n comenzado el invierno, la Comarca Serrana amaneci\u00f3 este domingo con una pintoresca imagen de sus cerros nevados.<\/p>\n<p>Debido a ello, ante la concurrencia de personas de la regi\u00f3n: \u201cFue un marco hermoso, hubo que gestionar los lugares m\u00e1s concurridos\u201d, remarca, se\u00f1alando que al momento no hay ning\u00fan inconveniente en la circulaci\u00f3n de la misma, ya que no presenta riesgo de congelamiento.<\/p>\n<p>\u201cPara que se entienda, fue tanta la cantidad de nieve que se pudo armar un mu\u00f1equito. Fue mucha nieve, continu\u00f3 nevando en los picos y contentos porque estamos pr\u00f3ximos a las vacaciones de invierno\u201d, expres\u00f3.<\/p>\n<p>En cuanto al reclamo por la vuelta a la presencialidad escolar organizada por Vecinos Autoconvocados Tornquist en el marco del sistema de fase actual (Tornquist dentro de fase 2), Gabella expres\u00f3 que el Intendente Sergio Bordoni \u201cestuvo de acuerdo en todo momento y de inmediato realiz\u00f3 el reclamo a las autoridades reclamando la presencialidad\u201d, pero que \u201cla decisi\u00f3n final la tiene provincia\u201d.<\/p>\n<p>\u201cAl momento se est\u00e1 evaluando que algunas localidades puedan volver, algunas zonas rurales, de la cual se encontrar\u00eda habilitada la escuela de Villa Ventana que tiene algunos casos, pero nada imposible de controlar. Eso es lo que tenemos hasta ahora\u201d, detall\u00f3.<\/p>\n<p>Y continu\u00f3: \u201cCreo que se utiliza el reclamo s\u00faper valido de que los chicos vuelvan al colegio, porque es un derecho, pero algunos lo usan con fines ideol\u00f3gicos de cara a las elecciones y no me parece\u201d.<\/p>\n<p>Lo cierto es que, de habilitar la presencialidad, provincia eval\u00faa la posibilidad ante un criterio epidemiol\u00f3gico que determina que, dentro de un lapso de 14 d\u00edas, los n\u00fameros de casos activos tienen que rondar entre los 6 o 7 por d\u00eda. De ser as\u00ed, \u201cser\u00eda la manera de pasar de fase\u201d, sostuvo.<\/p>\n<p>En lo que a salud respecta, es notorio que \u201cla gravedad de los pacientes no ha aumentado y que la terapia est\u00e1 respondiendo bien\u201d, por lo que se encuentra en bajo riesgo de colapso sanitario.<\/p>\n<p>\u201cSe nota la baja edad de los pacientes que cursan la infecci\u00f3n, al encontrarse vacunada la poblaci\u00f3n m\u00e1s grande, se evidencia\u201d, concluy\u00f3.<\/p>\n<p><iframe loading=\"lazy\" src=\"https:\/\/w.soundcloud.com\/player\/?url=https%3A\/\/api.soundcloud.com\/tracks\/1078076761&amp;color=%23ff5500&amp;auto_play=false&amp;hide_related=false&amp;show_comments=true&amp;show_user=true&amp;show_reposts=false&amp;show_teaser=true\" width=\"100%\" height=\"166\" frameborder=\"no\" scrolling=\"no\"><\/iframe><\/p>\n<div style=\"font-size: 10px; color: #cccccc; line-break: anywhere; word-break: normal; overflow: hidden; white-space: nowrap; text-overflow: ellipsis; font-family: Interstate,Lucida Grande,Lucida Sans Unicode,Lucida Sans,Garuda,Verdana,Tahoma,sans-serif; font-weight: 100;\"><a style=\"color: #cccccc; text-decoration: none;\" title=\"fmreflejos 103.7\" href=\"https:\/\/soundcloud.com\/fmreflejos-103-7\" target=\"_blank\" rel=\"noopener\">fmreflejos 103.7<\/a> \u00b7 <a style=\"color: #cccccc; text-decoration: none;\" title=\"Nota - Ezequiel - Gabella -\" href=\"https:\/\/soundcloud.com\/fmreflejos-103-7\/nota-ezequiel-gabella-7\" target=\"_blank\" rel=\"noopener\">Nota &#8211; Ezequiel &#8211; Gabella &#8211;<\/a><\/div>\n<\/div>\n","protected":false},"excerpt":{"rendered":"<p>El Secretario de Gobierno y Seguridad de Tornquist Municipio dialog\u00f3 con este medio sobre las condiciones actuales de la Ruta N\u00b0 76 luego de la nevada en la jornada de ayer, la vuelta a la presencialidad y el sistema de fases y las condiciones sanitarias dentro de la UTI.<\/p>\n","protected":false},"author":3,"featured_media":0,"comment_status":"closed","ping_status":"closed","sticky":false,"template":"","format":"standard","meta":{"footnotes":""},"categories":[34,28],"tags":[48],"class_list":["post-59457","post","type-post","status-publish","format-standard","hentry","category-educacion","category-municipales","tag-destacada"],"yoast_head":"<!-- This site is optimized with the Yoast SEO plugin v25.9 - https:\/\/yoast.com\/wordpress\/plugins\/seo\/ -->\n<title>&quot;El intendente estuvo de acuerdo en todo momento con la presencialidad\u201d, pero \u201cla decisi\u00f3n final la tiene provincia\u201d - Noticias Radio Reflejos<\/title>\n<meta name=\"robots\" content=\"index, follow, max-snippet:-1, max-image-preview:large, max-video-preview:-1\" \/>\n<link rel=\"canonical\" href=\"https:\/\/www.noticiasradioreflejos.com.ar\/2021\/el-intendente-estuvo-de-acuerdo-en-todo-momento-con-la-presencialidad-pero-la-decision-final-la-tiene-provincia\/\" \/>\n<meta property=\"og:locale\" content=\"es_ES\" \/>\n<meta property=\"og:type\" content=\"article\" \/>\n<meta property=\"og:title\" content=\"&quot;El intendente estuvo de acuerdo en todo momento con la presencialidad\u201d, pero \u201cla decisi\u00f3n final la tiene provincia\u201d - Noticias Radio Reflejos\" \/>\n<meta property=\"og:description\" content=\"El Secretario de Gobierno y Seguridad de Tornquist Municipio dialog\u00f3 con este medio sobre las condiciones actuales de la Ruta N\u00b0 76 luego de la nevada en la jornada de ayer, la vuelta a la presencialidad y el sistema de fases y las condiciones sanitarias dentro de la UTI.\" \/>\n<meta property=\"og:url\" content=\"https:\/\/www.noticiasradioreflejos.com.ar\/2021\/el-intendente-estuvo-de-acuerdo-en-todo-momento-con-la-presencialidad-pero-la-decision-final-la-tiene-provincia\/\" \/>\n<meta property=\"og:site_name\" content=\"Noticias Radio Reflejos\" \/>\n<meta property=\"article:published_time\" content=\"2021-06-29T11:29:27+00:00\" \/>\n<meta property=\"article:modified_time\" content=\"2021-06-29T11:32:52+00:00\" \/>\n<meta property=\"og:image\" content=\"https:\/\/www.noticiasradioreflejos.com.ar\/2021\/wp-content\/uploads\/2021\/07\/logosol300x200.png\" \/>\n\t<meta property=\"og:image:width\" content=\"300\" \/>\n\t<meta property=\"og:image:height\" content=\"200\" \/>\n\t<meta property=\"og:image:type\" content=\"image\/png\" \/>\n<meta name=\"author\" content=\"Arnaldo Botto\" \/>\n<meta name=\"twitter:card\" content=\"summary_large_image\" \/>\n<script type=\"application\/ld+json\" class=\"yoast-schema-graph\">{\"@context\":\"https:\/\/schema.org\",\"@graph\":[{\"@type\":\"WebPage\",\"@id\":\"https:\/\/www.noticiasradioreflejos.com.ar\/2021\/el-intendente-estuvo-de-acuerdo-en-todo-momento-con-la-presencialidad-pero-la-decision-final-la-tiene-provincia\/\",\"url\":\"https:\/\/www.noticiasradioreflejos.com.ar\/2021\/el-intendente-estuvo-de-acuerdo-en-todo-momento-con-la-presencialidad-pero-la-decision-final-la-tiene-provincia\/\",\"name\":\"\\\"El intendente estuvo de acuerdo en todo momento con la presencialidad\u201d, pero \u201cla decisi\u00f3n final la tiene provincia\u201d - Noticias Radio Reflejos\",\"isPartOf\":{\"@id\":\"https:\/\/www.noticiasradioreflejos.com.ar\/2021\/#website\"},\"datePublished\":\"2021-06-29T11:29:27+00:00\",\"dateModified\":\"2021-06-29T11:32:52+00:00\",\"author\":{\"@id\":\"https:\/\/www.noticiasradioreflejos.com.ar\/2021\/#\/schema\/person\/ad82545263dcc5ec0996818884fd5fb1\"},\"breadcrumb\":{\"@id\":\"https:\/\/www.noticiasradioreflejos.com.ar\/2021\/el-intendente-estuvo-de-acuerdo-en-todo-momento-con-la-presencialidad-pero-la-decision-final-la-tiene-provincia\/#breadcrumb\"},\"inLanguage\":\"es\",\"potentialAction\":[{\"@type\":\"ReadAction\",\"target\":[\"https:\/\/www.noticiasradioreflejos.com.ar\/2021\/el-intendente-estuvo-de-acuerdo-en-todo-momento-con-la-presencialidad-pero-la-decision-final-la-tiene-provincia\/\"]}]},{\"@type\":\"BreadcrumbList\",\"@id\":\"https:\/\/www.noticiasradioreflejos.com.ar\/2021\/el-intendente-estuvo-de-acuerdo-en-todo-momento-con-la-presencialidad-pero-la-decision-final-la-tiene-provincia\/#breadcrumb\",\"itemListElement\":[{\"@type\":\"ListItem\",\"position\":1,\"name\":\"Portada\",\"item\":\"https:\/\/www.noticiasradioreflejos.com.ar\/2021\/\"},{\"@type\":\"ListItem\",\"position\":2,\"name\":\"\u00abEl intendente estuvo de acuerdo en todo momento con la presencialidad\u201d, pero \u201cla decisi\u00f3n final la tiene provincia\u201d\"}]},{\"@type\":\"WebSite\",\"@id\":\"https:\/\/www.noticiasradioreflejos.com.ar\/2021\/#website\",\"url\":\"https:\/\/www.noticiasradioreflejos.com.ar\/2021\/\",\"name\":\"Noticias Radio Reflejos\",\"description\":\"Las noticias de mi comarca\",\"potentialAction\":[{\"@type\":\"SearchAction\",\"target\":{\"@type\":\"EntryPoint\",\"urlTemplate\":\"https:\/\/www.noticiasradioreflejos.com.ar\/2021\/?s={search_term_string}\"},\"query-input\":{\"@type\":\"PropertyValueSpecification\",\"valueRequired\":true,\"valueName\":\"search_term_string\"}}],\"inLanguage\":\"es\"},{\"@type\":\"Person\",\"@id\":\"https:\/\/www.noticiasradioreflejos.com.ar\/2021\/#\/schema\/person\/ad82545263dcc5ec0996818884fd5fb1\",\"name\":\"Arnaldo Botto\",\"image\":{\"@type\":\"ImageObject\",\"inLanguage\":\"es\",\"@id\":\"https:\/\/www.noticiasradioreflejos.com.ar\/2021\/#\/schema\/person\/image\/\",\"url\":\"https:\/\/secure.gravatar.com\/avatar\/55cb5e37c1efa326397366e6974cb338056df65cb50e7d64d1cf314e87504837?s=96&d=mm&r=g\",\"contentUrl\":\"https:\/\/secure.gravatar.com\/avatar\/55cb5e37c1efa326397366e6974cb338056df65cb50e7d64d1cf314e87504837?s=96&d=mm&r=g\",\"caption\":\"Arnaldo Botto\"},\"url\":\"https:\/\/www.noticiasradioreflejos.com.ar\/2021\/author\/arnaldo\/\"}]}<\/script>\n<!-- \/ Yoast SEO plugin. -->","yoast_head_json":{"title":"\"El intendente estuvo de acuerdo en todo momento con la presencialidad\u201d, pero \u201cla decisi\u00f3n final la tiene provincia\u201d - Noticias Radio Reflejos","robots":{"index":"index","follow":"follow","max-snippet":"max-snippet:-1","max-image-preview":"max-image-preview:large","max-video-preview":"max-video-preview:-1"},"canonical":"https:\/\/www.noticiasradioreflejos.com.ar\/2021\/el-intendente-estuvo-de-acuerdo-en-todo-momento-con-la-presencialidad-pero-la-decision-final-la-tiene-provincia\/","og_locale":"es_ES","og_type":"article","og_title":"\"El intendente estuvo de acuerdo en todo momento con la presencialidad\u201d, pero \u201cla decisi\u00f3n final la tiene provincia\u201d - Noticias Radio Reflejos","og_description":"El Secretario de Gobierno y Seguridad de Tornquist Municipio dialog\u00f3 con este medio sobre las condiciones actuales de la Ruta N\u00b0 76 luego de la nevada en la jornada de ayer, la vuelta a la presencialidad y el sistema de fases y las condiciones sanitarias dentro de la UTI.","og_url":"https:\/\/www.noticiasradioreflejos.com.ar\/2021\/el-intendente-estuvo-de-acuerdo-en-todo-momento-con-la-presencialidad-pero-la-decision-final-la-tiene-provincia\/","og_site_name":"Noticias Radio Reflejos","article_published_time":"2021-06-29T11:29:27+00:00","article_modified_time":"2021-06-29T11:32:52+00:00","og_image":[{"width":300,"height":200,"url":"https:\/\/www.noticiasradioreflejos.com.ar\/2021\/wp-content\/uploads\/2021\/07\/logosol300x200.png","type":"image\/png"}],"author":"Arnaldo Botto","twitter_card":"summary_large_image","schema":{"@context":"https:\/\/schema.org","@graph":[{"@type":"WebPage","@id":"https:\/\/www.noticiasradioreflejos.com.ar\/2021\/el-intendente-estuvo-de-acuerdo-en-todo-momento-con-la-presencialidad-pero-la-decision-final-la-tiene-provincia\/","url":"https:\/\/www.noticiasradioreflejos.com.ar\/2021\/el-intendente-estuvo-de-acuerdo-en-todo-momento-con-la-presencialidad-pero-la-decision-final-la-tiene-provincia\/","name":"\"El intendente estuvo de acuerdo en todo momento con la presencialidad\u201d, pero \u201cla decisi\u00f3n final la tiene provincia\u201d - Noticias Radio Reflejos","isPartOf":{"@id":"https:\/\/www.noticiasradioreflejos.com.ar\/2021\/#website"},"datePublished":"2021-06-29T11:29:27+00:00","dateModified":"2021-06-29T11:32:52+00:00","author":{"@id":"https:\/\/www.noticiasradioreflejos.com.ar\/2021\/#\/schema\/person\/ad82545263dcc5ec0996818884fd5fb1"},"breadcrumb":{"@id":"https:\/\/www.noticiasradioreflejos.com.ar\/2021\/el-intendente-estuvo-de-acuerdo-en-todo-momento-con-la-presencialidad-pero-la-decision-final-la-tiene-provincia\/#breadcrumb"},"inLanguage":"es","potentialAction":[{"@type":"ReadAction","target":["https:\/\/www.noticiasradioreflejos.com.ar\/2021\/el-intendente-estuvo-de-acuerdo-en-todo-momento-con-la-presencialidad-pero-la-decision-final-la-tiene-provincia\/"]}]},{"@type":"BreadcrumbList","@id":"https:\/\/www.noticiasradioreflejos.com.ar\/2021\/el-intendente-estuvo-de-acuerdo-en-todo-momento-con-la-presencialidad-pero-la-decision-final-la-tiene-provincia\/#breadcrumb","itemListElement":[{"@type":"ListItem","position":1,"name":"Portada","item":"https:\/\/www.noticiasradioreflejos.com.ar\/2021\/"},{"@type":"ListItem","position":2,"name":"\u00abEl intendente estuvo de acuerdo en todo momento con la presencialidad\u201d, pero \u201cla decisi\u00f3n final la tiene provincia\u201d"}]},{"@type":"WebSite","@id":"https:\/\/www.noticiasradioreflejos.com.ar\/2021\/#website","url":"https:\/\/www.noticiasradioreflejos.com.ar\/2021\/","name":"Noticias Radio Reflejos","description":"Las noticias de mi comarca","potentialAction":[{"@type":"SearchAction","target":{"@type":"EntryPoint","urlTemplate":"https:\/\/www.noticiasradioreflejos.com.ar\/2021\/?s={search_term_string}"},"query-input":{"@type":"PropertyValueSpecification","valueRequired":true,"valueName":"search_term_string"}}],"inLanguage":"es"},{"@type":"Person","@id":"https:\/\/www.noticiasradioreflejos.com.ar\/2021\/#\/schema\/person\/ad82545263dcc5ec0996818884fd5fb1","name":"Arnaldo Botto","image":{"@type":"ImageObject","inLanguage":"es","@id":"https:\/\/www.noticiasradioreflejos.com.ar\/2021\/#\/schema\/person\/image\/","url":"https:\/\/secure.gravatar.com\/avatar\/55cb5e37c1efa326397366e6974cb338056df65cb50e7d64d1cf314e87504837?s=96&d=mm&r=g","contentUrl":"https:\/\/secure.gravatar.com\/avatar\/55cb5e37c1efa326397366e6974cb338056df65cb50e7d64d1cf314e87504837?s=96&d=mm&r=g","caption":"Arnaldo Botto"},"url":"https:\/\/www.noticiasradioreflejos.com.ar\/2021\/author\/arnaldo\/"}]}},"_links":{"self":[{"href":"https:\/\/www.noticiasradioreflejos.com.ar\/2021\/wp-json\/wp\/v2\/posts\/59457","targetHints":{"allow":["GET"]}}],"collection":[{"href":"https:\/\/www.noticiasradioreflejos.com.ar\/2021\/wp-json\/wp\/v2\/posts"}],"about":[{"href":"https:\/\/www.noticiasradioreflejos.com.ar\/2021\/wp-json\/wp\/v2\/types\/post"}],"author":[{"embeddable":true,"href":"https:\/\/www.noticiasradioreflejos.com.ar\/2021\/wp-json\/wp\/v2\/users\/3"}],"replies":[{"embeddable":true,"href":"https:\/\/www.noticiasradioreflejos.com.ar\/2021\/wp-json\/wp\/v2\/comments?post=59457"}],"version-history":[{"count":1,"href":"https:\/\/www.noticiasradioreflejos.com.ar\/2021\/wp-json\/wp\/v2\/posts\/59457\/revisions"}],"predecessor-version":[{"id":59458,"href":"https:\/\/www.noticiasradioreflejos.com.ar\/2021\/wp-json\/wp\/v2\/posts\/59457\/revisions\/59458"}],"wp:attachment":[{"href":"https:\/\/www.noticiasradioreflejos.com.ar\/2021\/wp-json\/wp\/v2\/media?parent=59457"}],"wp:term":[{"taxonomy":"category","embeddable":true,"href":"https:\/\/www.noticiasradioreflejos.com.ar\/2021\/wp-json\/wp\/v2\/categories?post=59457"},{"taxonomy":"post_tag","embeddable":true,"href":"https:\/\/www.noticiasradioreflejos.com.ar\/2021\/wp-json\/wp\/v2\/tags?post=59457"}],"curies":[{"name":"wp","href":"https:\/\/api.w.org\/{rel}","templated":true}]}}