{"id":5945,"date":"2017-01-16T09:44:29","date_gmt":"2017-01-16T12:44:29","guid":{"rendered":"http:\/\/noticiasradioreflejos.com.ar\/noticias\/?p=5945"},"modified":"2017-01-16T09:44:29","modified_gmt":"2017-01-16T12:44:29","slug":"miranda-previo-al-show-en-sierra-de-la-ventana","status":"publish","type":"post","link":"https:\/\/www.noticiasradioreflejos.com.ar\/2021\/miranda-previo-al-show-en-sierra-de-la-ventana\/","title":{"rendered":"Miranda previo al Show en Sierra de la Ventana"},"content":{"rendered":"<p><a title=\"aniv. Sierra 109 (78)\" href=\"http:\/\/farm1.staticflickr.com\/341\/31949185620_e56834ed50.jpg\" rel=\"\"><img loading=\"lazy\" decoding=\"async\" class=\"alignleft\" style=\"float: left;\" title=\"aniv. Sierra 109 (78)\" src=\"http:\/\/farm1.staticflickr.com\/341\/31949185620_e56834ed50.jpg\" alt=\"aniv. Sierra 109 (78)\" width=\"500\" height=\"281\" \/><\/a>En su primer show del a\u00f1o, el d\u00fao Miranda brind\u00f3 una peque\u00f1a conferencia previo a salir al escenario del Centro Cultural de Sierra de la Ventana, donde m\u00e1s de 20 mil espectadores disfrutaron de su presentaci\u00f3n.<br \/>\nDurante 75 minutos, el p\u00fablico vibr\u00f3 al ritmo de todos los \u00e9xitos desde su formaci\u00f3n en el a\u00f1o 2001 y de temas que son parte de su nuevo disco.<br \/>\nJuli y Ale se entregaron con fuerza, ritmo y colorido en un escenario que acompa\u00f1\u00f3 de la mejor manera este aniversario 109 de Sierra de la Ventana.<br \/>\nAlejandro Sergi y Juliana Gattas junto a su grupo, est\u00e1n considerados por todos los medios period\u00edsticos como la banda argentina de pop rock y electropop melodram\u00e1tico m\u00e1s exitosa de la Argentina.<br \/>\nEl nombre Miranda! es un homenaje al actor argentino Osvaldo Miranda.<br \/>\n&nbsp;<br \/>\n<a title=\"aniv. Sierra 109 (84)\" href=\"http:\/\/farm1.staticflickr.com\/713\/32206411171_19a0962c41_z.jpg\" rel=\"\"><img loading=\"lazy\" decoding=\"async\" class=\"aligncenter\" title=\"aniv. Sierra 109 (84)\" src=\"http:\/\/farm1.staticflickr.com\/713\/32206411171_19a0962c41_z.jpg\" alt=\"aniv. Sierra 109 (84)\" width=\"640\" height=\"360\" \/><\/a><br \/>\n<iframe loading=\"lazy\" src=\"https:\/\/w.soundcloud.com\/player\/?url=https%3A\/\/api.soundcloud.com\/tracks\/302959004&amp;color=ff5500&amp;auto_play=false&amp;hide_related=false&amp;show_comments=true&amp;show_user=true&amp;show_reposts=false\" width=\"100%\" height=\"166\" frameborder=\"no\" scrolling=\"no\"><\/iframe><\/p>\n","protected":false},"excerpt":{"rendered":"<p>En su primer show del a\u00f1o, el d\u00fao Miranda brind\u00f3 una peque\u00f1a conferencia previo a salir al escenario del Centro Cultural de Sierra de la Ventana, donde m\u00e1s de 20 mil espectadores disfrutaron de su presentaci\u00f3n. Durante 75 minutos, el p\u00fablico vibr\u00f3 al ritmo de todos los \u00e9xitos desde su formaci\u00f3n en el a\u00f1o 2001 [&hellip;]<\/p>\n","protected":false},"author":3,"featured_media":0,"comment_status":"closed","ping_status":"open","sticky":false,"template":"","format":"standard","meta":{"footnotes":""},"categories":[26],"tags":[],"class_list":["post-5945","post","type-post","status-publish","format-standard","hentry","category-sociedad"],"yoast_head":"<!-- This site is optimized with the Yoast SEO plugin v25.9 - https:\/\/yoast.com\/wordpress\/plugins\/seo\/ -->\n<title>Miranda previo al Show en Sierra de la Ventana - Noticias Radio Reflejos<\/title>\n<meta name=\"robots\" content=\"index, follow, max-snippet:-1, max-image-preview:large, max-video-preview:-1\" \/>\n<link rel=\"canonical\" href=\"https:\/\/www.noticiasradioreflejos.com.ar\/2021\/miranda-previo-al-show-en-sierra-de-la-ventana\/\" \/>\n<meta property=\"og:locale\" content=\"es_ES\" \/>\n<meta property=\"og:type\" content=\"article\" \/>\n<meta property=\"og:title\" content=\"Miranda previo al Show en Sierra de la Ventana - Noticias Radio Reflejos\" \/>\n<meta property=\"og:description\" content=\"En su primer show del a\u00f1o, el d\u00fao Miranda brind\u00f3 una peque\u00f1a conferencia previo a salir al escenario del Centro Cultural de Sierra de la Ventana, donde m\u00e1s de 20 mil espectadores disfrutaron de su presentaci\u00f3n. Durante 75 minutos, el p\u00fablico vibr\u00f3 al ritmo de todos los \u00e9xitos desde su formaci\u00f3n en el a\u00f1o 2001 [&hellip;]\" \/>\n<meta property=\"og:url\" content=\"https:\/\/www.noticiasradioreflejos.com.ar\/2021\/miranda-previo-al-show-en-sierra-de-la-ventana\/\" \/>\n<meta property=\"og:site_name\" content=\"Noticias Radio Reflejos\" \/>\n<meta property=\"article:published_time\" content=\"2017-01-16T12:44:29+00:00\" \/>\n<meta property=\"og:image\" content=\"http:\/\/farm1.staticflickr.com\/341\/31949185620_e56834ed50.jpg\" \/>\n<meta name=\"author\" content=\"Arnaldo Botto\" \/>\n<meta name=\"twitter:card\" content=\"summary_large_image\" \/>\n<script type=\"application\/ld+json\" class=\"yoast-schema-graph\">{\"@context\":\"https:\/\/schema.org\",\"@graph\":[{\"@type\":\"WebPage\",\"@id\":\"https:\/\/www.noticiasradioreflejos.com.ar\/2021\/miranda-previo-al-show-en-sierra-de-la-ventana\/\",\"url\":\"https:\/\/www.noticiasradioreflejos.com.ar\/2021\/miranda-previo-al-show-en-sierra-de-la-ventana\/\",\"name\":\"Miranda previo al Show en Sierra de la Ventana - Noticias Radio Reflejos\",\"isPartOf\":{\"@id\":\"https:\/\/www.noticiasradioreflejos.com.ar\/2021\/#website\"},\"primaryImageOfPage\":{\"@id\":\"https:\/\/www.noticiasradioreflejos.com.ar\/2021\/miranda-previo-al-show-en-sierra-de-la-ventana\/#primaryimage\"},\"image\":{\"@id\":\"https:\/\/www.noticiasradioreflejos.com.ar\/2021\/miranda-previo-al-show-en-sierra-de-la-ventana\/#primaryimage\"},\"thumbnailUrl\":\"http:\/\/farm1.staticflickr.com\/341\/31949185620_e56834ed50.jpg\",\"datePublished\":\"2017-01-16T12:44:29+00:00\",\"author\":{\"@id\":\"https:\/\/www.noticiasradioreflejos.com.ar\/2021\/#\/schema\/person\/ad82545263dcc5ec0996818884fd5fb1\"},\"breadcrumb\":{\"@id\":\"https:\/\/www.noticiasradioreflejos.com.ar\/2021\/miranda-previo-al-show-en-sierra-de-la-ventana\/#breadcrumb\"},\"inLanguage\":\"es\",\"potentialAction\":[{\"@type\":\"ReadAction\",\"target\":[\"https:\/\/www.noticiasradioreflejos.com.ar\/2021\/miranda-previo-al-show-en-sierra-de-la-ventana\/\"]}]},{\"@type\":\"ImageObject\",\"inLanguage\":\"es\",\"@id\":\"https:\/\/www.noticiasradioreflejos.com.ar\/2021\/miranda-previo-al-show-en-sierra-de-la-ventana\/#primaryimage\",\"url\":\"http:\/\/farm1.staticflickr.com\/341\/31949185620_e56834ed50.jpg\",\"contentUrl\":\"http:\/\/farm1.staticflickr.com\/341\/31949185620_e56834ed50.jpg\"},{\"@type\":\"BreadcrumbList\",\"@id\":\"https:\/\/www.noticiasradioreflejos.com.ar\/2021\/miranda-previo-al-show-en-sierra-de-la-ventana\/#breadcrumb\",\"itemListElement\":[{\"@type\":\"ListItem\",\"position\":1,\"name\":\"Portada\",\"item\":\"https:\/\/www.noticiasradioreflejos.com.ar\/2021\/\"},{\"@type\":\"ListItem\",\"position\":2,\"name\":\"Miranda previo al Show en Sierra de la Ventana\"}]},{\"@type\":\"WebSite\",\"@id\":\"https:\/\/www.noticiasradioreflejos.com.ar\/2021\/#website\",\"url\":\"https:\/\/www.noticiasradioreflejos.com.ar\/2021\/\",\"name\":\"Noticias Radio Reflejos\",\"description\":\"Las noticias de mi comarca\",\"potentialAction\":[{\"@type\":\"SearchAction\",\"target\":{\"@type\":\"EntryPoint\",\"urlTemplate\":\"https:\/\/www.noticiasradioreflejos.com.ar\/2021\/?s={search_term_string}\"},\"query-input\":{\"@type\":\"PropertyValueSpecification\",\"valueRequired\":true,\"valueName\":\"search_term_string\"}}],\"inLanguage\":\"es\"},{\"@type\":\"Person\",\"@id\":\"https:\/\/www.noticiasradioreflejos.com.ar\/2021\/#\/schema\/person\/ad82545263dcc5ec0996818884fd5fb1\",\"name\":\"Arnaldo Botto\",\"image\":{\"@type\":\"ImageObject\",\"inLanguage\":\"es\",\"@id\":\"https:\/\/www.noticiasradioreflejos.com.ar\/2021\/#\/schema\/person\/image\/\",\"url\":\"https:\/\/secure.gravatar.com\/avatar\/55cb5e37c1efa326397366e6974cb338056df65cb50e7d64d1cf314e87504837?s=96&d=mm&r=g\",\"contentUrl\":\"https:\/\/secure.gravatar.com\/avatar\/55cb5e37c1efa326397366e6974cb338056df65cb50e7d64d1cf314e87504837?s=96&d=mm&r=g\",\"caption\":\"Arnaldo Botto\"},\"url\":\"https:\/\/www.noticiasradioreflejos.com.ar\/2021\/author\/arnaldo\/\"}]}<\/script>\n<!-- \/ Yoast SEO plugin. -->","yoast_head_json":{"title":"Miranda previo al Show en Sierra de la Ventana - Noticias Radio Reflejos","robots":{"index":"index","follow":"follow","max-snippet":"max-snippet:-1","max-image-preview":"max-image-preview:large","max-video-preview":"max-video-preview:-1"},"canonical":"https:\/\/www.noticiasradioreflejos.com.ar\/2021\/miranda-previo-al-show-en-sierra-de-la-ventana\/","og_locale":"es_ES","og_type":"article","og_title":"Miranda previo al Show en Sierra de la Ventana - Noticias Radio Reflejos","og_description":"En su primer show del a\u00f1o, el d\u00fao Miranda brind\u00f3 una peque\u00f1a conferencia previo a salir al escenario del Centro Cultural de Sierra de la Ventana, donde m\u00e1s de 20 mil espectadores disfrutaron de su presentaci\u00f3n. Durante 75 minutos, el p\u00fablico vibr\u00f3 al ritmo de todos los \u00e9xitos desde su formaci\u00f3n en el a\u00f1o 2001 [&hellip;]","og_url":"https:\/\/www.noticiasradioreflejos.com.ar\/2021\/miranda-previo-al-show-en-sierra-de-la-ventana\/","og_site_name":"Noticias Radio Reflejos","article_published_time":"2017-01-16T12:44:29+00:00","og_image":[{"url":"http:\/\/farm1.staticflickr.com\/341\/31949185620_e56834ed50.jpg","type":"","width":"","height":""}],"author":"Arnaldo Botto","twitter_card":"summary_large_image","schema":{"@context":"https:\/\/schema.org","@graph":[{"@type":"WebPage","@id":"https:\/\/www.noticiasradioreflejos.com.ar\/2021\/miranda-previo-al-show-en-sierra-de-la-ventana\/","url":"https:\/\/www.noticiasradioreflejos.com.ar\/2021\/miranda-previo-al-show-en-sierra-de-la-ventana\/","name":"Miranda previo al Show en Sierra de la Ventana - Noticias Radio Reflejos","isPartOf":{"@id":"https:\/\/www.noticiasradioreflejos.com.ar\/2021\/#website"},"primaryImageOfPage":{"@id":"https:\/\/www.noticiasradioreflejos.com.ar\/2021\/miranda-previo-al-show-en-sierra-de-la-ventana\/#primaryimage"},"image":{"@id":"https:\/\/www.noticiasradioreflejos.com.ar\/2021\/miranda-previo-al-show-en-sierra-de-la-ventana\/#primaryimage"},"thumbnailUrl":"http:\/\/farm1.staticflickr.com\/341\/31949185620_e56834ed50.jpg","datePublished":"2017-01-16T12:44:29+00:00","author":{"@id":"https:\/\/www.noticiasradioreflejos.com.ar\/2021\/#\/schema\/person\/ad82545263dcc5ec0996818884fd5fb1"},"breadcrumb":{"@id":"https:\/\/www.noticiasradioreflejos.com.ar\/2021\/miranda-previo-al-show-en-sierra-de-la-ventana\/#breadcrumb"},"inLanguage":"es","potentialAction":[{"@type":"ReadAction","target":["https:\/\/www.noticiasradioreflejos.com.ar\/2021\/miranda-previo-al-show-en-sierra-de-la-ventana\/"]}]},{"@type":"ImageObject","inLanguage":"es","@id":"https:\/\/www.noticiasradioreflejos.com.ar\/2021\/miranda-previo-al-show-en-sierra-de-la-ventana\/#primaryimage","url":"http:\/\/farm1.staticflickr.com\/341\/31949185620_e56834ed50.jpg","contentUrl":"http:\/\/farm1.staticflickr.com\/341\/31949185620_e56834ed50.jpg"},{"@type":"BreadcrumbList","@id":"https:\/\/www.noticiasradioreflejos.com.ar\/2021\/miranda-previo-al-show-en-sierra-de-la-ventana\/#breadcrumb","itemListElement":[{"@type":"ListItem","position":1,"name":"Portada","item":"https:\/\/www.noticiasradioreflejos.com.ar\/2021\/"},{"@type":"ListItem","position":2,"name":"Miranda previo al Show en Sierra de la Ventana"}]},{"@type":"WebSite","@id":"https:\/\/www.noticiasradioreflejos.com.ar\/2021\/#website","url":"https:\/\/www.noticiasradioreflejos.com.ar\/2021\/","name":"Noticias Radio Reflejos","description":"Las noticias de mi comarca","potentialAction":[{"@type":"SearchAction","target":{"@type":"EntryPoint","urlTemplate":"https:\/\/www.noticiasradioreflejos.com.ar\/2021\/?s={search_term_string}"},"query-input":{"@type":"PropertyValueSpecification","valueRequired":true,"valueName":"search_term_string"}}],"inLanguage":"es"},{"@type":"Person","@id":"https:\/\/www.noticiasradioreflejos.com.ar\/2021\/#\/schema\/person\/ad82545263dcc5ec0996818884fd5fb1","name":"Arnaldo Botto","image":{"@type":"ImageObject","inLanguage":"es","@id":"https:\/\/www.noticiasradioreflejos.com.ar\/2021\/#\/schema\/person\/image\/","url":"https:\/\/secure.gravatar.com\/avatar\/55cb5e37c1efa326397366e6974cb338056df65cb50e7d64d1cf314e87504837?s=96&d=mm&r=g","contentUrl":"https:\/\/secure.gravatar.com\/avatar\/55cb5e37c1efa326397366e6974cb338056df65cb50e7d64d1cf314e87504837?s=96&d=mm&r=g","caption":"Arnaldo Botto"},"url":"https:\/\/www.noticiasradioreflejos.com.ar\/2021\/author\/arnaldo\/"}]}},"_links":{"self":[{"href":"https:\/\/www.noticiasradioreflejos.com.ar\/2021\/wp-json\/wp\/v2\/posts\/5945","targetHints":{"allow":["GET"]}}],"collection":[{"href":"https:\/\/www.noticiasradioreflejos.com.ar\/2021\/wp-json\/wp\/v2\/posts"}],"about":[{"href":"https:\/\/www.noticiasradioreflejos.com.ar\/2021\/wp-json\/wp\/v2\/types\/post"}],"author":[{"embeddable":true,"href":"https:\/\/www.noticiasradioreflejos.com.ar\/2021\/wp-json\/wp\/v2\/users\/3"}],"replies":[{"embeddable":true,"href":"https:\/\/www.noticiasradioreflejos.com.ar\/2021\/wp-json\/wp\/v2\/comments?post=5945"}],"version-history":[{"count":0,"href":"https:\/\/www.noticiasradioreflejos.com.ar\/2021\/wp-json\/wp\/v2\/posts\/5945\/revisions"}],"wp:attachment":[{"href":"https:\/\/www.noticiasradioreflejos.com.ar\/2021\/wp-json\/wp\/v2\/media?parent=5945"}],"wp:term":[{"taxonomy":"category","embeddable":true,"href":"https:\/\/www.noticiasradioreflejos.com.ar\/2021\/wp-json\/wp\/v2\/categories?post=5945"},{"taxonomy":"post_tag","embeddable":true,"href":"https:\/\/www.noticiasradioreflejos.com.ar\/2021\/wp-json\/wp\/v2\/tags?post=5945"}],"curies":[{"name":"wp","href":"https:\/\/api.w.org\/{rel}","templated":true}]}}