{"id":59438,"date":"2021-06-28T22:46:28","date_gmt":"2021-06-28T22:46:28","guid":{"rendered":"http:\/\/www.noticiasradioreflejos.com.ar\/2021\/?p=59438"},"modified":"2021-06-28T22:47:22","modified_gmt":"2021-06-28T22:47:22","slug":"saldungaray-aprehendieron-a-un-hombre-con-pedido-de-captura-desde-el-2008","status":"publish","type":"post","link":"https:\/\/www.noticiasradioreflejos.com.ar\/2021\/saldungaray-aprehendieron-a-un-hombre-con-pedido-de-captura-desde-el-2008\/","title":{"rendered":"Saldungaray: Aprehendieron a un hombre con pedido de captura desde el 2008."},"content":{"rendered":"<p>Este mediod\u00eda, en un operativo de interceptaci\u00f3n vehicular en el ingreso a la localidad, Personal Policial de la Sub Estaci\u00f3n de Policial de Saldungaray, aprehendi\u00f3 a un pr\u00f3fugo de la justicia con pedido de captura de un juzgado de la ciudad de Buenos Aires. El hombre de 28 a\u00f1os era buscado desde al a\u00f1o 2008. <!--more--><\/p>\n<p>El operativo tuvo lugar frente al portal del Cementerio local en el acceso a Saldungaray por la ruta 72.<\/p>\n<p>Seg\u00fan fuentes cercanas a nuestro medio, el individuo llegaba con un grupo de personas en una camioneta, para trabajar en la comarca. Los antecedentes del detenido eran por Infracci\u00f3n a la ley 23.737 de tenencia de estupefacientes. Entre sus pertenencias\u00a0 encontraron cogollos de marihuana y papel para armar cigarros.<\/p>\n<p>Se le inici\u00f3 otra causa por tenencia de estupefacientes a cargo de la UFIJ N\u00b0 19.<\/p>\n<p>&nbsp;<\/p>\n<p><a title=\"WhatsApp Image 2021-06-28 at 19.23.25\" href=\"https:\/\/www.flickr.com\/photos\/182279889@N02\/51277540738\/in\/dateposted-public\/\" data-flickr-embed=\"true\"><img loading=\"lazy\" decoding=\"async\" src=\"https:\/\/live.staticflickr.com\/65535\/51277540738_7aae1c727c_z.jpg\" alt=\"WhatsApp Image 2021-06-28 at 19.23.25\" width=\"640\" height=\"347\" \/><\/a><script async src=\"\/\/embedr.flickr.com\/assets\/client-code.js\" charset=\"utf-8\"><\/script><\/p>\n<p><strong>Parte policial:\u00a0<\/strong><\/p>\n<p>Personal Policial de la Sub Estaci\u00f3n de Polic\u00eda Seguridad Comunal Saldungaray, continuando diariamente con tareas tendientes a la prevenci\u00f3n de delitos en esta localidad, mediante diferentes modalidades, emanadas desde la superioridad policial, es que al realizar en el d\u00eda de la fecha operativos de interceptaci\u00f3n vehicular e identificaci\u00f3n de personas en los diferentes accesos de esta localidad, pese a las inclemencias clim\u00e1ticas reinantes, logr\u00f3 en el operativo dispuesto al ingreso a la localidad, en la intersecci\u00f3n de Avda. Corrales y calle Rinc\u00f3n, frente al cementerio municipal local, en horas del mediod\u00eda, la identificaci\u00f3n y posterior aprehensi\u00f3n de una persona de sexo masculino, mayor de edad, oriunda de la localidad de Coronel Dorrego, quien pose\u00eda pedido de captura desde el a\u00f1o 2008 por el Juzgado Federal Nro. 5 de la Ciudad Aut\u00f3noma de Buenos Aires, que adem\u00e1s al momento de la requisa entre sus pertenencias esta persona pose\u00eda un frasco de vidrio transparente conteniendo cogollos de marihuana, las cuales arrojaron un peso 3.9 gramos y cuatro papelillos, dicho ciudadano fue puesto a disposici\u00f3n de la justicia, la cual ordeno, actuaciones y no divulgar su identidad debido a que a ra\u00edz de este procedimiento se dan inicio a investigaciones pertinentes.-<\/p>\n<p><strong>Fdo. Ofl. Inspector Caballin Gustavo, <\/strong><\/p>\n<p><strong>Jefe de Sub Estaci\u00f3n de Polic\u00eda Seguridad Comunal Saldungaray<\/strong><\/p>\n<p><a title=\"WhatsApp Image 2021-06-28 at 19.23.25 (1)\" href=\"https:\/\/www.flickr.com\/photos\/182279889@N02\/51276623977\/in\/dateposted-public\/\" data-flickr-embed=\"true\"><img loading=\"lazy\" decoding=\"async\" src=\"https:\/\/live.staticflickr.com\/65535\/51276623977_866a4171f3_z.jpg\" alt=\"WhatsApp Image 2021-06-28 at 19.23.25 (1)\" width=\"640\" height=\"527\" \/><\/a><script async src=\"\/\/embedr.flickr.com\/assets\/client-code.js\" charset=\"utf-8\"><\/script><\/p>\n","protected":false},"excerpt":{"rendered":"<p>Este mediod\u00eda, en un operativo de interceptaci\u00f3n vehicular en el ingreso a la localidad, Personal Policial de la Sub Estaci\u00f3n de Policial de Saldungaray, aprehendi\u00f3 a un pr\u00f3fugo de la justicia con pedido de captura de un juzgado de la ciudad de Buenos Aires. El hombre de 28 a\u00f1os era buscado desde al a\u00f1o 2008.<\/p>\n","protected":false},"author":3,"featured_media":0,"comment_status":"closed","ping_status":"closed","sticky":false,"template":"","format":"standard","meta":{"footnotes":""},"categories":[29],"tags":[48],"class_list":["post-59438","post","type-post","status-publish","format-standard","hentry","category-policiales","tag-destacada"],"yoast_head":"<!-- This site is optimized with the Yoast SEO plugin v25.9 - https:\/\/yoast.com\/wordpress\/plugins\/seo\/ -->\n<title>Saldungaray: Aprehendieron a un hombre con pedido de captura desde el 2008. - Noticias Radio Reflejos<\/title>\n<meta name=\"robots\" content=\"index, follow, max-snippet:-1, max-image-preview:large, max-video-preview:-1\" \/>\n<link rel=\"canonical\" href=\"https:\/\/www.noticiasradioreflejos.com.ar\/2021\/saldungaray-aprehendieron-a-un-hombre-con-pedido-de-captura-desde-el-2008\/\" \/>\n<meta property=\"og:locale\" content=\"es_ES\" \/>\n<meta property=\"og:type\" content=\"article\" \/>\n<meta property=\"og:title\" content=\"Saldungaray: Aprehendieron a un hombre con pedido de captura desde el 2008. - Noticias Radio Reflejos\" \/>\n<meta property=\"og:description\" content=\"Este mediod\u00eda, en un operativo de interceptaci\u00f3n vehicular en el ingreso a la localidad, Personal Policial de la Sub Estaci\u00f3n de Policial de Saldungaray, aprehendi\u00f3 a un pr\u00f3fugo de la justicia con pedido de captura de un juzgado de la ciudad de Buenos Aires. El hombre de 28 a\u00f1os era buscado desde al a\u00f1o 2008.\" \/>\n<meta property=\"og:url\" content=\"https:\/\/www.noticiasradioreflejos.com.ar\/2021\/saldungaray-aprehendieron-a-un-hombre-con-pedido-de-captura-desde-el-2008\/\" \/>\n<meta property=\"og:site_name\" content=\"Noticias Radio Reflejos\" \/>\n<meta property=\"article:published_time\" content=\"2021-06-28T22:46:28+00:00\" \/>\n<meta property=\"article:modified_time\" content=\"2021-06-28T22:47:22+00:00\" \/>\n<meta property=\"og:image\" content=\"https:\/\/live.staticflickr.com\/65535\/51277540738_7aae1c727c_z.jpg\" \/>\n<meta name=\"author\" content=\"Arnaldo Botto\" \/>\n<meta name=\"twitter:card\" content=\"summary_large_image\" \/>\n<script type=\"application\/ld+json\" class=\"yoast-schema-graph\">{\"@context\":\"https:\/\/schema.org\",\"@graph\":[{\"@type\":\"WebPage\",\"@id\":\"https:\/\/www.noticiasradioreflejos.com.ar\/2021\/saldungaray-aprehendieron-a-un-hombre-con-pedido-de-captura-desde-el-2008\/\",\"url\":\"https:\/\/www.noticiasradioreflejos.com.ar\/2021\/saldungaray-aprehendieron-a-un-hombre-con-pedido-de-captura-desde-el-2008\/\",\"name\":\"Saldungaray: Aprehendieron a un hombre con pedido de captura desde el 2008. - Noticias Radio Reflejos\",\"isPartOf\":{\"@id\":\"https:\/\/www.noticiasradioreflejos.com.ar\/2021\/#website\"},\"primaryImageOfPage\":{\"@id\":\"https:\/\/www.noticiasradioreflejos.com.ar\/2021\/saldungaray-aprehendieron-a-un-hombre-con-pedido-de-captura-desde-el-2008\/#primaryimage\"},\"image\":{\"@id\":\"https:\/\/www.noticiasradioreflejos.com.ar\/2021\/saldungaray-aprehendieron-a-un-hombre-con-pedido-de-captura-desde-el-2008\/#primaryimage\"},\"thumbnailUrl\":\"https:\/\/live.staticflickr.com\/65535\/51277540738_7aae1c727c_z.jpg\",\"datePublished\":\"2021-06-28T22:46:28+00:00\",\"dateModified\":\"2021-06-28T22:47:22+00:00\",\"author\":{\"@id\":\"https:\/\/www.noticiasradioreflejos.com.ar\/2021\/#\/schema\/person\/ad82545263dcc5ec0996818884fd5fb1\"},\"breadcrumb\":{\"@id\":\"https:\/\/www.noticiasradioreflejos.com.ar\/2021\/saldungaray-aprehendieron-a-un-hombre-con-pedido-de-captura-desde-el-2008\/#breadcrumb\"},\"inLanguage\":\"es\",\"potentialAction\":[{\"@type\":\"ReadAction\",\"target\":[\"https:\/\/www.noticiasradioreflejos.com.ar\/2021\/saldungaray-aprehendieron-a-un-hombre-con-pedido-de-captura-desde-el-2008\/\"]}]},{\"@type\":\"ImageObject\",\"inLanguage\":\"es\",\"@id\":\"https:\/\/www.noticiasradioreflejos.com.ar\/2021\/saldungaray-aprehendieron-a-un-hombre-con-pedido-de-captura-desde-el-2008\/#primaryimage\",\"url\":\"https:\/\/live.staticflickr.com\/65535\/51277540738_7aae1c727c_z.jpg\",\"contentUrl\":\"https:\/\/live.staticflickr.com\/65535\/51277540738_7aae1c727c_z.jpg\"},{\"@type\":\"BreadcrumbList\",\"@id\":\"https:\/\/www.noticiasradioreflejos.com.ar\/2021\/saldungaray-aprehendieron-a-un-hombre-con-pedido-de-captura-desde-el-2008\/#breadcrumb\",\"itemListElement\":[{\"@type\":\"ListItem\",\"position\":1,\"name\":\"Portada\",\"item\":\"https:\/\/www.noticiasradioreflejos.com.ar\/2021\/\"},{\"@type\":\"ListItem\",\"position\":2,\"name\":\"Saldungaray: Aprehendieron a un hombre con pedido de captura desde el 2008.\"}]},{\"@type\":\"WebSite\",\"@id\":\"https:\/\/www.noticiasradioreflejos.com.ar\/2021\/#website\",\"url\":\"https:\/\/www.noticiasradioreflejos.com.ar\/2021\/\",\"name\":\"Noticias Radio Reflejos\",\"description\":\"Las noticias de mi comarca\",\"potentialAction\":[{\"@type\":\"SearchAction\",\"target\":{\"@type\":\"EntryPoint\",\"urlTemplate\":\"https:\/\/www.noticiasradioreflejos.com.ar\/2021\/?s={search_term_string}\"},\"query-input\":{\"@type\":\"PropertyValueSpecification\",\"valueRequired\":true,\"valueName\":\"search_term_string\"}}],\"inLanguage\":\"es\"},{\"@type\":\"Person\",\"@id\":\"https:\/\/www.noticiasradioreflejos.com.ar\/2021\/#\/schema\/person\/ad82545263dcc5ec0996818884fd5fb1\",\"name\":\"Arnaldo Botto\",\"image\":{\"@type\":\"ImageObject\",\"inLanguage\":\"es\",\"@id\":\"https:\/\/www.noticiasradioreflejos.com.ar\/2021\/#\/schema\/person\/image\/\",\"url\":\"https:\/\/secure.gravatar.com\/avatar\/55cb5e37c1efa326397366e6974cb338056df65cb50e7d64d1cf314e87504837?s=96&d=mm&r=g\",\"contentUrl\":\"https:\/\/secure.gravatar.com\/avatar\/55cb5e37c1efa326397366e6974cb338056df65cb50e7d64d1cf314e87504837?s=96&d=mm&r=g\",\"caption\":\"Arnaldo Botto\"},\"url\":\"https:\/\/www.noticiasradioreflejos.com.ar\/2021\/author\/arnaldo\/\"}]}<\/script>\n<!-- \/ Yoast SEO plugin. -->","yoast_head_json":{"title":"Saldungaray: Aprehendieron a un hombre con pedido de captura desde el 2008. - Noticias Radio Reflejos","robots":{"index":"index","follow":"follow","max-snippet":"max-snippet:-1","max-image-preview":"max-image-preview:large","max-video-preview":"max-video-preview:-1"},"canonical":"https:\/\/www.noticiasradioreflejos.com.ar\/2021\/saldungaray-aprehendieron-a-un-hombre-con-pedido-de-captura-desde-el-2008\/","og_locale":"es_ES","og_type":"article","og_title":"Saldungaray: Aprehendieron a un hombre con pedido de captura desde el 2008. - Noticias Radio Reflejos","og_description":"Este mediod\u00eda, en un operativo de interceptaci\u00f3n vehicular en el ingreso a la localidad, Personal Policial de la Sub Estaci\u00f3n de Policial de Saldungaray, aprehendi\u00f3 a un pr\u00f3fugo de la justicia con pedido de captura de un juzgado de la ciudad de Buenos Aires. El hombre de 28 a\u00f1os era buscado desde al a\u00f1o 2008.","og_url":"https:\/\/www.noticiasradioreflejos.com.ar\/2021\/saldungaray-aprehendieron-a-un-hombre-con-pedido-de-captura-desde-el-2008\/","og_site_name":"Noticias Radio Reflejos","article_published_time":"2021-06-28T22:46:28+00:00","article_modified_time":"2021-06-28T22:47:22+00:00","og_image":[{"url":"https:\/\/live.staticflickr.com\/65535\/51277540738_7aae1c727c_z.jpg","type":"","width":"","height":""}],"author":"Arnaldo Botto","twitter_card":"summary_large_image","schema":{"@context":"https:\/\/schema.org","@graph":[{"@type":"WebPage","@id":"https:\/\/www.noticiasradioreflejos.com.ar\/2021\/saldungaray-aprehendieron-a-un-hombre-con-pedido-de-captura-desde-el-2008\/","url":"https:\/\/www.noticiasradioreflejos.com.ar\/2021\/saldungaray-aprehendieron-a-un-hombre-con-pedido-de-captura-desde-el-2008\/","name":"Saldungaray: Aprehendieron a un hombre con pedido de captura desde el 2008. - Noticias Radio Reflejos","isPartOf":{"@id":"https:\/\/www.noticiasradioreflejos.com.ar\/2021\/#website"},"primaryImageOfPage":{"@id":"https:\/\/www.noticiasradioreflejos.com.ar\/2021\/saldungaray-aprehendieron-a-un-hombre-con-pedido-de-captura-desde-el-2008\/#primaryimage"},"image":{"@id":"https:\/\/www.noticiasradioreflejos.com.ar\/2021\/saldungaray-aprehendieron-a-un-hombre-con-pedido-de-captura-desde-el-2008\/#primaryimage"},"thumbnailUrl":"https:\/\/live.staticflickr.com\/65535\/51277540738_7aae1c727c_z.jpg","datePublished":"2021-06-28T22:46:28+00:00","dateModified":"2021-06-28T22:47:22+00:00","author":{"@id":"https:\/\/www.noticiasradioreflejos.com.ar\/2021\/#\/schema\/person\/ad82545263dcc5ec0996818884fd5fb1"},"breadcrumb":{"@id":"https:\/\/www.noticiasradioreflejos.com.ar\/2021\/saldungaray-aprehendieron-a-un-hombre-con-pedido-de-captura-desde-el-2008\/#breadcrumb"},"inLanguage":"es","potentialAction":[{"@type":"ReadAction","target":["https:\/\/www.noticiasradioreflejos.com.ar\/2021\/saldungaray-aprehendieron-a-un-hombre-con-pedido-de-captura-desde-el-2008\/"]}]},{"@type":"ImageObject","inLanguage":"es","@id":"https:\/\/www.noticiasradioreflejos.com.ar\/2021\/saldungaray-aprehendieron-a-un-hombre-con-pedido-de-captura-desde-el-2008\/#primaryimage","url":"https:\/\/live.staticflickr.com\/65535\/51277540738_7aae1c727c_z.jpg","contentUrl":"https:\/\/live.staticflickr.com\/65535\/51277540738_7aae1c727c_z.jpg"},{"@type":"BreadcrumbList","@id":"https:\/\/www.noticiasradioreflejos.com.ar\/2021\/saldungaray-aprehendieron-a-un-hombre-con-pedido-de-captura-desde-el-2008\/#breadcrumb","itemListElement":[{"@type":"ListItem","position":1,"name":"Portada","item":"https:\/\/www.noticiasradioreflejos.com.ar\/2021\/"},{"@type":"ListItem","position":2,"name":"Saldungaray: Aprehendieron a un hombre con pedido de captura desde el 2008."}]},{"@type":"WebSite","@id":"https:\/\/www.noticiasradioreflejos.com.ar\/2021\/#website","url":"https:\/\/www.noticiasradioreflejos.com.ar\/2021\/","name":"Noticias Radio Reflejos","description":"Las noticias de mi comarca","potentialAction":[{"@type":"SearchAction","target":{"@type":"EntryPoint","urlTemplate":"https:\/\/www.noticiasradioreflejos.com.ar\/2021\/?s={search_term_string}"},"query-input":{"@type":"PropertyValueSpecification","valueRequired":true,"valueName":"search_term_string"}}],"inLanguage":"es"},{"@type":"Person","@id":"https:\/\/www.noticiasradioreflejos.com.ar\/2021\/#\/schema\/person\/ad82545263dcc5ec0996818884fd5fb1","name":"Arnaldo Botto","image":{"@type":"ImageObject","inLanguage":"es","@id":"https:\/\/www.noticiasradioreflejos.com.ar\/2021\/#\/schema\/person\/image\/","url":"https:\/\/secure.gravatar.com\/avatar\/55cb5e37c1efa326397366e6974cb338056df65cb50e7d64d1cf314e87504837?s=96&d=mm&r=g","contentUrl":"https:\/\/secure.gravatar.com\/avatar\/55cb5e37c1efa326397366e6974cb338056df65cb50e7d64d1cf314e87504837?s=96&d=mm&r=g","caption":"Arnaldo Botto"},"url":"https:\/\/www.noticiasradioreflejos.com.ar\/2021\/author\/arnaldo\/"}]}},"_links":{"self":[{"href":"https:\/\/www.noticiasradioreflejos.com.ar\/2021\/wp-json\/wp\/v2\/posts\/59438","targetHints":{"allow":["GET"]}}],"collection":[{"href":"https:\/\/www.noticiasradioreflejos.com.ar\/2021\/wp-json\/wp\/v2\/posts"}],"about":[{"href":"https:\/\/www.noticiasradioreflejos.com.ar\/2021\/wp-json\/wp\/v2\/types\/post"}],"author":[{"embeddable":true,"href":"https:\/\/www.noticiasradioreflejos.com.ar\/2021\/wp-json\/wp\/v2\/users\/3"}],"replies":[{"embeddable":true,"href":"https:\/\/www.noticiasradioreflejos.com.ar\/2021\/wp-json\/wp\/v2\/comments?post=59438"}],"version-history":[{"count":2,"href":"https:\/\/www.noticiasradioreflejos.com.ar\/2021\/wp-json\/wp\/v2\/posts\/59438\/revisions"}],"predecessor-version":[{"id":59443,"href":"https:\/\/www.noticiasradioreflejos.com.ar\/2021\/wp-json\/wp\/v2\/posts\/59438\/revisions\/59443"}],"wp:attachment":[{"href":"https:\/\/www.noticiasradioreflejos.com.ar\/2021\/wp-json\/wp\/v2\/media?parent=59438"}],"wp:term":[{"taxonomy":"category","embeddable":true,"href":"https:\/\/www.noticiasradioreflejos.com.ar\/2021\/wp-json\/wp\/v2\/categories?post=59438"},{"taxonomy":"post_tag","embeddable":true,"href":"https:\/\/www.noticiasradioreflejos.com.ar\/2021\/wp-json\/wp\/v2\/tags?post=59438"}],"curies":[{"name":"wp","href":"https:\/\/api.w.org\/{rel}","templated":true}]}}