{"id":59435,"date":"2021-06-28T22:21:14","date_gmt":"2021-06-28T22:21:14","guid":{"rendered":"http:\/\/www.noticiasradioreflejos.com.ar\/2021\/?p=59435"},"modified":"2021-06-28T22:21:14","modified_gmt":"2021-06-28T22:21:14","slug":"descubren-un-pueblo-prehistorico-de-6500-anos-sepultado-en-el-mar","status":"publish","type":"post","link":"https:\/\/www.noticiasradioreflejos.com.ar\/2021\/descubren-un-pueblo-prehistorico-de-6500-anos-sepultado-en-el-mar\/","title":{"rendered":"Descubren un pueblo prehist\u00f3rico de 6500 a\u00f1os sepultado en el mar"},"content":{"rendered":"<p>Un equipo de investigadores hall\u00f3 los restos de un asentamiento de 6500 a\u00f1os de antig\u00fcedad frente a la costa de Croacia<!--more--><\/p>\n<p>Un equipo de investigadores hall\u00f3 los restos de un asentamiento neol\u00edtico de 6500 a\u00f1os de antig\u00fcedad frente a la costa de\u00a0Croacia. El sitio arqueol\u00f3gico fue descubierto con im\u00e1genes satelitales sobre la isla de\u00a0Korcula.<\/p>\n<p>El arque\u00f3logo\u00a0Mate Parica, quien dirigi\u00f3 al grupo de expertos en la b\u00fasqueda, cont\u00f3 que estaban examinando las im\u00e1genes satelitales de la costa de Croacia cuando encontraron elementos inusuales en una estrecha franja de tierra mientras los niveles del agua de la isla bajaron y dejaron al descubierto los extra\u00f1os objetos.<\/p>\n<p><a title=\"UA5TML54KVGWNENW73DPDUUEHQ\" href=\"https:\/\/www.flickr.com\/photos\/182279889@N02\/51278070634\/in\/dateposted-public\/\" data-flickr-embed=\"true\"><img loading=\"lazy\" decoding=\"async\" src=\"https:\/\/live.staticflickr.com\/65535\/51278070634_705e79d488_z.jpg\" alt=\"UA5TML54KVGWNENW73DPDUUEHQ\" width=\"640\" height=\"427\" \/><\/a><script async src=\"\/\/embedr.flickr.com\/assets\/client-code.js\" charset=\"utf-8\"><\/script><\/p>\n<p>La imagen a\u00e9rea mostr\u00f3 una superficie poco profunda en el lecho marino que sobresal\u00eda de la costa este de la isla de Korcula. \u201cPens\u00e9: \u2018tal vez sea natural, tal vez no\u2019\u201d, manifest\u00f3 Parica, profesor de la\u00a0Universidad de Zadar.<\/p>\n<p>El equipo de investigadores se intern\u00f3 en el oc\u00e9ano para bucear en el lugar del hallazgo. All\u00ed, los arque\u00f3logos\u00a0encontraron los muros de piedra de lo que creen que es un asentamiento neol\u00edtico de alrededor de 4500 a\u00f1os antes de Cristo, construido en un peque\u00f1o terreno que estaba conectado a la isla principal por una franja estrecha.<\/p>\n<p>\u201cLo afortunado es que esta zona, a diferencia de la mayor parte del\u00a0Mediterr\u00e1neo, est\u00e1 a salvo de las grandes olas ya que muchas islas protegen la costa. Eso ciertamente ayud\u00f3 a preservar el sitio de la destrucci\u00f3n natural\u201d, asegur\u00f3 Parica.<\/p>\n<p>Adem\u00e1s, los cient\u00edficos descubrieron diversos tipos de herramientas, cer\u00e1micas y cuchillos de piedra. \u201cEncontramos algunos\u00a0objetos de cer\u00e1mica y cuchillos de pedernal\u201d, indic\u00f3 Parica.<\/p>\n<p><a title=\"47BUCLZZE5EORH2IEHEA7GCSYM\" href=\"https:\/\/www.flickr.com\/photos\/182279889@N02\/51277514798\/in\/dateposted-public\/\" data-flickr-embed=\"true\"><img loading=\"lazy\" decoding=\"async\" src=\"https:\/\/live.staticflickr.com\/65535\/51277514798_f9f3784bdc_z.jpg\" alt=\"47BUCLZZE5EORH2IEHEA7GCSYM\" width=\"640\" height=\"427\" \/><\/a><script async src=\"\/\/embedr.flickr.com\/assets\/client-code.js\" charset=\"utf-8\"><\/script><\/p>\n<p>Los cient\u00edficos descubrieron diversos tipos de herramientas, cer\u00e1micas y cuchillos de piedra<\/p>\n<p>Marta Kalebota, quien dirige la colecci\u00f3n arqueol\u00f3gica del museo de la ciudad de Korcula, declar\u00f3 que la ubicaci\u00f3n del asentamiento era muy inusual. \u201cNo tenemos conocimiento en este momento de un hallazgo similar en otro lugar que se construyera un asentamiento neol\u00edtico en un islote conectado con una estrecha franja de tierra\u201d, inform\u00f3.<\/p>\n<p>Parica tambi\u00e9n destac\u00f3 que\u00a0el descubrimiento de asentamientos insulares es muy at\u00edpico\u00a0porque los hallazgos neol\u00edticos suelen realizarse principalmente en cuevas.<\/p>\n<p><strong>Fuente &#8211; La Naci\u00f3n<\/strong><\/p>\n","protected":false},"excerpt":{"rendered":"<p>Un equipo de investigadores hall\u00f3 los restos de un asentamiento de 6500 a\u00f1os de antig\u00fcedad frente a la costa de Croacia<\/p>\n","protected":false},"author":3,"featured_media":0,"comment_status":"closed","ping_status":"closed","sticky":false,"template":"","format":"standard","meta":{"footnotes":""},"categories":[46,26],"tags":[],"class_list":["post-59435","post","type-post","status-publish","format-standard","hentry","category-ciencia-y-tecnologia","category-sociedad"],"yoast_head":"<!-- This site is optimized with the Yoast SEO plugin v25.9 - https:\/\/yoast.com\/wordpress\/plugins\/seo\/ -->\n<title>Descubren un pueblo prehist\u00f3rico de 6500 a\u00f1os sepultado en el mar - Noticias Radio Reflejos<\/title>\n<meta name=\"robots\" content=\"index, follow, max-snippet:-1, max-image-preview:large, max-video-preview:-1\" \/>\n<link rel=\"canonical\" href=\"https:\/\/www.noticiasradioreflejos.com.ar\/2021\/descubren-un-pueblo-prehistorico-de-6500-anos-sepultado-en-el-mar\/\" \/>\n<meta property=\"og:locale\" content=\"es_ES\" \/>\n<meta property=\"og:type\" content=\"article\" \/>\n<meta property=\"og:title\" content=\"Descubren un pueblo prehist\u00f3rico de 6500 a\u00f1os sepultado en el mar - Noticias Radio Reflejos\" \/>\n<meta property=\"og:description\" content=\"Un equipo de investigadores hall\u00f3 los restos de un asentamiento de 6500 a\u00f1os de antig\u00fcedad frente a la costa de Croacia\" \/>\n<meta property=\"og:url\" content=\"https:\/\/www.noticiasradioreflejos.com.ar\/2021\/descubren-un-pueblo-prehistorico-de-6500-anos-sepultado-en-el-mar\/\" \/>\n<meta property=\"og:site_name\" content=\"Noticias Radio Reflejos\" \/>\n<meta property=\"article:published_time\" content=\"2021-06-28T22:21:14+00:00\" \/>\n<meta property=\"og:image\" content=\"https:\/\/live.staticflickr.com\/65535\/51278070634_705e79d488_z.jpg\" \/>\n<meta name=\"author\" content=\"Arnaldo Botto\" \/>\n<meta name=\"twitter:card\" content=\"summary_large_image\" \/>\n<script type=\"application\/ld+json\" class=\"yoast-schema-graph\">{\"@context\":\"https:\/\/schema.org\",\"@graph\":[{\"@type\":\"WebPage\",\"@id\":\"https:\/\/www.noticiasradioreflejos.com.ar\/2021\/descubren-un-pueblo-prehistorico-de-6500-anos-sepultado-en-el-mar\/\",\"url\":\"https:\/\/www.noticiasradioreflejos.com.ar\/2021\/descubren-un-pueblo-prehistorico-de-6500-anos-sepultado-en-el-mar\/\",\"name\":\"Descubren un pueblo prehist\u00f3rico de 6500 a\u00f1os sepultado en el mar - Noticias Radio Reflejos\",\"isPartOf\":{\"@id\":\"https:\/\/www.noticiasradioreflejos.com.ar\/2021\/#website\"},\"primaryImageOfPage\":{\"@id\":\"https:\/\/www.noticiasradioreflejos.com.ar\/2021\/descubren-un-pueblo-prehistorico-de-6500-anos-sepultado-en-el-mar\/#primaryimage\"},\"image\":{\"@id\":\"https:\/\/www.noticiasradioreflejos.com.ar\/2021\/descubren-un-pueblo-prehistorico-de-6500-anos-sepultado-en-el-mar\/#primaryimage\"},\"thumbnailUrl\":\"https:\/\/live.staticflickr.com\/65535\/51278070634_705e79d488_z.jpg\",\"datePublished\":\"2021-06-28T22:21:14+00:00\",\"author\":{\"@id\":\"https:\/\/www.noticiasradioreflejos.com.ar\/2021\/#\/schema\/person\/ad82545263dcc5ec0996818884fd5fb1\"},\"breadcrumb\":{\"@id\":\"https:\/\/www.noticiasradioreflejos.com.ar\/2021\/descubren-un-pueblo-prehistorico-de-6500-anos-sepultado-en-el-mar\/#breadcrumb\"},\"inLanguage\":\"es\",\"potentialAction\":[{\"@type\":\"ReadAction\",\"target\":[\"https:\/\/www.noticiasradioreflejos.com.ar\/2021\/descubren-un-pueblo-prehistorico-de-6500-anos-sepultado-en-el-mar\/\"]}]},{\"@type\":\"ImageObject\",\"inLanguage\":\"es\",\"@id\":\"https:\/\/www.noticiasradioreflejos.com.ar\/2021\/descubren-un-pueblo-prehistorico-de-6500-anos-sepultado-en-el-mar\/#primaryimage\",\"url\":\"https:\/\/live.staticflickr.com\/65535\/51278070634_705e79d488_z.jpg\",\"contentUrl\":\"https:\/\/live.staticflickr.com\/65535\/51278070634_705e79d488_z.jpg\"},{\"@type\":\"BreadcrumbList\",\"@id\":\"https:\/\/www.noticiasradioreflejos.com.ar\/2021\/descubren-un-pueblo-prehistorico-de-6500-anos-sepultado-en-el-mar\/#breadcrumb\",\"itemListElement\":[{\"@type\":\"ListItem\",\"position\":1,\"name\":\"Portada\",\"item\":\"https:\/\/www.noticiasradioreflejos.com.ar\/2021\/\"},{\"@type\":\"ListItem\",\"position\":2,\"name\":\"Descubren un pueblo prehist\u00f3rico de 6500 a\u00f1os sepultado en el mar\"}]},{\"@type\":\"WebSite\",\"@id\":\"https:\/\/www.noticiasradioreflejos.com.ar\/2021\/#website\",\"url\":\"https:\/\/www.noticiasradioreflejos.com.ar\/2021\/\",\"name\":\"Noticias Radio Reflejos\",\"description\":\"Las noticias de mi comarca\",\"potentialAction\":[{\"@type\":\"SearchAction\",\"target\":{\"@type\":\"EntryPoint\",\"urlTemplate\":\"https:\/\/www.noticiasradioreflejos.com.ar\/2021\/?s={search_term_string}\"},\"query-input\":{\"@type\":\"PropertyValueSpecification\",\"valueRequired\":true,\"valueName\":\"search_term_string\"}}],\"inLanguage\":\"es\"},{\"@type\":\"Person\",\"@id\":\"https:\/\/www.noticiasradioreflejos.com.ar\/2021\/#\/schema\/person\/ad82545263dcc5ec0996818884fd5fb1\",\"name\":\"Arnaldo Botto\",\"image\":{\"@type\":\"ImageObject\",\"inLanguage\":\"es\",\"@id\":\"https:\/\/www.noticiasradioreflejos.com.ar\/2021\/#\/schema\/person\/image\/\",\"url\":\"https:\/\/secure.gravatar.com\/avatar\/55cb5e37c1efa326397366e6974cb338056df65cb50e7d64d1cf314e87504837?s=96&d=mm&r=g\",\"contentUrl\":\"https:\/\/secure.gravatar.com\/avatar\/55cb5e37c1efa326397366e6974cb338056df65cb50e7d64d1cf314e87504837?s=96&d=mm&r=g\",\"caption\":\"Arnaldo Botto\"},\"url\":\"https:\/\/www.noticiasradioreflejos.com.ar\/2021\/author\/arnaldo\/\"}]}<\/script>\n<!-- \/ Yoast SEO plugin. -->","yoast_head_json":{"title":"Descubren un pueblo prehist\u00f3rico de 6500 a\u00f1os sepultado en el mar - Noticias Radio Reflejos","robots":{"index":"index","follow":"follow","max-snippet":"max-snippet:-1","max-image-preview":"max-image-preview:large","max-video-preview":"max-video-preview:-1"},"canonical":"https:\/\/www.noticiasradioreflejos.com.ar\/2021\/descubren-un-pueblo-prehistorico-de-6500-anos-sepultado-en-el-mar\/","og_locale":"es_ES","og_type":"article","og_title":"Descubren un pueblo prehist\u00f3rico de 6500 a\u00f1os sepultado en el mar - Noticias Radio Reflejos","og_description":"Un equipo de investigadores hall\u00f3 los restos de un asentamiento de 6500 a\u00f1os de antig\u00fcedad frente a la costa de Croacia","og_url":"https:\/\/www.noticiasradioreflejos.com.ar\/2021\/descubren-un-pueblo-prehistorico-de-6500-anos-sepultado-en-el-mar\/","og_site_name":"Noticias Radio Reflejos","article_published_time":"2021-06-28T22:21:14+00:00","og_image":[{"url":"https:\/\/live.staticflickr.com\/65535\/51278070634_705e79d488_z.jpg","type":"","width":"","height":""}],"author":"Arnaldo Botto","twitter_card":"summary_large_image","schema":{"@context":"https:\/\/schema.org","@graph":[{"@type":"WebPage","@id":"https:\/\/www.noticiasradioreflejos.com.ar\/2021\/descubren-un-pueblo-prehistorico-de-6500-anos-sepultado-en-el-mar\/","url":"https:\/\/www.noticiasradioreflejos.com.ar\/2021\/descubren-un-pueblo-prehistorico-de-6500-anos-sepultado-en-el-mar\/","name":"Descubren un pueblo prehist\u00f3rico de 6500 a\u00f1os sepultado en el mar - Noticias Radio Reflejos","isPartOf":{"@id":"https:\/\/www.noticiasradioreflejos.com.ar\/2021\/#website"},"primaryImageOfPage":{"@id":"https:\/\/www.noticiasradioreflejos.com.ar\/2021\/descubren-un-pueblo-prehistorico-de-6500-anos-sepultado-en-el-mar\/#primaryimage"},"image":{"@id":"https:\/\/www.noticiasradioreflejos.com.ar\/2021\/descubren-un-pueblo-prehistorico-de-6500-anos-sepultado-en-el-mar\/#primaryimage"},"thumbnailUrl":"https:\/\/live.staticflickr.com\/65535\/51278070634_705e79d488_z.jpg","datePublished":"2021-06-28T22:21:14+00:00","author":{"@id":"https:\/\/www.noticiasradioreflejos.com.ar\/2021\/#\/schema\/person\/ad82545263dcc5ec0996818884fd5fb1"},"breadcrumb":{"@id":"https:\/\/www.noticiasradioreflejos.com.ar\/2021\/descubren-un-pueblo-prehistorico-de-6500-anos-sepultado-en-el-mar\/#breadcrumb"},"inLanguage":"es","potentialAction":[{"@type":"ReadAction","target":["https:\/\/www.noticiasradioreflejos.com.ar\/2021\/descubren-un-pueblo-prehistorico-de-6500-anos-sepultado-en-el-mar\/"]}]},{"@type":"ImageObject","inLanguage":"es","@id":"https:\/\/www.noticiasradioreflejos.com.ar\/2021\/descubren-un-pueblo-prehistorico-de-6500-anos-sepultado-en-el-mar\/#primaryimage","url":"https:\/\/live.staticflickr.com\/65535\/51278070634_705e79d488_z.jpg","contentUrl":"https:\/\/live.staticflickr.com\/65535\/51278070634_705e79d488_z.jpg"},{"@type":"BreadcrumbList","@id":"https:\/\/www.noticiasradioreflejos.com.ar\/2021\/descubren-un-pueblo-prehistorico-de-6500-anos-sepultado-en-el-mar\/#breadcrumb","itemListElement":[{"@type":"ListItem","position":1,"name":"Portada","item":"https:\/\/www.noticiasradioreflejos.com.ar\/2021\/"},{"@type":"ListItem","position":2,"name":"Descubren un pueblo prehist\u00f3rico de 6500 a\u00f1os sepultado en el mar"}]},{"@type":"WebSite","@id":"https:\/\/www.noticiasradioreflejos.com.ar\/2021\/#website","url":"https:\/\/www.noticiasradioreflejos.com.ar\/2021\/","name":"Noticias Radio Reflejos","description":"Las noticias de mi comarca","potentialAction":[{"@type":"SearchAction","target":{"@type":"EntryPoint","urlTemplate":"https:\/\/www.noticiasradioreflejos.com.ar\/2021\/?s={search_term_string}"},"query-input":{"@type":"PropertyValueSpecification","valueRequired":true,"valueName":"search_term_string"}}],"inLanguage":"es"},{"@type":"Person","@id":"https:\/\/www.noticiasradioreflejos.com.ar\/2021\/#\/schema\/person\/ad82545263dcc5ec0996818884fd5fb1","name":"Arnaldo Botto","image":{"@type":"ImageObject","inLanguage":"es","@id":"https:\/\/www.noticiasradioreflejos.com.ar\/2021\/#\/schema\/person\/image\/","url":"https:\/\/secure.gravatar.com\/avatar\/55cb5e37c1efa326397366e6974cb338056df65cb50e7d64d1cf314e87504837?s=96&d=mm&r=g","contentUrl":"https:\/\/secure.gravatar.com\/avatar\/55cb5e37c1efa326397366e6974cb338056df65cb50e7d64d1cf314e87504837?s=96&d=mm&r=g","caption":"Arnaldo Botto"},"url":"https:\/\/www.noticiasradioreflejos.com.ar\/2021\/author\/arnaldo\/"}]}},"_links":{"self":[{"href":"https:\/\/www.noticiasradioreflejos.com.ar\/2021\/wp-json\/wp\/v2\/posts\/59435","targetHints":{"allow":["GET"]}}],"collection":[{"href":"https:\/\/www.noticiasradioreflejos.com.ar\/2021\/wp-json\/wp\/v2\/posts"}],"about":[{"href":"https:\/\/www.noticiasradioreflejos.com.ar\/2021\/wp-json\/wp\/v2\/types\/post"}],"author":[{"embeddable":true,"href":"https:\/\/www.noticiasradioreflejos.com.ar\/2021\/wp-json\/wp\/v2\/users\/3"}],"replies":[{"embeddable":true,"href":"https:\/\/www.noticiasradioreflejos.com.ar\/2021\/wp-json\/wp\/v2\/comments?post=59435"}],"version-history":[{"count":1,"href":"https:\/\/www.noticiasradioreflejos.com.ar\/2021\/wp-json\/wp\/v2\/posts\/59435\/revisions"}],"predecessor-version":[{"id":59437,"href":"https:\/\/www.noticiasradioreflejos.com.ar\/2021\/wp-json\/wp\/v2\/posts\/59435\/revisions\/59437"}],"wp:attachment":[{"href":"https:\/\/www.noticiasradioreflejos.com.ar\/2021\/wp-json\/wp\/v2\/media?parent=59435"}],"wp:term":[{"taxonomy":"category","embeddable":true,"href":"https:\/\/www.noticiasradioreflejos.com.ar\/2021\/wp-json\/wp\/v2\/categories?post=59435"},{"taxonomy":"post_tag","embeddable":true,"href":"https:\/\/www.noticiasradioreflejos.com.ar\/2021\/wp-json\/wp\/v2\/tags?post=59435"}],"curies":[{"name":"wp","href":"https:\/\/api.w.org\/{rel}","templated":true}]}}