{"id":59405,"date":"2021-06-28T11:36:33","date_gmt":"2021-06-28T11:36:33","guid":{"rendered":"http:\/\/www.noticiasradioreflejos.com.ar\/2021\/?p=59405"},"modified":"2021-06-28T11:49:09","modified_gmt":"2021-06-28T11:49:09","slug":"frio-viento-lluvia-y-nieve-asi-comienza-la-semana","status":"publish","type":"post","link":"https:\/\/www.noticiasradioreflejos.com.ar\/2021\/frio-viento-lluvia-y-nieve-asi-comienza-la-semana\/","title":{"rendered":"Fr\u00edo, viento, lluvia y nieve; as\u00ed comienza la semana"},"content":{"rendered":"<p>El temporal no cesa, este lunes se presenta con las mismas condiciones de ayer, vientos fuertes y chaparrones.<!--more--><\/p>\n<p>Hasta las 8 hs de este lunes 28 de junio, contin\u00faan las condiciones meteorol\u00f3gicas que arribaron el s\u00e1bado a la comarca con fuertes r\u00e1fagas de viento del sudoeste, temperaturas muy bajas y precipitaciones.<\/p>\n<p>Este lunes se registra una temperatura de 3,2\u00b0 y una t\u00e9rmica de -3\u00b0, el total de lluvia en el ejido urbano de Sierra de la Ventana lleg\u00f3 a los 14 mm a las 8 hs de hoy, en tanto en\u00a0 Villa Ventana los pluvi\u00f3metros midieron 39 mm.<\/p>\n<p>Para el resto de la jornada los vientos continuar\u00e1n soplando fuerte del sector sudoeste, el cielo permanecer\u00e1 mayormente nublado y se espera una m\u00e1xima de term\u00f3metro de 5 a 6 grados.<\/p>\n<p>Para ma\u00f1ana martes, vientos en calma, cielos despejados, m\u00ednima -1\u00b0 y m\u00e1xima de 10\u00b0<\/p>\n<p><strong>Totales de lluvias hasta hoy a las 8 hs<\/strong><\/p>\n<p>14 mm en Sierra de la Ventana<br \/>\n12 mm en Calqu\u00edn<br \/>\n29 mm en Villa Ventana<br \/>\n9 mm en Tornquist<br \/>\n6 mm en Tres Picos<br \/>\n8 mm en Chasic\u00f3<br \/>\n7.8\u00a0 mm en El Pantanoso<br \/>\n3.4 mm en San Eloy<br \/>\n8 mm en Frapal<br \/>\n5 mm en Cabildo<br \/>\n11 mm en Cnel Pringles<br \/>\n4.7 mm en Pig\u00fc\u00e9<br \/>\n2.5\u00a0 mm en Carhu\u00e9<br \/>\n6 mm en Huanguel\u00e9n<br \/>\n8 mm en Puan<br \/>\n3 mm en Punta Alta<br \/>\n5.7\u00a0 mm en Bah\u00eda Blanca<br \/>\n10 m en 17 de Agosto<br \/>\n6 mm en Cura Malal<br \/>\n2.5 mm en Pasman<\/p>\n","protected":false},"excerpt":{"rendered":"<p>El temporal no cesa, este lunes se presenta con las mismas condiciones de ayer, vientos fuertes y chaparrones.<\/p>\n","protected":false},"author":3,"featured_media":0,"comment_status":"closed","ping_status":"closed","sticky":false,"template":"","format":"standard","meta":{"footnotes":""},"categories":[26],"tags":[],"class_list":["post-59405","post","type-post","status-publish","format-standard","hentry","category-sociedad"],"yoast_head":"<!-- This site is optimized with the Yoast SEO plugin v25.9 - https:\/\/yoast.com\/wordpress\/plugins\/seo\/ -->\n<title>Fr\u00edo, viento, lluvia y nieve; as\u00ed comienza la semana - Noticias Radio Reflejos<\/title>\n<meta name=\"robots\" content=\"index, follow, max-snippet:-1, max-image-preview:large, max-video-preview:-1\" \/>\n<link rel=\"canonical\" href=\"https:\/\/www.noticiasradioreflejos.com.ar\/2021\/frio-viento-lluvia-y-nieve-asi-comienza-la-semana\/\" \/>\n<meta property=\"og:locale\" content=\"es_ES\" \/>\n<meta property=\"og:type\" content=\"article\" \/>\n<meta property=\"og:title\" content=\"Fr\u00edo, viento, lluvia y nieve; as\u00ed comienza la semana - Noticias Radio Reflejos\" \/>\n<meta property=\"og:description\" content=\"El temporal no cesa, este lunes se presenta con las mismas condiciones de ayer, vientos fuertes y chaparrones.\" \/>\n<meta property=\"og:url\" content=\"https:\/\/www.noticiasradioreflejos.com.ar\/2021\/frio-viento-lluvia-y-nieve-asi-comienza-la-semana\/\" \/>\n<meta property=\"og:site_name\" content=\"Noticias Radio Reflejos\" \/>\n<meta property=\"article:published_time\" content=\"2021-06-28T11:36:33+00:00\" \/>\n<meta property=\"article:modified_time\" content=\"2021-06-28T11:49:09+00:00\" \/>\n<meta property=\"og:image\" content=\"https:\/\/www.noticiasradioreflejos.com.ar\/2021\/wp-content\/uploads\/2021\/07\/logosol300x200.png\" \/>\n\t<meta property=\"og:image:width\" content=\"300\" \/>\n\t<meta property=\"og:image:height\" content=\"200\" \/>\n\t<meta property=\"og:image:type\" content=\"image\/png\" \/>\n<meta name=\"author\" content=\"Arnaldo Botto\" \/>\n<meta name=\"twitter:card\" content=\"summary_large_image\" \/>\n<script type=\"application\/ld+json\" class=\"yoast-schema-graph\">{\"@context\":\"https:\/\/schema.org\",\"@graph\":[{\"@type\":\"WebPage\",\"@id\":\"https:\/\/www.noticiasradioreflejos.com.ar\/2021\/frio-viento-lluvia-y-nieve-asi-comienza-la-semana\/\",\"url\":\"https:\/\/www.noticiasradioreflejos.com.ar\/2021\/frio-viento-lluvia-y-nieve-asi-comienza-la-semana\/\",\"name\":\"Fr\u00edo, viento, lluvia y nieve; as\u00ed comienza la semana - Noticias Radio Reflejos\",\"isPartOf\":{\"@id\":\"https:\/\/www.noticiasradioreflejos.com.ar\/2021\/#website\"},\"datePublished\":\"2021-06-28T11:36:33+00:00\",\"dateModified\":\"2021-06-28T11:49:09+00:00\",\"author\":{\"@id\":\"https:\/\/www.noticiasradioreflejos.com.ar\/2021\/#\/schema\/person\/ad82545263dcc5ec0996818884fd5fb1\"},\"breadcrumb\":{\"@id\":\"https:\/\/www.noticiasradioreflejos.com.ar\/2021\/frio-viento-lluvia-y-nieve-asi-comienza-la-semana\/#breadcrumb\"},\"inLanguage\":\"es\",\"potentialAction\":[{\"@type\":\"ReadAction\",\"target\":[\"https:\/\/www.noticiasradioreflejos.com.ar\/2021\/frio-viento-lluvia-y-nieve-asi-comienza-la-semana\/\"]}]},{\"@type\":\"BreadcrumbList\",\"@id\":\"https:\/\/www.noticiasradioreflejos.com.ar\/2021\/frio-viento-lluvia-y-nieve-asi-comienza-la-semana\/#breadcrumb\",\"itemListElement\":[{\"@type\":\"ListItem\",\"position\":1,\"name\":\"Portada\",\"item\":\"https:\/\/www.noticiasradioreflejos.com.ar\/2021\/\"},{\"@type\":\"ListItem\",\"position\":2,\"name\":\"Fr\u00edo, viento, lluvia y nieve; as\u00ed comienza la semana\"}]},{\"@type\":\"WebSite\",\"@id\":\"https:\/\/www.noticiasradioreflejos.com.ar\/2021\/#website\",\"url\":\"https:\/\/www.noticiasradioreflejos.com.ar\/2021\/\",\"name\":\"Noticias Radio Reflejos\",\"description\":\"Las noticias de mi comarca\",\"potentialAction\":[{\"@type\":\"SearchAction\",\"target\":{\"@type\":\"EntryPoint\",\"urlTemplate\":\"https:\/\/www.noticiasradioreflejos.com.ar\/2021\/?s={search_term_string}\"},\"query-input\":{\"@type\":\"PropertyValueSpecification\",\"valueRequired\":true,\"valueName\":\"search_term_string\"}}],\"inLanguage\":\"es\"},{\"@type\":\"Person\",\"@id\":\"https:\/\/www.noticiasradioreflejos.com.ar\/2021\/#\/schema\/person\/ad82545263dcc5ec0996818884fd5fb1\",\"name\":\"Arnaldo Botto\",\"image\":{\"@type\":\"ImageObject\",\"inLanguage\":\"es\",\"@id\":\"https:\/\/www.noticiasradioreflejos.com.ar\/2021\/#\/schema\/person\/image\/\",\"url\":\"https:\/\/secure.gravatar.com\/avatar\/55cb5e37c1efa326397366e6974cb338056df65cb50e7d64d1cf314e87504837?s=96&d=mm&r=g\",\"contentUrl\":\"https:\/\/secure.gravatar.com\/avatar\/55cb5e37c1efa326397366e6974cb338056df65cb50e7d64d1cf314e87504837?s=96&d=mm&r=g\",\"caption\":\"Arnaldo Botto\"},\"url\":\"https:\/\/www.noticiasradioreflejos.com.ar\/2021\/author\/arnaldo\/\"}]}<\/script>\n<!-- \/ Yoast SEO plugin. -->","yoast_head_json":{"title":"Fr\u00edo, viento, lluvia y nieve; as\u00ed comienza la semana - Noticias Radio Reflejos","robots":{"index":"index","follow":"follow","max-snippet":"max-snippet:-1","max-image-preview":"max-image-preview:large","max-video-preview":"max-video-preview:-1"},"canonical":"https:\/\/www.noticiasradioreflejos.com.ar\/2021\/frio-viento-lluvia-y-nieve-asi-comienza-la-semana\/","og_locale":"es_ES","og_type":"article","og_title":"Fr\u00edo, viento, lluvia y nieve; as\u00ed comienza la semana - Noticias Radio Reflejos","og_description":"El temporal no cesa, este lunes se presenta con las mismas condiciones de ayer, vientos fuertes y chaparrones.","og_url":"https:\/\/www.noticiasradioreflejos.com.ar\/2021\/frio-viento-lluvia-y-nieve-asi-comienza-la-semana\/","og_site_name":"Noticias Radio Reflejos","article_published_time":"2021-06-28T11:36:33+00:00","article_modified_time":"2021-06-28T11:49:09+00:00","og_image":[{"width":300,"height":200,"url":"https:\/\/www.noticiasradioreflejos.com.ar\/2021\/wp-content\/uploads\/2021\/07\/logosol300x200.png","type":"image\/png"}],"author":"Arnaldo Botto","twitter_card":"summary_large_image","schema":{"@context":"https:\/\/schema.org","@graph":[{"@type":"WebPage","@id":"https:\/\/www.noticiasradioreflejos.com.ar\/2021\/frio-viento-lluvia-y-nieve-asi-comienza-la-semana\/","url":"https:\/\/www.noticiasradioreflejos.com.ar\/2021\/frio-viento-lluvia-y-nieve-asi-comienza-la-semana\/","name":"Fr\u00edo, viento, lluvia y nieve; as\u00ed comienza la semana - Noticias Radio Reflejos","isPartOf":{"@id":"https:\/\/www.noticiasradioreflejos.com.ar\/2021\/#website"},"datePublished":"2021-06-28T11:36:33+00:00","dateModified":"2021-06-28T11:49:09+00:00","author":{"@id":"https:\/\/www.noticiasradioreflejos.com.ar\/2021\/#\/schema\/person\/ad82545263dcc5ec0996818884fd5fb1"},"breadcrumb":{"@id":"https:\/\/www.noticiasradioreflejos.com.ar\/2021\/frio-viento-lluvia-y-nieve-asi-comienza-la-semana\/#breadcrumb"},"inLanguage":"es","potentialAction":[{"@type":"ReadAction","target":["https:\/\/www.noticiasradioreflejos.com.ar\/2021\/frio-viento-lluvia-y-nieve-asi-comienza-la-semana\/"]}]},{"@type":"BreadcrumbList","@id":"https:\/\/www.noticiasradioreflejos.com.ar\/2021\/frio-viento-lluvia-y-nieve-asi-comienza-la-semana\/#breadcrumb","itemListElement":[{"@type":"ListItem","position":1,"name":"Portada","item":"https:\/\/www.noticiasradioreflejos.com.ar\/2021\/"},{"@type":"ListItem","position":2,"name":"Fr\u00edo, viento, lluvia y nieve; as\u00ed comienza la semana"}]},{"@type":"WebSite","@id":"https:\/\/www.noticiasradioreflejos.com.ar\/2021\/#website","url":"https:\/\/www.noticiasradioreflejos.com.ar\/2021\/","name":"Noticias Radio Reflejos","description":"Las noticias de mi comarca","potentialAction":[{"@type":"SearchAction","target":{"@type":"EntryPoint","urlTemplate":"https:\/\/www.noticiasradioreflejos.com.ar\/2021\/?s={search_term_string}"},"query-input":{"@type":"PropertyValueSpecification","valueRequired":true,"valueName":"search_term_string"}}],"inLanguage":"es"},{"@type":"Person","@id":"https:\/\/www.noticiasradioreflejos.com.ar\/2021\/#\/schema\/person\/ad82545263dcc5ec0996818884fd5fb1","name":"Arnaldo Botto","image":{"@type":"ImageObject","inLanguage":"es","@id":"https:\/\/www.noticiasradioreflejos.com.ar\/2021\/#\/schema\/person\/image\/","url":"https:\/\/secure.gravatar.com\/avatar\/55cb5e37c1efa326397366e6974cb338056df65cb50e7d64d1cf314e87504837?s=96&d=mm&r=g","contentUrl":"https:\/\/secure.gravatar.com\/avatar\/55cb5e37c1efa326397366e6974cb338056df65cb50e7d64d1cf314e87504837?s=96&d=mm&r=g","caption":"Arnaldo Botto"},"url":"https:\/\/www.noticiasradioreflejos.com.ar\/2021\/author\/arnaldo\/"}]}},"_links":{"self":[{"href":"https:\/\/www.noticiasradioreflejos.com.ar\/2021\/wp-json\/wp\/v2\/posts\/59405","targetHints":{"allow":["GET"]}}],"collection":[{"href":"https:\/\/www.noticiasradioreflejos.com.ar\/2021\/wp-json\/wp\/v2\/posts"}],"about":[{"href":"https:\/\/www.noticiasradioreflejos.com.ar\/2021\/wp-json\/wp\/v2\/types\/post"}],"author":[{"embeddable":true,"href":"https:\/\/www.noticiasradioreflejos.com.ar\/2021\/wp-json\/wp\/v2\/users\/3"}],"replies":[{"embeddable":true,"href":"https:\/\/www.noticiasradioreflejos.com.ar\/2021\/wp-json\/wp\/v2\/comments?post=59405"}],"version-history":[{"count":5,"href":"https:\/\/www.noticiasradioreflejos.com.ar\/2021\/wp-json\/wp\/v2\/posts\/59405\/revisions"}],"predecessor-version":[{"id":59411,"href":"https:\/\/www.noticiasradioreflejos.com.ar\/2021\/wp-json\/wp\/v2\/posts\/59405\/revisions\/59411"}],"wp:attachment":[{"href":"https:\/\/www.noticiasradioreflejos.com.ar\/2021\/wp-json\/wp\/v2\/media?parent=59405"}],"wp:term":[{"taxonomy":"category","embeddable":true,"href":"https:\/\/www.noticiasradioreflejos.com.ar\/2021\/wp-json\/wp\/v2\/categories?post=59405"},{"taxonomy":"post_tag","embeddable":true,"href":"https:\/\/www.noticiasradioreflejos.com.ar\/2021\/wp-json\/wp\/v2\/tags?post=59405"}],"curies":[{"name":"wp","href":"https:\/\/api.w.org\/{rel}","templated":true}]}}