{"id":59402,"date":"2021-06-28T11:06:04","date_gmt":"2021-06-28T11:06:04","guid":{"rendered":"http:\/\/www.noticiasradioreflejos.com.ar\/2021\/?p=59402"},"modified":"2021-06-28T11:06:04","modified_gmt":"2021-06-28T11:06:04","slug":"el-frente-cambia-jujuy-logro-un-amplio-triunfo-en-las-elecciones-legislativas","status":"publish","type":"post","link":"https:\/\/www.noticiasradioreflejos.com.ar\/2021\/el-frente-cambia-jujuy-logro-un-amplio-triunfo-en-las-elecciones-legislativas\/","title":{"rendered":"El Frente Cambia Jujuy logr\u00f3 un amplio triunfo en las elecciones legislativas"},"content":{"rendered":"<div class=\"head-content\">\n<p>Del total de 2.356 mesas habilitadas y escrutadas el 32,89%, la alianza que lidera Morales triunfaba con el 41,89% de los votos y aventajaba al Frente de Todos-PJ, que obten\u00eda el 13,46%, mientras el Frente de Izquierda y de los Trabajadores &#8211; FIT, se ubicaba en el tercer lugar con 7,41% sufragios.<\/p>\n<\/div>\n<p><!--more-->El Frente Cambia Jujuy (FCJ), referenciado en el gobernador Gerardo Morales, obtuvo este domingo una amplia victoria en las elecciones legislativas de la provincia con el 41,89% de los votos, escrutado el 32,89% de las mesas de manera provisoria.<\/p>\n<div class=\"main-content-block\">\n<div class=\"main-box clearfix\">\n<div class=\"wrapper-main-section clearfix\">\n<div class=\"wrapper-editable-content\">\n<div class=\"editable-content clearfix\">\nDel total<strong>\u00a0de 2.356 mesas habilitadas y escrutadas el 32,89%<\/strong>, la alianza que lidera\u00a0<strong>Morales triunfaba con el 41,89%\u00a0<\/strong>de los votos y aventajaba al Frente de Todos-PJ, que obten\u00eda el 13,46%, mientras el Frente de Izquierda y de los Trabajadores &#8211; FIT, se ubicaba en el tercer lugar con 7,41% sufragios.<\/p>\n<p>A continuaci\u00f3n quedaban las listas del Frente Primero Jujuy (7,20%), Frente Todos por Jujuy (6,54%), VIA (Valores Ideas Acciones) 5,36% y Frente Unidad para la Victoria 5,04%, de acuerdo con el escrutinio provisorio a cargo de la empresa Simecom.<\/p>\n<p>\u00abEl resultado electoral es inapelable, el FCJ gan\u00f3 contundentemente las elecciones y vamos a incorporar m\u00e1s legisladores en la C\u00e1mara de Diputados\u00bb, dijo esta noche el gobernador Gerardo Morales, quien felicit\u00f3 a los candidatos y salud\u00f3 al pueblo juje\u00f1o \u00abpor su participaci\u00f3n democr\u00e1tica\u00bb este domingo.<\/p>\n<p>A trav\u00e9s de estos comicios<strong>\u00a0se renovar\u00e1n 24 bancas de la C\u00e1mara de Diputados\u00a0<\/strong>provincial, adem\u00e1s de la mitad de los cargos en los\u00a0<strong>concejos deliberantes de 26 municipios y de 31 comisiones<\/strong>\u00a0municipales.<\/p>\n<blockquote><p>\u00abEl resultado electoral es inapelable, el FCJ gan\u00f3 contundentemente las elecciones y vamos a incorporar m\u00e1s legisladores en la C\u00e1mara de Diputados\u00bb<\/p>\n<div class=\"sign\">MORALES<\/div>\n<\/blockquote>\n<p>La lista del FCJ est\u00e1 integrada por 26 partidos pol\u00edticos provinciales y municipales y lleva en primer t\u00e9rmino para el cargo de diputado a Omar Guti\u00e9rrez, actual coordinador del Comit\u00e9 de Emergencia por el coronavirus, seguido de la diputada nacional Gabriela Burgos y los diputados provinciales Alberto Bernis, Gisel Bravo y Fabi\u00e1n Tejerina, en los primeros lugares.<\/p>\n<p>En tanto el Frente de Todos-PJ propone al sindicalista Pedro Beliz\u00e1n, que encabeza junto a Patricia Armella, Juan Jenefes y Valeria G\u00f3mez, mientras que el Frente Primero Jujuy (espacio que tiene como principal referente al vicegobernador Carlos Haquim) tiene en su lista a Ren\u00e9 Casas, Susana Haquim, Jos\u00e9 Acu\u00f1a y Norma Dik Ampuero, y el FIT a Alejandro Vilca y Natalia Morales en los primeros lugares.<\/p>\n<p>\u00abDe acuerdo a los resultados provisorios, de las 24 bancas que se renuevan estar\u00edan ingresando por el sistema D&#8217;Hondt entre 15 y 16 diputados del FCJ pero es una proyecci\u00f3n por ahora\u00bb, expres\u00f3 Bernis, que busca renovar su banca, al hablar a la prensa junto al vicepresidente del bloque de diputados nacionales de la UCR, Jos\u00e9 Cano.<\/p>\n<p><strong>Cano<\/strong>\u00a0indic\u00f3 que\u00a0<strong>lleg\u00f3 a Jujuy en representaci\u00f3n de bloque del radicalismo junto al senador Mart\u00edn Lousteau, Facundo Manes y otros referentes<\/strong>\u00a0para \u00abacompa\u00f1ar a Gerardo Morales y a todo el equipo que gobierna la provincia\u00bb.<\/p>\n<p>\u00abGerardo, aparte de ser gobernador de Jujuy, es vicepresidente del Comit\u00e9 Nacional, una figura nacional del radicalismo y obviamente que estas presencias en Jujuy consolidan esta nueva etapa de Juntos por el Cambio, el rol y la preponderancia que el radicalismo aspira a tener a partir de la experiencia que tuvimos entre 2015 y 2019\u00bb, expres\u00f3 Cano desde el bunker de FCJ en el barrio Alto La Vi\u00f1a.<\/p>\n<div id=\"image\" class=\"image\"><img decoding=\"async\" title=\"El pr\u00f3ximo martes a las 18, en tanto, comenzar\u00e1 el escrutinio definitivo.\" src=\"https:\/\/www.telam.com.ar\/advf\/imagenes\/2021\/06\/60d9a862d08f0_1004x565.jpg\" alt=\"El pr\u00f3ximo martes a las 18, en tanto, comenzar\u00e1 el escrutinio definitivo.\" \/><\/p>\n<div class=\"epigrafe\">El pr\u00f3ximo martes a las 18, en tanto, comenzar\u00e1 el escrutinio definitivo.<\/div>\n<\/div>\n<p>Los juje\u00f1os concurrieron a las urnas en un domingo fr\u00edo y lluvioso y con estrictos controles sanitarios por la pandemia del coronavirus, para elegir entre diez alianzas y cinco partidos pol\u00edticos los 24 diputados provinciales que iniciar\u00e1n su mandato en diciembre (se renuevan 24 de 48 bancas), adem\u00e1s de cargos legislativos en los distintos municipios.<\/p>\n<p>La jornada hab\u00eda comenzado con un t\u00edmido acercamiento de los ciudadanos a las escuelas en medio de la lluvia y bajas temperaturas que rondaron los 5 grados en la ciudad capital y descend\u00edan a bajo cero en otras localidades, como el caso del Paraje B\u00e1rcena, donde adem\u00e1s se registr\u00f3 la ca\u00edda de nieve.<\/p>\n<p>Por el protocolo sanitario tambi\u00e9n se llevaron a cabo testeos a personas que presentaban s\u00edntomas compatibles con el coronavirus. Hasta el mediod\u00eda al menos 20 ciudadanos hab\u00edan dado positivo, seg\u00fan fuentes de la polic\u00eda de la provincia.<\/p>\n<p>\u00abFueron unas elecciones limpias y transparentes\u00bb, afirm\u00f3 Bernis y agreg\u00f3 que el acto eleccionario sirvi\u00f3 para \u00abdiscutir entre juje\u00f1os qu\u00e9 provincia queremos hacia el futuro\u00bb.<\/p>\n<p>En di\u00e1logo con T\u00e9lam, el legislador valor\u00f3 que \u00abfue una buena jornada democr\u00e1tica para la provincia de Jujuy\u00bb.<\/p>\n<p>Fuentes de la Secretar\u00eda Electoral provincial estimaron que\u00a0<strong>la participaci\u00f3n del electorado fue del 60-65% sobre un total de 570.879 electores<\/strong>, entre ellos 1.455 extranjeros.<\/p>\n<p><strong>El pr\u00f3ximo martes a las 18, en tanto, comenzar\u00e1 el escrutinio definitivo.<\/strong><\/p>\n<p>En estas elecciones por primera vez las listas en Jujuy contaron con 50% de varones y 50% de mujeres en las candidaturas.<\/p>\n<p>Adem\u00e1s, hubo siete mujeres trans que se postularon como concejalas en seis localidades de la provincia, cumpliendo as\u00ed la ley de paridad de g\u00e9nero para ocupar cargos p\u00fablicos electivos sancionada en diciembre pasado.<\/p><\/div>\n<\/div>\n<\/div>\n<\/div>\n<\/div>\n","protected":false},"excerpt":{"rendered":"<p>Del total de 2.356 mesas habilitadas y escrutadas el 32,89%, la alianza que lidera Morales triunfaba con el 41,89% de los votos y aventajaba al Frente de Todos-PJ, que obten\u00eda el 13,46%, mientras el Frente de Izquierda y de los Trabajadores &#8211; FIT, se ubicaba en el tercer lugar con 7,41% sufragios.<\/p>\n","protected":false},"author":3,"featured_media":0,"comment_status":"closed","ping_status":"closed","sticky":false,"template":"","format":"standard","meta":{"footnotes":""},"categories":[24],"tags":[],"class_list":["post-59402","post","type-post","status-publish","format-standard","hentry","category-politica"],"yoast_head":"<!-- This site is optimized with the Yoast SEO plugin v25.9 - https:\/\/yoast.com\/wordpress\/plugins\/seo\/ -->\n<title>El Frente Cambia Jujuy logr\u00f3 un amplio triunfo en las elecciones legislativas - Noticias Radio Reflejos<\/title>\n<meta name=\"robots\" content=\"index, follow, max-snippet:-1, max-image-preview:large, max-video-preview:-1\" \/>\n<link rel=\"canonical\" href=\"https:\/\/www.noticiasradioreflejos.com.ar\/2021\/el-frente-cambia-jujuy-logro-un-amplio-triunfo-en-las-elecciones-legislativas\/\" \/>\n<meta property=\"og:locale\" content=\"es_ES\" \/>\n<meta property=\"og:type\" content=\"article\" \/>\n<meta property=\"og:title\" content=\"El Frente Cambia Jujuy logr\u00f3 un amplio triunfo en las elecciones legislativas - Noticias Radio Reflejos\" \/>\n<meta property=\"og:description\" content=\"Del total de 2.356 mesas habilitadas y escrutadas el 32,89%, la alianza que lidera Morales triunfaba con el 41,89% de los votos y aventajaba al Frente de Todos-PJ, que obten\u00eda el 13,46%, mientras el Frente de Izquierda y de los Trabajadores - FIT, se ubicaba en el tercer lugar con 7,41% sufragios.\" \/>\n<meta property=\"og:url\" content=\"https:\/\/www.noticiasradioreflejos.com.ar\/2021\/el-frente-cambia-jujuy-logro-un-amplio-triunfo-en-las-elecciones-legislativas\/\" \/>\n<meta property=\"og:site_name\" content=\"Noticias Radio Reflejos\" \/>\n<meta property=\"article:published_time\" content=\"2021-06-28T11:06:04+00:00\" \/>\n<meta property=\"og:image\" content=\"https:\/\/www.telam.com.ar\/advf\/imagenes\/2021\/06\/60d9a862d08f0_1004x565.jpg\" \/>\n<meta name=\"author\" content=\"Arnaldo Botto\" \/>\n<meta name=\"twitter:card\" content=\"summary_large_image\" \/>\n<script type=\"application\/ld+json\" class=\"yoast-schema-graph\">{\"@context\":\"https:\/\/schema.org\",\"@graph\":[{\"@type\":\"WebPage\",\"@id\":\"https:\/\/www.noticiasradioreflejos.com.ar\/2021\/el-frente-cambia-jujuy-logro-un-amplio-triunfo-en-las-elecciones-legislativas\/\",\"url\":\"https:\/\/www.noticiasradioreflejos.com.ar\/2021\/el-frente-cambia-jujuy-logro-un-amplio-triunfo-en-las-elecciones-legislativas\/\",\"name\":\"El Frente Cambia Jujuy logr\u00f3 un amplio triunfo en las elecciones legislativas - Noticias Radio Reflejos\",\"isPartOf\":{\"@id\":\"https:\/\/www.noticiasradioreflejos.com.ar\/2021\/#website\"},\"primaryImageOfPage\":{\"@id\":\"https:\/\/www.noticiasradioreflejos.com.ar\/2021\/el-frente-cambia-jujuy-logro-un-amplio-triunfo-en-las-elecciones-legislativas\/#primaryimage\"},\"image\":{\"@id\":\"https:\/\/www.noticiasradioreflejos.com.ar\/2021\/el-frente-cambia-jujuy-logro-un-amplio-triunfo-en-las-elecciones-legislativas\/#primaryimage\"},\"thumbnailUrl\":\"https:\/\/www.telam.com.ar\/advf\/imagenes\/2021\/06\/60d9a862d08f0_1004x565.jpg\",\"datePublished\":\"2021-06-28T11:06:04+00:00\",\"author\":{\"@id\":\"https:\/\/www.noticiasradioreflejos.com.ar\/2021\/#\/schema\/person\/ad82545263dcc5ec0996818884fd5fb1\"},\"breadcrumb\":{\"@id\":\"https:\/\/www.noticiasradioreflejos.com.ar\/2021\/el-frente-cambia-jujuy-logro-un-amplio-triunfo-en-las-elecciones-legislativas\/#breadcrumb\"},\"inLanguage\":\"es\",\"potentialAction\":[{\"@type\":\"ReadAction\",\"target\":[\"https:\/\/www.noticiasradioreflejos.com.ar\/2021\/el-frente-cambia-jujuy-logro-un-amplio-triunfo-en-las-elecciones-legislativas\/\"]}]},{\"@type\":\"ImageObject\",\"inLanguage\":\"es\",\"@id\":\"https:\/\/www.noticiasradioreflejos.com.ar\/2021\/el-frente-cambia-jujuy-logro-un-amplio-triunfo-en-las-elecciones-legislativas\/#primaryimage\",\"url\":\"https:\/\/www.telam.com.ar\/advf\/imagenes\/2021\/06\/60d9a862d08f0_1004x565.jpg\",\"contentUrl\":\"https:\/\/www.telam.com.ar\/advf\/imagenes\/2021\/06\/60d9a862d08f0_1004x565.jpg\"},{\"@type\":\"BreadcrumbList\",\"@id\":\"https:\/\/www.noticiasradioreflejos.com.ar\/2021\/el-frente-cambia-jujuy-logro-un-amplio-triunfo-en-las-elecciones-legislativas\/#breadcrumb\",\"itemListElement\":[{\"@type\":\"ListItem\",\"position\":1,\"name\":\"Portada\",\"item\":\"https:\/\/www.noticiasradioreflejos.com.ar\/2021\/\"},{\"@type\":\"ListItem\",\"position\":2,\"name\":\"El Frente Cambia Jujuy logr\u00f3 un amplio triunfo en las elecciones legislativas\"}]},{\"@type\":\"WebSite\",\"@id\":\"https:\/\/www.noticiasradioreflejos.com.ar\/2021\/#website\",\"url\":\"https:\/\/www.noticiasradioreflejos.com.ar\/2021\/\",\"name\":\"Noticias Radio Reflejos\",\"description\":\"Las noticias de mi comarca\",\"potentialAction\":[{\"@type\":\"SearchAction\",\"target\":{\"@type\":\"EntryPoint\",\"urlTemplate\":\"https:\/\/www.noticiasradioreflejos.com.ar\/2021\/?s={search_term_string}\"},\"query-input\":{\"@type\":\"PropertyValueSpecification\",\"valueRequired\":true,\"valueName\":\"search_term_string\"}}],\"inLanguage\":\"es\"},{\"@type\":\"Person\",\"@id\":\"https:\/\/www.noticiasradioreflejos.com.ar\/2021\/#\/schema\/person\/ad82545263dcc5ec0996818884fd5fb1\",\"name\":\"Arnaldo Botto\",\"image\":{\"@type\":\"ImageObject\",\"inLanguage\":\"es\",\"@id\":\"https:\/\/www.noticiasradioreflejos.com.ar\/2021\/#\/schema\/person\/image\/\",\"url\":\"https:\/\/secure.gravatar.com\/avatar\/55cb5e37c1efa326397366e6974cb338056df65cb50e7d64d1cf314e87504837?s=96&d=mm&r=g\",\"contentUrl\":\"https:\/\/secure.gravatar.com\/avatar\/55cb5e37c1efa326397366e6974cb338056df65cb50e7d64d1cf314e87504837?s=96&d=mm&r=g\",\"caption\":\"Arnaldo Botto\"},\"url\":\"https:\/\/www.noticiasradioreflejos.com.ar\/2021\/author\/arnaldo\/\"}]}<\/script>\n<!-- \/ Yoast SEO plugin. -->","yoast_head_json":{"title":"El Frente Cambia Jujuy logr\u00f3 un amplio triunfo en las elecciones legislativas - Noticias Radio Reflejos","robots":{"index":"index","follow":"follow","max-snippet":"max-snippet:-1","max-image-preview":"max-image-preview:large","max-video-preview":"max-video-preview:-1"},"canonical":"https:\/\/www.noticiasradioreflejos.com.ar\/2021\/el-frente-cambia-jujuy-logro-un-amplio-triunfo-en-las-elecciones-legislativas\/","og_locale":"es_ES","og_type":"article","og_title":"El Frente Cambia Jujuy logr\u00f3 un amplio triunfo en las elecciones legislativas - Noticias Radio Reflejos","og_description":"Del total de 2.356 mesas habilitadas y escrutadas el 32,89%, la alianza que lidera Morales triunfaba con el 41,89% de los votos y aventajaba al Frente de Todos-PJ, que obten\u00eda el 13,46%, mientras el Frente de Izquierda y de los Trabajadores - FIT, se ubicaba en el tercer lugar con 7,41% sufragios.","og_url":"https:\/\/www.noticiasradioreflejos.com.ar\/2021\/el-frente-cambia-jujuy-logro-un-amplio-triunfo-en-las-elecciones-legislativas\/","og_site_name":"Noticias Radio Reflejos","article_published_time":"2021-06-28T11:06:04+00:00","og_image":[{"url":"https:\/\/www.telam.com.ar\/advf\/imagenes\/2021\/06\/60d9a862d08f0_1004x565.jpg","type":"","width":"","height":""}],"author":"Arnaldo Botto","twitter_card":"summary_large_image","schema":{"@context":"https:\/\/schema.org","@graph":[{"@type":"WebPage","@id":"https:\/\/www.noticiasradioreflejos.com.ar\/2021\/el-frente-cambia-jujuy-logro-un-amplio-triunfo-en-las-elecciones-legislativas\/","url":"https:\/\/www.noticiasradioreflejos.com.ar\/2021\/el-frente-cambia-jujuy-logro-un-amplio-triunfo-en-las-elecciones-legislativas\/","name":"El Frente Cambia Jujuy logr\u00f3 un amplio triunfo en las elecciones legislativas - Noticias Radio Reflejos","isPartOf":{"@id":"https:\/\/www.noticiasradioreflejos.com.ar\/2021\/#website"},"primaryImageOfPage":{"@id":"https:\/\/www.noticiasradioreflejos.com.ar\/2021\/el-frente-cambia-jujuy-logro-un-amplio-triunfo-en-las-elecciones-legislativas\/#primaryimage"},"image":{"@id":"https:\/\/www.noticiasradioreflejos.com.ar\/2021\/el-frente-cambia-jujuy-logro-un-amplio-triunfo-en-las-elecciones-legislativas\/#primaryimage"},"thumbnailUrl":"https:\/\/www.telam.com.ar\/advf\/imagenes\/2021\/06\/60d9a862d08f0_1004x565.jpg","datePublished":"2021-06-28T11:06:04+00:00","author":{"@id":"https:\/\/www.noticiasradioreflejos.com.ar\/2021\/#\/schema\/person\/ad82545263dcc5ec0996818884fd5fb1"},"breadcrumb":{"@id":"https:\/\/www.noticiasradioreflejos.com.ar\/2021\/el-frente-cambia-jujuy-logro-un-amplio-triunfo-en-las-elecciones-legislativas\/#breadcrumb"},"inLanguage":"es","potentialAction":[{"@type":"ReadAction","target":["https:\/\/www.noticiasradioreflejos.com.ar\/2021\/el-frente-cambia-jujuy-logro-un-amplio-triunfo-en-las-elecciones-legislativas\/"]}]},{"@type":"ImageObject","inLanguage":"es","@id":"https:\/\/www.noticiasradioreflejos.com.ar\/2021\/el-frente-cambia-jujuy-logro-un-amplio-triunfo-en-las-elecciones-legislativas\/#primaryimage","url":"https:\/\/www.telam.com.ar\/advf\/imagenes\/2021\/06\/60d9a862d08f0_1004x565.jpg","contentUrl":"https:\/\/www.telam.com.ar\/advf\/imagenes\/2021\/06\/60d9a862d08f0_1004x565.jpg"},{"@type":"BreadcrumbList","@id":"https:\/\/www.noticiasradioreflejos.com.ar\/2021\/el-frente-cambia-jujuy-logro-un-amplio-triunfo-en-las-elecciones-legislativas\/#breadcrumb","itemListElement":[{"@type":"ListItem","position":1,"name":"Portada","item":"https:\/\/www.noticiasradioreflejos.com.ar\/2021\/"},{"@type":"ListItem","position":2,"name":"El Frente Cambia Jujuy logr\u00f3 un amplio triunfo en las elecciones legislativas"}]},{"@type":"WebSite","@id":"https:\/\/www.noticiasradioreflejos.com.ar\/2021\/#website","url":"https:\/\/www.noticiasradioreflejos.com.ar\/2021\/","name":"Noticias Radio Reflejos","description":"Las noticias de mi comarca","potentialAction":[{"@type":"SearchAction","target":{"@type":"EntryPoint","urlTemplate":"https:\/\/www.noticiasradioreflejos.com.ar\/2021\/?s={search_term_string}"},"query-input":{"@type":"PropertyValueSpecification","valueRequired":true,"valueName":"search_term_string"}}],"inLanguage":"es"},{"@type":"Person","@id":"https:\/\/www.noticiasradioreflejos.com.ar\/2021\/#\/schema\/person\/ad82545263dcc5ec0996818884fd5fb1","name":"Arnaldo Botto","image":{"@type":"ImageObject","inLanguage":"es","@id":"https:\/\/www.noticiasradioreflejos.com.ar\/2021\/#\/schema\/person\/image\/","url":"https:\/\/secure.gravatar.com\/avatar\/55cb5e37c1efa326397366e6974cb338056df65cb50e7d64d1cf314e87504837?s=96&d=mm&r=g","contentUrl":"https:\/\/secure.gravatar.com\/avatar\/55cb5e37c1efa326397366e6974cb338056df65cb50e7d64d1cf314e87504837?s=96&d=mm&r=g","caption":"Arnaldo Botto"},"url":"https:\/\/www.noticiasradioreflejos.com.ar\/2021\/author\/arnaldo\/"}]}},"_links":{"self":[{"href":"https:\/\/www.noticiasradioreflejos.com.ar\/2021\/wp-json\/wp\/v2\/posts\/59402","targetHints":{"allow":["GET"]}}],"collection":[{"href":"https:\/\/www.noticiasradioreflejos.com.ar\/2021\/wp-json\/wp\/v2\/posts"}],"about":[{"href":"https:\/\/www.noticiasradioreflejos.com.ar\/2021\/wp-json\/wp\/v2\/types\/post"}],"author":[{"embeddable":true,"href":"https:\/\/www.noticiasradioreflejos.com.ar\/2021\/wp-json\/wp\/v2\/users\/3"}],"replies":[{"embeddable":true,"href":"https:\/\/www.noticiasradioreflejos.com.ar\/2021\/wp-json\/wp\/v2\/comments?post=59402"}],"version-history":[{"count":1,"href":"https:\/\/www.noticiasradioreflejos.com.ar\/2021\/wp-json\/wp\/v2\/posts\/59402\/revisions"}],"predecessor-version":[{"id":59404,"href":"https:\/\/www.noticiasradioreflejos.com.ar\/2021\/wp-json\/wp\/v2\/posts\/59402\/revisions\/59404"}],"wp:attachment":[{"href":"https:\/\/www.noticiasradioreflejos.com.ar\/2021\/wp-json\/wp\/v2\/media?parent=59402"}],"wp:term":[{"taxonomy":"category","embeddable":true,"href":"https:\/\/www.noticiasradioreflejos.com.ar\/2021\/wp-json\/wp\/v2\/categories?post=59402"},{"taxonomy":"post_tag","embeddable":true,"href":"https:\/\/www.noticiasradioreflejos.com.ar\/2021\/wp-json\/wp\/v2\/tags?post=59402"}],"curies":[{"name":"wp","href":"https:\/\/api.w.org\/{rel}","templated":true}]}}