{"id":59399,"date":"2021-06-28T11:02:06","date_gmt":"2021-06-28T11:02:06","guid":{"rendered":"http:\/\/www.noticiasradioreflejos.com.ar\/2021\/?p=59399"},"modified":"2021-06-28T11:02:06","modified_gmt":"2021-06-28T11:02:06","slug":"argentina-defiende-el-primer-puesto-del-grupo-a-ante-la-eliminada-bolivia","status":"publish","type":"post","link":"https:\/\/www.noticiasradioreflejos.com.ar\/2021\/argentina-defiende-el-primer-puesto-del-grupo-a-ante-la-eliminada-bolivia\/","title":{"rendered":"Argentina defiende el primer puesto del Grupo A ante la eliminada Bolivia"},"content":{"rendered":"<div class=\"head-content\">\n<p>El cotejo entre la albiceleste y el conjunto del altiplano se disputar\u00e1 desde las 21:00 en el estadio Arena Pantanal de la ciudad de Cuiab\u00e1, con el arbitraje del colombiano Andr\u00e9s Rojas y la transmisi\u00f3n de la TV P\u00fablica, TyC Sports y Directv Sports.<\/p>\n<\/div>\n<p><!--more--><\/p>\n<div class=\"main-content-block\">\n<div class=\"main-box clearfix\">\n<div class=\"wrapper-main-section clearfix\">\n<div class=\"wrapper-editable-content\">\n<div class=\"editable-content clearfix\">\n<div id=\"image\" class=\"image\">\n<div class=\"epigrafe\">El seleccionado argentino, ya clasificado a los cuartos de final, defender\u00e1 ma\u00f1ana el primer puesto del Grupo A de la Copa Am\u00e9rica Brasil 2021 cuando enfrente al eliminado equipo de Bolivia por la cuarta y \u00faltima fecha.<\/div>\n<\/div>\n<p>El partido se disputar\u00e1 desde las 21:00 en el estadio Arena Pantanal de la calurosa ciudad de Cuiab\u00e1, con el arbitraje del colombiano Andr\u00e9s Rojas y transmisi\u00f3n de la TV P\u00fablica, TyC Sports y Directv Sports.<\/p>\n<p>El capit\u00e1n,\u00a0<strong>Lionel Messi, se perfila para ser titular y cumplir\u00e1 su partido 148 con el seleccionado para quedar en soledad como el jugador con m\u00e1s presencias en la historia.<\/strong><\/p>\n<p><strong>El rosarino<\/strong>, de recientes 34 a\u00f1os,\u00a0<strong>es tambi\u00e9n desde 2016 el m\u00e1ximo goleador del seleccionado mayor con 73 gritos<\/strong>\u00a0y en su sexta Copa Am\u00e9rica quedar\u00e1 entre los tres jugadores con m\u00e1s partidos en el torneo con 31 por detr\u00e1s del brasile\u00f1o Zizinho (33) y el chileno Sergio Livingstone (34).<\/p>\n<p>Argentina lidera el grupo A de la Copa Am\u00e9rica con 7 puntos y necesita de una nueva victoria para no depender del resultado de Paraguay, escolta con 6, que a la misma hora enfrentar\u00e1 a Uruguay en R\u00edo de Janeiro.<\/p>\n<p><strong>Si se asegura el primer puesto, la \u00abAlbiceleste\u00bb jugar\u00e1 su partido de cuartos de final el pr\u00f3ximo s\u00e1bado 3 de julio a las 22 ante el cuarto del grupo B<\/strong>\u00a0en el Ol\u00edmpico Pedro Ludovico de Goiania.<\/p>\n<p>Si termina en la segunda posici\u00f3n, Argentina deber\u00e1 viajar a Brasilia y enfrentar ese mismo s\u00e1bado a las 19 en el estadio Man\u00e9 Garrincha al tercero del grupo B.<\/p>\n<p><strong>Bolivia se despedir\u00e1 del torneo luego de perder los primeros tres encuentros<\/strong>: 3-1 ante Paraguay, 1-0 contra Chile y 2-0 frente a Uruguay.<\/p>\n<p>La \u00abVerde\u00bb suma once derrotas seguidas por Copa Am\u00e9rica y solo gan\u00f3 un partido en los \u00faltimos 24 a\u00f1os: 3-2 a Ecuador en la edici\u00f3n de 2015 en Chile.<\/p>\n<div id=\"image\" class=\"image\"><img decoding=\"async\" title=\"\" src=\"https:\/\/www.telam.com.ar\/advf\/imagenes\/2021\/06\/60d8ddf129ea5_1004x1615.jpg\" alt=\"\" \/><\/div>\n<p>Por el rival y el contexto favorable, el entrenador Lionel Scaloni tiene la posibilidad de hacer varios cambios con respecto a la \u00faltima victoria sobre Paraguay por 1-0 con un gol de Alejandro \u00abPapu\u00bb G\u00f3mez.<\/p>\n<p><strong>El cuerpo t\u00e9cnico preservar\u00e1 a los seis futbolistas que tienen una tarjeta amarilla<\/strong>\u00a0y no jugar\u00edan los cuartos de final si reciben una m\u00e1s.<\/p>\n<p>Ellos son el arquero Emiliano Mart\u00ednez, el defensor Lucas Mart\u00ednez Quarta, los mediocampistas Leandro Paredes y Giovani Lo Celso y los delanteros Lautaro Mart\u00ednez y Joaqu\u00edn Correa.<\/p>\n<p>Scaloni confirm\u00f3 el equipo durante la conferencia de prensa virtual en el predio de la AFA antes del viaje a Cuiab\u00e1.<\/p>\n<p><strong>Franco Armani retornar\u00e1 a la titularidad por \u00abDibu\u00bb Mart\u00ednez<\/strong>\u00a0y en la defensa solo se mantendr\u00e1 desde el inicio Germ\u00e1n Pezzella.<\/p>\n<p><strong>En los laterales ingresar\u00e1n Gonzalo Montiel y Marcos Acu\u00f1a por Nahuel Molina y Nicol\u00e1s Tagliafico, respectivamente, y Lisandro Mart\u00ednez aprovechar\u00e1 su oportunidad en la zaga central por Cristian \u00abCuti\u00bb Romero<\/strong>, uno de los puntos altos del equipo de Scaloni.<\/p>\n<p>El defensor de Ajax y el delantero Juli\u00e1n \u00c1lvarez son los \u00fanicos jugadores de campo que todav\u00eda no sumaron minutos en los tres partidos de la Copa Am\u00e9rica.<\/p>\n<p><strong>El mediocampo tambi\u00e9n tiene novedades ya que Exequiel Palacios ser\u00e1 titular por primera vez<\/strong>\u00a0en el torneo y se complementar\u00e1 con Guido Rodr\u00edguez, otro ex River, y el \u00abPapu\u00bb G\u00f3mez.<\/p>\n<p>En ofensiva, Scaloni tiene muchas variantes para rodear a Messi, quien estar\u00e1 a pesar de haber jugado todos los minutos del torneo despu\u00e9s de una extenuante temporada en Barcelona.<\/p>\n<p><strong>Sergio \u00abKun\u00bb Ag\u00fcero repetir\u00e1 desde el comienzo y \u00c1ngel Correa completar\u00e1 el tridente.<\/strong><\/p>\n<p>En Bolivia se perfilan los regresos de Diego Bejarano (cumpli\u00f3 la fecha de suspensi\u00f3n) y de los tres futbolistas que dieron positivo en coronavirus antes del inicio del torneo: Luis Haqu\u00edn, Henry Vaca y el artillero Marcelo Moreno Martins.<\/p>\n<p>El goleador hist\u00f3rico de Bolivia y autor de cinco tantos contra Argentina jug\u00f3 30 minutos ante Uruguay y est\u00e1 listo para ser titular en el \u00faltimo partido.<\/p>\n<p><strong>A pesar de la pronta eliminaci\u00f3n, el entrenador venezolano C\u00e9sar Far\u00edas fue ratificado en el cargo<\/strong>\u00a0y seguir\u00e1 al frente del equipo en las Eliminatorias Sudamericanas para el Mundial de Qatar 2022.<\/p>\n<div class=\"js-code\"><iframe loading=\"lazy\" class=\"\" src=\"https:\/\/estdeportes.telam.com.ar\/html\/v3\/model.html?channel=deportes.futbol.copaamerica.511109&amp;lang=es_LA&amp;model=gamecast_v6&amp;hidePagesMenu=true\" width=\"100%\" height=\"1150\" scrolling=\"auto\" data-mce-fragment=\"1\"><\/iframe><\/div>\n<div class=\"auth\">Probables formaciones<\/div>\n<p>Argentina: Emiliano Mart\u00ednez o Franco Armani; Gonzalo Montiel, Germ\u00e1n Pezzella, Lisandro Mart\u00ednez y Marcos Acu\u00f1a; Rodrigo De Paul o Nicol\u00e1s Dom\u00ednguez, Guido Rodr\u00edguez y Exequiel Palacios; Lionel Messi, Sergio Ag\u00fcero y \u00c1ngel Correa. DT: Lionel Scaloni.<\/p>\n<p>Bolivia: Carlos Lampe; Diego Bejarano, Jairo Quinteros o Luis Haqu\u00edn, Adri\u00e1n Jusino y Jos\u00e9 Sagredo; Leonel Justiniano; Diego Wayar, Danny Bejarano, Boris C\u00e9spedes, Henry Vaca; Marcelo Moreno Martins. DT: C\u00e9sar Far\u00edas.<\/p>\n<p>\u00c1rbitro: Andr\u00e9s Rojas.<\/p>\n<p>Estadio: Arena Pantanal (Cuiab\u00e1).<\/p>\n<p>Hora: 21:00.<\/p>\n<p>TV: TyC Sports, TV P\u00fablica y DirecTV Sports.<\/p><\/div>\n<\/div>\n<\/div>\n<\/div>\n<\/div>\n","protected":false},"excerpt":{"rendered":"<p>El cotejo entre la albiceleste y el conjunto del altiplano se disputar\u00e1 desde las 21:00 en el estadio Arena Pantanal de la ciudad de Cuiab\u00e1, con el arbitraje del colombiano Andr\u00e9s Rojas y la transmisi\u00f3n de la TV P\u00fablica, TyC Sports y Directv Sports.<\/p>\n","protected":false},"author":3,"featured_media":0,"comment_status":"closed","ping_status":"closed","sticky":false,"template":"","format":"standard","meta":{"footnotes":""},"categories":[27],"tags":[],"class_list":["post-59399","post","type-post","status-publish","format-standard","hentry","category-deportes"],"yoast_head":"<!-- This site is optimized with the Yoast SEO plugin v25.9 - https:\/\/yoast.com\/wordpress\/plugins\/seo\/ -->\n<title>Argentina defiende el primer puesto del Grupo A ante la eliminada Bolivia - Noticias Radio Reflejos<\/title>\n<meta name=\"robots\" content=\"index, follow, max-snippet:-1, max-image-preview:large, max-video-preview:-1\" \/>\n<link rel=\"canonical\" href=\"https:\/\/www.noticiasradioreflejos.com.ar\/2021\/argentina-defiende-el-primer-puesto-del-grupo-a-ante-la-eliminada-bolivia\/\" \/>\n<meta property=\"og:locale\" content=\"es_ES\" \/>\n<meta property=\"og:type\" content=\"article\" \/>\n<meta property=\"og:title\" content=\"Argentina defiende el primer puesto del Grupo A ante la eliminada Bolivia - Noticias Radio Reflejos\" \/>\n<meta property=\"og:description\" content=\"El cotejo entre la albiceleste y el conjunto del altiplano se disputar\u00e1 desde las 21:00 en el estadio Arena Pantanal de la ciudad de Cuiab\u00e1, con el arbitraje del colombiano Andr\u00e9s Rojas y la transmisi\u00f3n de la TV P\u00fablica, TyC Sports y Directv Sports.\" \/>\n<meta property=\"og:url\" content=\"https:\/\/www.noticiasradioreflejos.com.ar\/2021\/argentina-defiende-el-primer-puesto-del-grupo-a-ante-la-eliminada-bolivia\/\" \/>\n<meta property=\"og:site_name\" content=\"Noticias Radio Reflejos\" \/>\n<meta property=\"article:published_time\" content=\"2021-06-28T11:02:06+00:00\" \/>\n<meta property=\"og:image\" content=\"https:\/\/www.telam.com.ar\/advf\/imagenes\/2021\/06\/60d8ddf129ea5_1004x1615.jpg\" \/>\n<meta name=\"author\" content=\"Arnaldo Botto\" \/>\n<meta name=\"twitter:card\" content=\"summary_large_image\" \/>\n<script type=\"application\/ld+json\" class=\"yoast-schema-graph\">{\"@context\":\"https:\/\/schema.org\",\"@graph\":[{\"@type\":\"WebPage\",\"@id\":\"https:\/\/www.noticiasradioreflejos.com.ar\/2021\/argentina-defiende-el-primer-puesto-del-grupo-a-ante-la-eliminada-bolivia\/\",\"url\":\"https:\/\/www.noticiasradioreflejos.com.ar\/2021\/argentina-defiende-el-primer-puesto-del-grupo-a-ante-la-eliminada-bolivia\/\",\"name\":\"Argentina defiende el primer puesto del Grupo A ante la eliminada Bolivia - Noticias Radio Reflejos\",\"isPartOf\":{\"@id\":\"https:\/\/www.noticiasradioreflejos.com.ar\/2021\/#website\"},\"primaryImageOfPage\":{\"@id\":\"https:\/\/www.noticiasradioreflejos.com.ar\/2021\/argentina-defiende-el-primer-puesto-del-grupo-a-ante-la-eliminada-bolivia\/#primaryimage\"},\"image\":{\"@id\":\"https:\/\/www.noticiasradioreflejos.com.ar\/2021\/argentina-defiende-el-primer-puesto-del-grupo-a-ante-la-eliminada-bolivia\/#primaryimage\"},\"thumbnailUrl\":\"https:\/\/www.telam.com.ar\/advf\/imagenes\/2021\/06\/60d8ddf129ea5_1004x1615.jpg\",\"datePublished\":\"2021-06-28T11:02:06+00:00\",\"author\":{\"@id\":\"https:\/\/www.noticiasradioreflejos.com.ar\/2021\/#\/schema\/person\/ad82545263dcc5ec0996818884fd5fb1\"},\"breadcrumb\":{\"@id\":\"https:\/\/www.noticiasradioreflejos.com.ar\/2021\/argentina-defiende-el-primer-puesto-del-grupo-a-ante-la-eliminada-bolivia\/#breadcrumb\"},\"inLanguage\":\"es\",\"potentialAction\":[{\"@type\":\"ReadAction\",\"target\":[\"https:\/\/www.noticiasradioreflejos.com.ar\/2021\/argentina-defiende-el-primer-puesto-del-grupo-a-ante-la-eliminada-bolivia\/\"]}]},{\"@type\":\"ImageObject\",\"inLanguage\":\"es\",\"@id\":\"https:\/\/www.noticiasradioreflejos.com.ar\/2021\/argentina-defiende-el-primer-puesto-del-grupo-a-ante-la-eliminada-bolivia\/#primaryimage\",\"url\":\"https:\/\/www.telam.com.ar\/advf\/imagenes\/2021\/06\/60d8ddf129ea5_1004x1615.jpg\",\"contentUrl\":\"https:\/\/www.telam.com.ar\/advf\/imagenes\/2021\/06\/60d8ddf129ea5_1004x1615.jpg\"},{\"@type\":\"BreadcrumbList\",\"@id\":\"https:\/\/www.noticiasradioreflejos.com.ar\/2021\/argentina-defiende-el-primer-puesto-del-grupo-a-ante-la-eliminada-bolivia\/#breadcrumb\",\"itemListElement\":[{\"@type\":\"ListItem\",\"position\":1,\"name\":\"Portada\",\"item\":\"https:\/\/www.noticiasradioreflejos.com.ar\/2021\/\"},{\"@type\":\"ListItem\",\"position\":2,\"name\":\"Argentina defiende el primer puesto del Grupo A ante la eliminada Bolivia\"}]},{\"@type\":\"WebSite\",\"@id\":\"https:\/\/www.noticiasradioreflejos.com.ar\/2021\/#website\",\"url\":\"https:\/\/www.noticiasradioreflejos.com.ar\/2021\/\",\"name\":\"Noticias Radio Reflejos\",\"description\":\"Las noticias de mi comarca\",\"potentialAction\":[{\"@type\":\"SearchAction\",\"target\":{\"@type\":\"EntryPoint\",\"urlTemplate\":\"https:\/\/www.noticiasradioreflejos.com.ar\/2021\/?s={search_term_string}\"},\"query-input\":{\"@type\":\"PropertyValueSpecification\",\"valueRequired\":true,\"valueName\":\"search_term_string\"}}],\"inLanguage\":\"es\"},{\"@type\":\"Person\",\"@id\":\"https:\/\/www.noticiasradioreflejos.com.ar\/2021\/#\/schema\/person\/ad82545263dcc5ec0996818884fd5fb1\",\"name\":\"Arnaldo Botto\",\"image\":{\"@type\":\"ImageObject\",\"inLanguage\":\"es\",\"@id\":\"https:\/\/www.noticiasradioreflejos.com.ar\/2021\/#\/schema\/person\/image\/\",\"url\":\"https:\/\/secure.gravatar.com\/avatar\/55cb5e37c1efa326397366e6974cb338056df65cb50e7d64d1cf314e87504837?s=96&d=mm&r=g\",\"contentUrl\":\"https:\/\/secure.gravatar.com\/avatar\/55cb5e37c1efa326397366e6974cb338056df65cb50e7d64d1cf314e87504837?s=96&d=mm&r=g\",\"caption\":\"Arnaldo Botto\"},\"url\":\"https:\/\/www.noticiasradioreflejos.com.ar\/2021\/author\/arnaldo\/\"}]}<\/script>\n<!-- \/ Yoast SEO plugin. -->","yoast_head_json":{"title":"Argentina defiende el primer puesto del Grupo A ante la eliminada Bolivia - Noticias Radio Reflejos","robots":{"index":"index","follow":"follow","max-snippet":"max-snippet:-1","max-image-preview":"max-image-preview:large","max-video-preview":"max-video-preview:-1"},"canonical":"https:\/\/www.noticiasradioreflejos.com.ar\/2021\/argentina-defiende-el-primer-puesto-del-grupo-a-ante-la-eliminada-bolivia\/","og_locale":"es_ES","og_type":"article","og_title":"Argentina defiende el primer puesto del Grupo A ante la eliminada Bolivia - Noticias Radio Reflejos","og_description":"El cotejo entre la albiceleste y el conjunto del altiplano se disputar\u00e1 desde las 21:00 en el estadio Arena Pantanal de la ciudad de Cuiab\u00e1, con el arbitraje del colombiano Andr\u00e9s Rojas y la transmisi\u00f3n de la TV P\u00fablica, TyC Sports y Directv Sports.","og_url":"https:\/\/www.noticiasradioreflejos.com.ar\/2021\/argentina-defiende-el-primer-puesto-del-grupo-a-ante-la-eliminada-bolivia\/","og_site_name":"Noticias Radio Reflejos","article_published_time":"2021-06-28T11:02:06+00:00","og_image":[{"url":"https:\/\/www.telam.com.ar\/advf\/imagenes\/2021\/06\/60d8ddf129ea5_1004x1615.jpg","type":"","width":"","height":""}],"author":"Arnaldo Botto","twitter_card":"summary_large_image","schema":{"@context":"https:\/\/schema.org","@graph":[{"@type":"WebPage","@id":"https:\/\/www.noticiasradioreflejos.com.ar\/2021\/argentina-defiende-el-primer-puesto-del-grupo-a-ante-la-eliminada-bolivia\/","url":"https:\/\/www.noticiasradioreflejos.com.ar\/2021\/argentina-defiende-el-primer-puesto-del-grupo-a-ante-la-eliminada-bolivia\/","name":"Argentina defiende el primer puesto del Grupo A ante la eliminada Bolivia - Noticias Radio Reflejos","isPartOf":{"@id":"https:\/\/www.noticiasradioreflejos.com.ar\/2021\/#website"},"primaryImageOfPage":{"@id":"https:\/\/www.noticiasradioreflejos.com.ar\/2021\/argentina-defiende-el-primer-puesto-del-grupo-a-ante-la-eliminada-bolivia\/#primaryimage"},"image":{"@id":"https:\/\/www.noticiasradioreflejos.com.ar\/2021\/argentina-defiende-el-primer-puesto-del-grupo-a-ante-la-eliminada-bolivia\/#primaryimage"},"thumbnailUrl":"https:\/\/www.telam.com.ar\/advf\/imagenes\/2021\/06\/60d8ddf129ea5_1004x1615.jpg","datePublished":"2021-06-28T11:02:06+00:00","author":{"@id":"https:\/\/www.noticiasradioreflejos.com.ar\/2021\/#\/schema\/person\/ad82545263dcc5ec0996818884fd5fb1"},"breadcrumb":{"@id":"https:\/\/www.noticiasradioreflejos.com.ar\/2021\/argentina-defiende-el-primer-puesto-del-grupo-a-ante-la-eliminada-bolivia\/#breadcrumb"},"inLanguage":"es","potentialAction":[{"@type":"ReadAction","target":["https:\/\/www.noticiasradioreflejos.com.ar\/2021\/argentina-defiende-el-primer-puesto-del-grupo-a-ante-la-eliminada-bolivia\/"]}]},{"@type":"ImageObject","inLanguage":"es","@id":"https:\/\/www.noticiasradioreflejos.com.ar\/2021\/argentina-defiende-el-primer-puesto-del-grupo-a-ante-la-eliminada-bolivia\/#primaryimage","url":"https:\/\/www.telam.com.ar\/advf\/imagenes\/2021\/06\/60d8ddf129ea5_1004x1615.jpg","contentUrl":"https:\/\/www.telam.com.ar\/advf\/imagenes\/2021\/06\/60d8ddf129ea5_1004x1615.jpg"},{"@type":"BreadcrumbList","@id":"https:\/\/www.noticiasradioreflejos.com.ar\/2021\/argentina-defiende-el-primer-puesto-del-grupo-a-ante-la-eliminada-bolivia\/#breadcrumb","itemListElement":[{"@type":"ListItem","position":1,"name":"Portada","item":"https:\/\/www.noticiasradioreflejos.com.ar\/2021\/"},{"@type":"ListItem","position":2,"name":"Argentina defiende el primer puesto del Grupo A ante la eliminada Bolivia"}]},{"@type":"WebSite","@id":"https:\/\/www.noticiasradioreflejos.com.ar\/2021\/#website","url":"https:\/\/www.noticiasradioreflejos.com.ar\/2021\/","name":"Noticias Radio Reflejos","description":"Las noticias de mi comarca","potentialAction":[{"@type":"SearchAction","target":{"@type":"EntryPoint","urlTemplate":"https:\/\/www.noticiasradioreflejos.com.ar\/2021\/?s={search_term_string}"},"query-input":{"@type":"PropertyValueSpecification","valueRequired":true,"valueName":"search_term_string"}}],"inLanguage":"es"},{"@type":"Person","@id":"https:\/\/www.noticiasradioreflejos.com.ar\/2021\/#\/schema\/person\/ad82545263dcc5ec0996818884fd5fb1","name":"Arnaldo Botto","image":{"@type":"ImageObject","inLanguage":"es","@id":"https:\/\/www.noticiasradioreflejos.com.ar\/2021\/#\/schema\/person\/image\/","url":"https:\/\/secure.gravatar.com\/avatar\/55cb5e37c1efa326397366e6974cb338056df65cb50e7d64d1cf314e87504837?s=96&d=mm&r=g","contentUrl":"https:\/\/secure.gravatar.com\/avatar\/55cb5e37c1efa326397366e6974cb338056df65cb50e7d64d1cf314e87504837?s=96&d=mm&r=g","caption":"Arnaldo Botto"},"url":"https:\/\/www.noticiasradioreflejos.com.ar\/2021\/author\/arnaldo\/"}]}},"_links":{"self":[{"href":"https:\/\/www.noticiasradioreflejos.com.ar\/2021\/wp-json\/wp\/v2\/posts\/59399","targetHints":{"allow":["GET"]}}],"collection":[{"href":"https:\/\/www.noticiasradioreflejos.com.ar\/2021\/wp-json\/wp\/v2\/posts"}],"about":[{"href":"https:\/\/www.noticiasradioreflejos.com.ar\/2021\/wp-json\/wp\/v2\/types\/post"}],"author":[{"embeddable":true,"href":"https:\/\/www.noticiasradioreflejos.com.ar\/2021\/wp-json\/wp\/v2\/users\/3"}],"replies":[{"embeddable":true,"href":"https:\/\/www.noticiasradioreflejos.com.ar\/2021\/wp-json\/wp\/v2\/comments?post=59399"}],"version-history":[{"count":1,"href":"https:\/\/www.noticiasradioreflejos.com.ar\/2021\/wp-json\/wp\/v2\/posts\/59399\/revisions"}],"predecessor-version":[{"id":59401,"href":"https:\/\/www.noticiasradioreflejos.com.ar\/2021\/wp-json\/wp\/v2\/posts\/59399\/revisions\/59401"}],"wp:attachment":[{"href":"https:\/\/www.noticiasradioreflejos.com.ar\/2021\/wp-json\/wp\/v2\/media?parent=59399"}],"wp:term":[{"taxonomy":"category","embeddable":true,"href":"https:\/\/www.noticiasradioreflejos.com.ar\/2021\/wp-json\/wp\/v2\/categories?post=59399"},{"taxonomy":"post_tag","embeddable":true,"href":"https:\/\/www.noticiasradioreflejos.com.ar\/2021\/wp-json\/wp\/v2\/tags?post=59399"}],"curies":[{"name":"wp","href":"https:\/\/api.w.org\/{rel}","templated":true}]}}