{"id":59389,"date":"2021-06-27T23:57:21","date_gmt":"2021-06-27T23:57:21","guid":{"rendered":"http:\/\/www.noticiasradioreflejos.com.ar\/2021\/?p=59389"},"modified":"2021-06-27T23:57:21","modified_gmt":"2021-06-27T23:57:21","slug":"migraciones-detecto-que-el-32-de-quienes-ingresaron-al-pais-no-cumple-la-cuarentena","status":"publish","type":"post","link":"https:\/\/www.noticiasradioreflejos.com.ar\/2021\/migraciones-detecto-que-el-32-de-quienes-ingresaron-al-pais-no-cumple-la-cuarentena\/","title":{"rendered":"Migraciones detect\u00f3 que el 32% de quienes ingresaron al pa\u00eds no cumple la cuarentena"},"content":{"rendered":"<div class=\"head-content\">\n<p>Teniendo en cuenta los dos operativos sobre un total de 1.998 personas inspeccionadas, 691 no estaban en su domicilio, mientras que 307 efectivamente cumpl\u00edan el aislamiento en domicilio fijado.<\/p>\n<\/div>\n<p><!--more--><\/p>\n<div class=\"main-content-block\">\n<div class=\"main-box clearfix\">\n<div class=\"wrapper-main-section clearfix\">\n<div class=\"wrapper-editable-content\">\n<div class=\"editable-content clearfix\">\n<div id=\"image\" class=\"image\">\n<div class=\"epigrafe\">Un 32% de las personas que ingresaron a la Argentina contin\u00faan sin cumplir el per\u00edodo de cuarentena obligatoria, confirm\u00f3 la Direcci\u00f3n Nacional de Migraciones (DNM)<strong>\u00a0tras un nuevo operativo de control para colaborar con las provincias<\/strong>, y evitar la propagaci\u00f3n de las variantes de coronavirus m\u00e1s infecciosas y que a\u00fan no tienen circulaci\u00f3n en el pa\u00eds, se inform\u00f3 oficialmente.<\/div>\n<\/div>\n<p>Al respecto,\u00a0<strong>Florencia Carignano, titular del DNM, dependiente del Ministerio del Interior,\u00a0<\/strong>expres\u00f3 que \u00abel problema de la cuarentena domiciliaria es que no se est\u00e1 cumpliendo. La gente cree que porque est\u00e1 vacunada y se hizo los test al entrar al pa\u00eds es suficiente, y para nada es as\u00ed, dado que los seguimientos del Ministerio de Salud confirman que han detectado muchos casos donde la enfermedad se manifiesta dos o tres d\u00edas despu\u00e9s de ingresar\u00bb.<\/p>\n<p>La DNM inici\u00f3 hace 15 d\u00edas una serie de operativos de control del aislamiento que est\u00e1 centrado en la Ciudad de Buenos Aires y 8 provincias, donde\u00a0<strong>se comprob\u00f3 que 4 de cada 10 personas<\/strong>\u00a0que ingresaron al pa\u00eds no cumplieron con la normativa.<\/p>\n<blockquote><p>\u00abNosotros necesitamos retrasar lo m\u00e1s posible el ingreso de la variante Delta para poder avanzar en la vacunaci\u00f3n y alejarnos lo m\u00e1s posible del invierno\u00bb<\/p><\/blockquote>\n<p>En ese marco, y a la luz de los resultados del operativo, Migraciones formaliz\u00f3 denuncias hacia 274 personas que incumplieron los art\u00edculos 205 y 239 del C\u00f3digo Penal, bajo la figura de violaci\u00f3n a medidas contra epidemias y desobediencia a autoridad p\u00fablica.<\/p>\n<p>Migraciones profundiz\u00f3 los controles y los ampli\u00f3 a m\u00e1s provincias,<strong>\u00a0y verific\u00f3 una baja establecida en el 32%.<\/strong><\/p>\n<p><strong>Teniendo en cuenta los dos operativos sobre un total de 1.998 personas inspeccionadas, 691 no estaban en su domicilio<\/strong>\u00a0(35%), mientras que 307 (65%) efectivamente cumpl\u00edan cuarentena en domicilio fijado.<\/p>\n<p>Carignano dijo que<strong>\u00a0\u00abes imposible evitar el ingreso de las cepas, el Covid ha llegado a todas los pa\u00edses, pero las medidas que han tomado los pa\u00edses han tenido que ver con retrasar el ingreso de nuevas variantes para estar mejor preparados\u00bb.<\/strong><\/p>\n<p>Y agreg\u00f3: \u00abNosotros necesitamos retrasar lo m\u00e1s posible el ingreso de la variante Delta para poder avanzar en la vacunaci\u00f3n y alejarnos lo m\u00e1s posible del invierno\u00bb.<\/p>\n<div id=\"image\" class=\"image\"><img decoding=\"async\" title=\" Florencia Carignano, titular del DNM, dependiente del Ministerio del Interior, expres\u00f3 que &quot;el problema de la cuarentena domiciliaria es que no se est\u00e1 cumpliendo&quot;.\" src=\"https:\/\/www.telam.com.ar\/advf\/imagenes\/2020\/03\/5e7292af7f087.03.2020%20565_1004x565.jpg\" alt=\" Florencia Carignano, titular del DNM, dependiente del Ministerio del Interior, expres\u00f3 que &quot;el problema de la cuarentena domiciliaria es que no se est\u00e1 cumpliendo&quot;.\" \/><\/p>\n<div class=\"epigrafe\">Florencia Carignano, titular del DNM, dependiente del Ministerio del Interior, expres\u00f3 que \u00abel problema de la cuarentena domiciliaria es que no se est\u00e1 cumpliendo\u00bb.<\/div>\n<\/div>\n<p><strong>En cuanto a la situaci\u00f3n de los distritos m\u00e1s importantes<\/strong>, la DNM confirm\u00f3 que en provincia de Buenos Aires durante la primera semana registr\u00f3 un 38% de incumplimiento contra el 30% de la segunda, mientras que en Ciudad de Buenos Aires los incumplimientos se mantuvieron inalterables, es decir en el 40%.<\/p>\n<p><strong>\u00abExiste la fantas\u00eda de pensar que porque est\u00e1n vacunados no se van a contagiar y ese es otro gran error\u00bb<\/strong>, se\u00f1al\u00f3 la funcionaria y sostuvo que \u00ablo que hace la vacuna es generar defensas para, en todo caso, si se contagian tengan un tr\u00e1nsito de la enfermedad menos grave\u00bb.<\/p>\n<p>Y remarc\u00f3:<strong>\u00a0\u00abSe pueden contagiar y lo m\u00e1s importante, pueden contagiar a otros\u00bb.<\/strong><\/p>\n<div class=\"btn_externos\"><\/div>\n<\/div>\n<\/div>\n<div class=\"wrapper-tags\">\n<div class=\"tags-bar clearfix\">ETIQUETAS<\/div>\n<\/div>\n<\/div>\n<\/div>\n<\/div>\n","protected":false},"excerpt":{"rendered":"<p>Teniendo en cuenta los dos operativos sobre un total de 1.998 personas inspeccionadas, 691 no estaban en su domicilio, mientras que 307 efectivamente cumpl\u00edan el aislamiento en domicilio fijado.<\/p>\n","protected":false},"author":3,"featured_media":0,"comment_status":"closed","ping_status":"closed","sticky":false,"template":"","format":"standard","meta":{"footnotes":""},"categories":[24,30],"tags":[],"class_list":["post-59389","post","type-post","status-publish","format-standard","hentry","category-politica","category-salud"],"yoast_head":"<!-- This site is optimized with the Yoast SEO plugin v25.9 - https:\/\/yoast.com\/wordpress\/plugins\/seo\/ -->\n<title>Migraciones detect\u00f3 que el 32% de quienes ingresaron al pa\u00eds no cumple la cuarentena - Noticias Radio Reflejos<\/title>\n<meta name=\"robots\" content=\"index, follow, max-snippet:-1, max-image-preview:large, max-video-preview:-1\" \/>\n<link rel=\"canonical\" href=\"https:\/\/www.noticiasradioreflejos.com.ar\/2021\/migraciones-detecto-que-el-32-de-quienes-ingresaron-al-pais-no-cumple-la-cuarentena\/\" \/>\n<meta property=\"og:locale\" content=\"es_ES\" \/>\n<meta property=\"og:type\" content=\"article\" \/>\n<meta property=\"og:title\" content=\"Migraciones detect\u00f3 que el 32% de quienes ingresaron al pa\u00eds no cumple la cuarentena - Noticias Radio Reflejos\" \/>\n<meta property=\"og:description\" content=\"Teniendo en cuenta los dos operativos sobre un total de 1.998 personas inspeccionadas, 691 no estaban en su domicilio, mientras que 307 efectivamente cumpl\u00edan el aislamiento en domicilio fijado.\" \/>\n<meta property=\"og:url\" content=\"https:\/\/www.noticiasradioreflejos.com.ar\/2021\/migraciones-detecto-que-el-32-de-quienes-ingresaron-al-pais-no-cumple-la-cuarentena\/\" \/>\n<meta property=\"og:site_name\" content=\"Noticias Radio Reflejos\" \/>\n<meta property=\"article:published_time\" content=\"2021-06-27T23:57:21+00:00\" \/>\n<meta property=\"og:image\" content=\"https:\/\/www.telam.com.ar\/advf\/imagenes\/2020\/03\/5e7292af7f087.03.2020%20565_1004x565.jpg\" \/>\n<meta name=\"author\" content=\"Arnaldo Botto\" \/>\n<meta name=\"twitter:card\" content=\"summary_large_image\" \/>\n<script type=\"application\/ld+json\" class=\"yoast-schema-graph\">{\"@context\":\"https:\/\/schema.org\",\"@graph\":[{\"@type\":\"WebPage\",\"@id\":\"https:\/\/www.noticiasradioreflejos.com.ar\/2021\/migraciones-detecto-que-el-32-de-quienes-ingresaron-al-pais-no-cumple-la-cuarentena\/\",\"url\":\"https:\/\/www.noticiasradioreflejos.com.ar\/2021\/migraciones-detecto-que-el-32-de-quienes-ingresaron-al-pais-no-cumple-la-cuarentena\/\",\"name\":\"Migraciones detect\u00f3 que el 32% de quienes ingresaron al pa\u00eds no cumple la cuarentena - Noticias Radio Reflejos\",\"isPartOf\":{\"@id\":\"https:\/\/www.noticiasradioreflejos.com.ar\/2021\/#website\"},\"primaryImageOfPage\":{\"@id\":\"https:\/\/www.noticiasradioreflejos.com.ar\/2021\/migraciones-detecto-que-el-32-de-quienes-ingresaron-al-pais-no-cumple-la-cuarentena\/#primaryimage\"},\"image\":{\"@id\":\"https:\/\/www.noticiasradioreflejos.com.ar\/2021\/migraciones-detecto-que-el-32-de-quienes-ingresaron-al-pais-no-cumple-la-cuarentena\/#primaryimage\"},\"thumbnailUrl\":\"https:\/\/www.telam.com.ar\/advf\/imagenes\/2020\/03\/5e7292af7f087.03.2020%20565_1004x565.jpg\",\"datePublished\":\"2021-06-27T23:57:21+00:00\",\"author\":{\"@id\":\"https:\/\/www.noticiasradioreflejos.com.ar\/2021\/#\/schema\/person\/ad82545263dcc5ec0996818884fd5fb1\"},\"breadcrumb\":{\"@id\":\"https:\/\/www.noticiasradioreflejos.com.ar\/2021\/migraciones-detecto-que-el-32-de-quienes-ingresaron-al-pais-no-cumple-la-cuarentena\/#breadcrumb\"},\"inLanguage\":\"es\",\"potentialAction\":[{\"@type\":\"ReadAction\",\"target\":[\"https:\/\/www.noticiasradioreflejos.com.ar\/2021\/migraciones-detecto-que-el-32-de-quienes-ingresaron-al-pais-no-cumple-la-cuarentena\/\"]}]},{\"@type\":\"ImageObject\",\"inLanguage\":\"es\",\"@id\":\"https:\/\/www.noticiasradioreflejos.com.ar\/2021\/migraciones-detecto-que-el-32-de-quienes-ingresaron-al-pais-no-cumple-la-cuarentena\/#primaryimage\",\"url\":\"https:\/\/www.telam.com.ar\/advf\/imagenes\/2020\/03\/5e7292af7f087.03.2020%20565_1004x565.jpg\",\"contentUrl\":\"https:\/\/www.telam.com.ar\/advf\/imagenes\/2020\/03\/5e7292af7f087.03.2020%20565_1004x565.jpg\"},{\"@type\":\"BreadcrumbList\",\"@id\":\"https:\/\/www.noticiasradioreflejos.com.ar\/2021\/migraciones-detecto-que-el-32-de-quienes-ingresaron-al-pais-no-cumple-la-cuarentena\/#breadcrumb\",\"itemListElement\":[{\"@type\":\"ListItem\",\"position\":1,\"name\":\"Portada\",\"item\":\"https:\/\/www.noticiasradioreflejos.com.ar\/2021\/\"},{\"@type\":\"ListItem\",\"position\":2,\"name\":\"Migraciones detect\u00f3 que el 32% de quienes ingresaron al pa\u00eds no cumple la cuarentena\"}]},{\"@type\":\"WebSite\",\"@id\":\"https:\/\/www.noticiasradioreflejos.com.ar\/2021\/#website\",\"url\":\"https:\/\/www.noticiasradioreflejos.com.ar\/2021\/\",\"name\":\"Noticias Radio Reflejos\",\"description\":\"Las noticias de mi comarca\",\"potentialAction\":[{\"@type\":\"SearchAction\",\"target\":{\"@type\":\"EntryPoint\",\"urlTemplate\":\"https:\/\/www.noticiasradioreflejos.com.ar\/2021\/?s={search_term_string}\"},\"query-input\":{\"@type\":\"PropertyValueSpecification\",\"valueRequired\":true,\"valueName\":\"search_term_string\"}}],\"inLanguage\":\"es\"},{\"@type\":\"Person\",\"@id\":\"https:\/\/www.noticiasradioreflejos.com.ar\/2021\/#\/schema\/person\/ad82545263dcc5ec0996818884fd5fb1\",\"name\":\"Arnaldo Botto\",\"image\":{\"@type\":\"ImageObject\",\"inLanguage\":\"es\",\"@id\":\"https:\/\/www.noticiasradioreflejos.com.ar\/2021\/#\/schema\/person\/image\/\",\"url\":\"https:\/\/secure.gravatar.com\/avatar\/55cb5e37c1efa326397366e6974cb338056df65cb50e7d64d1cf314e87504837?s=96&d=mm&r=g\",\"contentUrl\":\"https:\/\/secure.gravatar.com\/avatar\/55cb5e37c1efa326397366e6974cb338056df65cb50e7d64d1cf314e87504837?s=96&d=mm&r=g\",\"caption\":\"Arnaldo Botto\"},\"url\":\"https:\/\/www.noticiasradioreflejos.com.ar\/2021\/author\/arnaldo\/\"}]}<\/script>\n<!-- \/ Yoast SEO plugin. -->","yoast_head_json":{"title":"Migraciones detect\u00f3 que el 32% de quienes ingresaron al pa\u00eds no cumple la cuarentena - Noticias Radio Reflejos","robots":{"index":"index","follow":"follow","max-snippet":"max-snippet:-1","max-image-preview":"max-image-preview:large","max-video-preview":"max-video-preview:-1"},"canonical":"https:\/\/www.noticiasradioreflejos.com.ar\/2021\/migraciones-detecto-que-el-32-de-quienes-ingresaron-al-pais-no-cumple-la-cuarentena\/","og_locale":"es_ES","og_type":"article","og_title":"Migraciones detect\u00f3 que el 32% de quienes ingresaron al pa\u00eds no cumple la cuarentena - Noticias Radio Reflejos","og_description":"Teniendo en cuenta los dos operativos sobre un total de 1.998 personas inspeccionadas, 691 no estaban en su domicilio, mientras que 307 efectivamente cumpl\u00edan el aislamiento en domicilio fijado.","og_url":"https:\/\/www.noticiasradioreflejos.com.ar\/2021\/migraciones-detecto-que-el-32-de-quienes-ingresaron-al-pais-no-cumple-la-cuarentena\/","og_site_name":"Noticias Radio Reflejos","article_published_time":"2021-06-27T23:57:21+00:00","og_image":[{"url":"https:\/\/www.telam.com.ar\/advf\/imagenes\/2020\/03\/5e7292af7f087.03.2020%20565_1004x565.jpg","type":"","width":"","height":""}],"author":"Arnaldo Botto","twitter_card":"summary_large_image","schema":{"@context":"https:\/\/schema.org","@graph":[{"@type":"WebPage","@id":"https:\/\/www.noticiasradioreflejos.com.ar\/2021\/migraciones-detecto-que-el-32-de-quienes-ingresaron-al-pais-no-cumple-la-cuarentena\/","url":"https:\/\/www.noticiasradioreflejos.com.ar\/2021\/migraciones-detecto-que-el-32-de-quienes-ingresaron-al-pais-no-cumple-la-cuarentena\/","name":"Migraciones detect\u00f3 que el 32% de quienes ingresaron al pa\u00eds no cumple la cuarentena - Noticias Radio Reflejos","isPartOf":{"@id":"https:\/\/www.noticiasradioreflejos.com.ar\/2021\/#website"},"primaryImageOfPage":{"@id":"https:\/\/www.noticiasradioreflejos.com.ar\/2021\/migraciones-detecto-que-el-32-de-quienes-ingresaron-al-pais-no-cumple-la-cuarentena\/#primaryimage"},"image":{"@id":"https:\/\/www.noticiasradioreflejos.com.ar\/2021\/migraciones-detecto-que-el-32-de-quienes-ingresaron-al-pais-no-cumple-la-cuarentena\/#primaryimage"},"thumbnailUrl":"https:\/\/www.telam.com.ar\/advf\/imagenes\/2020\/03\/5e7292af7f087.03.2020%20565_1004x565.jpg","datePublished":"2021-06-27T23:57:21+00:00","author":{"@id":"https:\/\/www.noticiasradioreflejos.com.ar\/2021\/#\/schema\/person\/ad82545263dcc5ec0996818884fd5fb1"},"breadcrumb":{"@id":"https:\/\/www.noticiasradioreflejos.com.ar\/2021\/migraciones-detecto-que-el-32-de-quienes-ingresaron-al-pais-no-cumple-la-cuarentena\/#breadcrumb"},"inLanguage":"es","potentialAction":[{"@type":"ReadAction","target":["https:\/\/www.noticiasradioreflejos.com.ar\/2021\/migraciones-detecto-que-el-32-de-quienes-ingresaron-al-pais-no-cumple-la-cuarentena\/"]}]},{"@type":"ImageObject","inLanguage":"es","@id":"https:\/\/www.noticiasradioreflejos.com.ar\/2021\/migraciones-detecto-que-el-32-de-quienes-ingresaron-al-pais-no-cumple-la-cuarentena\/#primaryimage","url":"https:\/\/www.telam.com.ar\/advf\/imagenes\/2020\/03\/5e7292af7f087.03.2020%20565_1004x565.jpg","contentUrl":"https:\/\/www.telam.com.ar\/advf\/imagenes\/2020\/03\/5e7292af7f087.03.2020%20565_1004x565.jpg"},{"@type":"BreadcrumbList","@id":"https:\/\/www.noticiasradioreflejos.com.ar\/2021\/migraciones-detecto-que-el-32-de-quienes-ingresaron-al-pais-no-cumple-la-cuarentena\/#breadcrumb","itemListElement":[{"@type":"ListItem","position":1,"name":"Portada","item":"https:\/\/www.noticiasradioreflejos.com.ar\/2021\/"},{"@type":"ListItem","position":2,"name":"Migraciones detect\u00f3 que el 32% de quienes ingresaron al pa\u00eds no cumple la cuarentena"}]},{"@type":"WebSite","@id":"https:\/\/www.noticiasradioreflejos.com.ar\/2021\/#website","url":"https:\/\/www.noticiasradioreflejos.com.ar\/2021\/","name":"Noticias Radio Reflejos","description":"Las noticias de mi comarca","potentialAction":[{"@type":"SearchAction","target":{"@type":"EntryPoint","urlTemplate":"https:\/\/www.noticiasradioreflejos.com.ar\/2021\/?s={search_term_string}"},"query-input":{"@type":"PropertyValueSpecification","valueRequired":true,"valueName":"search_term_string"}}],"inLanguage":"es"},{"@type":"Person","@id":"https:\/\/www.noticiasradioreflejos.com.ar\/2021\/#\/schema\/person\/ad82545263dcc5ec0996818884fd5fb1","name":"Arnaldo Botto","image":{"@type":"ImageObject","inLanguage":"es","@id":"https:\/\/www.noticiasradioreflejos.com.ar\/2021\/#\/schema\/person\/image\/","url":"https:\/\/secure.gravatar.com\/avatar\/55cb5e37c1efa326397366e6974cb338056df65cb50e7d64d1cf314e87504837?s=96&d=mm&r=g","contentUrl":"https:\/\/secure.gravatar.com\/avatar\/55cb5e37c1efa326397366e6974cb338056df65cb50e7d64d1cf314e87504837?s=96&d=mm&r=g","caption":"Arnaldo Botto"},"url":"https:\/\/www.noticiasradioreflejos.com.ar\/2021\/author\/arnaldo\/"}]}},"_links":{"self":[{"href":"https:\/\/www.noticiasradioreflejos.com.ar\/2021\/wp-json\/wp\/v2\/posts\/59389","targetHints":{"allow":["GET"]}}],"collection":[{"href":"https:\/\/www.noticiasradioreflejos.com.ar\/2021\/wp-json\/wp\/v2\/posts"}],"about":[{"href":"https:\/\/www.noticiasradioreflejos.com.ar\/2021\/wp-json\/wp\/v2\/types\/post"}],"author":[{"embeddable":true,"href":"https:\/\/www.noticiasradioreflejos.com.ar\/2021\/wp-json\/wp\/v2\/users\/3"}],"replies":[{"embeddable":true,"href":"https:\/\/www.noticiasradioreflejos.com.ar\/2021\/wp-json\/wp\/v2\/comments?post=59389"}],"version-history":[{"count":1,"href":"https:\/\/www.noticiasradioreflejos.com.ar\/2021\/wp-json\/wp\/v2\/posts\/59389\/revisions"}],"predecessor-version":[{"id":59391,"href":"https:\/\/www.noticiasradioreflejos.com.ar\/2021\/wp-json\/wp\/v2\/posts\/59389\/revisions\/59391"}],"wp:attachment":[{"href":"https:\/\/www.noticiasradioreflejos.com.ar\/2021\/wp-json\/wp\/v2\/media?parent=59389"}],"wp:term":[{"taxonomy":"category","embeddable":true,"href":"https:\/\/www.noticiasradioreflejos.com.ar\/2021\/wp-json\/wp\/v2\/categories?post=59389"},{"taxonomy":"post_tag","embeddable":true,"href":"https:\/\/www.noticiasradioreflejos.com.ar\/2021\/wp-json\/wp\/v2\/tags?post=59389"}],"curies":[{"name":"wp","href":"https:\/\/api.w.org\/{rel}","templated":true}]}}