{"id":59385,"date":"2021-06-27T23:52:35","date_gmt":"2021-06-27T23:52:35","guid":{"rendered":"http:\/\/www.noticiasradioreflejos.com.ar\/2021\/?p=59385"},"modified":"2021-06-27T23:52:35","modified_gmt":"2021-06-27T23:52:35","slug":"nevo-en-el-interior-bonaerense-y-no-descartan-que-suceda-en-la-plata-y-la-costa-atlantica","status":"publish","type":"post","link":"https:\/\/www.noticiasradioreflejos.com.ar\/2021\/nevo-en-el-interior-bonaerense-y-no-descartan-que-suceda-en-la-plata-y-la-costa-atlantica\/","title":{"rendered":"Nev\u00f3 en el interior bonaerense y no descartan que suceda en La Plata y la costa atl\u00e1ntica"},"content":{"rendered":"<div class=\"head-content\">\n<p>Este domingo hubo ca\u00edda de nieve en Lincoln, Ameghino, General Pinto, Coronel Pringles y sobre todo en la comarca tur\u00edstica de Sierra de la Ventana. En la Direcci\u00f3n de Hidrometeorolog\u00eda de la capital bonaerense, no descartan que se repita all\u00ed el fen\u00f3meno del 9 de julio de 2007, cuando tambi\u00e9n nev\u00f3 en CABA.<\/p>\n<\/div>\n<p><!--more--><\/p>\n<p><img loading=\"lazy\" decoding=\"async\" class=\"alignnone size-full wp-image-59386\" src=\"http:\/\/www.noticiasradioreflejos.com.ar\/2021\/wp-content\/uploads\/2021\/06\/208478890_6328512640507989_1710065815803826120_n.jpg\" alt=\"\" width=\"960\" height=\"720\" \/><\/p>\n<div class=\"main-content-block\">\n<div class=\"main-box clearfix\">\n<div class=\"wrapper-main-section clearfix\">\n<div class=\"wrapper-editable-content\">\n<div class=\"editable-content clearfix\">\n<div id=\"image\" class=\"image\">\n<div class=\"epigrafe\">La intensa ola de fr\u00edo provoc\u00f3 este domingo una nevada en la ciudad de Lincoln, as\u00ed como en Coronel Pringles, Ameghino y General Pinto, y el fen\u00f3meno podr\u00eda extenderse en las pr\u00f3ximas horas a otras localidades bonaerenses, en especial La Plata y ciudades de la costa atl\u00e1ntica, como sucedi\u00f3, respectivamente, en 2007 y 1991.<\/div>\n<\/div>\n<p>Fuentes consultadas del Servicio Meteorol\u00f3gico Nacional\u00a0<strong>no descartaron la posibilidad de una nevada en la capital provincial y la costa atl\u00e1ntica\u00a0<\/strong>por estas horas si se mantiene la ola de fr\u00edo y las condiciones climatol\u00f3gicas para que se d\u00e9 este fen\u00f3meno.<\/p>\n<p>Este domingo la nevada se prolong\u00f3 por dos horas en las ciudades de Lincoln, Ameghino, General Pinto y Coronel Pringles, y tambi\u00e9n pero en forma m\u00e1s leve en Bragado, donde el registro de nieve fue menor al de las otras ciudades.<\/p>\n<p>Seg\u00fan Meteored, en el noreste de Buenos Aires este tipo de situaciones se dan cuando, sobre\u00a0<strong>una gran masa de aire ant\u00e1rtico,<\/strong>\u00a0una perturbaci\u00f3n en altura aporte las condiciones de humedad y desarrollo de nubosidad necesaria.<\/p>\n<p>Asimismo, varias localidades de\u00a0<strong>la comarca tur\u00edstica de Sierra de la Ventana,<\/strong>\u00a0suroeste bonaerense, registraron este domingo la ca\u00edda de agua nieve que, por momentos, se convirti\u00f3 en copos, en una jornada con temperaturas de 4 grados bajo cero, seg\u00fan informaron fuentes comunales.<\/p>\n<div>El fen\u00f3meno se registr\u00f3 en las zonas altas conocidas como Abra de la Ventana, cerro Base Ventana y en la zona comprendida por el parque provincial Ernesto Tornquist ubicado sobre la ruta provincial 76.<\/div>\n<p>Por la tarde hubo\u00a0<strong>una copiosa ca\u00edda de nieve en las zonas m\u00e1s bajas ubicadas en Sierra de la Ventana y Villa Ventana<\/strong>, por lo cual los vecinos, pese al fr\u00edo, salieron a la calle para sacar fotos y filmar con sus tel\u00e9fonos celulares.Otros vecinos, se trasladaron con sus veh\u00edculos por la ruta provincial 76 hacia el sector del mirador, donde aprovecharon a jugar con los copos de nieve.<\/p>\n<p>Debido al fen\u00f3meno las autoridades<strong>\u00a0solicitaron circular con precauci\u00f3n sobre varios tramos de la ruta provincial 76 entre Sierra de la Ventana y Tornquist.<\/strong><\/p>\n<blockquote class=\"twitter-tweet\" data-width=\"500\" data-dnt=\"true\">\n<p lang=\"es\" dir=\"ltr\"><a href=\"https:\/\/twitter.com\/hashtag\/Ahora?src=hash&amp;ref_src=twsrc%5Etfw\">#Ahora<\/a> <a href=\"https:\/\/twitter.com\/hashtag\/Nieve?src=hash&amp;ref_src=twsrc%5Etfw\">#Nieve<\/a><br \/>Nieve en Lincoln y otras zonas de Buenos Aires\u2603\ufe0f<a href=\"https:\/\/twitter.com\/emergenciasAR?ref_src=twsrc%5Etfw\">@emergenciasAR<\/a> <a href=\"https:\/\/twitter.com\/emekavoces?ref_src=twsrc%5Etfw\">@emekavoces<\/a> <a href=\"https:\/\/twitter.com\/CharlieGonza07?ref_src=twsrc%5Etfw\">@CharlieGonza07<\/a> <a href=\"https:\/\/twitter.com\/RaimiRios?ref_src=twsrc%5Etfw\">@RaimiRios<\/a> <a href=\"https:\/\/twitter.com\/CostaOkis?ref_src=twsrc%5Etfw\">@CostaOkis<\/a> <a href=\"https:\/\/twitter.com\/tweet_quake?ref_src=twsrc%5Etfw\">@tweet_quake<\/a> <a href=\"https:\/\/twitter.com\/Discloser1?ref_src=twsrc%5Etfw\">@Discloser1<\/a> <a href=\"https:\/\/t.co\/qijK7OE7r1\">pic.twitter.com\/qijK7OE7r1<\/a><\/p>\n<p>&mdash; Tiempo AMBA (@Tiempo_AMBA) <a href=\"https:\/\/twitter.com\/Tiempo_AMBA\/status\/1409153021406322688?ref_src=twsrc%5Etfw\">June 27, 2021<\/a><\/p><\/blockquote>\n<p><script async src=\"https:\/\/platform.twitter.com\/widgets.js\" charset=\"utf-8\"><\/script><\/p>\n<p>Por su parte, Mauricio Sald\u00edvar, responsable de la Direcci\u00f3n de Hidrometeorolog\u00eda de la capital bonaerense, explic\u00f3 que la posibilidad es leve pero\u00a0<strong>podr\u00eda repetirse el fen\u00f3meno que se registr\u00f3 el 9 de julio de 2007.<\/strong><\/p>\n<p>La chance del fen\u00f3meno blanco se fundamenta en que \u00absi la componente del viento es mar\u00edtima, es altamente probable que con mayor temperatura evite la formaci\u00f3n de nieve. Para ello es necesario que el viento aporte fr\u00edo desde el continente ayudando a mantener las bajas temperaturas\u00bb.<\/p>\n<p>Sald\u00edvar explic\u00f3 que \u00abtenemos todas las condiciones favorables para ello. La chance sigue siendo baja aunque es m\u00e1s alta que en cualquier otra ocasi\u00f3n similar\u00bb.<\/p>\n<p>La posibilidad podr\u00eda registrarse\u00a0<strong>en las \u00faltimas horas de este domingo o la jornada del lunes,<\/strong>\u00a0donde las marcas t\u00e9rmicas pronosticadas son muy bajas y con chances de lluvias.<\/p>\n<\/div>\n<\/div>\n<\/div>\n<\/div>\n<\/div>\n","protected":false},"excerpt":{"rendered":"<p>Este domingo hubo ca\u00edda de nieve en Lincoln, Ameghino, General Pinto, Coronel Pringles y sobre todo en la comarca tur\u00edstica de Sierra de la Ventana. En la Direcci\u00f3n de Hidrometeorolog\u00eda de la capital bonaerense, no descartan que se repita all\u00ed el fen\u00f3meno del 9 de julio de 2007, cuando tambi\u00e9n nev\u00f3 en CABA.<\/p>\n","protected":false},"author":3,"featured_media":0,"comment_status":"closed","ping_status":"closed","sticky":false,"template":"","format":"standard","meta":{"footnotes":""},"categories":[26,33],"tags":[],"class_list":["post-59385","post","type-post","status-publish","format-standard","hentry","category-sociedad","category-turismo"],"yoast_head":"<!-- This site is optimized with the Yoast SEO plugin v25.9 - https:\/\/yoast.com\/wordpress\/plugins\/seo\/ -->\n<title>Nev\u00f3 en el interior bonaerense y no descartan que suceda en La Plata y la costa atl\u00e1ntica - Noticias Radio Reflejos<\/title>\n<meta name=\"robots\" content=\"index, follow, max-snippet:-1, max-image-preview:large, max-video-preview:-1\" \/>\n<link rel=\"canonical\" href=\"https:\/\/www.noticiasradioreflejos.com.ar\/2021\/nevo-en-el-interior-bonaerense-y-no-descartan-que-suceda-en-la-plata-y-la-costa-atlantica\/\" \/>\n<meta property=\"og:locale\" content=\"es_ES\" \/>\n<meta property=\"og:type\" content=\"article\" \/>\n<meta property=\"og:title\" content=\"Nev\u00f3 en el interior bonaerense y no descartan que suceda en La Plata y la costa atl\u00e1ntica - Noticias Radio Reflejos\" \/>\n<meta property=\"og:description\" content=\"Este domingo hubo ca\u00edda de nieve en Lincoln, Ameghino, General Pinto, Coronel Pringles y sobre todo en la comarca tur\u00edstica de Sierra de la Ventana. En la Direcci\u00f3n de Hidrometeorolog\u00eda de la capital bonaerense, no descartan que se repita all\u00ed el fen\u00f3meno del 9 de julio de 2007, cuando tambi\u00e9n nev\u00f3 en CABA.\" \/>\n<meta property=\"og:url\" content=\"https:\/\/www.noticiasradioreflejos.com.ar\/2021\/nevo-en-el-interior-bonaerense-y-no-descartan-que-suceda-en-la-plata-y-la-costa-atlantica\/\" \/>\n<meta property=\"og:site_name\" content=\"Noticias Radio Reflejos\" \/>\n<meta property=\"article:published_time\" content=\"2021-06-27T23:52:35+00:00\" \/>\n<meta property=\"og:image\" content=\"http:\/\/www.noticiasradioreflejos.com.ar\/2021\/wp-content\/uploads\/2021\/06\/208478890_6328512640507989_1710065815803826120_n.jpg\" \/>\n<meta name=\"author\" content=\"Arnaldo Botto\" \/>\n<meta name=\"twitter:card\" content=\"summary_large_image\" \/>\n<script type=\"application\/ld+json\" class=\"yoast-schema-graph\">{\"@context\":\"https:\/\/schema.org\",\"@graph\":[{\"@type\":\"WebPage\",\"@id\":\"https:\/\/www.noticiasradioreflejos.com.ar\/2021\/nevo-en-el-interior-bonaerense-y-no-descartan-que-suceda-en-la-plata-y-la-costa-atlantica\/\",\"url\":\"https:\/\/www.noticiasradioreflejos.com.ar\/2021\/nevo-en-el-interior-bonaerense-y-no-descartan-que-suceda-en-la-plata-y-la-costa-atlantica\/\",\"name\":\"Nev\u00f3 en el interior bonaerense y no descartan que suceda en La Plata y la costa atl\u00e1ntica - Noticias Radio Reflejos\",\"isPartOf\":{\"@id\":\"https:\/\/www.noticiasradioreflejos.com.ar\/2021\/#website\"},\"primaryImageOfPage\":{\"@id\":\"https:\/\/www.noticiasradioreflejos.com.ar\/2021\/nevo-en-el-interior-bonaerense-y-no-descartan-que-suceda-en-la-plata-y-la-costa-atlantica\/#primaryimage\"},\"image\":{\"@id\":\"https:\/\/www.noticiasradioreflejos.com.ar\/2021\/nevo-en-el-interior-bonaerense-y-no-descartan-que-suceda-en-la-plata-y-la-costa-atlantica\/#primaryimage\"},\"thumbnailUrl\":\"http:\/\/www.noticiasradioreflejos.com.ar\/2021\/wp-content\/uploads\/2021\/06\/208478890_6328512640507989_1710065815803826120_n.jpg\",\"datePublished\":\"2021-06-27T23:52:35+00:00\",\"author\":{\"@id\":\"https:\/\/www.noticiasradioreflejos.com.ar\/2021\/#\/schema\/person\/ad82545263dcc5ec0996818884fd5fb1\"},\"breadcrumb\":{\"@id\":\"https:\/\/www.noticiasradioreflejos.com.ar\/2021\/nevo-en-el-interior-bonaerense-y-no-descartan-que-suceda-en-la-plata-y-la-costa-atlantica\/#breadcrumb\"},\"inLanguage\":\"es\",\"potentialAction\":[{\"@type\":\"ReadAction\",\"target\":[\"https:\/\/www.noticiasradioreflejos.com.ar\/2021\/nevo-en-el-interior-bonaerense-y-no-descartan-que-suceda-en-la-plata-y-la-costa-atlantica\/\"]}]},{\"@type\":\"ImageObject\",\"inLanguage\":\"es\",\"@id\":\"https:\/\/www.noticiasradioreflejos.com.ar\/2021\/nevo-en-el-interior-bonaerense-y-no-descartan-que-suceda-en-la-plata-y-la-costa-atlantica\/#primaryimage\",\"url\":\"\",\"contentUrl\":\"\"},{\"@type\":\"BreadcrumbList\",\"@id\":\"https:\/\/www.noticiasradioreflejos.com.ar\/2021\/nevo-en-el-interior-bonaerense-y-no-descartan-que-suceda-en-la-plata-y-la-costa-atlantica\/#breadcrumb\",\"itemListElement\":[{\"@type\":\"ListItem\",\"position\":1,\"name\":\"Portada\",\"item\":\"https:\/\/www.noticiasradioreflejos.com.ar\/2021\/\"},{\"@type\":\"ListItem\",\"position\":2,\"name\":\"Nev\u00f3 en el interior bonaerense y no descartan que suceda en La Plata y la costa atl\u00e1ntica\"}]},{\"@type\":\"WebSite\",\"@id\":\"https:\/\/www.noticiasradioreflejos.com.ar\/2021\/#website\",\"url\":\"https:\/\/www.noticiasradioreflejos.com.ar\/2021\/\",\"name\":\"Noticias Radio Reflejos\",\"description\":\"Las noticias de mi comarca\",\"potentialAction\":[{\"@type\":\"SearchAction\",\"target\":{\"@type\":\"EntryPoint\",\"urlTemplate\":\"https:\/\/www.noticiasradioreflejos.com.ar\/2021\/?s={search_term_string}\"},\"query-input\":{\"@type\":\"PropertyValueSpecification\",\"valueRequired\":true,\"valueName\":\"search_term_string\"}}],\"inLanguage\":\"es\"},{\"@type\":\"Person\",\"@id\":\"https:\/\/www.noticiasradioreflejos.com.ar\/2021\/#\/schema\/person\/ad82545263dcc5ec0996818884fd5fb1\",\"name\":\"Arnaldo Botto\",\"image\":{\"@type\":\"ImageObject\",\"inLanguage\":\"es\",\"@id\":\"https:\/\/www.noticiasradioreflejos.com.ar\/2021\/#\/schema\/person\/image\/\",\"url\":\"https:\/\/secure.gravatar.com\/avatar\/55cb5e37c1efa326397366e6974cb338056df65cb50e7d64d1cf314e87504837?s=96&d=mm&r=g\",\"contentUrl\":\"https:\/\/secure.gravatar.com\/avatar\/55cb5e37c1efa326397366e6974cb338056df65cb50e7d64d1cf314e87504837?s=96&d=mm&r=g\",\"caption\":\"Arnaldo Botto\"},\"url\":\"https:\/\/www.noticiasradioreflejos.com.ar\/2021\/author\/arnaldo\/\"}]}<\/script>\n<!-- \/ Yoast SEO plugin. -->","yoast_head_json":{"title":"Nev\u00f3 en el interior bonaerense y no descartan que suceda en La Plata y la costa atl\u00e1ntica - Noticias Radio Reflejos","robots":{"index":"index","follow":"follow","max-snippet":"max-snippet:-1","max-image-preview":"max-image-preview:large","max-video-preview":"max-video-preview:-1"},"canonical":"https:\/\/www.noticiasradioreflejos.com.ar\/2021\/nevo-en-el-interior-bonaerense-y-no-descartan-que-suceda-en-la-plata-y-la-costa-atlantica\/","og_locale":"es_ES","og_type":"article","og_title":"Nev\u00f3 en el interior bonaerense y no descartan que suceda en La Plata y la costa atl\u00e1ntica - Noticias Radio Reflejos","og_description":"Este domingo hubo ca\u00edda de nieve en Lincoln, Ameghino, General Pinto, Coronel Pringles y sobre todo en la comarca tur\u00edstica de Sierra de la Ventana. En la Direcci\u00f3n de Hidrometeorolog\u00eda de la capital bonaerense, no descartan que se repita all\u00ed el fen\u00f3meno del 9 de julio de 2007, cuando tambi\u00e9n nev\u00f3 en CABA.","og_url":"https:\/\/www.noticiasradioreflejos.com.ar\/2021\/nevo-en-el-interior-bonaerense-y-no-descartan-que-suceda-en-la-plata-y-la-costa-atlantica\/","og_site_name":"Noticias Radio Reflejos","article_published_time":"2021-06-27T23:52:35+00:00","og_image":[{"url":"http:\/\/www.noticiasradioreflejos.com.ar\/2021\/wp-content\/uploads\/2021\/06\/208478890_6328512640507989_1710065815803826120_n.jpg","type":"","width":"","height":""}],"author":"Arnaldo Botto","twitter_card":"summary_large_image","schema":{"@context":"https:\/\/schema.org","@graph":[{"@type":"WebPage","@id":"https:\/\/www.noticiasradioreflejos.com.ar\/2021\/nevo-en-el-interior-bonaerense-y-no-descartan-que-suceda-en-la-plata-y-la-costa-atlantica\/","url":"https:\/\/www.noticiasradioreflejos.com.ar\/2021\/nevo-en-el-interior-bonaerense-y-no-descartan-que-suceda-en-la-plata-y-la-costa-atlantica\/","name":"Nev\u00f3 en el interior bonaerense y no descartan que suceda en La Plata y la costa atl\u00e1ntica - Noticias Radio Reflejos","isPartOf":{"@id":"https:\/\/www.noticiasradioreflejos.com.ar\/2021\/#website"},"primaryImageOfPage":{"@id":"https:\/\/www.noticiasradioreflejos.com.ar\/2021\/nevo-en-el-interior-bonaerense-y-no-descartan-que-suceda-en-la-plata-y-la-costa-atlantica\/#primaryimage"},"image":{"@id":"https:\/\/www.noticiasradioreflejos.com.ar\/2021\/nevo-en-el-interior-bonaerense-y-no-descartan-que-suceda-en-la-plata-y-la-costa-atlantica\/#primaryimage"},"thumbnailUrl":"http:\/\/www.noticiasradioreflejos.com.ar\/2021\/wp-content\/uploads\/2021\/06\/208478890_6328512640507989_1710065815803826120_n.jpg","datePublished":"2021-06-27T23:52:35+00:00","author":{"@id":"https:\/\/www.noticiasradioreflejos.com.ar\/2021\/#\/schema\/person\/ad82545263dcc5ec0996818884fd5fb1"},"breadcrumb":{"@id":"https:\/\/www.noticiasradioreflejos.com.ar\/2021\/nevo-en-el-interior-bonaerense-y-no-descartan-que-suceda-en-la-plata-y-la-costa-atlantica\/#breadcrumb"},"inLanguage":"es","potentialAction":[{"@type":"ReadAction","target":["https:\/\/www.noticiasradioreflejos.com.ar\/2021\/nevo-en-el-interior-bonaerense-y-no-descartan-que-suceda-en-la-plata-y-la-costa-atlantica\/"]}]},{"@type":"ImageObject","inLanguage":"es","@id":"https:\/\/www.noticiasradioreflejos.com.ar\/2021\/nevo-en-el-interior-bonaerense-y-no-descartan-que-suceda-en-la-plata-y-la-costa-atlantica\/#primaryimage","url":"","contentUrl":""},{"@type":"BreadcrumbList","@id":"https:\/\/www.noticiasradioreflejos.com.ar\/2021\/nevo-en-el-interior-bonaerense-y-no-descartan-que-suceda-en-la-plata-y-la-costa-atlantica\/#breadcrumb","itemListElement":[{"@type":"ListItem","position":1,"name":"Portada","item":"https:\/\/www.noticiasradioreflejos.com.ar\/2021\/"},{"@type":"ListItem","position":2,"name":"Nev\u00f3 en el interior bonaerense y no descartan que suceda en La Plata y la costa atl\u00e1ntica"}]},{"@type":"WebSite","@id":"https:\/\/www.noticiasradioreflejos.com.ar\/2021\/#website","url":"https:\/\/www.noticiasradioreflejos.com.ar\/2021\/","name":"Noticias Radio Reflejos","description":"Las noticias de mi comarca","potentialAction":[{"@type":"SearchAction","target":{"@type":"EntryPoint","urlTemplate":"https:\/\/www.noticiasradioreflejos.com.ar\/2021\/?s={search_term_string}"},"query-input":{"@type":"PropertyValueSpecification","valueRequired":true,"valueName":"search_term_string"}}],"inLanguage":"es"},{"@type":"Person","@id":"https:\/\/www.noticiasradioreflejos.com.ar\/2021\/#\/schema\/person\/ad82545263dcc5ec0996818884fd5fb1","name":"Arnaldo Botto","image":{"@type":"ImageObject","inLanguage":"es","@id":"https:\/\/www.noticiasradioreflejos.com.ar\/2021\/#\/schema\/person\/image\/","url":"https:\/\/secure.gravatar.com\/avatar\/55cb5e37c1efa326397366e6974cb338056df65cb50e7d64d1cf314e87504837?s=96&d=mm&r=g","contentUrl":"https:\/\/secure.gravatar.com\/avatar\/55cb5e37c1efa326397366e6974cb338056df65cb50e7d64d1cf314e87504837?s=96&d=mm&r=g","caption":"Arnaldo Botto"},"url":"https:\/\/www.noticiasradioreflejos.com.ar\/2021\/author\/arnaldo\/"}]}},"_links":{"self":[{"href":"https:\/\/www.noticiasradioreflejos.com.ar\/2021\/wp-json\/wp\/v2\/posts\/59385","targetHints":{"allow":["GET"]}}],"collection":[{"href":"https:\/\/www.noticiasradioreflejos.com.ar\/2021\/wp-json\/wp\/v2\/posts"}],"about":[{"href":"https:\/\/www.noticiasradioreflejos.com.ar\/2021\/wp-json\/wp\/v2\/types\/post"}],"author":[{"embeddable":true,"href":"https:\/\/www.noticiasradioreflejos.com.ar\/2021\/wp-json\/wp\/v2\/users\/3"}],"replies":[{"embeddable":true,"href":"https:\/\/www.noticiasradioreflejos.com.ar\/2021\/wp-json\/wp\/v2\/comments?post=59385"}],"version-history":[{"count":1,"href":"https:\/\/www.noticiasradioreflejos.com.ar\/2021\/wp-json\/wp\/v2\/posts\/59385\/revisions"}],"predecessor-version":[{"id":59388,"href":"https:\/\/www.noticiasradioreflejos.com.ar\/2021\/wp-json\/wp\/v2\/posts\/59385\/revisions\/59388"}],"wp:attachment":[{"href":"https:\/\/www.noticiasradioreflejos.com.ar\/2021\/wp-json\/wp\/v2\/media?parent=59385"}],"wp:term":[{"taxonomy":"category","embeddable":true,"href":"https:\/\/www.noticiasradioreflejos.com.ar\/2021\/wp-json\/wp\/v2\/categories?post=59385"},{"taxonomy":"post_tag","embeddable":true,"href":"https:\/\/www.noticiasradioreflejos.com.ar\/2021\/wp-json\/wp\/v2\/tags?post=59385"}],"curies":[{"name":"wp","href":"https:\/\/api.w.org\/{rel}","templated":true}]}}