{"id":59381,"date":"2021-06-27T23:23:13","date_gmt":"2021-06-27T23:23:13","guid":{"rendered":"http:\/\/www.noticiasradioreflejos.com.ar\/2021\/?p=59381"},"modified":"2021-06-27T23:23:26","modified_gmt":"2021-06-27T23:23:26","slug":"cuatro-heridos-en-un-choque-sobre-la-ruta-nac-33","status":"publish","type":"post","link":"https:\/\/www.noticiasradioreflejos.com.ar\/2021\/cuatro-heridos-en-un-choque-sobre-la-ruta-nac-33\/","title":{"rendered":"Cuatro heridos en un choque sobre la Ruta Nac. 33"},"content":{"rendered":"<div class=\"hnoti\">En la ruta 33 Kil\u00f3metro 19, en cercan\u00edas de Bah\u00eda Blanca, se produjo este domingo alrededor de la hora 17.40 un accidente de tr\u00e1nsito con dos autos que chocaron de frente.<\/div>\n<p><!--more--><br \/>\n<a title=\"1c08c304826c4ccfb31d01cce34dcfb4.jpg_1156\" href=\"https:\/\/www.flickr.com\/photos\/182279889@N02\/51274368232\/in\/dateposted-public\/\" data-flickr-embed=\"true\"><img loading=\"lazy\" decoding=\"async\" src=\"https:\/\/live.staticflickr.com\/65535\/51274368232_669541eda4_c.jpg\" alt=\"1c08c304826c4ccfb31d01cce34dcfb4.jpg_1156\" width=\"800\" height=\"600\" \/><\/a><script async src=\"\/\/embedr.flickr.com\/assets\/client-code.js\" charset=\"utf-8\"><\/script><\/p>\n<p>Los veh\u00edculos involucrados son un Nissan( JYY 452) conducido por\u00a0<strong>C\u00e9sar Washington PUENTE(45)\u00a0<\/strong>qui\u00e9n sufri\u00f3 traumatismo cerrado de t\u00f3rax y fractura expuesta de tibia y peron\u00e9 con m\u00faltiples traumatismos. Su acompa\u00f1ante\u00a0<strong>Silvia Noem\u00ed SANCHEZ(41),<\/strong>\u00a0termin\u00f3 con politraumatismos y herida cortante en miembro inferior, adem\u00e1s viajaba otro hombre de 25 a\u00f1os, tuvo politraumatismos y traumatismo de t\u00f3rax y dos menores de muy corta edad, estos tres no se pudieron identificar, todos trasladados en ambulancias del servicio Siempre.<\/p>\n<p>En el otro veh\u00edculo \u00a0Honda (AD 494 TQ) se movilizaban\u00a0<strong>Daniel \u00c1LVAREZ (71)<\/strong>\u00a0que sufri\u00f3 fractura de f\u00e9mur tibia y peron\u00e9, politraumatismos y heridas cortantes acompa\u00f1ado por\u00a0<strong>Maria MEDINA (66)<\/strong> que termin\u00f3 con heridas cortantes en el abdomen y politraumatismos, ambos tambi\u00e9n fueron trasladados en ambulancia del servicio siempre, \u00a0trabaj\u00f3 en el lugar personal de comisar\u00eda s\u00e9ptima , polic\u00eda vial, guardia de defensa civil, bomberos central Bah\u00eda Blanca y bomberos de Tornquist.<\/p>\n<p>Fuente:Defensa Civil Bah\u00eda Blanca<\/p>\n<p><a data-flickr-embed=\"true\" href=\"https:\/\/www.flickr.com\/photos\/182279889@N02\/51275845459\/in\/dateposted-public\/\" title=\"82c2cd505b3e48f8baeb177376effec2.jpg_1156\"><img loading=\"lazy\" decoding=\"async\" src=\"https:\/\/live.staticflickr.com\/65535\/51275845459_89a51713c7_c.jpg\" width=\"800\" height=\"600\" alt=\"82c2cd505b3e48f8baeb177376effec2.jpg_1156\"><\/a><script async src=\"\/\/embedr.flickr.com\/assets\/client-code.js\" charset=\"utf-8\"><\/script><\/p>\n<p><a data-flickr-embed=\"true\" href=\"https:\/\/www.flickr.com\/photos\/182279889@N02\/51274368302\/in\/dateposted-public\/\" title=\"8865bef785a54594becb3f4ce71bd1ac.jpg_1156\"><img loading=\"lazy\" decoding=\"async\" src=\"https:\/\/live.staticflickr.com\/65535\/51274368302_c8739275b0_c.jpg\" width=\"800\" height=\"600\" alt=\"8865bef785a54594becb3f4ce71bd1ac.jpg_1156\"><\/a><script async src=\"\/\/embedr.flickr.com\/assets\/client-code.js\" charset=\"utf-8\"><\/script><\/p>\n","protected":false},"excerpt":{"rendered":"<p>En la ruta 33 Kil\u00f3metro 19, en cercan\u00edas de Bah\u00eda Blanca, se produjo este domingo alrededor de la hora 17.40 un accidente de tr\u00e1nsito con dos autos que chocaron de frente.<\/p>\n","protected":false},"author":3,"featured_media":0,"comment_status":"closed","ping_status":"closed","sticky":false,"template":"","format":"standard","meta":{"footnotes":""},"categories":[29],"tags":[],"class_list":["post-59381","post","type-post","status-publish","format-standard","hentry","category-policiales"],"yoast_head":"<!-- This site is optimized with the Yoast SEO plugin v25.9 - https:\/\/yoast.com\/wordpress\/plugins\/seo\/ -->\n<title>Cuatro heridos en un choque sobre la Ruta Nac. 33 - Noticias Radio Reflejos<\/title>\n<meta name=\"robots\" content=\"index, follow, max-snippet:-1, max-image-preview:large, max-video-preview:-1\" \/>\n<link rel=\"canonical\" href=\"https:\/\/www.noticiasradioreflejos.com.ar\/2021\/cuatro-heridos-en-un-choque-sobre-la-ruta-nac-33\/\" \/>\n<meta property=\"og:locale\" content=\"es_ES\" \/>\n<meta property=\"og:type\" content=\"article\" \/>\n<meta property=\"og:title\" content=\"Cuatro heridos en un choque sobre la Ruta Nac. 33 - Noticias Radio Reflejos\" \/>\n<meta property=\"og:description\" content=\"En la ruta 33 Kil\u00f3metro 19, en cercan\u00edas de Bah\u00eda Blanca, se produjo este domingo alrededor de la hora 17.40 un accidente de tr\u00e1nsito con dos autos que chocaron de frente.\" \/>\n<meta property=\"og:url\" content=\"https:\/\/www.noticiasradioreflejos.com.ar\/2021\/cuatro-heridos-en-un-choque-sobre-la-ruta-nac-33\/\" \/>\n<meta property=\"og:site_name\" content=\"Noticias Radio Reflejos\" \/>\n<meta property=\"article:published_time\" content=\"2021-06-27T23:23:13+00:00\" \/>\n<meta property=\"article:modified_time\" content=\"2021-06-27T23:23:26+00:00\" \/>\n<meta property=\"og:image\" content=\"https:\/\/live.staticflickr.com\/65535\/51274368232_669541eda4_c.jpg\" \/>\n<meta name=\"author\" content=\"Arnaldo Botto\" \/>\n<meta name=\"twitter:card\" content=\"summary_large_image\" \/>\n<script type=\"application\/ld+json\" class=\"yoast-schema-graph\">{\"@context\":\"https:\/\/schema.org\",\"@graph\":[{\"@type\":\"WebPage\",\"@id\":\"https:\/\/www.noticiasradioreflejos.com.ar\/2021\/cuatro-heridos-en-un-choque-sobre-la-ruta-nac-33\/\",\"url\":\"https:\/\/www.noticiasradioreflejos.com.ar\/2021\/cuatro-heridos-en-un-choque-sobre-la-ruta-nac-33\/\",\"name\":\"Cuatro heridos en un choque sobre la Ruta Nac. 33 - Noticias Radio Reflejos\",\"isPartOf\":{\"@id\":\"https:\/\/www.noticiasradioreflejos.com.ar\/2021\/#website\"},\"primaryImageOfPage\":{\"@id\":\"https:\/\/www.noticiasradioreflejos.com.ar\/2021\/cuatro-heridos-en-un-choque-sobre-la-ruta-nac-33\/#primaryimage\"},\"image\":{\"@id\":\"https:\/\/www.noticiasradioreflejos.com.ar\/2021\/cuatro-heridos-en-un-choque-sobre-la-ruta-nac-33\/#primaryimage\"},\"thumbnailUrl\":\"https:\/\/live.staticflickr.com\/65535\/51274368232_669541eda4_c.jpg\",\"datePublished\":\"2021-06-27T23:23:13+00:00\",\"dateModified\":\"2021-06-27T23:23:26+00:00\",\"author\":{\"@id\":\"https:\/\/www.noticiasradioreflejos.com.ar\/2021\/#\/schema\/person\/ad82545263dcc5ec0996818884fd5fb1\"},\"breadcrumb\":{\"@id\":\"https:\/\/www.noticiasradioreflejos.com.ar\/2021\/cuatro-heridos-en-un-choque-sobre-la-ruta-nac-33\/#breadcrumb\"},\"inLanguage\":\"es\",\"potentialAction\":[{\"@type\":\"ReadAction\",\"target\":[\"https:\/\/www.noticiasradioreflejos.com.ar\/2021\/cuatro-heridos-en-un-choque-sobre-la-ruta-nac-33\/\"]}]},{\"@type\":\"ImageObject\",\"inLanguage\":\"es\",\"@id\":\"https:\/\/www.noticiasradioreflejos.com.ar\/2021\/cuatro-heridos-en-un-choque-sobre-la-ruta-nac-33\/#primaryimage\",\"url\":\"https:\/\/live.staticflickr.com\/65535\/51274368232_669541eda4_c.jpg\",\"contentUrl\":\"https:\/\/live.staticflickr.com\/65535\/51274368232_669541eda4_c.jpg\"},{\"@type\":\"BreadcrumbList\",\"@id\":\"https:\/\/www.noticiasradioreflejos.com.ar\/2021\/cuatro-heridos-en-un-choque-sobre-la-ruta-nac-33\/#breadcrumb\",\"itemListElement\":[{\"@type\":\"ListItem\",\"position\":1,\"name\":\"Portada\",\"item\":\"https:\/\/www.noticiasradioreflejos.com.ar\/2021\/\"},{\"@type\":\"ListItem\",\"position\":2,\"name\":\"Cuatro heridos en un choque sobre la Ruta Nac. 33\"}]},{\"@type\":\"WebSite\",\"@id\":\"https:\/\/www.noticiasradioreflejos.com.ar\/2021\/#website\",\"url\":\"https:\/\/www.noticiasradioreflejos.com.ar\/2021\/\",\"name\":\"Noticias Radio Reflejos\",\"description\":\"Las noticias de mi comarca\",\"potentialAction\":[{\"@type\":\"SearchAction\",\"target\":{\"@type\":\"EntryPoint\",\"urlTemplate\":\"https:\/\/www.noticiasradioreflejos.com.ar\/2021\/?s={search_term_string}\"},\"query-input\":{\"@type\":\"PropertyValueSpecification\",\"valueRequired\":true,\"valueName\":\"search_term_string\"}}],\"inLanguage\":\"es\"},{\"@type\":\"Person\",\"@id\":\"https:\/\/www.noticiasradioreflejos.com.ar\/2021\/#\/schema\/person\/ad82545263dcc5ec0996818884fd5fb1\",\"name\":\"Arnaldo Botto\",\"image\":{\"@type\":\"ImageObject\",\"inLanguage\":\"es\",\"@id\":\"https:\/\/www.noticiasradioreflejos.com.ar\/2021\/#\/schema\/person\/image\/\",\"url\":\"https:\/\/secure.gravatar.com\/avatar\/55cb5e37c1efa326397366e6974cb338056df65cb50e7d64d1cf314e87504837?s=96&d=mm&r=g\",\"contentUrl\":\"https:\/\/secure.gravatar.com\/avatar\/55cb5e37c1efa326397366e6974cb338056df65cb50e7d64d1cf314e87504837?s=96&d=mm&r=g\",\"caption\":\"Arnaldo Botto\"},\"url\":\"https:\/\/www.noticiasradioreflejos.com.ar\/2021\/author\/arnaldo\/\"}]}<\/script>\n<!-- \/ Yoast SEO plugin. -->","yoast_head_json":{"title":"Cuatro heridos en un choque sobre la Ruta Nac. 33 - Noticias Radio Reflejos","robots":{"index":"index","follow":"follow","max-snippet":"max-snippet:-1","max-image-preview":"max-image-preview:large","max-video-preview":"max-video-preview:-1"},"canonical":"https:\/\/www.noticiasradioreflejos.com.ar\/2021\/cuatro-heridos-en-un-choque-sobre-la-ruta-nac-33\/","og_locale":"es_ES","og_type":"article","og_title":"Cuatro heridos en un choque sobre la Ruta Nac. 33 - Noticias Radio Reflejos","og_description":"En la ruta 33 Kil\u00f3metro 19, en cercan\u00edas de Bah\u00eda Blanca, se produjo este domingo alrededor de la hora 17.40 un accidente de tr\u00e1nsito con dos autos que chocaron de frente.","og_url":"https:\/\/www.noticiasradioreflejos.com.ar\/2021\/cuatro-heridos-en-un-choque-sobre-la-ruta-nac-33\/","og_site_name":"Noticias Radio Reflejos","article_published_time":"2021-06-27T23:23:13+00:00","article_modified_time":"2021-06-27T23:23:26+00:00","og_image":[{"url":"https:\/\/live.staticflickr.com\/65535\/51274368232_669541eda4_c.jpg","type":"","width":"","height":""}],"author":"Arnaldo Botto","twitter_card":"summary_large_image","schema":{"@context":"https:\/\/schema.org","@graph":[{"@type":"WebPage","@id":"https:\/\/www.noticiasradioreflejos.com.ar\/2021\/cuatro-heridos-en-un-choque-sobre-la-ruta-nac-33\/","url":"https:\/\/www.noticiasradioreflejos.com.ar\/2021\/cuatro-heridos-en-un-choque-sobre-la-ruta-nac-33\/","name":"Cuatro heridos en un choque sobre la Ruta Nac. 33 - Noticias Radio Reflejos","isPartOf":{"@id":"https:\/\/www.noticiasradioreflejos.com.ar\/2021\/#website"},"primaryImageOfPage":{"@id":"https:\/\/www.noticiasradioreflejos.com.ar\/2021\/cuatro-heridos-en-un-choque-sobre-la-ruta-nac-33\/#primaryimage"},"image":{"@id":"https:\/\/www.noticiasradioreflejos.com.ar\/2021\/cuatro-heridos-en-un-choque-sobre-la-ruta-nac-33\/#primaryimage"},"thumbnailUrl":"https:\/\/live.staticflickr.com\/65535\/51274368232_669541eda4_c.jpg","datePublished":"2021-06-27T23:23:13+00:00","dateModified":"2021-06-27T23:23:26+00:00","author":{"@id":"https:\/\/www.noticiasradioreflejos.com.ar\/2021\/#\/schema\/person\/ad82545263dcc5ec0996818884fd5fb1"},"breadcrumb":{"@id":"https:\/\/www.noticiasradioreflejos.com.ar\/2021\/cuatro-heridos-en-un-choque-sobre-la-ruta-nac-33\/#breadcrumb"},"inLanguage":"es","potentialAction":[{"@type":"ReadAction","target":["https:\/\/www.noticiasradioreflejos.com.ar\/2021\/cuatro-heridos-en-un-choque-sobre-la-ruta-nac-33\/"]}]},{"@type":"ImageObject","inLanguage":"es","@id":"https:\/\/www.noticiasradioreflejos.com.ar\/2021\/cuatro-heridos-en-un-choque-sobre-la-ruta-nac-33\/#primaryimage","url":"https:\/\/live.staticflickr.com\/65535\/51274368232_669541eda4_c.jpg","contentUrl":"https:\/\/live.staticflickr.com\/65535\/51274368232_669541eda4_c.jpg"},{"@type":"BreadcrumbList","@id":"https:\/\/www.noticiasradioreflejos.com.ar\/2021\/cuatro-heridos-en-un-choque-sobre-la-ruta-nac-33\/#breadcrumb","itemListElement":[{"@type":"ListItem","position":1,"name":"Portada","item":"https:\/\/www.noticiasradioreflejos.com.ar\/2021\/"},{"@type":"ListItem","position":2,"name":"Cuatro heridos en un choque sobre la Ruta Nac. 33"}]},{"@type":"WebSite","@id":"https:\/\/www.noticiasradioreflejos.com.ar\/2021\/#website","url":"https:\/\/www.noticiasradioreflejos.com.ar\/2021\/","name":"Noticias Radio Reflejos","description":"Las noticias de mi comarca","potentialAction":[{"@type":"SearchAction","target":{"@type":"EntryPoint","urlTemplate":"https:\/\/www.noticiasradioreflejos.com.ar\/2021\/?s={search_term_string}"},"query-input":{"@type":"PropertyValueSpecification","valueRequired":true,"valueName":"search_term_string"}}],"inLanguage":"es"},{"@type":"Person","@id":"https:\/\/www.noticiasradioreflejos.com.ar\/2021\/#\/schema\/person\/ad82545263dcc5ec0996818884fd5fb1","name":"Arnaldo Botto","image":{"@type":"ImageObject","inLanguage":"es","@id":"https:\/\/www.noticiasradioreflejos.com.ar\/2021\/#\/schema\/person\/image\/","url":"https:\/\/secure.gravatar.com\/avatar\/55cb5e37c1efa326397366e6974cb338056df65cb50e7d64d1cf314e87504837?s=96&d=mm&r=g","contentUrl":"https:\/\/secure.gravatar.com\/avatar\/55cb5e37c1efa326397366e6974cb338056df65cb50e7d64d1cf314e87504837?s=96&d=mm&r=g","caption":"Arnaldo Botto"},"url":"https:\/\/www.noticiasradioreflejos.com.ar\/2021\/author\/arnaldo\/"}]}},"_links":{"self":[{"href":"https:\/\/www.noticiasradioreflejos.com.ar\/2021\/wp-json\/wp\/v2\/posts\/59381","targetHints":{"allow":["GET"]}}],"collection":[{"href":"https:\/\/www.noticiasradioreflejos.com.ar\/2021\/wp-json\/wp\/v2\/posts"}],"about":[{"href":"https:\/\/www.noticiasradioreflejos.com.ar\/2021\/wp-json\/wp\/v2\/types\/post"}],"author":[{"embeddable":true,"href":"https:\/\/www.noticiasradioreflejos.com.ar\/2021\/wp-json\/wp\/v2\/users\/3"}],"replies":[{"embeddable":true,"href":"https:\/\/www.noticiasradioreflejos.com.ar\/2021\/wp-json\/wp\/v2\/comments?post=59381"}],"version-history":[{"count":1,"href":"https:\/\/www.noticiasradioreflejos.com.ar\/2021\/wp-json\/wp\/v2\/posts\/59381\/revisions"}],"predecessor-version":[{"id":59383,"href":"https:\/\/www.noticiasradioreflejos.com.ar\/2021\/wp-json\/wp\/v2\/posts\/59381\/revisions\/59383"}],"wp:attachment":[{"href":"https:\/\/www.noticiasradioreflejos.com.ar\/2021\/wp-json\/wp\/v2\/media?parent=59381"}],"wp:term":[{"taxonomy":"category","embeddable":true,"href":"https:\/\/www.noticiasradioreflejos.com.ar\/2021\/wp-json\/wp\/v2\/categories?post=59381"},{"taxonomy":"post_tag","embeddable":true,"href":"https:\/\/www.noticiasradioreflejos.com.ar\/2021\/wp-json\/wp\/v2\/tags?post=59381"}],"curies":[{"name":"wp","href":"https:\/\/api.w.org\/{rel}","templated":true}]}}