{"id":59357,"date":"2021-06-27T16:17:39","date_gmt":"2021-06-27T16:17:39","guid":{"rendered":"http:\/\/www.noticiasradioreflejos.com.ar\/2021\/?p=59357"},"modified":"2021-06-27T16:17:39","modified_gmt":"2021-06-27T16:17:39","slug":"el-presidente-encabezo-una-ceremonia-en-memoria-de-los-muertos-por-coronavirus","status":"publish","type":"post","link":"https:\/\/www.noticiasradioreflejos.com.ar\/2021\/el-presidente-encabezo-una-ceremonia-en-memoria-de-los-muertos-por-coronavirus\/","title":{"rendered":"El Presidente encabez\u00f3 una ceremonia en memoria de los muertos por coronavirus"},"content":{"rendered":"<div class=\"head-content\">\n<p>El encuentro se realiz\u00f3 en el CCK y cont\u00f3 con la participaci\u00f3n de representantes de los diversos credos, trabajadores esenciales durante la pandemia y gobernadores.<\/p>\n<div class=\"addthis_custom_sharing\" data-url=\"https:\/\/www.telam.com.ar\/notas\/202106\/559190-el-presidente-encabeza-una-ceremonia-en-memoria-de-los-muertos-por-coronavirus.html\" data-title=\"El Presidente encabez\u00f3 una ceremonia en memoria de los muertos por coronavirus \" data-description=\"El encuentro se realiz\u00f3 en el CCK y cont\u00f3 con la participaci\u00f3n de representantes de los diversos credos, trabajadores esenciales durante la pandemia y gobernadores.\">\n<div id=\"atstbx\" class=\"at-resp-share-element at-style-responsive addthis-smartlayers addthis-animated at4-show\" role=\"region\" aria-labelledby=\"at-ffbe553d-b4b7-4a23-ba70-2f8b3a4e7c03\"><span id=\"at-ffbe553d-b4b7-4a23-ba70-2f8b3a4e7c03\" class=\"at4-visually-hidden\"><\/span><\/p>\n<div class=\"at-share-btn-elements\"><\/div>\n<\/div>\n<\/div>\n<\/div>\n<p><!--more--><\/p>\n<div class=\"main-content-block\">\n<div class=\"main-box clearfix\">\n<div class=\"wrapper-main-section clearfix\">\n<div class=\"wrapper-editable-content\">\n<div class=\"editable-content clearfix\">\n<div id=\"image\" class=\"image\"><img decoding=\"async\" title=\"\" src=\"https:\/\/www.telam.com.ar\/advf\/imagenes\/2021\/06\/60d89e84dc6a6_1004x565.jpg\" alt=\"\" \/><\/div>\n<p>El presidente Alberto Fern\u00e1ndez encabez\u00f3 en el Centro Cultural Kirchner (CCK) una ceremonia en memoria de los fallecidos por coronavirus en todo el pa\u00eds, desde el inicio de la pandemia en marzo del a\u00f1o pasado.<\/p>\n<p>El encuentro se realiz\u00f3 desde las 12 en el CCK y fueron invitados representantes de los diversos credos, trabajadores esenciales durante la pandemia y mandatarios provinciales.<\/p>\n<p>Los primeros gobernadores en arribar, pasadas las 11.30, fueron los mandatarios de San Juan, Sergio U\u00f1ac; de Formosa, Gildo Insfr\u00e1n; de Neuqu\u00e9n, Omar Guti\u00e9rrez; y de Santiago del Estero, Gerardo Zamora.<\/p>\n<p>Cerca de las 11.45 lo hicieron el gobernador bonaerense, Axel Kicillof, y el jefe de Gobierno porte\u00f1o, Horacio Rodr\u00edguez Larreta.<\/p>\n<p>El acto fue breve y el jefe de Estado dirigi\u00f3 unas palabras para invitar a \u00abun instante de recogimiento para la Argentina, con el objetivo de realizar mancomunadamente una reflexi\u00f3n y un recuerdo hacia quienes perdieron la vida durante la pandemia\u00bb, indic\u00f3 el Gobierno en un comunicado.<\/p>\n<p>\u00abAnte el dolor y las p\u00e9rdidas que produce la pandemia es importante que toda la Argentina pueda encontrarse en un momento de uni\u00f3n y de memoria\u00bb, a\u00f1adi\u00f3.<\/p><\/div>\n<\/div>\n<\/div>\n<\/div>\n<\/div>\n","protected":false},"excerpt":{"rendered":"<p>El encuentro se realiz\u00f3 en el CCK y cont\u00f3 con la participaci\u00f3n de representantes de los diversos credos, trabajadores esenciales durante la pandemia y gobernadores.<\/p>\n","protected":false},"author":3,"featured_media":0,"comment_status":"closed","ping_status":"closed","sticky":false,"template":"","format":"standard","meta":{"footnotes":""},"categories":[24],"tags":[],"class_list":["post-59357","post","type-post","status-publish","format-standard","hentry","category-politica"],"yoast_head":"<!-- This site is optimized with the Yoast SEO plugin v25.9 - https:\/\/yoast.com\/wordpress\/plugins\/seo\/ -->\n<title>El Presidente encabez\u00f3 una ceremonia en memoria de los muertos por coronavirus - Noticias Radio Reflejos<\/title>\n<meta name=\"robots\" content=\"index, follow, max-snippet:-1, max-image-preview:large, max-video-preview:-1\" \/>\n<link rel=\"canonical\" href=\"https:\/\/www.noticiasradioreflejos.com.ar\/2021\/el-presidente-encabezo-una-ceremonia-en-memoria-de-los-muertos-por-coronavirus\/\" \/>\n<meta property=\"og:locale\" content=\"es_ES\" \/>\n<meta property=\"og:type\" content=\"article\" \/>\n<meta property=\"og:title\" content=\"El Presidente encabez\u00f3 una ceremonia en memoria de los muertos por coronavirus - Noticias Radio Reflejos\" \/>\n<meta property=\"og:description\" content=\"El encuentro se realiz\u00f3 en el CCK y cont\u00f3 con la participaci\u00f3n de representantes de los diversos credos, trabajadores esenciales durante la pandemia y gobernadores.\" \/>\n<meta property=\"og:url\" content=\"https:\/\/www.noticiasradioreflejos.com.ar\/2021\/el-presidente-encabezo-una-ceremonia-en-memoria-de-los-muertos-por-coronavirus\/\" \/>\n<meta property=\"og:site_name\" content=\"Noticias Radio Reflejos\" \/>\n<meta property=\"article:published_time\" content=\"2021-06-27T16:17:39+00:00\" \/>\n<meta property=\"og:image\" content=\"https:\/\/www.telam.com.ar\/advf\/imagenes\/2021\/06\/60d89e84dc6a6_1004x565.jpg\" \/>\n<meta name=\"author\" content=\"Arnaldo Botto\" \/>\n<meta name=\"twitter:card\" content=\"summary_large_image\" \/>\n<script type=\"application\/ld+json\" class=\"yoast-schema-graph\">{\"@context\":\"https:\/\/schema.org\",\"@graph\":[{\"@type\":\"WebPage\",\"@id\":\"https:\/\/www.noticiasradioreflejos.com.ar\/2021\/el-presidente-encabezo-una-ceremonia-en-memoria-de-los-muertos-por-coronavirus\/\",\"url\":\"https:\/\/www.noticiasradioreflejos.com.ar\/2021\/el-presidente-encabezo-una-ceremonia-en-memoria-de-los-muertos-por-coronavirus\/\",\"name\":\"El Presidente encabez\u00f3 una ceremonia en memoria de los muertos por coronavirus - Noticias Radio Reflejos\",\"isPartOf\":{\"@id\":\"https:\/\/www.noticiasradioreflejos.com.ar\/2021\/#website\"},\"primaryImageOfPage\":{\"@id\":\"https:\/\/www.noticiasradioreflejos.com.ar\/2021\/el-presidente-encabezo-una-ceremonia-en-memoria-de-los-muertos-por-coronavirus\/#primaryimage\"},\"image\":{\"@id\":\"https:\/\/www.noticiasradioreflejos.com.ar\/2021\/el-presidente-encabezo-una-ceremonia-en-memoria-de-los-muertos-por-coronavirus\/#primaryimage\"},\"thumbnailUrl\":\"https:\/\/www.telam.com.ar\/advf\/imagenes\/2021\/06\/60d89e84dc6a6_1004x565.jpg\",\"datePublished\":\"2021-06-27T16:17:39+00:00\",\"author\":{\"@id\":\"https:\/\/www.noticiasradioreflejos.com.ar\/2021\/#\/schema\/person\/ad82545263dcc5ec0996818884fd5fb1\"},\"breadcrumb\":{\"@id\":\"https:\/\/www.noticiasradioreflejos.com.ar\/2021\/el-presidente-encabezo-una-ceremonia-en-memoria-de-los-muertos-por-coronavirus\/#breadcrumb\"},\"inLanguage\":\"es\",\"potentialAction\":[{\"@type\":\"ReadAction\",\"target\":[\"https:\/\/www.noticiasradioreflejos.com.ar\/2021\/el-presidente-encabezo-una-ceremonia-en-memoria-de-los-muertos-por-coronavirus\/\"]}]},{\"@type\":\"ImageObject\",\"inLanguage\":\"es\",\"@id\":\"https:\/\/www.noticiasradioreflejos.com.ar\/2021\/el-presidente-encabezo-una-ceremonia-en-memoria-de-los-muertos-por-coronavirus\/#primaryimage\",\"url\":\"https:\/\/www.telam.com.ar\/advf\/imagenes\/2021\/06\/60d89e84dc6a6_1004x565.jpg\",\"contentUrl\":\"https:\/\/www.telam.com.ar\/advf\/imagenes\/2021\/06\/60d89e84dc6a6_1004x565.jpg\"},{\"@type\":\"BreadcrumbList\",\"@id\":\"https:\/\/www.noticiasradioreflejos.com.ar\/2021\/el-presidente-encabezo-una-ceremonia-en-memoria-de-los-muertos-por-coronavirus\/#breadcrumb\",\"itemListElement\":[{\"@type\":\"ListItem\",\"position\":1,\"name\":\"Portada\",\"item\":\"https:\/\/www.noticiasradioreflejos.com.ar\/2021\/\"},{\"@type\":\"ListItem\",\"position\":2,\"name\":\"El Presidente encabez\u00f3 una ceremonia en memoria de los muertos por coronavirus\"}]},{\"@type\":\"WebSite\",\"@id\":\"https:\/\/www.noticiasradioreflejos.com.ar\/2021\/#website\",\"url\":\"https:\/\/www.noticiasradioreflejos.com.ar\/2021\/\",\"name\":\"Noticias Radio Reflejos\",\"description\":\"Las noticias de mi comarca\",\"potentialAction\":[{\"@type\":\"SearchAction\",\"target\":{\"@type\":\"EntryPoint\",\"urlTemplate\":\"https:\/\/www.noticiasradioreflejos.com.ar\/2021\/?s={search_term_string}\"},\"query-input\":{\"@type\":\"PropertyValueSpecification\",\"valueRequired\":true,\"valueName\":\"search_term_string\"}}],\"inLanguage\":\"es\"},{\"@type\":\"Person\",\"@id\":\"https:\/\/www.noticiasradioreflejos.com.ar\/2021\/#\/schema\/person\/ad82545263dcc5ec0996818884fd5fb1\",\"name\":\"Arnaldo Botto\",\"image\":{\"@type\":\"ImageObject\",\"inLanguage\":\"es\",\"@id\":\"https:\/\/www.noticiasradioreflejos.com.ar\/2021\/#\/schema\/person\/image\/\",\"url\":\"https:\/\/secure.gravatar.com\/avatar\/55cb5e37c1efa326397366e6974cb338056df65cb50e7d64d1cf314e87504837?s=96&d=mm&r=g\",\"contentUrl\":\"https:\/\/secure.gravatar.com\/avatar\/55cb5e37c1efa326397366e6974cb338056df65cb50e7d64d1cf314e87504837?s=96&d=mm&r=g\",\"caption\":\"Arnaldo Botto\"},\"url\":\"https:\/\/www.noticiasradioreflejos.com.ar\/2021\/author\/arnaldo\/\"}]}<\/script>\n<!-- \/ Yoast SEO plugin. -->","yoast_head_json":{"title":"El Presidente encabez\u00f3 una ceremonia en memoria de los muertos por coronavirus - Noticias Radio Reflejos","robots":{"index":"index","follow":"follow","max-snippet":"max-snippet:-1","max-image-preview":"max-image-preview:large","max-video-preview":"max-video-preview:-1"},"canonical":"https:\/\/www.noticiasradioreflejos.com.ar\/2021\/el-presidente-encabezo-una-ceremonia-en-memoria-de-los-muertos-por-coronavirus\/","og_locale":"es_ES","og_type":"article","og_title":"El Presidente encabez\u00f3 una ceremonia en memoria de los muertos por coronavirus - Noticias Radio Reflejos","og_description":"El encuentro se realiz\u00f3 en el CCK y cont\u00f3 con la participaci\u00f3n de representantes de los diversos credos, trabajadores esenciales durante la pandemia y gobernadores.","og_url":"https:\/\/www.noticiasradioreflejos.com.ar\/2021\/el-presidente-encabezo-una-ceremonia-en-memoria-de-los-muertos-por-coronavirus\/","og_site_name":"Noticias Radio Reflejos","article_published_time":"2021-06-27T16:17:39+00:00","og_image":[{"url":"https:\/\/www.telam.com.ar\/advf\/imagenes\/2021\/06\/60d89e84dc6a6_1004x565.jpg","type":"","width":"","height":""}],"author":"Arnaldo Botto","twitter_card":"summary_large_image","schema":{"@context":"https:\/\/schema.org","@graph":[{"@type":"WebPage","@id":"https:\/\/www.noticiasradioreflejos.com.ar\/2021\/el-presidente-encabezo-una-ceremonia-en-memoria-de-los-muertos-por-coronavirus\/","url":"https:\/\/www.noticiasradioreflejos.com.ar\/2021\/el-presidente-encabezo-una-ceremonia-en-memoria-de-los-muertos-por-coronavirus\/","name":"El Presidente encabez\u00f3 una ceremonia en memoria de los muertos por coronavirus - Noticias Radio Reflejos","isPartOf":{"@id":"https:\/\/www.noticiasradioreflejos.com.ar\/2021\/#website"},"primaryImageOfPage":{"@id":"https:\/\/www.noticiasradioreflejos.com.ar\/2021\/el-presidente-encabezo-una-ceremonia-en-memoria-de-los-muertos-por-coronavirus\/#primaryimage"},"image":{"@id":"https:\/\/www.noticiasradioreflejos.com.ar\/2021\/el-presidente-encabezo-una-ceremonia-en-memoria-de-los-muertos-por-coronavirus\/#primaryimage"},"thumbnailUrl":"https:\/\/www.telam.com.ar\/advf\/imagenes\/2021\/06\/60d89e84dc6a6_1004x565.jpg","datePublished":"2021-06-27T16:17:39+00:00","author":{"@id":"https:\/\/www.noticiasradioreflejos.com.ar\/2021\/#\/schema\/person\/ad82545263dcc5ec0996818884fd5fb1"},"breadcrumb":{"@id":"https:\/\/www.noticiasradioreflejos.com.ar\/2021\/el-presidente-encabezo-una-ceremonia-en-memoria-de-los-muertos-por-coronavirus\/#breadcrumb"},"inLanguage":"es","potentialAction":[{"@type":"ReadAction","target":["https:\/\/www.noticiasradioreflejos.com.ar\/2021\/el-presidente-encabezo-una-ceremonia-en-memoria-de-los-muertos-por-coronavirus\/"]}]},{"@type":"ImageObject","inLanguage":"es","@id":"https:\/\/www.noticiasradioreflejos.com.ar\/2021\/el-presidente-encabezo-una-ceremonia-en-memoria-de-los-muertos-por-coronavirus\/#primaryimage","url":"https:\/\/www.telam.com.ar\/advf\/imagenes\/2021\/06\/60d89e84dc6a6_1004x565.jpg","contentUrl":"https:\/\/www.telam.com.ar\/advf\/imagenes\/2021\/06\/60d89e84dc6a6_1004x565.jpg"},{"@type":"BreadcrumbList","@id":"https:\/\/www.noticiasradioreflejos.com.ar\/2021\/el-presidente-encabezo-una-ceremonia-en-memoria-de-los-muertos-por-coronavirus\/#breadcrumb","itemListElement":[{"@type":"ListItem","position":1,"name":"Portada","item":"https:\/\/www.noticiasradioreflejos.com.ar\/2021\/"},{"@type":"ListItem","position":2,"name":"El Presidente encabez\u00f3 una ceremonia en memoria de los muertos por coronavirus"}]},{"@type":"WebSite","@id":"https:\/\/www.noticiasradioreflejos.com.ar\/2021\/#website","url":"https:\/\/www.noticiasradioreflejos.com.ar\/2021\/","name":"Noticias Radio Reflejos","description":"Las noticias de mi comarca","potentialAction":[{"@type":"SearchAction","target":{"@type":"EntryPoint","urlTemplate":"https:\/\/www.noticiasradioreflejos.com.ar\/2021\/?s={search_term_string}"},"query-input":{"@type":"PropertyValueSpecification","valueRequired":true,"valueName":"search_term_string"}}],"inLanguage":"es"},{"@type":"Person","@id":"https:\/\/www.noticiasradioreflejos.com.ar\/2021\/#\/schema\/person\/ad82545263dcc5ec0996818884fd5fb1","name":"Arnaldo Botto","image":{"@type":"ImageObject","inLanguage":"es","@id":"https:\/\/www.noticiasradioreflejos.com.ar\/2021\/#\/schema\/person\/image\/","url":"https:\/\/secure.gravatar.com\/avatar\/55cb5e37c1efa326397366e6974cb338056df65cb50e7d64d1cf314e87504837?s=96&d=mm&r=g","contentUrl":"https:\/\/secure.gravatar.com\/avatar\/55cb5e37c1efa326397366e6974cb338056df65cb50e7d64d1cf314e87504837?s=96&d=mm&r=g","caption":"Arnaldo Botto"},"url":"https:\/\/www.noticiasradioreflejos.com.ar\/2021\/author\/arnaldo\/"}]}},"_links":{"self":[{"href":"https:\/\/www.noticiasradioreflejos.com.ar\/2021\/wp-json\/wp\/v2\/posts\/59357","targetHints":{"allow":["GET"]}}],"collection":[{"href":"https:\/\/www.noticiasradioreflejos.com.ar\/2021\/wp-json\/wp\/v2\/posts"}],"about":[{"href":"https:\/\/www.noticiasradioreflejos.com.ar\/2021\/wp-json\/wp\/v2\/types\/post"}],"author":[{"embeddable":true,"href":"https:\/\/www.noticiasradioreflejos.com.ar\/2021\/wp-json\/wp\/v2\/users\/3"}],"replies":[{"embeddable":true,"href":"https:\/\/www.noticiasradioreflejos.com.ar\/2021\/wp-json\/wp\/v2\/comments?post=59357"}],"version-history":[{"count":1,"href":"https:\/\/www.noticiasradioreflejos.com.ar\/2021\/wp-json\/wp\/v2\/posts\/59357\/revisions"}],"predecessor-version":[{"id":59359,"href":"https:\/\/www.noticiasradioreflejos.com.ar\/2021\/wp-json\/wp\/v2\/posts\/59357\/revisions\/59359"}],"wp:attachment":[{"href":"https:\/\/www.noticiasradioreflejos.com.ar\/2021\/wp-json\/wp\/v2\/media?parent=59357"}],"wp:term":[{"taxonomy":"category","embeddable":true,"href":"https:\/\/www.noticiasradioreflejos.com.ar\/2021\/wp-json\/wp\/v2\/categories?post=59357"},{"taxonomy":"post_tag","embeddable":true,"href":"https:\/\/www.noticiasradioreflejos.com.ar\/2021\/wp-json\/wp\/v2\/tags?post=59357"}],"curies":[{"name":"wp","href":"https:\/\/api.w.org\/{rel}","templated":true}]}}