{"id":59349,"date":"2021-06-27T15:27:43","date_gmt":"2021-06-27T15:27:43","guid":{"rendered":"http:\/\/www.noticiasradioreflejos.com.ar\/2021\/?p=59349"},"modified":"2021-06-27T21:08:13","modified_gmt":"2021-06-27T21:08:13","slug":"intenso-frio-en-toda-la-comarca-se-producen-nevadas-en-el-abra-de-la-ventana-y-las-cumbres-serranas","status":"publish","type":"post","link":"https:\/\/www.noticiasradioreflejos.com.ar\/2021\/intenso-frio-en-toda-la-comarca-se-producen-nevadas-en-el-abra-de-la-ventana-y-las-cumbres-serranas\/","title":{"rendered":"Intenso fr\u00edo en toda la comarca. Se producen nevadas en el abra de la Ventana y las cumbres serranas."},"content":{"rendered":"<p>Al mediod\u00eda de este domingo se producen las primeras nevadas en el abra de la Ventana y con seguridad, nev\u00f3 toda la noche y parte de la madrugada en las cumbres.<!--more--><\/p>\n<p>Tal como anticipamos en nuestro informe de ayer, la nieve volvi\u00f3 a hacerse presente en la comarca de Sierra de la Ventana. Al mediod\u00eda de este domingo 27 de junio\u00a0 la temperatura en la localidad de Sierra de la Ventana es de 3,5\u00b0 con una t\u00e9rmica de -1.7\u00b0.<\/p>\n<p>En la cumbre del Cerro Ventana y del Napost\u00e1, las estaciones meteorol\u00f3gicas de la Bolsa de cereales de Bah\u00eda Blanca muestran una temperatura de 1\u00b0 y una T\u00e9rmica de 4,7\u00b0 Bajo Cero. Las precipitaciones llegan hasta los 5 mm en los cerros. En tanto,\u00a0 en Sierra de la Ventana llovi\u00f3 5.5 mm hasta las 12 hs y Villa Ventana registra 7,8 mm.<\/p>\n<p>En tanto que la cota de nieve se mueve entre los 740 y 900 Mts y as\u00ed permanecer\u00e1 hasta la noche del lunes 28.<\/p>\n<p><iframe loading=\"lazy\" title=\"YouTube video player\" src=\"https:\/\/www.youtube.com\/embed\/vT0CWlGSLhY\" width=\"640\" height=\"360\" frameborder=\"0\" allowfullscreen=\"allowfullscreen\"><\/iframe><\/p>\n<p><em>Video Filmado por Jorge Maipach en el Hotel Mirador<\/em><\/p>\n<p>En el Abra de la Ventana la gran cantidad de nubes bajas no permiten apreciar los cerros, pero habitantes del sector nos informan que espor\u00e1dicamente se produce la ca\u00edda de copos d nieve y aguanieve que se derrite al entran en contacto con el suelo.<\/p>\n<p><a title=\"masa de fr\u00edo\" href=\"https:\/\/www.flickr.com\/photos\/182279889@N02\/51273427087\/in\/dateposted-public\/\" data-flickr-embed=\"true\"><img loading=\"lazy\" decoding=\"async\" src=\"https:\/\/live.staticflickr.com\/65535\/51273427087_076996531a_z.jpg\" alt=\"masa de fr\u00edo\" width=\"546\" height=\"640\" \/><\/a><script async src=\"\/\/embedr.flickr.com\/assets\/client-code.js\" charset=\"utf-8\"><\/script><\/p>\n<p>Las precipitaciones tendr\u00e1n continuidad durante toda la jornada de hoy y parte de la madrugada del lunes 28 de junio, con el cielo que se mantendr\u00e1 nublado hasta la tarde. Se espera una m\u00ednima de 0\u00b0 y una m\u00e1xima de 4\u00b0,\u00a0 vientos fuertes del sudoeste con r\u00e1fagas de hasta 45 Kms\/h.\u00a0 Martes Cielos totalmente despejados, vientos en calma, m\u00ednima de -1\u00b0 y m\u00e1xima de 8\u00b0<\/p>\n<p><a title=\"Nevada 27 de junio (1)\" href=\"https:\/\/www.flickr.com\/photos\/182279889@N02\/51275414785\/in\/dateposted-public\/\" data-flickr-embed=\"true\"><img loading=\"lazy\" decoding=\"async\" src=\"https:\/\/live.staticflickr.com\/65535\/51275414785_2bc4501f91_z.jpg\" alt=\"Nevada 27 de junio (1)\" width=\"640\" height=\"371\" \/><\/a><script async src=\"\/\/embedr.flickr.com\/assets\/client-code.js\" charset=\"utf-8\"><\/script><\/p>\n<p><em>Cuando el cielo se abre se ven los cerros cubiertos de nieve. La foto es de este domingo a las 14,30 hs y pertenece a Sergio Perez<\/em><\/p>\n<h3><span style=\"color: #800080;\"><strong>Alerta Violeta<\/strong><\/span><\/h3>\n<p>El\u00a0<strong><a class=\"agrupador\" href=\"https:\/\/www.minutouno.com\/servicio-meteorologico-nacional-a5128795\" rel=\"5128795\">Servicio Meteorol\u00f3gico Nacional<\/a>\u00a0(SMN) emiti\u00f3 una advertencia Violeta para la mayor parte del pa\u00eds<\/strong>, que implica que \u00abse esperan fen\u00f3menos que pueden presentar inconvenientes o dificultades en el normal desenvolvimiento de la vida social\u00bb.<\/p>\n<section class=\"detail-body second-paragraph\">\n<section class=\"body-content note-body content-protected-false\">En concreto, el organismo anticipa una\u00a0<strong>ola de fr\u00edo para casi todo el territorio nacional<\/strong>, con excepci\u00f3n de la regi\u00f3n cordillerana de Mendoza, San Juan, La Rioja, Camarca, Salta y Jujuy y las provincias de Santa Cruz y Tierra del Fuego.En efecto, para la Ciudad de Buenos Aires y el conurbano se esperan para el\u00a0<strong>domingo temperaturas que descender\u00e1n a 3 grados de m\u00ednima, con lluvias y chaparrones hacia la tarde-noche<\/strong>. Aunque no se prev\u00e9n precipitaciones, el lunes continuar\u00e1 con registros t\u00e9rmicos m\u00ednimos de 4 grados.Ante la advertencia meteorol\u00f3gica del organismo, los especialistas recomiendan<strong>\u00a0tomar abundante cantidad de l\u00edquidos calientes (mate, te, caf\u00e9, caldos), reforzar las normas de higiene para evitar el contagio de enfermedades, mantener los ambientes ventilados y usar ropa adecuada.<\/strong><\/p>\n<h4><strong>El alcance de la advertencia violeta por ola de fr\u00edo<\/strong><\/h4>\n<p>De acuerdo al mapa que public\u00f3 el Servicio Meteorol\u00f3gico Nacional, la ola de fr\u00edo polar afectar\u00e1 a gran parte de la Argentina.<\/p>\n<\/section>\n<p>&nbsp;<\/p>\n<\/section>\n","protected":false},"excerpt":{"rendered":"<p>Al mediod\u00eda de este domingo se producen las primeras nevadas en el abra de la Ventana y con seguridad, nev\u00f3 toda la noche y parte de la madrugada en las cumbres.<\/p>\n","protected":false},"author":3,"featured_media":0,"comment_status":"closed","ping_status":"closed","sticky":false,"template":"","format":"standard","meta":{"footnotes":""},"categories":[26,33],"tags":[48],"class_list":["post-59349","post","type-post","status-publish","format-standard","hentry","category-sociedad","category-turismo","tag-destacada"],"yoast_head":"<!-- This site is optimized with the Yoast SEO plugin v25.9 - https:\/\/yoast.com\/wordpress\/plugins\/seo\/ -->\n<title>Intenso fr\u00edo en toda la comarca. Se producen nevadas en el abra de la Ventana y las cumbres serranas. - Noticias Radio Reflejos<\/title>\n<meta name=\"robots\" content=\"index, follow, max-snippet:-1, max-image-preview:large, max-video-preview:-1\" \/>\n<link rel=\"canonical\" href=\"https:\/\/www.noticiasradioreflejos.com.ar\/2021\/intenso-frio-en-toda-la-comarca-se-producen-nevadas-en-el-abra-de-la-ventana-y-las-cumbres-serranas\/\" \/>\n<meta property=\"og:locale\" content=\"es_ES\" \/>\n<meta property=\"og:type\" content=\"article\" \/>\n<meta property=\"og:title\" content=\"Intenso fr\u00edo en toda la comarca. Se producen nevadas en el abra de la Ventana y las cumbres serranas. - Noticias Radio Reflejos\" \/>\n<meta property=\"og:description\" content=\"Al mediod\u00eda de este domingo se producen las primeras nevadas en el abra de la Ventana y con seguridad, nev\u00f3 toda la noche y parte de la madrugada en las cumbres.\" \/>\n<meta property=\"og:url\" content=\"https:\/\/www.noticiasradioreflejos.com.ar\/2021\/intenso-frio-en-toda-la-comarca-se-producen-nevadas-en-el-abra-de-la-ventana-y-las-cumbres-serranas\/\" \/>\n<meta property=\"og:site_name\" content=\"Noticias Radio Reflejos\" \/>\n<meta property=\"article:published_time\" content=\"2021-06-27T15:27:43+00:00\" \/>\n<meta property=\"article:modified_time\" content=\"2021-06-27T21:08:13+00:00\" \/>\n<meta property=\"og:image\" content=\"https:\/\/live.staticflickr.com\/65535\/51273427087_076996531a_z.jpg\" \/>\n<meta name=\"author\" content=\"Arnaldo Botto\" \/>\n<meta name=\"twitter:card\" content=\"summary_large_image\" \/>\n<script type=\"application\/ld+json\" class=\"yoast-schema-graph\">{\"@context\":\"https:\/\/schema.org\",\"@graph\":[{\"@type\":\"WebPage\",\"@id\":\"https:\/\/www.noticiasradioreflejos.com.ar\/2021\/intenso-frio-en-toda-la-comarca-se-producen-nevadas-en-el-abra-de-la-ventana-y-las-cumbres-serranas\/\",\"url\":\"https:\/\/www.noticiasradioreflejos.com.ar\/2021\/intenso-frio-en-toda-la-comarca-se-producen-nevadas-en-el-abra-de-la-ventana-y-las-cumbres-serranas\/\",\"name\":\"Intenso fr\u00edo en toda la comarca. Se producen nevadas en el abra de la Ventana y las cumbres serranas. - Noticias Radio Reflejos\",\"isPartOf\":{\"@id\":\"https:\/\/www.noticiasradioreflejos.com.ar\/2021\/#website\"},\"primaryImageOfPage\":{\"@id\":\"https:\/\/www.noticiasradioreflejos.com.ar\/2021\/intenso-frio-en-toda-la-comarca-se-producen-nevadas-en-el-abra-de-la-ventana-y-las-cumbres-serranas\/#primaryimage\"},\"image\":{\"@id\":\"https:\/\/www.noticiasradioreflejos.com.ar\/2021\/intenso-frio-en-toda-la-comarca-se-producen-nevadas-en-el-abra-de-la-ventana-y-las-cumbres-serranas\/#primaryimage\"},\"thumbnailUrl\":\"https:\/\/live.staticflickr.com\/65535\/51273427087_076996531a_z.jpg\",\"datePublished\":\"2021-06-27T15:27:43+00:00\",\"dateModified\":\"2021-06-27T21:08:13+00:00\",\"author\":{\"@id\":\"https:\/\/www.noticiasradioreflejos.com.ar\/2021\/#\/schema\/person\/ad82545263dcc5ec0996818884fd5fb1\"},\"breadcrumb\":{\"@id\":\"https:\/\/www.noticiasradioreflejos.com.ar\/2021\/intenso-frio-en-toda-la-comarca-se-producen-nevadas-en-el-abra-de-la-ventana-y-las-cumbres-serranas\/#breadcrumb\"},\"inLanguage\":\"es\",\"potentialAction\":[{\"@type\":\"ReadAction\",\"target\":[\"https:\/\/www.noticiasradioreflejos.com.ar\/2021\/intenso-frio-en-toda-la-comarca-se-producen-nevadas-en-el-abra-de-la-ventana-y-las-cumbres-serranas\/\"]}]},{\"@type\":\"ImageObject\",\"inLanguage\":\"es\",\"@id\":\"https:\/\/www.noticiasradioreflejos.com.ar\/2021\/intenso-frio-en-toda-la-comarca-se-producen-nevadas-en-el-abra-de-la-ventana-y-las-cumbres-serranas\/#primaryimage\",\"url\":\"https:\/\/live.staticflickr.com\/65535\/51273427087_076996531a_z.jpg\",\"contentUrl\":\"https:\/\/live.staticflickr.com\/65535\/51273427087_076996531a_z.jpg\"},{\"@type\":\"BreadcrumbList\",\"@id\":\"https:\/\/www.noticiasradioreflejos.com.ar\/2021\/intenso-frio-en-toda-la-comarca-se-producen-nevadas-en-el-abra-de-la-ventana-y-las-cumbres-serranas\/#breadcrumb\",\"itemListElement\":[{\"@type\":\"ListItem\",\"position\":1,\"name\":\"Portada\",\"item\":\"https:\/\/www.noticiasradioreflejos.com.ar\/2021\/\"},{\"@type\":\"ListItem\",\"position\":2,\"name\":\"Intenso fr\u00edo en toda la comarca. Se producen nevadas en el abra de la Ventana y las cumbres serranas.\"}]},{\"@type\":\"WebSite\",\"@id\":\"https:\/\/www.noticiasradioreflejos.com.ar\/2021\/#website\",\"url\":\"https:\/\/www.noticiasradioreflejos.com.ar\/2021\/\",\"name\":\"Noticias Radio Reflejos\",\"description\":\"Las noticias de mi comarca\",\"potentialAction\":[{\"@type\":\"SearchAction\",\"target\":{\"@type\":\"EntryPoint\",\"urlTemplate\":\"https:\/\/www.noticiasradioreflejos.com.ar\/2021\/?s={search_term_string}\"},\"query-input\":{\"@type\":\"PropertyValueSpecification\",\"valueRequired\":true,\"valueName\":\"search_term_string\"}}],\"inLanguage\":\"es\"},{\"@type\":\"Person\",\"@id\":\"https:\/\/www.noticiasradioreflejos.com.ar\/2021\/#\/schema\/person\/ad82545263dcc5ec0996818884fd5fb1\",\"name\":\"Arnaldo Botto\",\"image\":{\"@type\":\"ImageObject\",\"inLanguage\":\"es\",\"@id\":\"https:\/\/www.noticiasradioreflejos.com.ar\/2021\/#\/schema\/person\/image\/\",\"url\":\"https:\/\/secure.gravatar.com\/avatar\/55cb5e37c1efa326397366e6974cb338056df65cb50e7d64d1cf314e87504837?s=96&d=mm&r=g\",\"contentUrl\":\"https:\/\/secure.gravatar.com\/avatar\/55cb5e37c1efa326397366e6974cb338056df65cb50e7d64d1cf314e87504837?s=96&d=mm&r=g\",\"caption\":\"Arnaldo Botto\"},\"url\":\"https:\/\/www.noticiasradioreflejos.com.ar\/2021\/author\/arnaldo\/\"}]}<\/script>\n<!-- \/ Yoast SEO plugin. -->","yoast_head_json":{"title":"Intenso fr\u00edo en toda la comarca. Se producen nevadas en el abra de la Ventana y las cumbres serranas. - Noticias Radio Reflejos","robots":{"index":"index","follow":"follow","max-snippet":"max-snippet:-1","max-image-preview":"max-image-preview:large","max-video-preview":"max-video-preview:-1"},"canonical":"https:\/\/www.noticiasradioreflejos.com.ar\/2021\/intenso-frio-en-toda-la-comarca-se-producen-nevadas-en-el-abra-de-la-ventana-y-las-cumbres-serranas\/","og_locale":"es_ES","og_type":"article","og_title":"Intenso fr\u00edo en toda la comarca. Se producen nevadas en el abra de la Ventana y las cumbres serranas. - Noticias Radio Reflejos","og_description":"Al mediod\u00eda de este domingo se producen las primeras nevadas en el abra de la Ventana y con seguridad, nev\u00f3 toda la noche y parte de la madrugada en las cumbres.","og_url":"https:\/\/www.noticiasradioreflejos.com.ar\/2021\/intenso-frio-en-toda-la-comarca-se-producen-nevadas-en-el-abra-de-la-ventana-y-las-cumbres-serranas\/","og_site_name":"Noticias Radio Reflejos","article_published_time":"2021-06-27T15:27:43+00:00","article_modified_time":"2021-06-27T21:08:13+00:00","og_image":[{"url":"https:\/\/live.staticflickr.com\/65535\/51273427087_076996531a_z.jpg","type":"","width":"","height":""}],"author":"Arnaldo Botto","twitter_card":"summary_large_image","schema":{"@context":"https:\/\/schema.org","@graph":[{"@type":"WebPage","@id":"https:\/\/www.noticiasradioreflejos.com.ar\/2021\/intenso-frio-en-toda-la-comarca-se-producen-nevadas-en-el-abra-de-la-ventana-y-las-cumbres-serranas\/","url":"https:\/\/www.noticiasradioreflejos.com.ar\/2021\/intenso-frio-en-toda-la-comarca-se-producen-nevadas-en-el-abra-de-la-ventana-y-las-cumbres-serranas\/","name":"Intenso fr\u00edo en toda la comarca. Se producen nevadas en el abra de la Ventana y las cumbres serranas. - Noticias Radio Reflejos","isPartOf":{"@id":"https:\/\/www.noticiasradioreflejos.com.ar\/2021\/#website"},"primaryImageOfPage":{"@id":"https:\/\/www.noticiasradioreflejos.com.ar\/2021\/intenso-frio-en-toda-la-comarca-se-producen-nevadas-en-el-abra-de-la-ventana-y-las-cumbres-serranas\/#primaryimage"},"image":{"@id":"https:\/\/www.noticiasradioreflejos.com.ar\/2021\/intenso-frio-en-toda-la-comarca-se-producen-nevadas-en-el-abra-de-la-ventana-y-las-cumbres-serranas\/#primaryimage"},"thumbnailUrl":"https:\/\/live.staticflickr.com\/65535\/51273427087_076996531a_z.jpg","datePublished":"2021-06-27T15:27:43+00:00","dateModified":"2021-06-27T21:08:13+00:00","author":{"@id":"https:\/\/www.noticiasradioreflejos.com.ar\/2021\/#\/schema\/person\/ad82545263dcc5ec0996818884fd5fb1"},"breadcrumb":{"@id":"https:\/\/www.noticiasradioreflejos.com.ar\/2021\/intenso-frio-en-toda-la-comarca-se-producen-nevadas-en-el-abra-de-la-ventana-y-las-cumbres-serranas\/#breadcrumb"},"inLanguage":"es","potentialAction":[{"@type":"ReadAction","target":["https:\/\/www.noticiasradioreflejos.com.ar\/2021\/intenso-frio-en-toda-la-comarca-se-producen-nevadas-en-el-abra-de-la-ventana-y-las-cumbres-serranas\/"]}]},{"@type":"ImageObject","inLanguage":"es","@id":"https:\/\/www.noticiasradioreflejos.com.ar\/2021\/intenso-frio-en-toda-la-comarca-se-producen-nevadas-en-el-abra-de-la-ventana-y-las-cumbres-serranas\/#primaryimage","url":"https:\/\/live.staticflickr.com\/65535\/51273427087_076996531a_z.jpg","contentUrl":"https:\/\/live.staticflickr.com\/65535\/51273427087_076996531a_z.jpg"},{"@type":"BreadcrumbList","@id":"https:\/\/www.noticiasradioreflejos.com.ar\/2021\/intenso-frio-en-toda-la-comarca-se-producen-nevadas-en-el-abra-de-la-ventana-y-las-cumbres-serranas\/#breadcrumb","itemListElement":[{"@type":"ListItem","position":1,"name":"Portada","item":"https:\/\/www.noticiasradioreflejos.com.ar\/2021\/"},{"@type":"ListItem","position":2,"name":"Intenso fr\u00edo en toda la comarca. Se producen nevadas en el abra de la Ventana y las cumbres serranas."}]},{"@type":"WebSite","@id":"https:\/\/www.noticiasradioreflejos.com.ar\/2021\/#website","url":"https:\/\/www.noticiasradioreflejos.com.ar\/2021\/","name":"Noticias Radio Reflejos","description":"Las noticias de mi comarca","potentialAction":[{"@type":"SearchAction","target":{"@type":"EntryPoint","urlTemplate":"https:\/\/www.noticiasradioreflejos.com.ar\/2021\/?s={search_term_string}"},"query-input":{"@type":"PropertyValueSpecification","valueRequired":true,"valueName":"search_term_string"}}],"inLanguage":"es"},{"@type":"Person","@id":"https:\/\/www.noticiasradioreflejos.com.ar\/2021\/#\/schema\/person\/ad82545263dcc5ec0996818884fd5fb1","name":"Arnaldo Botto","image":{"@type":"ImageObject","inLanguage":"es","@id":"https:\/\/www.noticiasradioreflejos.com.ar\/2021\/#\/schema\/person\/image\/","url":"https:\/\/secure.gravatar.com\/avatar\/55cb5e37c1efa326397366e6974cb338056df65cb50e7d64d1cf314e87504837?s=96&d=mm&r=g","contentUrl":"https:\/\/secure.gravatar.com\/avatar\/55cb5e37c1efa326397366e6974cb338056df65cb50e7d64d1cf314e87504837?s=96&d=mm&r=g","caption":"Arnaldo Botto"},"url":"https:\/\/www.noticiasradioreflejos.com.ar\/2021\/author\/arnaldo\/"}]}},"_links":{"self":[{"href":"https:\/\/www.noticiasradioreflejos.com.ar\/2021\/wp-json\/wp\/v2\/posts\/59349","targetHints":{"allow":["GET"]}}],"collection":[{"href":"https:\/\/www.noticiasradioreflejos.com.ar\/2021\/wp-json\/wp\/v2\/posts"}],"about":[{"href":"https:\/\/www.noticiasradioreflejos.com.ar\/2021\/wp-json\/wp\/v2\/types\/post"}],"author":[{"embeddable":true,"href":"https:\/\/www.noticiasradioreflejos.com.ar\/2021\/wp-json\/wp\/v2\/users\/3"}],"replies":[{"embeddable":true,"href":"https:\/\/www.noticiasradioreflejos.com.ar\/2021\/wp-json\/wp\/v2\/comments?post=59349"}],"version-history":[{"count":8,"href":"https:\/\/www.noticiasradioreflejos.com.ar\/2021\/wp-json\/wp\/v2\/posts\/59349\/revisions"}],"predecessor-version":[{"id":59375,"href":"https:\/\/www.noticiasradioreflejos.com.ar\/2021\/wp-json\/wp\/v2\/posts\/59349\/revisions\/59375"}],"wp:attachment":[{"href":"https:\/\/www.noticiasradioreflejos.com.ar\/2021\/wp-json\/wp\/v2\/media?parent=59349"}],"wp:term":[{"taxonomy":"category","embeddable":true,"href":"https:\/\/www.noticiasradioreflejos.com.ar\/2021\/wp-json\/wp\/v2\/categories?post=59349"},{"taxonomy":"post_tag","embeddable":true,"href":"https:\/\/www.noticiasradioreflejos.com.ar\/2021\/wp-json\/wp\/v2\/tags?post=59349"}],"curies":[{"name":"wp","href":"https:\/\/api.w.org\/{rel}","templated":true}]}}