{"id":59341,"date":"2021-06-27T14:40:40","date_gmt":"2021-06-27T14:40:40","guid":{"rendered":"http:\/\/www.noticiasradioreflejos.com.ar\/2021\/?p=59341"},"modified":"2021-06-27T15:09:18","modified_gmt":"2021-06-27T15:09:18","slug":"vuelco-en-la-ruta-72-entre-saldungaray-y-frapal","status":"publish","type":"post","link":"https:\/\/www.noticiasradioreflejos.com.ar\/2021\/vuelco-en-la-ruta-72-entre-saldungaray-y-frapal\/","title":{"rendered":"Vuelco en la ruta 72 entre Saldungaray y Frapal."},"content":{"rendered":"<p>El accidente se produjo a las 08:52 HORAS de este domingo 27 de junio, se produjo un vuelco en la ruta 72 a la altura del km 28 a unos 7 kms de la localidad de Saldungaray y unos 500 mts antes del Puente sobre el Arroyo del Toro.<!--more--><br \/>\n<a title=\"206713675_1649266715264827_5788692742826733370_n\" href=\"https:\/\/www.flickr.com\/photos\/182279889@N02\/51274771699\/in\/dateposted-public\/\" data-flickr-embed=\"true\"><img loading=\"lazy\" decoding=\"async\" src=\"https:\/\/live.staticflickr.com\/65535\/51274771699_40dbb236bb_o.jpg\" alt=\"206713675_1649266715264827_5788692742826733370_n\" width=\"540\" height=\"573\" \/><\/a><script async src=\"\/\/embedr.flickr.com\/assets\/client-code.js\" charset=\"utf-8\"><\/script><\/p>\n<p>Se trata de un autom\u00f3vil Chevrolet Astra dominio HOG 572 que era conducido por <strong>Mile Juan Oma<\/strong>r, de 28 a\u00f1os y llevaba como acompa\u00f1ante a <strong>Guzm\u00e1n Iv\u00e1n Nicolas, (29)<\/strong>, Los dos ocupantes fueron trasladados a la Unidad Sanitaria para su atenci\u00f3n. Mile presentaba contuciones leves.<\/p>\n<p>La mec\u00e1nica del accidente se establece que el veh\u00edculo circulaba con direcci\u00f3n de Saldungaray a Frapal cuando por una mala maniobra y a ra\u00edz de las condiciones clim\u00e1ticas del momento, el conductor pierde el control, vuelca y termina a unos 60 mts de la cinta asf\u00e1ltica en la banquina.<\/p>\n<p>Bomberos Voluntarios de Saldungaray acudieron a las maniobras de rescate de los tripulantes y personal de la Estaci\u00f3n de polic\u00eda de la localidad estuvieron presentes al momento de atender a las v\u00edctimas.<\/p>\n<p><a title=\"207975985_1649266668598165_2779177119074012133_n\" href=\"https:\/\/www.flickr.com\/photos\/182279889@N02\/51275072890\/in\/dateposted-public\/\" data-flickr-embed=\"true\"><img loading=\"lazy\" decoding=\"async\" src=\"https:\/\/live.staticflickr.com\/65535\/51275072890_74085278e3_o.jpg\" alt=\"207975985_1649266668598165_2779177119074012133_n\" width=\"538\" height=\"304\" \/><\/a><script async src=\"\/\/embedr.flickr.com\/assets\/client-code.js\" charset=\"utf-8\"><\/script><\/p>\n<p>&nbsp;<\/p>\n<h4><strong>Parte policial:<\/strong><\/h4>\n<p>S. E. P. S.C. SALDUNGARAY INFORMA:<\/p>\n<p>FECHA Y HORA: 26\/06\/2021; 08:52 HORAS.-<\/p>\n<p>LUGAR: Ruta Prov. N\u00b0 72 (A 7km de Saldungaray sentido Fra-Pal).-<\/p>\n<p>CAUSANTE: 1) Mile Juan Omar, (28) 37.055.923. Conductor.<br \/>\n2) Guzm\u00e1n Iv\u00e1n Nicolas, (29) 36.118.745. Acompa\u00f1ante.<\/p>\n<p><strong>VEH\u00cdCULO: CHEVROLET ASTRA HOG572.-<\/strong><\/p>\n<p><em><strong>SINTESIS:<\/strong><\/em> Fecha y hora ut supra, se recibe llamado telef\u00f3nico de masculino quien se identifica como Hector dando cuenta de vuelvo de veh\u00edculo a 7 km aprox de esta localidad. Se comisiona m\u00f3vil 25.256 a cargo del <strong>Sgto. PEREZ secundado del Ofl. RAPETTI<\/strong>, y constatan efectivamente vuelco de veh\u00edculo mencionado Ut-Supra. Se comisiona personal de bomberos de Saldungaray acompa\u00f1ados de ambulancia y se da aviso a Polic\u00eda Comunal Cnel. Pringles por \u00e1mbito jurisdiccional. Ambulancia traslada ambos masculinos a centro m\u00e9dico, se dictamina lesiones leves en conductor. Se informa a Comunal Pringles quienes refieren que por lesiones leves no inician actuaciones penales. Bomberos estabiliza el veh\u00edculo y se retira del lugar, baja m\u00f3vil 25.256 con personal a cargo.<\/p>\n<p><a title=\"Vuelco en Saldungaray (3)\" href=\"https:\/\/www.flickr.com\/photos\/182279889@N02\/51274817024\/in\/dateposted-public\/\" data-flickr-embed=\"true\"><img loading=\"lazy\" decoding=\"async\" src=\"https:\/\/live.staticflickr.com\/65535\/51274817024_c5247548cb_o.jpg\" alt=\"Vuelco en Saldungaray (3)\" width=\"948\" height=\"991\" \/><\/a><script async src=\"\/\/embedr.flickr.com\/assets\/client-code.js\" charset=\"utf-8\"><\/script><\/p>\n<p><a title=\"Vuelco en Saldungaray (1)\" href=\"https:\/\/www.flickr.com\/photos\/182279889@N02\/51274262768\/in\/dateposted-public\/\" data-flickr-embed=\"true\"><img loading=\"lazy\" decoding=\"async\" src=\"https:\/\/live.staticflickr.com\/65535\/51274262768_3aa20a9a47_o.jpg\" alt=\"Vuelco en Saldungaray (1)\" width=\"960\" height=\"1280\" \/><\/a><script async src=\"\/\/embedr.flickr.com\/assets\/client-code.js\" charset=\"utf-8\"><\/script><\/p>\n<p><a title=\"Vuelco en Saldungaray (2)\" href=\"https:\/\/www.flickr.com\/photos\/182279889@N02\/51274089126\/in\/dateposted-public\/\" data-flickr-embed=\"true\"><img loading=\"lazy\" decoding=\"async\" src=\"https:\/\/live.staticflickr.com\/65535\/51274089126_e4916c43d9_o.jpg\" alt=\"Vuelco en Saldungaray (2)\" width=\"960\" height=\"1280\" \/><\/a><script async src=\"\/\/embedr.flickr.com\/assets\/client-code.js\" charset=\"utf-8\"><\/script><\/p>\n","protected":false},"excerpt":{"rendered":"<p>El accidente se produjo a las 08:52 HORAS de este domingo 27 de junio, se produjo un vuelco en la ruta 72 a la altura del km 28 a unos 7 kms de la localidad de Saldungaray y unos 500 mts antes del Puente sobre el Arroyo del Toro.<\/p>\n","protected":false},"author":3,"featured_media":0,"comment_status":"closed","ping_status":"closed","sticky":false,"template":"","format":"standard","meta":{"footnotes":""},"categories":[29],"tags":[48],"class_list":["post-59341","post","type-post","status-publish","format-standard","hentry","category-policiales","tag-destacada"],"yoast_head":"<!-- This site is optimized with the Yoast SEO plugin v25.9 - https:\/\/yoast.com\/wordpress\/plugins\/seo\/ -->\n<title>Vuelco en la ruta 72 entre Saldungaray y Frapal. - Noticias Radio Reflejos<\/title>\n<meta name=\"robots\" content=\"index, follow, max-snippet:-1, max-image-preview:large, max-video-preview:-1\" \/>\n<link rel=\"canonical\" href=\"https:\/\/www.noticiasradioreflejos.com.ar\/2021\/vuelco-en-la-ruta-72-entre-saldungaray-y-frapal\/\" \/>\n<meta property=\"og:locale\" content=\"es_ES\" \/>\n<meta property=\"og:type\" content=\"article\" \/>\n<meta property=\"og:title\" content=\"Vuelco en la ruta 72 entre Saldungaray y Frapal. - Noticias Radio Reflejos\" \/>\n<meta property=\"og:description\" content=\"El accidente se produjo a las 08:52 HORAS de este domingo 27 de junio, se produjo un vuelco en la ruta 72 a la altura del km 28 a unos 7 kms de la localidad de Saldungaray y unos 500 mts antes del Puente sobre el Arroyo del Toro.\" \/>\n<meta property=\"og:url\" content=\"https:\/\/www.noticiasradioreflejos.com.ar\/2021\/vuelco-en-la-ruta-72-entre-saldungaray-y-frapal\/\" \/>\n<meta property=\"og:site_name\" content=\"Noticias Radio Reflejos\" \/>\n<meta property=\"article:published_time\" content=\"2021-06-27T14:40:40+00:00\" \/>\n<meta property=\"article:modified_time\" content=\"2021-06-27T15:09:18+00:00\" \/>\n<meta property=\"og:image\" content=\"https:\/\/live.staticflickr.com\/65535\/51274771699_40dbb236bb_o.jpg\" \/>\n<meta name=\"author\" content=\"Arnaldo Botto\" \/>\n<meta name=\"twitter:card\" content=\"summary_large_image\" \/>\n<script type=\"application\/ld+json\" class=\"yoast-schema-graph\">{\"@context\":\"https:\/\/schema.org\",\"@graph\":[{\"@type\":\"WebPage\",\"@id\":\"https:\/\/www.noticiasradioreflejos.com.ar\/2021\/vuelco-en-la-ruta-72-entre-saldungaray-y-frapal\/\",\"url\":\"https:\/\/www.noticiasradioreflejos.com.ar\/2021\/vuelco-en-la-ruta-72-entre-saldungaray-y-frapal\/\",\"name\":\"Vuelco en la ruta 72 entre Saldungaray y Frapal. - Noticias Radio Reflejos\",\"isPartOf\":{\"@id\":\"https:\/\/www.noticiasradioreflejos.com.ar\/2021\/#website\"},\"primaryImageOfPage\":{\"@id\":\"https:\/\/www.noticiasradioreflejos.com.ar\/2021\/vuelco-en-la-ruta-72-entre-saldungaray-y-frapal\/#primaryimage\"},\"image\":{\"@id\":\"https:\/\/www.noticiasradioreflejos.com.ar\/2021\/vuelco-en-la-ruta-72-entre-saldungaray-y-frapal\/#primaryimage\"},\"thumbnailUrl\":\"https:\/\/live.staticflickr.com\/65535\/51274771699_40dbb236bb_o.jpg\",\"datePublished\":\"2021-06-27T14:40:40+00:00\",\"dateModified\":\"2021-06-27T15:09:18+00:00\",\"author\":{\"@id\":\"https:\/\/www.noticiasradioreflejos.com.ar\/2021\/#\/schema\/person\/ad82545263dcc5ec0996818884fd5fb1\"},\"breadcrumb\":{\"@id\":\"https:\/\/www.noticiasradioreflejos.com.ar\/2021\/vuelco-en-la-ruta-72-entre-saldungaray-y-frapal\/#breadcrumb\"},\"inLanguage\":\"es\",\"potentialAction\":[{\"@type\":\"ReadAction\",\"target\":[\"https:\/\/www.noticiasradioreflejos.com.ar\/2021\/vuelco-en-la-ruta-72-entre-saldungaray-y-frapal\/\"]}]},{\"@type\":\"ImageObject\",\"inLanguage\":\"es\",\"@id\":\"https:\/\/www.noticiasradioreflejos.com.ar\/2021\/vuelco-en-la-ruta-72-entre-saldungaray-y-frapal\/#primaryimage\",\"url\":\"https:\/\/live.staticflickr.com\/65535\/51274771699_40dbb236bb_o.jpg\",\"contentUrl\":\"https:\/\/live.staticflickr.com\/65535\/51274771699_40dbb236bb_o.jpg\"},{\"@type\":\"BreadcrumbList\",\"@id\":\"https:\/\/www.noticiasradioreflejos.com.ar\/2021\/vuelco-en-la-ruta-72-entre-saldungaray-y-frapal\/#breadcrumb\",\"itemListElement\":[{\"@type\":\"ListItem\",\"position\":1,\"name\":\"Portada\",\"item\":\"https:\/\/www.noticiasradioreflejos.com.ar\/2021\/\"},{\"@type\":\"ListItem\",\"position\":2,\"name\":\"Vuelco en la ruta 72 entre Saldungaray y Frapal.\"}]},{\"@type\":\"WebSite\",\"@id\":\"https:\/\/www.noticiasradioreflejos.com.ar\/2021\/#website\",\"url\":\"https:\/\/www.noticiasradioreflejos.com.ar\/2021\/\",\"name\":\"Noticias Radio Reflejos\",\"description\":\"Las noticias de mi comarca\",\"potentialAction\":[{\"@type\":\"SearchAction\",\"target\":{\"@type\":\"EntryPoint\",\"urlTemplate\":\"https:\/\/www.noticiasradioreflejos.com.ar\/2021\/?s={search_term_string}\"},\"query-input\":{\"@type\":\"PropertyValueSpecification\",\"valueRequired\":true,\"valueName\":\"search_term_string\"}}],\"inLanguage\":\"es\"},{\"@type\":\"Person\",\"@id\":\"https:\/\/www.noticiasradioreflejos.com.ar\/2021\/#\/schema\/person\/ad82545263dcc5ec0996818884fd5fb1\",\"name\":\"Arnaldo Botto\",\"image\":{\"@type\":\"ImageObject\",\"inLanguage\":\"es\",\"@id\":\"https:\/\/www.noticiasradioreflejos.com.ar\/2021\/#\/schema\/person\/image\/\",\"url\":\"https:\/\/secure.gravatar.com\/avatar\/55cb5e37c1efa326397366e6974cb338056df65cb50e7d64d1cf314e87504837?s=96&d=mm&r=g\",\"contentUrl\":\"https:\/\/secure.gravatar.com\/avatar\/55cb5e37c1efa326397366e6974cb338056df65cb50e7d64d1cf314e87504837?s=96&d=mm&r=g\",\"caption\":\"Arnaldo Botto\"},\"url\":\"https:\/\/www.noticiasradioreflejos.com.ar\/2021\/author\/arnaldo\/\"}]}<\/script>\n<!-- \/ Yoast SEO plugin. -->","yoast_head_json":{"title":"Vuelco en la ruta 72 entre Saldungaray y Frapal. - Noticias Radio Reflejos","robots":{"index":"index","follow":"follow","max-snippet":"max-snippet:-1","max-image-preview":"max-image-preview:large","max-video-preview":"max-video-preview:-1"},"canonical":"https:\/\/www.noticiasradioreflejos.com.ar\/2021\/vuelco-en-la-ruta-72-entre-saldungaray-y-frapal\/","og_locale":"es_ES","og_type":"article","og_title":"Vuelco en la ruta 72 entre Saldungaray y Frapal. - Noticias Radio Reflejos","og_description":"El accidente se produjo a las 08:52 HORAS de este domingo 27 de junio, se produjo un vuelco en la ruta 72 a la altura del km 28 a unos 7 kms de la localidad de Saldungaray y unos 500 mts antes del Puente sobre el Arroyo del Toro.","og_url":"https:\/\/www.noticiasradioreflejos.com.ar\/2021\/vuelco-en-la-ruta-72-entre-saldungaray-y-frapal\/","og_site_name":"Noticias Radio Reflejos","article_published_time":"2021-06-27T14:40:40+00:00","article_modified_time":"2021-06-27T15:09:18+00:00","og_image":[{"url":"https:\/\/live.staticflickr.com\/65535\/51274771699_40dbb236bb_o.jpg","type":"","width":"","height":""}],"author":"Arnaldo Botto","twitter_card":"summary_large_image","schema":{"@context":"https:\/\/schema.org","@graph":[{"@type":"WebPage","@id":"https:\/\/www.noticiasradioreflejos.com.ar\/2021\/vuelco-en-la-ruta-72-entre-saldungaray-y-frapal\/","url":"https:\/\/www.noticiasradioreflejos.com.ar\/2021\/vuelco-en-la-ruta-72-entre-saldungaray-y-frapal\/","name":"Vuelco en la ruta 72 entre Saldungaray y Frapal. - Noticias Radio Reflejos","isPartOf":{"@id":"https:\/\/www.noticiasradioreflejos.com.ar\/2021\/#website"},"primaryImageOfPage":{"@id":"https:\/\/www.noticiasradioreflejos.com.ar\/2021\/vuelco-en-la-ruta-72-entre-saldungaray-y-frapal\/#primaryimage"},"image":{"@id":"https:\/\/www.noticiasradioreflejos.com.ar\/2021\/vuelco-en-la-ruta-72-entre-saldungaray-y-frapal\/#primaryimage"},"thumbnailUrl":"https:\/\/live.staticflickr.com\/65535\/51274771699_40dbb236bb_o.jpg","datePublished":"2021-06-27T14:40:40+00:00","dateModified":"2021-06-27T15:09:18+00:00","author":{"@id":"https:\/\/www.noticiasradioreflejos.com.ar\/2021\/#\/schema\/person\/ad82545263dcc5ec0996818884fd5fb1"},"breadcrumb":{"@id":"https:\/\/www.noticiasradioreflejos.com.ar\/2021\/vuelco-en-la-ruta-72-entre-saldungaray-y-frapal\/#breadcrumb"},"inLanguage":"es","potentialAction":[{"@type":"ReadAction","target":["https:\/\/www.noticiasradioreflejos.com.ar\/2021\/vuelco-en-la-ruta-72-entre-saldungaray-y-frapal\/"]}]},{"@type":"ImageObject","inLanguage":"es","@id":"https:\/\/www.noticiasradioreflejos.com.ar\/2021\/vuelco-en-la-ruta-72-entre-saldungaray-y-frapal\/#primaryimage","url":"https:\/\/live.staticflickr.com\/65535\/51274771699_40dbb236bb_o.jpg","contentUrl":"https:\/\/live.staticflickr.com\/65535\/51274771699_40dbb236bb_o.jpg"},{"@type":"BreadcrumbList","@id":"https:\/\/www.noticiasradioreflejos.com.ar\/2021\/vuelco-en-la-ruta-72-entre-saldungaray-y-frapal\/#breadcrumb","itemListElement":[{"@type":"ListItem","position":1,"name":"Portada","item":"https:\/\/www.noticiasradioreflejos.com.ar\/2021\/"},{"@type":"ListItem","position":2,"name":"Vuelco en la ruta 72 entre Saldungaray y Frapal."}]},{"@type":"WebSite","@id":"https:\/\/www.noticiasradioreflejos.com.ar\/2021\/#website","url":"https:\/\/www.noticiasradioreflejos.com.ar\/2021\/","name":"Noticias Radio Reflejos","description":"Las noticias de mi comarca","potentialAction":[{"@type":"SearchAction","target":{"@type":"EntryPoint","urlTemplate":"https:\/\/www.noticiasradioreflejos.com.ar\/2021\/?s={search_term_string}"},"query-input":{"@type":"PropertyValueSpecification","valueRequired":true,"valueName":"search_term_string"}}],"inLanguage":"es"},{"@type":"Person","@id":"https:\/\/www.noticiasradioreflejos.com.ar\/2021\/#\/schema\/person\/ad82545263dcc5ec0996818884fd5fb1","name":"Arnaldo Botto","image":{"@type":"ImageObject","inLanguage":"es","@id":"https:\/\/www.noticiasradioreflejos.com.ar\/2021\/#\/schema\/person\/image\/","url":"https:\/\/secure.gravatar.com\/avatar\/55cb5e37c1efa326397366e6974cb338056df65cb50e7d64d1cf314e87504837?s=96&d=mm&r=g","contentUrl":"https:\/\/secure.gravatar.com\/avatar\/55cb5e37c1efa326397366e6974cb338056df65cb50e7d64d1cf314e87504837?s=96&d=mm&r=g","caption":"Arnaldo Botto"},"url":"https:\/\/www.noticiasradioreflejos.com.ar\/2021\/author\/arnaldo\/"}]}},"_links":{"self":[{"href":"https:\/\/www.noticiasradioreflejos.com.ar\/2021\/wp-json\/wp\/v2\/posts\/59341","targetHints":{"allow":["GET"]}}],"collection":[{"href":"https:\/\/www.noticiasradioreflejos.com.ar\/2021\/wp-json\/wp\/v2\/posts"}],"about":[{"href":"https:\/\/www.noticiasradioreflejos.com.ar\/2021\/wp-json\/wp\/v2\/types\/post"}],"author":[{"embeddable":true,"href":"https:\/\/www.noticiasradioreflejos.com.ar\/2021\/wp-json\/wp\/v2\/users\/3"}],"replies":[{"embeddable":true,"href":"https:\/\/www.noticiasradioreflejos.com.ar\/2021\/wp-json\/wp\/v2\/comments?post=59341"}],"version-history":[{"count":3,"href":"https:\/\/www.noticiasradioreflejos.com.ar\/2021\/wp-json\/wp\/v2\/posts\/59341\/revisions"}],"predecessor-version":[{"id":59348,"href":"https:\/\/www.noticiasradioreflejos.com.ar\/2021\/wp-json\/wp\/v2\/posts\/59341\/revisions\/59348"}],"wp:attachment":[{"href":"https:\/\/www.noticiasradioreflejos.com.ar\/2021\/wp-json\/wp\/v2\/media?parent=59341"}],"wp:term":[{"taxonomy":"category","embeddable":true,"href":"https:\/\/www.noticiasradioreflejos.com.ar\/2021\/wp-json\/wp\/v2\/categories?post=59341"},{"taxonomy":"post_tag","embeddable":true,"href":"https:\/\/www.noticiasradioreflejos.com.ar\/2021\/wp-json\/wp\/v2\/tags?post=59341"}],"curies":[{"name":"wp","href":"https:\/\/api.w.org\/{rel}","templated":true}]}}