{"id":5930,"date":"2017-01-15T16:17:40","date_gmt":"2017-01-15T19:17:40","guid":{"rendered":"http:\/\/noticiasradioreflejos.com.ar\/noticias\/?p=5930"},"modified":"2017-01-15T16:17:40","modified_gmt":"2017-01-15T19:17:40","slug":"una-multitud-acompano-la-presentacion-de-miranda-en-sierra-de-la-ventana","status":"publish","type":"post","link":"https:\/\/www.noticiasradioreflejos.com.ar\/2021\/una-multitud-acompano-la-presentacion-de-miranda-en-sierra-de-la-ventana\/","title":{"rendered":"Una multitud acompa\u00f1\u00f3 la presentaci\u00f3n de Miranda en Sierra de la Ventana"},"content":{"rendered":"<p>M\u00e1s de 20 mil espectadores se movilizaron a Sierra de la Ventana que ya luc\u00eda colmada desde temprano por ser la perla m\u00e1s elegida de nuestro distrito.<!--more--><br \/>\nVisitantes de varios puntos de la regi\u00f3n se acercaron para ver a la banda pop n\u00famero uno del momento MIRANDA, integrada por Ale Sergi\u00a0 y Juliana Gattas, que junto a sus m\u00fasicos brindaron un show de una hora y media, con todos sus \u00e9xitos y haciendo vibrar a miles de fan\u00e1ticos.<br \/>\nSi bien hab\u00eda temor por c\u00f3mo pintaba el atardecer y la lluvia que comenz\u00f3 a caer daba indicio que todo eran malas noticias para toda la gente que ven\u00eda trabajando desde hace d\u00edas para este mega show, pasada la hora 20 y cuando a\u00fan el agua molestaba subi\u00f3 al escenario<strong>\u00a0LUNES 12<\/strong>\u00a0banda local liderada por Sergio Teko Dom\u00ednguez, haciendo sus covers conocidos y aplaudidos por los presentes.<br \/>\nDe a poco todo pas\u00f3 a la calma y una noche serena hizo que la gente saliera de los veh\u00edculos como hormigas y empezara a colmar el amplio predio del Centro Cultural.<br \/>\nEn segundo turno tambi\u00e9n subi\u00f3 al escenario\u00a0<strong>MEJUNGE<\/strong>\u00a0, una banda de Bah\u00eda Blanca liderada por Claudia Acosta, con su exc\u00e9ntrica voz e interpretaciones \u00fanicas de temas muy reconocidos.<br \/>\nEl p\u00fablico para ambas bandas brind\u00f3 un sentido reconocimiento con su aplauso.<br \/>\n<strong>A la espera de Miranda<\/strong><br \/>\nAprovechando un imp\u00e1s de 20 minutos, todos coparon los puestos de venta que fueron colapsados literalmente. En este sentido vale destacar el gran trabajo en materia de seguridad y tr\u00e1nsito que montaron efectivos del operativo Sol, la Polic\u00eda, Seguridad Vial e inspectores con el apoyo de los bomberos que trabajaron a destajo.<br \/>\nHacia las 22 ya en el predio los organizadores estimaban unas\u00a0<strong>23 mil personas<\/strong>\u00a0ya que no solo el terreno central estaba colmado sino tambi\u00e9n detr\u00e1s de los galpones y en los terraplenes que se ubicaban a unos 200 metros del lugar, superando ampliamente la concurrencia de la Fiesta de Reyes.<br \/>\n<strong>Un gran show a toda m\u00fasica y color<\/strong><br \/>\nEl show fue espectacular desde todo punto de vista. A las 22 comenzaron con \u201cYa lo Sab\u00eda\u201d y luego pasaron por 14 \u00e9xitos que fueron coreados y ovacionados por las fans y las familias que pudieron ver a sus \u00eddolos hasta la hora 23.30 en escena.<br \/>\n<strong>Gran trabajo log\u00edstico<\/strong><br \/>\nLas luces, el sonido de Eduardo Clair y el \u201cTim\u00f3n\u201d de Walter Mendez, un marinero que defiende a ultranza las directivas de su \u201cCapit\u00e1n\u201d Sergio Bordoni. M\u00e1s all\u00e1 de lo literal han dejado el cuerpo y el alma para que todo saliera como lo fue un show gratuito para todos con la mejor banda pop del pa\u00eds.<br \/>\nSer\u00e1 este un a\u00f1o cargado de shows con novedades muy interesantes. Recordemos que el 22 de Enero se presentar\u00e1 La Mosca en Villa Ventana. En Febrero Amar Azul y Los Nocheros. Para Setiembre una de las mejores bandas de Rock Nacional en Sierra y mucho m\u00e1s.<br \/>\n&nbsp;<br \/>\n<a href=\"https:\/\/www.facebook.com\/reflejosfm\/media_set?set=a.10211816478436188.1073742014.1496587978&amp;type=3&amp;uploaded=122\">VER TODAS LAS FOTOS<\/a><br \/>\n&nbsp;<br \/>\n<a title=\"DSC_0116 [1600x1200]\" href=\"http:\/\/farm1.staticflickr.com\/320\/32290339196_f58bdacb9b_z.jpg\" rel=\"\"><img loading=\"lazy\" decoding=\"async\" class=\"aligncenter\" title=\"DSC_0116 [1600x1200]\" src=\"http:\/\/farm1.staticflickr.com\/320\/32290339196_f58bdacb9b_z.jpg\" alt=\"DSC_0116 [1600x1200]\" width=\"640\" height=\"427\" \/><\/a><br \/>\n<a title=\"DSC_0124 [1600x1200]\" href=\"http:\/\/farm1.staticflickr.com\/277\/32209662611_88428252bf_z.jpg\" rel=\"\"><img loading=\"lazy\" decoding=\"async\" class=\"aligncenter\" title=\"DSC_0124 [1600x1200]\" src=\"http:\/\/farm1.staticflickr.com\/277\/32209662611_88428252bf_z.jpg\" alt=\"DSC_0124 [1600x1200]\" width=\"640\" height=\"427\" \/><\/a><br \/>\n<a title=\"DSC_0132 [1600x1200]\" href=\"http:\/\/farm1.staticflickr.com\/456\/32209660291_6fb88d06fd_z.jpg\" rel=\"\"><img loading=\"lazy\" decoding=\"async\" class=\"aligncenter\" title=\"DSC_0132 [1600x1200]\" src=\"http:\/\/farm1.staticflickr.com\/456\/32209660291_6fb88d06fd_z.jpg\" alt=\"DSC_0132 [1600x1200]\" width=\"640\" height=\"427\" \/><\/a><br \/>\n<a title=\"DSC_0163 [1600x1200]\" href=\"http:\/\/farm1.staticflickr.com\/440\/32329425975_0bb3b8d4e8_z.jpg\" rel=\"\"><img loading=\"lazy\" decoding=\"async\" class=\"aligncenter\" title=\"DSC_0163 [1600x1200]\" src=\"http:\/\/farm1.staticflickr.com\/440\/32329425975_0bb3b8d4e8_z.jpg\" alt=\"DSC_0163 [1600x1200]\" width=\"640\" height=\"427\" \/><\/a><br \/>\n<a title=\"DSC_0182 [1600x1200] (1)\" href=\"http:\/\/farm1.staticflickr.com\/340\/32209657331_03401957e3_z.jpg\" rel=\"\"><img loading=\"lazy\" decoding=\"async\" class=\"aligncenter\" title=\"DSC_0182 [1600x1200] (1)\" src=\"http:\/\/farm1.staticflickr.com\/340\/32209657331_03401957e3_z.jpg\" alt=\"DSC_0182 [1600x1200] (1)\" width=\"640\" height=\"427\" \/><\/a><br \/>\n&nbsp;<br \/>\n<a title=\"DSC_0199 [1600x1200]\" href=\"http:\/\/farm1.staticflickr.com\/352\/32329422785_af82110b8f_z.jpg\" rel=\"\"><img loading=\"lazy\" decoding=\"async\" class=\"aligncenter\" title=\"DSC_0199 [1600x1200]\" src=\"http:\/\/farm1.staticflickr.com\/352\/32329422785_af82110b8f_z.jpg\" alt=\"DSC_0199 [1600x1200]\" width=\"640\" height=\"427\" \/><\/a><br \/>\n<iframe loading=\"lazy\" src=\"https:\/\/w.soundcloud.com\/player\/?url=https%3A\/\/api.soundcloud.com\/tracks\/302844355&amp;color=ff5500&amp;auto_play=false&amp;hide_related=false&amp;show_comments=true&amp;show_user=true&amp;show_reposts=false\" width=\"100%\" height=\"166\" frameborder=\"no\" scrolling=\"no\"><\/iframe><br \/>\n<iframe loading=\"lazy\" src=\"https:\/\/w.soundcloud.com\/player\/?url=https%3A\/\/api.soundcloud.com\/tracks\/302844471&amp;color=ff5500&amp;auto_play=false&amp;hide_related=false&amp;show_comments=true&amp;show_user=true&amp;show_reposts=false\" width=\"100%\" height=\"166\" frameborder=\"no\" scrolling=\"no\"><\/iframe><br \/>\n<iframe loading=\"lazy\" src=\"https:\/\/w.soundcloud.com\/player\/?url=https%3A\/\/api.soundcloud.com\/tracks\/302844708&amp;color=ff5500&amp;auto_play=false&amp;hide_related=false&amp;show_comments=true&amp;show_user=true&amp;show_reposts=false\" width=\"100%\" height=\"166\" frameborder=\"no\" scrolling=\"no\"><\/iframe><\/p>\n","protected":false},"excerpt":{"rendered":"<p>M\u00e1s de 20 mil espectadores se movilizaron a Sierra de la Ventana que ya luc\u00eda colmada desde temprano por ser la perla m\u00e1s elegida de nuestro distrito.<\/p>\n","protected":false},"author":3,"featured_media":0,"comment_status":"closed","ping_status":"open","sticky":false,"template":"","format":"standard","meta":{"footnotes":""},"categories":[26],"tags":[],"class_list":["post-5930","post","type-post","status-publish","format-standard","hentry","category-sociedad"],"yoast_head":"<!-- This site is optimized with the Yoast SEO plugin v25.9 - https:\/\/yoast.com\/wordpress\/plugins\/seo\/ -->\n<title>Una multitud acompa\u00f1\u00f3 la presentaci\u00f3n de Miranda en Sierra de la Ventana - Noticias Radio Reflejos<\/title>\n<meta name=\"robots\" content=\"index, follow, max-snippet:-1, max-image-preview:large, max-video-preview:-1\" \/>\n<link rel=\"canonical\" href=\"https:\/\/www.noticiasradioreflejos.com.ar\/2021\/una-multitud-acompano-la-presentacion-de-miranda-en-sierra-de-la-ventana\/\" \/>\n<meta property=\"og:locale\" content=\"es_ES\" \/>\n<meta property=\"og:type\" content=\"article\" \/>\n<meta property=\"og:title\" content=\"Una multitud acompa\u00f1\u00f3 la presentaci\u00f3n de Miranda en Sierra de la Ventana - Noticias Radio Reflejos\" \/>\n<meta property=\"og:description\" content=\"M\u00e1s de 20 mil espectadores se movilizaron a Sierra de la Ventana que ya luc\u00eda colmada desde temprano por ser la perla m\u00e1s elegida de nuestro distrito.\" \/>\n<meta property=\"og:url\" content=\"https:\/\/www.noticiasradioreflejos.com.ar\/2021\/una-multitud-acompano-la-presentacion-de-miranda-en-sierra-de-la-ventana\/\" \/>\n<meta property=\"og:site_name\" content=\"Noticias Radio Reflejos\" \/>\n<meta property=\"article:published_time\" content=\"2017-01-15T19:17:40+00:00\" \/>\n<meta property=\"og:image\" content=\"http:\/\/farm1.staticflickr.com\/320\/32290339196_f58bdacb9b_z.jpg\" \/>\n<meta name=\"author\" content=\"Arnaldo Botto\" \/>\n<meta name=\"twitter:card\" content=\"summary_large_image\" \/>\n<script type=\"application\/ld+json\" class=\"yoast-schema-graph\">{\"@context\":\"https:\/\/schema.org\",\"@graph\":[{\"@type\":\"WebPage\",\"@id\":\"https:\/\/www.noticiasradioreflejos.com.ar\/2021\/una-multitud-acompano-la-presentacion-de-miranda-en-sierra-de-la-ventana\/\",\"url\":\"https:\/\/www.noticiasradioreflejos.com.ar\/2021\/una-multitud-acompano-la-presentacion-de-miranda-en-sierra-de-la-ventana\/\",\"name\":\"Una multitud acompa\u00f1\u00f3 la presentaci\u00f3n de Miranda en Sierra de la Ventana - Noticias Radio Reflejos\",\"isPartOf\":{\"@id\":\"https:\/\/www.noticiasradioreflejos.com.ar\/2021\/#website\"},\"primaryImageOfPage\":{\"@id\":\"https:\/\/www.noticiasradioreflejos.com.ar\/2021\/una-multitud-acompano-la-presentacion-de-miranda-en-sierra-de-la-ventana\/#primaryimage\"},\"image\":{\"@id\":\"https:\/\/www.noticiasradioreflejos.com.ar\/2021\/una-multitud-acompano-la-presentacion-de-miranda-en-sierra-de-la-ventana\/#primaryimage\"},\"thumbnailUrl\":\"http:\/\/farm1.staticflickr.com\/320\/32290339196_f58bdacb9b_z.jpg\",\"datePublished\":\"2017-01-15T19:17:40+00:00\",\"author\":{\"@id\":\"https:\/\/www.noticiasradioreflejos.com.ar\/2021\/#\/schema\/person\/ad82545263dcc5ec0996818884fd5fb1\"},\"breadcrumb\":{\"@id\":\"https:\/\/www.noticiasradioreflejos.com.ar\/2021\/una-multitud-acompano-la-presentacion-de-miranda-en-sierra-de-la-ventana\/#breadcrumb\"},\"inLanguage\":\"es\",\"potentialAction\":[{\"@type\":\"ReadAction\",\"target\":[\"https:\/\/www.noticiasradioreflejos.com.ar\/2021\/una-multitud-acompano-la-presentacion-de-miranda-en-sierra-de-la-ventana\/\"]}]},{\"@type\":\"ImageObject\",\"inLanguage\":\"es\",\"@id\":\"https:\/\/www.noticiasradioreflejos.com.ar\/2021\/una-multitud-acompano-la-presentacion-de-miranda-en-sierra-de-la-ventana\/#primaryimage\",\"url\":\"http:\/\/farm1.staticflickr.com\/320\/32290339196_f58bdacb9b_z.jpg\",\"contentUrl\":\"http:\/\/farm1.staticflickr.com\/320\/32290339196_f58bdacb9b_z.jpg\"},{\"@type\":\"BreadcrumbList\",\"@id\":\"https:\/\/www.noticiasradioreflejos.com.ar\/2021\/una-multitud-acompano-la-presentacion-de-miranda-en-sierra-de-la-ventana\/#breadcrumb\",\"itemListElement\":[{\"@type\":\"ListItem\",\"position\":1,\"name\":\"Portada\",\"item\":\"https:\/\/www.noticiasradioreflejos.com.ar\/2021\/\"},{\"@type\":\"ListItem\",\"position\":2,\"name\":\"Una multitud acompa\u00f1\u00f3 la presentaci\u00f3n de Miranda en Sierra de la Ventana\"}]},{\"@type\":\"WebSite\",\"@id\":\"https:\/\/www.noticiasradioreflejos.com.ar\/2021\/#website\",\"url\":\"https:\/\/www.noticiasradioreflejos.com.ar\/2021\/\",\"name\":\"Noticias Radio Reflejos\",\"description\":\"Las noticias de mi comarca\",\"potentialAction\":[{\"@type\":\"SearchAction\",\"target\":{\"@type\":\"EntryPoint\",\"urlTemplate\":\"https:\/\/www.noticiasradioreflejos.com.ar\/2021\/?s={search_term_string}\"},\"query-input\":{\"@type\":\"PropertyValueSpecification\",\"valueRequired\":true,\"valueName\":\"search_term_string\"}}],\"inLanguage\":\"es\"},{\"@type\":\"Person\",\"@id\":\"https:\/\/www.noticiasradioreflejos.com.ar\/2021\/#\/schema\/person\/ad82545263dcc5ec0996818884fd5fb1\",\"name\":\"Arnaldo Botto\",\"image\":{\"@type\":\"ImageObject\",\"inLanguage\":\"es\",\"@id\":\"https:\/\/www.noticiasradioreflejos.com.ar\/2021\/#\/schema\/person\/image\/\",\"url\":\"https:\/\/secure.gravatar.com\/avatar\/55cb5e37c1efa326397366e6974cb338056df65cb50e7d64d1cf314e87504837?s=96&d=mm&r=g\",\"contentUrl\":\"https:\/\/secure.gravatar.com\/avatar\/55cb5e37c1efa326397366e6974cb338056df65cb50e7d64d1cf314e87504837?s=96&d=mm&r=g\",\"caption\":\"Arnaldo Botto\"},\"url\":\"https:\/\/www.noticiasradioreflejos.com.ar\/2021\/author\/arnaldo\/\"}]}<\/script>\n<!-- \/ Yoast SEO plugin. -->","yoast_head_json":{"title":"Una multitud acompa\u00f1\u00f3 la presentaci\u00f3n de Miranda en Sierra de la Ventana - Noticias Radio Reflejos","robots":{"index":"index","follow":"follow","max-snippet":"max-snippet:-1","max-image-preview":"max-image-preview:large","max-video-preview":"max-video-preview:-1"},"canonical":"https:\/\/www.noticiasradioreflejos.com.ar\/2021\/una-multitud-acompano-la-presentacion-de-miranda-en-sierra-de-la-ventana\/","og_locale":"es_ES","og_type":"article","og_title":"Una multitud acompa\u00f1\u00f3 la presentaci\u00f3n de Miranda en Sierra de la Ventana - Noticias Radio Reflejos","og_description":"M\u00e1s de 20 mil espectadores se movilizaron a Sierra de la Ventana que ya luc\u00eda colmada desde temprano por ser la perla m\u00e1s elegida de nuestro distrito.","og_url":"https:\/\/www.noticiasradioreflejos.com.ar\/2021\/una-multitud-acompano-la-presentacion-de-miranda-en-sierra-de-la-ventana\/","og_site_name":"Noticias Radio Reflejos","article_published_time":"2017-01-15T19:17:40+00:00","og_image":[{"url":"http:\/\/farm1.staticflickr.com\/320\/32290339196_f58bdacb9b_z.jpg","type":"","width":"","height":""}],"author":"Arnaldo Botto","twitter_card":"summary_large_image","schema":{"@context":"https:\/\/schema.org","@graph":[{"@type":"WebPage","@id":"https:\/\/www.noticiasradioreflejos.com.ar\/2021\/una-multitud-acompano-la-presentacion-de-miranda-en-sierra-de-la-ventana\/","url":"https:\/\/www.noticiasradioreflejos.com.ar\/2021\/una-multitud-acompano-la-presentacion-de-miranda-en-sierra-de-la-ventana\/","name":"Una multitud acompa\u00f1\u00f3 la presentaci\u00f3n de Miranda en Sierra de la Ventana - Noticias Radio Reflejos","isPartOf":{"@id":"https:\/\/www.noticiasradioreflejos.com.ar\/2021\/#website"},"primaryImageOfPage":{"@id":"https:\/\/www.noticiasradioreflejos.com.ar\/2021\/una-multitud-acompano-la-presentacion-de-miranda-en-sierra-de-la-ventana\/#primaryimage"},"image":{"@id":"https:\/\/www.noticiasradioreflejos.com.ar\/2021\/una-multitud-acompano-la-presentacion-de-miranda-en-sierra-de-la-ventana\/#primaryimage"},"thumbnailUrl":"http:\/\/farm1.staticflickr.com\/320\/32290339196_f58bdacb9b_z.jpg","datePublished":"2017-01-15T19:17:40+00:00","author":{"@id":"https:\/\/www.noticiasradioreflejos.com.ar\/2021\/#\/schema\/person\/ad82545263dcc5ec0996818884fd5fb1"},"breadcrumb":{"@id":"https:\/\/www.noticiasradioreflejos.com.ar\/2021\/una-multitud-acompano-la-presentacion-de-miranda-en-sierra-de-la-ventana\/#breadcrumb"},"inLanguage":"es","potentialAction":[{"@type":"ReadAction","target":["https:\/\/www.noticiasradioreflejos.com.ar\/2021\/una-multitud-acompano-la-presentacion-de-miranda-en-sierra-de-la-ventana\/"]}]},{"@type":"ImageObject","inLanguage":"es","@id":"https:\/\/www.noticiasradioreflejos.com.ar\/2021\/una-multitud-acompano-la-presentacion-de-miranda-en-sierra-de-la-ventana\/#primaryimage","url":"http:\/\/farm1.staticflickr.com\/320\/32290339196_f58bdacb9b_z.jpg","contentUrl":"http:\/\/farm1.staticflickr.com\/320\/32290339196_f58bdacb9b_z.jpg"},{"@type":"BreadcrumbList","@id":"https:\/\/www.noticiasradioreflejos.com.ar\/2021\/una-multitud-acompano-la-presentacion-de-miranda-en-sierra-de-la-ventana\/#breadcrumb","itemListElement":[{"@type":"ListItem","position":1,"name":"Portada","item":"https:\/\/www.noticiasradioreflejos.com.ar\/2021\/"},{"@type":"ListItem","position":2,"name":"Una multitud acompa\u00f1\u00f3 la presentaci\u00f3n de Miranda en Sierra de la Ventana"}]},{"@type":"WebSite","@id":"https:\/\/www.noticiasradioreflejos.com.ar\/2021\/#website","url":"https:\/\/www.noticiasradioreflejos.com.ar\/2021\/","name":"Noticias Radio Reflejos","description":"Las noticias de mi comarca","potentialAction":[{"@type":"SearchAction","target":{"@type":"EntryPoint","urlTemplate":"https:\/\/www.noticiasradioreflejos.com.ar\/2021\/?s={search_term_string}"},"query-input":{"@type":"PropertyValueSpecification","valueRequired":true,"valueName":"search_term_string"}}],"inLanguage":"es"},{"@type":"Person","@id":"https:\/\/www.noticiasradioreflejos.com.ar\/2021\/#\/schema\/person\/ad82545263dcc5ec0996818884fd5fb1","name":"Arnaldo Botto","image":{"@type":"ImageObject","inLanguage":"es","@id":"https:\/\/www.noticiasradioreflejos.com.ar\/2021\/#\/schema\/person\/image\/","url":"https:\/\/secure.gravatar.com\/avatar\/55cb5e37c1efa326397366e6974cb338056df65cb50e7d64d1cf314e87504837?s=96&d=mm&r=g","contentUrl":"https:\/\/secure.gravatar.com\/avatar\/55cb5e37c1efa326397366e6974cb338056df65cb50e7d64d1cf314e87504837?s=96&d=mm&r=g","caption":"Arnaldo Botto"},"url":"https:\/\/www.noticiasradioreflejos.com.ar\/2021\/author\/arnaldo\/"}]}},"_links":{"self":[{"href":"https:\/\/www.noticiasradioreflejos.com.ar\/2021\/wp-json\/wp\/v2\/posts\/5930","targetHints":{"allow":["GET"]}}],"collection":[{"href":"https:\/\/www.noticiasradioreflejos.com.ar\/2021\/wp-json\/wp\/v2\/posts"}],"about":[{"href":"https:\/\/www.noticiasradioreflejos.com.ar\/2021\/wp-json\/wp\/v2\/types\/post"}],"author":[{"embeddable":true,"href":"https:\/\/www.noticiasradioreflejos.com.ar\/2021\/wp-json\/wp\/v2\/users\/3"}],"replies":[{"embeddable":true,"href":"https:\/\/www.noticiasradioreflejos.com.ar\/2021\/wp-json\/wp\/v2\/comments?post=5930"}],"version-history":[{"count":0,"href":"https:\/\/www.noticiasradioreflejos.com.ar\/2021\/wp-json\/wp\/v2\/posts\/5930\/revisions"}],"wp:attachment":[{"href":"https:\/\/www.noticiasradioreflejos.com.ar\/2021\/wp-json\/wp\/v2\/media?parent=5930"}],"wp:term":[{"taxonomy":"category","embeddable":true,"href":"https:\/\/www.noticiasradioreflejos.com.ar\/2021\/wp-json\/wp\/v2\/categories?post=5930"},{"taxonomy":"post_tag","embeddable":true,"href":"https:\/\/www.noticiasradioreflejos.com.ar\/2021\/wp-json\/wp\/v2\/tags?post=5930"}],"curies":[{"name":"wp","href":"https:\/\/api.w.org\/{rel}","templated":true}]}}