{"id":59285,"date":"2021-06-25T13:58:17","date_gmt":"2021-06-25T13:58:17","guid":{"rendered":"http:\/\/www.noticiasradioreflejos.com.ar\/2021\/?p=59285"},"modified":"2021-06-25T14:01:04","modified_gmt":"2021-06-25T14:01:04","slug":"informe-sesion-extraordinaria-en-el-concejo-deliberante-de-tornquist","status":"publish","type":"post","link":"https:\/\/www.noticiasradioreflejos.com.ar\/2021\/informe-sesion-extraordinaria-en-el-concejo-deliberante-de-tornquist\/","title":{"rendered":"Informe sesi\u00f3n extraordinaria en el Concejo Deliberante de Tornquist"},"content":{"rendered":"<p>Convocados por Decreto N\u00ba 15\/21 el 22 de junio previo a la reuni\u00f3n de trabajo del d\u00eda, los Ediles participaron de una Sesi\u00f3n Extraordinaria para tratar los \u00a0siguientes temas:<!--more--><\/p>\n<p><strong><u>Expte. N\u00ba 125\/21:<\/u><\/strong> \u201cSecretar\u00eda de Obras y Servicios P\u00fablicos- Llamado a Licitaci\u00f3n Privada N\u00ba 04\/21 ref. adquisici\u00f3n de perfilador de suelos de arrastre\/tiro nuevo, sin uso\u201d.<\/p>\n<p>Se aprueba por unanimidad la Ordenanza 3353\/21 por la que se autoriza al Departamento Ejecutivo Municipal a adjudicar a la firma COMBES IMPLEMENTOS AGRICOLAS S.R.L., con domicilio en la calle Avda. Pueyrred\u00f3n N\u00ba 481 de la ciudad de Pig\u00fc\u00e9, la Adquisici\u00f3n de perfilador de suelos de arrastre\/tiro nuevo, seg\u00fan Pliego de Bases y Condiciones objeto de la Licitaci\u00f3n Privada N\u00ba 04\/21, en la suma de PESOS TRES MILLONES CIENTO SIETE MIL TRESCIENTOS ($ 3.107.300,00).-<\/p>\n<p><strong><u>Expte. N\u00ba 7296\/21:<\/u><\/strong> \u201cBloques Cambiemos Bs. As. y Juntos por el Cambio &#8211; Proyecto de Ordenanza: Suspensi\u00f3n hasta 31\/12\/21 incrementos en la remuneraci\u00f3n de la retribuci\u00f3n mensual percibida por Concejales\u201d.<\/p>\n<p>Se aprueba por unanimidad la Ordenanza N\u00ba 3354\/21 por la que se suspende todo incremento en la remuneraci\u00f3n de la retribuci\u00f3n mensual percibida por los Concejales y Secretario Legislativo, a partir del 1 de junio y hasta el 31 de Diciembre de 2021.- Se invita al Poder Ejecutivo Municipal a tomar la misma medida con los sueldos de los funcionarios de la planta pol\u00edtica.-<\/p>\n<p><strong><u>Federico Labarthe:<\/u><\/strong> \u201cSolicita licencia sin goce de haberes a su cargo de Concejal, hasta el 31 de diciembre de 2021\u201d. &#8211; Se aprueba por unanimidad dicha solicitud.-<\/p>\n<p><strong><u>Elisabet Nori:<\/u><\/strong> \u201cSolicita licencia a su cargo de Secretaria Legislativa, hasta el d\u00eda 10 de diciembre de 2021\u201d.<\/p>\n<p>Se aprueba por unanimidad dicha solicitud.-<\/p>\n<p><a title=\"WhatsApp Image 2021-06-22 at 20.51.32 (1)\" href=\"https:\/\/www.flickr.com\/photos\/182279889@N02\/51269931061\/in\/dateposted-public\/\" data-flickr-embed=\"true\"><img loading=\"lazy\" decoding=\"async\" src=\"https:\/\/live.staticflickr.com\/65535\/51269931061_3a361cedf5_c.jpg\" alt=\"WhatsApp Image 2021-06-22 at 20.51.32 (1)\" width=\"600\" height=\"800\" \/><\/a><script async src=\"\/\/embedr.flickr.com\/assets\/client-code.js\" charset=\"utf-8\"><\/script><\/p>\n<p><strong>Alocuciones de los se\u00f1ores Concejales:<\/strong><\/p>\n<p><strong>Concejal Jos\u00e9 M. Fonfr\u00eda:<\/strong><\/p>\n<p>\u201cBueno, quiero agradecerles\u00a0 a los Concejales de Cumplir, y del Frente de Todos por haber acompa\u00f1ado esta Ordenanza del congelamiento de sueldos. Y a la vez invitar al Ejecutivo que siga nuestros pasos en cuanto al congelamiento de la dietas. Nada m\u00e1s Sr. Presidente\u201d.<\/p>\n<p><a title=\"WhatsApp Image 2021-06-22 at 20.51.33 (2)\" href=\"https:\/\/www.flickr.com\/photos\/182279889@N02\/51270114003\/in\/dateposted-public\/\" data-flickr-embed=\"true\"><img loading=\"lazy\" decoding=\"async\" src=\"https:\/\/live.staticflickr.com\/65535\/51270114003_05d76f33eb_c.jpg\" alt=\"WhatsApp Image 2021-06-22 at 20.51.33 (2)\" width=\"600\" height=\"800\" \/><\/a><script async src=\"\/\/embedr.flickr.com\/assets\/client-code.js\" charset=\"utf-8\"><\/script><\/p>\n<p>HONORABLE CONCEJO DELIBERANTE DE TORNQUIST<\/p>\n<p>&nbsp;<\/p>\n<p>&nbsp;<\/p>\n","protected":false},"excerpt":{"rendered":"<p>Convocados por Decreto N\u00ba 15\/21 el 22 de junio previo a la reuni\u00f3n de trabajo del d\u00eda, los Ediles participaron de una Sesi\u00f3n Extraordinaria para tratar los \u00a0siguientes temas<\/p>\n","protected":false},"author":3,"featured_media":0,"comment_status":"closed","ping_status":"closed","sticky":false,"template":"","format":"standard","meta":{"footnotes":""},"categories":[28],"tags":[],"class_list":["post-59285","post","type-post","status-publish","format-standard","hentry","category-municipales"],"yoast_head":"<!-- This site is optimized with the Yoast SEO plugin v25.9 - https:\/\/yoast.com\/wordpress\/plugins\/seo\/ -->\n<title>Informe sesi\u00f3n extraordinaria en el Concejo Deliberante de Tornquist - Noticias Radio Reflejos<\/title>\n<meta name=\"robots\" content=\"index, follow, max-snippet:-1, max-image-preview:large, max-video-preview:-1\" \/>\n<link rel=\"canonical\" href=\"https:\/\/www.noticiasradioreflejos.com.ar\/2021\/informe-sesion-extraordinaria-en-el-concejo-deliberante-de-tornquist\/\" \/>\n<meta property=\"og:locale\" content=\"es_ES\" \/>\n<meta property=\"og:type\" content=\"article\" \/>\n<meta property=\"og:title\" content=\"Informe sesi\u00f3n extraordinaria en el Concejo Deliberante de Tornquist - Noticias Radio Reflejos\" \/>\n<meta property=\"og:description\" content=\"Convocados por Decreto N\u00ba 15\/21 el 22 de junio previo a la reuni\u00f3n de trabajo del d\u00eda, los Ediles participaron de una Sesi\u00f3n Extraordinaria para tratar los \u00a0siguientes temas\" \/>\n<meta property=\"og:url\" content=\"https:\/\/www.noticiasradioreflejos.com.ar\/2021\/informe-sesion-extraordinaria-en-el-concejo-deliberante-de-tornquist\/\" \/>\n<meta property=\"og:site_name\" content=\"Noticias Radio Reflejos\" \/>\n<meta property=\"article:published_time\" content=\"2021-06-25T13:58:17+00:00\" \/>\n<meta property=\"article:modified_time\" content=\"2021-06-25T14:01:04+00:00\" \/>\n<meta property=\"og:image\" content=\"https:\/\/live.staticflickr.com\/65535\/51269931061_3a361cedf5_c.jpg\" \/>\n<meta name=\"author\" content=\"Arnaldo Botto\" \/>\n<meta name=\"twitter:card\" content=\"summary_large_image\" \/>\n<script type=\"application\/ld+json\" class=\"yoast-schema-graph\">{\"@context\":\"https:\/\/schema.org\",\"@graph\":[{\"@type\":\"WebPage\",\"@id\":\"https:\/\/www.noticiasradioreflejos.com.ar\/2021\/informe-sesion-extraordinaria-en-el-concejo-deliberante-de-tornquist\/\",\"url\":\"https:\/\/www.noticiasradioreflejos.com.ar\/2021\/informe-sesion-extraordinaria-en-el-concejo-deliberante-de-tornquist\/\",\"name\":\"Informe sesi\u00f3n extraordinaria en el Concejo Deliberante de Tornquist - Noticias Radio Reflejos\",\"isPartOf\":{\"@id\":\"https:\/\/www.noticiasradioreflejos.com.ar\/2021\/#website\"},\"primaryImageOfPage\":{\"@id\":\"https:\/\/www.noticiasradioreflejos.com.ar\/2021\/informe-sesion-extraordinaria-en-el-concejo-deliberante-de-tornquist\/#primaryimage\"},\"image\":{\"@id\":\"https:\/\/www.noticiasradioreflejos.com.ar\/2021\/informe-sesion-extraordinaria-en-el-concejo-deliberante-de-tornquist\/#primaryimage\"},\"thumbnailUrl\":\"https:\/\/live.staticflickr.com\/65535\/51269931061_3a361cedf5_c.jpg\",\"datePublished\":\"2021-06-25T13:58:17+00:00\",\"dateModified\":\"2021-06-25T14:01:04+00:00\",\"author\":{\"@id\":\"https:\/\/www.noticiasradioreflejos.com.ar\/2021\/#\/schema\/person\/ad82545263dcc5ec0996818884fd5fb1\"},\"breadcrumb\":{\"@id\":\"https:\/\/www.noticiasradioreflejos.com.ar\/2021\/informe-sesion-extraordinaria-en-el-concejo-deliberante-de-tornquist\/#breadcrumb\"},\"inLanguage\":\"es\",\"potentialAction\":[{\"@type\":\"ReadAction\",\"target\":[\"https:\/\/www.noticiasradioreflejos.com.ar\/2021\/informe-sesion-extraordinaria-en-el-concejo-deliberante-de-tornquist\/\"]}]},{\"@type\":\"ImageObject\",\"inLanguage\":\"es\",\"@id\":\"https:\/\/www.noticiasradioreflejos.com.ar\/2021\/informe-sesion-extraordinaria-en-el-concejo-deliberante-de-tornquist\/#primaryimage\",\"url\":\"https:\/\/live.staticflickr.com\/65535\/51269931061_3a361cedf5_c.jpg\",\"contentUrl\":\"https:\/\/live.staticflickr.com\/65535\/51269931061_3a361cedf5_c.jpg\"},{\"@type\":\"BreadcrumbList\",\"@id\":\"https:\/\/www.noticiasradioreflejos.com.ar\/2021\/informe-sesion-extraordinaria-en-el-concejo-deliberante-de-tornquist\/#breadcrumb\",\"itemListElement\":[{\"@type\":\"ListItem\",\"position\":1,\"name\":\"Portada\",\"item\":\"https:\/\/www.noticiasradioreflejos.com.ar\/2021\/\"},{\"@type\":\"ListItem\",\"position\":2,\"name\":\"Informe sesi\u00f3n extraordinaria en el Concejo Deliberante de Tornquist\"}]},{\"@type\":\"WebSite\",\"@id\":\"https:\/\/www.noticiasradioreflejos.com.ar\/2021\/#website\",\"url\":\"https:\/\/www.noticiasradioreflejos.com.ar\/2021\/\",\"name\":\"Noticias Radio Reflejos\",\"description\":\"Las noticias de mi comarca\",\"potentialAction\":[{\"@type\":\"SearchAction\",\"target\":{\"@type\":\"EntryPoint\",\"urlTemplate\":\"https:\/\/www.noticiasradioreflejos.com.ar\/2021\/?s={search_term_string}\"},\"query-input\":{\"@type\":\"PropertyValueSpecification\",\"valueRequired\":true,\"valueName\":\"search_term_string\"}}],\"inLanguage\":\"es\"},{\"@type\":\"Person\",\"@id\":\"https:\/\/www.noticiasradioreflejos.com.ar\/2021\/#\/schema\/person\/ad82545263dcc5ec0996818884fd5fb1\",\"name\":\"Arnaldo Botto\",\"image\":{\"@type\":\"ImageObject\",\"inLanguage\":\"es\",\"@id\":\"https:\/\/www.noticiasradioreflejos.com.ar\/2021\/#\/schema\/person\/image\/\",\"url\":\"https:\/\/secure.gravatar.com\/avatar\/55cb5e37c1efa326397366e6974cb338056df65cb50e7d64d1cf314e87504837?s=96&d=mm&r=g\",\"contentUrl\":\"https:\/\/secure.gravatar.com\/avatar\/55cb5e37c1efa326397366e6974cb338056df65cb50e7d64d1cf314e87504837?s=96&d=mm&r=g\",\"caption\":\"Arnaldo Botto\"},\"url\":\"https:\/\/www.noticiasradioreflejos.com.ar\/2021\/author\/arnaldo\/\"}]}<\/script>\n<!-- \/ Yoast SEO plugin. -->","yoast_head_json":{"title":"Informe sesi\u00f3n extraordinaria en el Concejo Deliberante de Tornquist - Noticias Radio Reflejos","robots":{"index":"index","follow":"follow","max-snippet":"max-snippet:-1","max-image-preview":"max-image-preview:large","max-video-preview":"max-video-preview:-1"},"canonical":"https:\/\/www.noticiasradioreflejos.com.ar\/2021\/informe-sesion-extraordinaria-en-el-concejo-deliberante-de-tornquist\/","og_locale":"es_ES","og_type":"article","og_title":"Informe sesi\u00f3n extraordinaria en el Concejo Deliberante de Tornquist - Noticias Radio Reflejos","og_description":"Convocados por Decreto N\u00ba 15\/21 el 22 de junio previo a la reuni\u00f3n de trabajo del d\u00eda, los Ediles participaron de una Sesi\u00f3n Extraordinaria para tratar los \u00a0siguientes temas","og_url":"https:\/\/www.noticiasradioreflejos.com.ar\/2021\/informe-sesion-extraordinaria-en-el-concejo-deliberante-de-tornquist\/","og_site_name":"Noticias Radio Reflejos","article_published_time":"2021-06-25T13:58:17+00:00","article_modified_time":"2021-06-25T14:01:04+00:00","og_image":[{"url":"https:\/\/live.staticflickr.com\/65535\/51269931061_3a361cedf5_c.jpg","type":"","width":"","height":""}],"author":"Arnaldo Botto","twitter_card":"summary_large_image","schema":{"@context":"https:\/\/schema.org","@graph":[{"@type":"WebPage","@id":"https:\/\/www.noticiasradioreflejos.com.ar\/2021\/informe-sesion-extraordinaria-en-el-concejo-deliberante-de-tornquist\/","url":"https:\/\/www.noticiasradioreflejos.com.ar\/2021\/informe-sesion-extraordinaria-en-el-concejo-deliberante-de-tornquist\/","name":"Informe sesi\u00f3n extraordinaria en el Concejo Deliberante de Tornquist - Noticias Radio Reflejos","isPartOf":{"@id":"https:\/\/www.noticiasradioreflejos.com.ar\/2021\/#website"},"primaryImageOfPage":{"@id":"https:\/\/www.noticiasradioreflejos.com.ar\/2021\/informe-sesion-extraordinaria-en-el-concejo-deliberante-de-tornquist\/#primaryimage"},"image":{"@id":"https:\/\/www.noticiasradioreflejos.com.ar\/2021\/informe-sesion-extraordinaria-en-el-concejo-deliberante-de-tornquist\/#primaryimage"},"thumbnailUrl":"https:\/\/live.staticflickr.com\/65535\/51269931061_3a361cedf5_c.jpg","datePublished":"2021-06-25T13:58:17+00:00","dateModified":"2021-06-25T14:01:04+00:00","author":{"@id":"https:\/\/www.noticiasradioreflejos.com.ar\/2021\/#\/schema\/person\/ad82545263dcc5ec0996818884fd5fb1"},"breadcrumb":{"@id":"https:\/\/www.noticiasradioreflejos.com.ar\/2021\/informe-sesion-extraordinaria-en-el-concejo-deliberante-de-tornquist\/#breadcrumb"},"inLanguage":"es","potentialAction":[{"@type":"ReadAction","target":["https:\/\/www.noticiasradioreflejos.com.ar\/2021\/informe-sesion-extraordinaria-en-el-concejo-deliberante-de-tornquist\/"]}]},{"@type":"ImageObject","inLanguage":"es","@id":"https:\/\/www.noticiasradioreflejos.com.ar\/2021\/informe-sesion-extraordinaria-en-el-concejo-deliberante-de-tornquist\/#primaryimage","url":"https:\/\/live.staticflickr.com\/65535\/51269931061_3a361cedf5_c.jpg","contentUrl":"https:\/\/live.staticflickr.com\/65535\/51269931061_3a361cedf5_c.jpg"},{"@type":"BreadcrumbList","@id":"https:\/\/www.noticiasradioreflejos.com.ar\/2021\/informe-sesion-extraordinaria-en-el-concejo-deliberante-de-tornquist\/#breadcrumb","itemListElement":[{"@type":"ListItem","position":1,"name":"Portada","item":"https:\/\/www.noticiasradioreflejos.com.ar\/2021\/"},{"@type":"ListItem","position":2,"name":"Informe sesi\u00f3n extraordinaria en el Concejo Deliberante de Tornquist"}]},{"@type":"WebSite","@id":"https:\/\/www.noticiasradioreflejos.com.ar\/2021\/#website","url":"https:\/\/www.noticiasradioreflejos.com.ar\/2021\/","name":"Noticias Radio Reflejos","description":"Las noticias de mi comarca","potentialAction":[{"@type":"SearchAction","target":{"@type":"EntryPoint","urlTemplate":"https:\/\/www.noticiasradioreflejos.com.ar\/2021\/?s={search_term_string}"},"query-input":{"@type":"PropertyValueSpecification","valueRequired":true,"valueName":"search_term_string"}}],"inLanguage":"es"},{"@type":"Person","@id":"https:\/\/www.noticiasradioreflejos.com.ar\/2021\/#\/schema\/person\/ad82545263dcc5ec0996818884fd5fb1","name":"Arnaldo Botto","image":{"@type":"ImageObject","inLanguage":"es","@id":"https:\/\/www.noticiasradioreflejos.com.ar\/2021\/#\/schema\/person\/image\/","url":"https:\/\/secure.gravatar.com\/avatar\/55cb5e37c1efa326397366e6974cb338056df65cb50e7d64d1cf314e87504837?s=96&d=mm&r=g","contentUrl":"https:\/\/secure.gravatar.com\/avatar\/55cb5e37c1efa326397366e6974cb338056df65cb50e7d64d1cf314e87504837?s=96&d=mm&r=g","caption":"Arnaldo Botto"},"url":"https:\/\/www.noticiasradioreflejos.com.ar\/2021\/author\/arnaldo\/"}]}},"_links":{"self":[{"href":"https:\/\/www.noticiasradioreflejos.com.ar\/2021\/wp-json\/wp\/v2\/posts\/59285","targetHints":{"allow":["GET"]}}],"collection":[{"href":"https:\/\/www.noticiasradioreflejos.com.ar\/2021\/wp-json\/wp\/v2\/posts"}],"about":[{"href":"https:\/\/www.noticiasradioreflejos.com.ar\/2021\/wp-json\/wp\/v2\/types\/post"}],"author":[{"embeddable":true,"href":"https:\/\/www.noticiasradioreflejos.com.ar\/2021\/wp-json\/wp\/v2\/users\/3"}],"replies":[{"embeddable":true,"href":"https:\/\/www.noticiasradioreflejos.com.ar\/2021\/wp-json\/wp\/v2\/comments?post=59285"}],"version-history":[{"count":3,"href":"https:\/\/www.noticiasradioreflejos.com.ar\/2021\/wp-json\/wp\/v2\/posts\/59285\/revisions"}],"predecessor-version":[{"id":59289,"href":"https:\/\/www.noticiasradioreflejos.com.ar\/2021\/wp-json\/wp\/v2\/posts\/59285\/revisions\/59289"}],"wp:attachment":[{"href":"https:\/\/www.noticiasradioreflejos.com.ar\/2021\/wp-json\/wp\/v2\/media?parent=59285"}],"wp:term":[{"taxonomy":"category","embeddable":true,"href":"https:\/\/www.noticiasradioreflejos.com.ar\/2021\/wp-json\/wp\/v2\/categories?post=59285"},{"taxonomy":"post_tag","embeddable":true,"href":"https:\/\/www.noticiasradioreflejos.com.ar\/2021\/wp-json\/wp\/v2\/tags?post=59285"}],"curies":[{"name":"wp","href":"https:\/\/api.w.org\/{rel}","templated":true}]}}