{"id":59274,"date":"2021-06-25T11:29:17","date_gmt":"2021-06-25T11:29:17","guid":{"rendered":"http:\/\/www.noticiasradioreflejos.com.ar\/2021\/?p=59274"},"modified":"2021-06-25T11:29:17","modified_gmt":"2021-06-25T11:29:17","slug":"investigadores-israelies-hallaron-restos-de-una-nueva-especie-de-hombre-prehistorico","status":"publish","type":"post","link":"https:\/\/www.noticiasradioreflejos.com.ar\/2021\/investigadores-israelies-hallaron-restos-de-una-nueva-especie-de-hombre-prehistorico\/","title":{"rendered":"Investigadores israel\u00edes hallaron restos de una nueva especie de hombre prehist\u00f3rico"},"content":{"rendered":"<div class=\"head-content\">\n<p>La osamenta data de hace 140.000 a 120.000 a\u00f1os y comparte rasgos comunes con los Neandertal y otros tipos de hombre arcaico, indicaron los investigadores en un comunicado.<\/p>\n<\/div>\n<p><!--more--><\/p>\n<div class=\"main-content-block\">\n<div class=\"main-box clearfix\">\n<div class=\"wrapper-main-section clearfix\">\n<div class=\"wrapper-editable-content\">\n<div class=\"editable-content clearfix\">\n<div id=\"image\" class=\"image\"><img decoding=\"async\" title=\"Los cient\u00edficos bautizaron el hallazgo como &quot;Nesher Ramla&quot;. (Imagen de archivo)\" src=\"https:\/\/www.telam.com.ar\/advf\/imagenes\/2014\/09\/541ee86563252_1004x669.jpg\" alt=\"Los cient\u00edficos bautizaron el hallazgo como &quot;Nesher Ramla&quot;. (Imagen de archivo)\" \/><\/p>\n<div class=\"epigrafe\">Los cient\u00edficos bautizaron el hallazgo como \u00abNesher Ramla\u00bb. (Imagen de archivo)<\/div>\n<\/div>\n<p>Restos \u00f3seos de una especie de hombre prehist\u00f3rico, hasta\u00a0<strong>ahora desconocida para la ciencia<\/strong>, fueron hallados por investigadores israel\u00edes, lo que aporta nuevos elementos sobre el curso de la evoluci\u00f3n humana, se inform\u00f3 este jueves.<\/p>\n<p>Excavaciones arqueol\u00f3gicas cerca de la ciudad central de\u00a0<strong>Ramla<\/strong>, a cargo de un equipo de la Universidad Hebrea de Jerusal\u00e9n, descubrieron restos prehist\u00f3ricos que no corresponden a ninguna especie conocida de Homo, incluidos los humanos modernos (Homo sapiens), inform\u00f3 la agencia de noticias AFP.<\/p>\n<p>En un estudio publicado en la revista Science, antrop\u00f3logos y arque\u00f3logos de la Universidad de Tel Aviv, encabezados por\u00a0<strong>Yossi Zaidner,<\/strong>\u00a0bautizaron el hallazgo como \u00ab<strong>Nesher Ramla<\/strong>\u00ab, por el sitio donde fueron encontrados los restos.<\/p>\n<p>\u00abAl mismo tiempo, este tipo de Homo es\u00a0<strong>muy diferente de los humanos modernos<\/strong>, con una estructura de cr\u00e1neo completamente diferente, sin ment\u00f3n y con dientes muy grandes\u00bb, precisaron.<\/p>\n<p><a data-flickr-embed=\"true\" href=\"https:\/\/www.flickr.com\/photos\/182279889@N02\/51269902358\/in\/dateposted-public\/\" title=\"Nesher Ramla\"><img loading=\"lazy\" decoding=\"async\" src=\"https:\/\/live.staticflickr.com\/65535\/51269902358_f058fbed86_c.jpg\" width=\"727\" height=\"410\" alt=\"Nesher Ramla\"><\/a><script async src=\"\/\/embedr.flickr.com\/assets\/client-code.js\" charset=\"utf-8\"><\/script><\/p>\n<p>Adem\u00e1s de los restos humanos, la excavaci\u00f3n encontr\u00f3 gran cantidad de huesos de animales y herramientas de piedra, agreg\u00f3 AFP.<\/p>\n<p>\u00abLos hallazgos arqueol\u00f3gicos asociados con f\u00f3siles humanos muestran que el Nesher Ramla Homo ten\u00eda t\u00e9cnicas avanzadas de producci\u00f3n de herramientas de piedra, y posiblemente interactu\u00f3 con el Homo sapiens\u00bb, dijo Zaidner.<\/p>\n<p>\u00abNunca imaginamos que, junto al Homo sapiens, un Homo arcaico rondara la tierra en una fase tan avanzada de la historia humana\u00bb, a\u00f1adi\u00f3.<\/p>\n<p>Los investigadores sugirieron que algunos f\u00f3siles previamente encontrados en Israel, que datan de hasta hace 400.000 a\u00f1os, podr\u00edan pertenecer al mismo tipo de humano prehist\u00f3rico.<\/p>\n<p>El descubrimiento del Nesher Ramla\u00a0<strong>pone en duda la teor\u00eda de que los Neandertal surgieron primero en Europa<\/strong>\u00a0antes de migrar al sur, seg\u00fan AFP.<\/p>\n<p>\u00abNuestros hallazgos sugieren que los famosos Neandertal de Europa Occidental son los \u00fanicos remanentes de una poblaci\u00f3n mucho mayor que vivi\u00f3 aqu\u00ed en el Levante, y no al contrario\u00bb, dijo por su parte el antrop\u00f3logo Israel Hershkovitz, de la Universidad de Tel Aviv.<\/p>\n<p>La dentista y antrop\u00f3loga Rachel Sarig, de la Universidad de Tel Aviv, dijo que los hallazgos indican que \u00abcomo una encrucijada entre \u00c1frica, Europa y Asia, la tierra de Israel sirvi\u00f3 como un crisol donde diferentes poblaciones humanas se mezclaron una con la otra, para luego extenderse por el Viejo Mundo\u00bb.<\/p><\/div>\n<\/div>\n<\/div>\n<\/div>\n<\/div>\n","protected":false},"excerpt":{"rendered":"<p>La osamenta data de hace 140.000 a 120.000 a\u00f1os y comparte rasgos comunes con los Neandertal y otros tipos de hombre arcaico, indicaron los investigadores en un comunicado.<\/p>\n","protected":false},"author":3,"featured_media":0,"comment_status":"closed","ping_status":"closed","sticky":false,"template":"","format":"standard","meta":{"footnotes":""},"categories":[46,35],"tags":[],"class_list":["post-59274","post","type-post","status-publish","format-standard","hentry","category-ciencia-y-tecnologia","category-cultura"],"yoast_head":"<!-- This site is optimized with the Yoast SEO plugin v25.9 - https:\/\/yoast.com\/wordpress\/plugins\/seo\/ -->\n<title>Investigadores israel\u00edes hallaron restos de una nueva especie de hombre prehist\u00f3rico - Noticias Radio Reflejos<\/title>\n<meta name=\"robots\" content=\"index, follow, max-snippet:-1, max-image-preview:large, max-video-preview:-1\" \/>\n<link rel=\"canonical\" href=\"https:\/\/www.noticiasradioreflejos.com.ar\/2021\/investigadores-israelies-hallaron-restos-de-una-nueva-especie-de-hombre-prehistorico\/\" \/>\n<meta property=\"og:locale\" content=\"es_ES\" \/>\n<meta property=\"og:type\" content=\"article\" \/>\n<meta property=\"og:title\" content=\"Investigadores israel\u00edes hallaron restos de una nueva especie de hombre prehist\u00f3rico - Noticias Radio Reflejos\" \/>\n<meta property=\"og:description\" content=\"La osamenta data de hace 140.000 a 120.000 a\u00f1os y comparte rasgos comunes con los Neandertal y otros tipos de hombre arcaico, indicaron los investigadores en un comunicado.\" \/>\n<meta property=\"og:url\" content=\"https:\/\/www.noticiasradioreflejos.com.ar\/2021\/investigadores-israelies-hallaron-restos-de-una-nueva-especie-de-hombre-prehistorico\/\" \/>\n<meta property=\"og:site_name\" content=\"Noticias Radio Reflejos\" \/>\n<meta property=\"article:published_time\" content=\"2021-06-25T11:29:17+00:00\" \/>\n<meta property=\"og:image\" content=\"https:\/\/www.telam.com.ar\/advf\/imagenes\/2014\/09\/541ee86563252_1004x669.jpg\" \/>\n<meta name=\"author\" content=\"Arnaldo Botto\" \/>\n<meta name=\"twitter:card\" content=\"summary_large_image\" \/>\n<script type=\"application\/ld+json\" class=\"yoast-schema-graph\">{\"@context\":\"https:\/\/schema.org\",\"@graph\":[{\"@type\":\"WebPage\",\"@id\":\"https:\/\/www.noticiasradioreflejos.com.ar\/2021\/investigadores-israelies-hallaron-restos-de-una-nueva-especie-de-hombre-prehistorico\/\",\"url\":\"https:\/\/www.noticiasradioreflejos.com.ar\/2021\/investigadores-israelies-hallaron-restos-de-una-nueva-especie-de-hombre-prehistorico\/\",\"name\":\"Investigadores israel\u00edes hallaron restos de una nueva especie de hombre prehist\u00f3rico - Noticias Radio Reflejos\",\"isPartOf\":{\"@id\":\"https:\/\/www.noticiasradioreflejos.com.ar\/2021\/#website\"},\"primaryImageOfPage\":{\"@id\":\"https:\/\/www.noticiasradioreflejos.com.ar\/2021\/investigadores-israelies-hallaron-restos-de-una-nueva-especie-de-hombre-prehistorico\/#primaryimage\"},\"image\":{\"@id\":\"https:\/\/www.noticiasradioreflejos.com.ar\/2021\/investigadores-israelies-hallaron-restos-de-una-nueva-especie-de-hombre-prehistorico\/#primaryimage\"},\"thumbnailUrl\":\"https:\/\/www.telam.com.ar\/advf\/imagenes\/2014\/09\/541ee86563252_1004x669.jpg\",\"datePublished\":\"2021-06-25T11:29:17+00:00\",\"author\":{\"@id\":\"https:\/\/www.noticiasradioreflejos.com.ar\/2021\/#\/schema\/person\/ad82545263dcc5ec0996818884fd5fb1\"},\"breadcrumb\":{\"@id\":\"https:\/\/www.noticiasradioreflejos.com.ar\/2021\/investigadores-israelies-hallaron-restos-de-una-nueva-especie-de-hombre-prehistorico\/#breadcrumb\"},\"inLanguage\":\"es\",\"potentialAction\":[{\"@type\":\"ReadAction\",\"target\":[\"https:\/\/www.noticiasradioreflejos.com.ar\/2021\/investigadores-israelies-hallaron-restos-de-una-nueva-especie-de-hombre-prehistorico\/\"]}]},{\"@type\":\"ImageObject\",\"inLanguage\":\"es\",\"@id\":\"https:\/\/www.noticiasradioreflejos.com.ar\/2021\/investigadores-israelies-hallaron-restos-de-una-nueva-especie-de-hombre-prehistorico\/#primaryimage\",\"url\":\"https:\/\/www.telam.com.ar\/advf\/imagenes\/2014\/09\/541ee86563252_1004x669.jpg\",\"contentUrl\":\"https:\/\/www.telam.com.ar\/advf\/imagenes\/2014\/09\/541ee86563252_1004x669.jpg\"},{\"@type\":\"BreadcrumbList\",\"@id\":\"https:\/\/www.noticiasradioreflejos.com.ar\/2021\/investigadores-israelies-hallaron-restos-de-una-nueva-especie-de-hombre-prehistorico\/#breadcrumb\",\"itemListElement\":[{\"@type\":\"ListItem\",\"position\":1,\"name\":\"Portada\",\"item\":\"https:\/\/www.noticiasradioreflejos.com.ar\/2021\/\"},{\"@type\":\"ListItem\",\"position\":2,\"name\":\"Investigadores israel\u00edes hallaron restos de una nueva especie de hombre prehist\u00f3rico\"}]},{\"@type\":\"WebSite\",\"@id\":\"https:\/\/www.noticiasradioreflejos.com.ar\/2021\/#website\",\"url\":\"https:\/\/www.noticiasradioreflejos.com.ar\/2021\/\",\"name\":\"Noticias Radio Reflejos\",\"description\":\"Las noticias de mi comarca\",\"potentialAction\":[{\"@type\":\"SearchAction\",\"target\":{\"@type\":\"EntryPoint\",\"urlTemplate\":\"https:\/\/www.noticiasradioreflejos.com.ar\/2021\/?s={search_term_string}\"},\"query-input\":{\"@type\":\"PropertyValueSpecification\",\"valueRequired\":true,\"valueName\":\"search_term_string\"}}],\"inLanguage\":\"es\"},{\"@type\":\"Person\",\"@id\":\"https:\/\/www.noticiasradioreflejos.com.ar\/2021\/#\/schema\/person\/ad82545263dcc5ec0996818884fd5fb1\",\"name\":\"Arnaldo Botto\",\"image\":{\"@type\":\"ImageObject\",\"inLanguage\":\"es\",\"@id\":\"https:\/\/www.noticiasradioreflejos.com.ar\/2021\/#\/schema\/person\/image\/\",\"url\":\"https:\/\/secure.gravatar.com\/avatar\/55cb5e37c1efa326397366e6974cb338056df65cb50e7d64d1cf314e87504837?s=96&d=mm&r=g\",\"contentUrl\":\"https:\/\/secure.gravatar.com\/avatar\/55cb5e37c1efa326397366e6974cb338056df65cb50e7d64d1cf314e87504837?s=96&d=mm&r=g\",\"caption\":\"Arnaldo Botto\"},\"url\":\"https:\/\/www.noticiasradioreflejos.com.ar\/2021\/author\/arnaldo\/\"}]}<\/script>\n<!-- \/ Yoast SEO plugin. -->","yoast_head_json":{"title":"Investigadores israel\u00edes hallaron restos de una nueva especie de hombre prehist\u00f3rico - Noticias Radio Reflejos","robots":{"index":"index","follow":"follow","max-snippet":"max-snippet:-1","max-image-preview":"max-image-preview:large","max-video-preview":"max-video-preview:-1"},"canonical":"https:\/\/www.noticiasradioreflejos.com.ar\/2021\/investigadores-israelies-hallaron-restos-de-una-nueva-especie-de-hombre-prehistorico\/","og_locale":"es_ES","og_type":"article","og_title":"Investigadores israel\u00edes hallaron restos de una nueva especie de hombre prehist\u00f3rico - Noticias Radio Reflejos","og_description":"La osamenta data de hace 140.000 a 120.000 a\u00f1os y comparte rasgos comunes con los Neandertal y otros tipos de hombre arcaico, indicaron los investigadores en un comunicado.","og_url":"https:\/\/www.noticiasradioreflejos.com.ar\/2021\/investigadores-israelies-hallaron-restos-de-una-nueva-especie-de-hombre-prehistorico\/","og_site_name":"Noticias Radio Reflejos","article_published_time":"2021-06-25T11:29:17+00:00","og_image":[{"url":"https:\/\/www.telam.com.ar\/advf\/imagenes\/2014\/09\/541ee86563252_1004x669.jpg","type":"","width":"","height":""}],"author":"Arnaldo Botto","twitter_card":"summary_large_image","schema":{"@context":"https:\/\/schema.org","@graph":[{"@type":"WebPage","@id":"https:\/\/www.noticiasradioreflejos.com.ar\/2021\/investigadores-israelies-hallaron-restos-de-una-nueva-especie-de-hombre-prehistorico\/","url":"https:\/\/www.noticiasradioreflejos.com.ar\/2021\/investigadores-israelies-hallaron-restos-de-una-nueva-especie-de-hombre-prehistorico\/","name":"Investigadores israel\u00edes hallaron restos de una nueva especie de hombre prehist\u00f3rico - Noticias Radio Reflejos","isPartOf":{"@id":"https:\/\/www.noticiasradioreflejos.com.ar\/2021\/#website"},"primaryImageOfPage":{"@id":"https:\/\/www.noticiasradioreflejos.com.ar\/2021\/investigadores-israelies-hallaron-restos-de-una-nueva-especie-de-hombre-prehistorico\/#primaryimage"},"image":{"@id":"https:\/\/www.noticiasradioreflejos.com.ar\/2021\/investigadores-israelies-hallaron-restos-de-una-nueva-especie-de-hombre-prehistorico\/#primaryimage"},"thumbnailUrl":"https:\/\/www.telam.com.ar\/advf\/imagenes\/2014\/09\/541ee86563252_1004x669.jpg","datePublished":"2021-06-25T11:29:17+00:00","author":{"@id":"https:\/\/www.noticiasradioreflejos.com.ar\/2021\/#\/schema\/person\/ad82545263dcc5ec0996818884fd5fb1"},"breadcrumb":{"@id":"https:\/\/www.noticiasradioreflejos.com.ar\/2021\/investigadores-israelies-hallaron-restos-de-una-nueva-especie-de-hombre-prehistorico\/#breadcrumb"},"inLanguage":"es","potentialAction":[{"@type":"ReadAction","target":["https:\/\/www.noticiasradioreflejos.com.ar\/2021\/investigadores-israelies-hallaron-restos-de-una-nueva-especie-de-hombre-prehistorico\/"]}]},{"@type":"ImageObject","inLanguage":"es","@id":"https:\/\/www.noticiasradioreflejos.com.ar\/2021\/investigadores-israelies-hallaron-restos-de-una-nueva-especie-de-hombre-prehistorico\/#primaryimage","url":"https:\/\/www.telam.com.ar\/advf\/imagenes\/2014\/09\/541ee86563252_1004x669.jpg","contentUrl":"https:\/\/www.telam.com.ar\/advf\/imagenes\/2014\/09\/541ee86563252_1004x669.jpg"},{"@type":"BreadcrumbList","@id":"https:\/\/www.noticiasradioreflejos.com.ar\/2021\/investigadores-israelies-hallaron-restos-de-una-nueva-especie-de-hombre-prehistorico\/#breadcrumb","itemListElement":[{"@type":"ListItem","position":1,"name":"Portada","item":"https:\/\/www.noticiasradioreflejos.com.ar\/2021\/"},{"@type":"ListItem","position":2,"name":"Investigadores israel\u00edes hallaron restos de una nueva especie de hombre prehist\u00f3rico"}]},{"@type":"WebSite","@id":"https:\/\/www.noticiasradioreflejos.com.ar\/2021\/#website","url":"https:\/\/www.noticiasradioreflejos.com.ar\/2021\/","name":"Noticias Radio Reflejos","description":"Las noticias de mi comarca","potentialAction":[{"@type":"SearchAction","target":{"@type":"EntryPoint","urlTemplate":"https:\/\/www.noticiasradioreflejos.com.ar\/2021\/?s={search_term_string}"},"query-input":{"@type":"PropertyValueSpecification","valueRequired":true,"valueName":"search_term_string"}}],"inLanguage":"es"},{"@type":"Person","@id":"https:\/\/www.noticiasradioreflejos.com.ar\/2021\/#\/schema\/person\/ad82545263dcc5ec0996818884fd5fb1","name":"Arnaldo Botto","image":{"@type":"ImageObject","inLanguage":"es","@id":"https:\/\/www.noticiasradioreflejos.com.ar\/2021\/#\/schema\/person\/image\/","url":"https:\/\/secure.gravatar.com\/avatar\/55cb5e37c1efa326397366e6974cb338056df65cb50e7d64d1cf314e87504837?s=96&d=mm&r=g","contentUrl":"https:\/\/secure.gravatar.com\/avatar\/55cb5e37c1efa326397366e6974cb338056df65cb50e7d64d1cf314e87504837?s=96&d=mm&r=g","caption":"Arnaldo Botto"},"url":"https:\/\/www.noticiasradioreflejos.com.ar\/2021\/author\/arnaldo\/"}]}},"_links":{"self":[{"href":"https:\/\/www.noticiasradioreflejos.com.ar\/2021\/wp-json\/wp\/v2\/posts\/59274","targetHints":{"allow":["GET"]}}],"collection":[{"href":"https:\/\/www.noticiasradioreflejos.com.ar\/2021\/wp-json\/wp\/v2\/posts"}],"about":[{"href":"https:\/\/www.noticiasradioreflejos.com.ar\/2021\/wp-json\/wp\/v2\/types\/post"}],"author":[{"embeddable":true,"href":"https:\/\/www.noticiasradioreflejos.com.ar\/2021\/wp-json\/wp\/v2\/users\/3"}],"replies":[{"embeddable":true,"href":"https:\/\/www.noticiasradioreflejos.com.ar\/2021\/wp-json\/wp\/v2\/comments?post=59274"}],"version-history":[{"count":2,"href":"https:\/\/www.noticiasradioreflejos.com.ar\/2021\/wp-json\/wp\/v2\/posts\/59274\/revisions"}],"predecessor-version":[{"id":59277,"href":"https:\/\/www.noticiasradioreflejos.com.ar\/2021\/wp-json\/wp\/v2\/posts\/59274\/revisions\/59277"}],"wp:attachment":[{"href":"https:\/\/www.noticiasradioreflejos.com.ar\/2021\/wp-json\/wp\/v2\/media?parent=59274"}],"wp:term":[{"taxonomy":"category","embeddable":true,"href":"https:\/\/www.noticiasradioreflejos.com.ar\/2021\/wp-json\/wp\/v2\/categories?post=59274"},{"taxonomy":"post_tag","embeddable":true,"href":"https:\/\/www.noticiasradioreflejos.com.ar\/2021\/wp-json\/wp\/v2\/tags?post=59274"}],"curies":[{"name":"wp","href":"https:\/\/api.w.org\/{rel}","templated":true}]}}