{"id":59271,"date":"2021-06-25T11:20:17","date_gmt":"2021-06-25T11:20:17","guid":{"rendered":"http:\/\/www.noticiasradioreflejos.com.ar\/2021\/?p=59271"},"modified":"2021-06-25T11:20:17","modified_gmt":"2021-06-25T11:20:17","slug":"nueve-parques-nacionales-sin-electricidad-tendran-ahora-energia-renovable","status":"publish","type":"post","link":"https:\/\/www.noticiasradioreflejos.com.ar\/2021\/nueve-parques-nacionales-sin-electricidad-tendran-ahora-energia-renovable\/","title":{"rendered":"Nueve Parques Nacionales sin electricidad tendr\u00e1n ahora energ\u00eda renovable"},"content":{"rendered":"<div class=\"head-content\">\n<p>As\u00ed lo establece un convenio firmado este jueves por el ministro de Ambiente y Desarrollo Sostenible, Juan Cabandi\u00e9, y el secretario de Energ\u00eda, Dar\u00edo Mart\u00ednez por el cual se invertir\u00e1n 375 millones de pesos.<\/p>\n<\/div>\n<p><!--more--><\/p>\n<div class=\"main-content-block\">\n<div class=\"main-box clearfix\">\n<div class=\"wrapper-main-section clearfix\">\n<div class=\"wrapper-editable-content\">\n<div class=\"editable-content clearfix\">\n<div id=\"image\" class=\"image\">\n<p><img decoding=\"async\" title=\"El acuerdo fue suscripto en Neuqu\u00e9n.\" src=\"https:\/\/www.telam.com.ar\/advf\/imagenes\/2020\/10\/5f91fd336b02f_1004x565.jpg\" alt=\"El acuerdo fue suscripto en Neuqu\u00e9n.\" \/><\/p>\n<div class=\"epigrafe\">El acuerdo fue suscripto en Neuqu\u00e9n.<\/div>\n<\/div>\n<p>Nueve Parques Nacionales de las zonas centro, noroeste y patagonia, que no contaban con energ\u00eda el\u00e9ctrica\u00a0<strong>tendr\u00e1n sistemas fotovoltaicos<\/strong>\u00a0que dotar\u00e1n a esas sedes de\u00a0<strong>energ\u00eda renovable<\/strong>, seg\u00fan un convenio firmado entre el Ministerio de Ambiente y la secretar\u00eda de Energ\u00eda de la Naci\u00f3n, inform\u00f3 la cartera ambiental.<\/p>\n<p>\u201cCon este convenio conectamos las \u00e1reas protegidas que no ten\u00edan luz y dejamos de contaminar, porque la energ\u00eda basada en combustibles es contaminante y genera gases de efecto invernadero\u201d, dijo Cabandi\u00e9.<\/p>\n<p>Por su parte, Mart\u00ednez se\u00f1al\u00f3 que estamos camino a la\u00a0<strong>transici\u00f3n energ\u00e9tica<\/strong>, y se vuelve necesario que lo encaremos entre todos\u00bb.<\/p>\n<p>\u00abCada vez m\u00e1s los procesos energ\u00e9ticos tienen que ser\u00a0<strong>amigables con el ambiente<\/strong>, como viene planteando el ministro Cabandi\u00e9 y en funci\u00f3n de un proyecto de pa\u00eds, adem\u00e1s que genera empleo y actividad, y esta es la salida de la Argentina\u201d.<\/p>\n<blockquote class=\"twitter-tweet\" data-width=\"500\" data-dnt=\"true\">\n<p lang=\"es\" dir=\"ltr\">Estamos en San Mart\u00edn de los Andes junto al ministro de @AmbienteNacion, <a href=\"https:\/\/twitter.com\/juancabandie?ref_src=twsrc%5Etfw\">@juancabandie<\/a>. Desde el Parque Nacional Lan\u00edn, pusimos en marcha una serie de acciones para garantizar la provisi\u00f3n de energ\u00edas renovables a las \u00e1reas protegidas de todo el pa\u00eds. <a href=\"https:\/\/t.co\/1RYufSQrd7\">pic.twitter.com\/1RYufSQrd7<\/a><\/p>\n<p>&mdash; Dar\u00edo Mart\u00ednez (@dariomartinezpj) <a href=\"https:\/\/twitter.com\/dariomartinezpj\/status\/1408177099714740225?ref_src=twsrc%5Etfw\">June 24, 2021<\/a><\/p><\/blockquote>\n<p><script async src=\"https:\/\/platform.twitter.com\/widgets.js\" charset=\"utf-8\"><\/script><\/p>\n<p>La iniciativa cuenta con una<strong>\u00a0inversi\u00f3n de 375 millones de pesos<\/strong>\u00a0y comprende la adquisici\u00f3n e instalaci\u00f3n de\u00a0<strong>53 sistemas fotovoltaicos\u00a0<\/strong>para los parques nacionales\u00a0<strong>Lan\u00edn<\/strong>, de\u00a0<strong>Neuqu\u00e9n<\/strong>;\u00a0<strong>Quebrada del C\u00f3ndor<\/strong>, de C\u00f3rdoba;<strong>\u00a0Isla de Santa Fe<\/strong>, de Santa Fe.<\/p>\n<p>Tambi\u00e9n para\u00a0<strong>El Palmar,<\/strong>\u00a0de Entre R\u00edos;\u00a0<strong>Talampaya<\/strong>, de La Rioja;\u00a0<strong>Aconquija<\/strong>, de Tucum\u00e1n;\u00a0<strong>Los Cardones<\/strong>, de Salta;\u00a0<strong>Calilegua<\/strong>, de Jujuy; y\u00a0<strong>Copo<\/strong>, de Santiago del Estero.<\/p>\n<p>Al mismo tiempo se equiparan tanto unidades habitacionales como sitios de uso p\u00fablico \u00ablo que permitir\u00e1 reducir el uso de combustibles f\u00f3siles y otros recursos naturales ara la iluminaci\u00f3n, cocci\u00f3n de alimentos y calefacci\u00f3n\u00bb, indic\u00f3 el Ministerio.<\/p>\n<p>La articulaci\u00f3n entre las carteras de Ambiente y Energ\u00eda se enmarca en el Proyecto de Energ\u00eda Renovable (Permer), que cuenta con financiamiento del Banco Mundial.<\/p>\n<p>El acuerdo, suscripto en la localidad neuquina de San Mart\u00edn de los Andes, tambi\u00e9n fue firmado por la jefa de Gabinete de la Secretar\u00eda de Energ\u00eda, Fernanda \u00c1lvarez.<\/p>\n<\/div>\n<\/div>\n<\/div>\n<\/div>\n<\/div>\n","protected":false},"excerpt":{"rendered":"<p>As\u00ed lo establece un convenio firmado este jueves por el ministro de Ambiente y Desarrollo Sostenible, Juan Cabandi\u00e9, y el secretario de Energ\u00eda, Dar\u00edo Mart\u00ednez por el cual se invertir\u00e1n 375 millones de pesos.<\/p>\n","protected":false},"author":3,"featured_media":0,"comment_status":"closed","ping_status":"closed","sticky":false,"template":"","format":"standard","meta":{"footnotes":""},"categories":[24,26],"tags":[],"class_list":["post-59271","post","type-post","status-publish","format-standard","hentry","category-politica","category-sociedad"],"yoast_head":"<!-- This site is optimized with the Yoast SEO plugin v25.9 - https:\/\/yoast.com\/wordpress\/plugins\/seo\/ -->\n<title>Nueve Parques Nacionales sin electricidad tendr\u00e1n ahora energ\u00eda renovable - Noticias Radio Reflejos<\/title>\n<meta name=\"robots\" content=\"index, follow, max-snippet:-1, max-image-preview:large, max-video-preview:-1\" \/>\n<link rel=\"canonical\" href=\"https:\/\/www.noticiasradioreflejos.com.ar\/2021\/nueve-parques-nacionales-sin-electricidad-tendran-ahora-energia-renovable\/\" \/>\n<meta property=\"og:locale\" content=\"es_ES\" \/>\n<meta property=\"og:type\" content=\"article\" \/>\n<meta property=\"og:title\" content=\"Nueve Parques Nacionales sin electricidad tendr\u00e1n ahora energ\u00eda renovable - Noticias Radio Reflejos\" \/>\n<meta property=\"og:description\" content=\"As\u00ed lo establece un convenio firmado este jueves por el ministro de Ambiente y Desarrollo Sostenible, Juan Cabandi\u00e9, y el secretario de Energ\u00eda, Dar\u00edo Mart\u00ednez por el cual se invertir\u00e1n 375 millones de pesos.\" \/>\n<meta property=\"og:url\" content=\"https:\/\/www.noticiasradioreflejos.com.ar\/2021\/nueve-parques-nacionales-sin-electricidad-tendran-ahora-energia-renovable\/\" \/>\n<meta property=\"og:site_name\" content=\"Noticias Radio Reflejos\" \/>\n<meta property=\"article:published_time\" content=\"2021-06-25T11:20:17+00:00\" \/>\n<meta property=\"og:image\" content=\"https:\/\/www.telam.com.ar\/advf\/imagenes\/2020\/10\/5f91fd336b02f_1004x565.jpg\" \/>\n<meta name=\"author\" content=\"Arnaldo Botto\" \/>\n<meta name=\"twitter:card\" content=\"summary_large_image\" \/>\n<script type=\"application\/ld+json\" class=\"yoast-schema-graph\">{\"@context\":\"https:\/\/schema.org\",\"@graph\":[{\"@type\":\"WebPage\",\"@id\":\"https:\/\/www.noticiasradioreflejos.com.ar\/2021\/nueve-parques-nacionales-sin-electricidad-tendran-ahora-energia-renovable\/\",\"url\":\"https:\/\/www.noticiasradioreflejos.com.ar\/2021\/nueve-parques-nacionales-sin-electricidad-tendran-ahora-energia-renovable\/\",\"name\":\"Nueve Parques Nacionales sin electricidad tendr\u00e1n ahora energ\u00eda renovable - Noticias Radio Reflejos\",\"isPartOf\":{\"@id\":\"https:\/\/www.noticiasradioreflejos.com.ar\/2021\/#website\"},\"primaryImageOfPage\":{\"@id\":\"https:\/\/www.noticiasradioreflejos.com.ar\/2021\/nueve-parques-nacionales-sin-electricidad-tendran-ahora-energia-renovable\/#primaryimage\"},\"image\":{\"@id\":\"https:\/\/www.noticiasradioreflejos.com.ar\/2021\/nueve-parques-nacionales-sin-electricidad-tendran-ahora-energia-renovable\/#primaryimage\"},\"thumbnailUrl\":\"https:\/\/www.telam.com.ar\/advf\/imagenes\/2020\/10\/5f91fd336b02f_1004x565.jpg\",\"datePublished\":\"2021-06-25T11:20:17+00:00\",\"author\":{\"@id\":\"https:\/\/www.noticiasradioreflejos.com.ar\/2021\/#\/schema\/person\/ad82545263dcc5ec0996818884fd5fb1\"},\"breadcrumb\":{\"@id\":\"https:\/\/www.noticiasradioreflejos.com.ar\/2021\/nueve-parques-nacionales-sin-electricidad-tendran-ahora-energia-renovable\/#breadcrumb\"},\"inLanguage\":\"es\",\"potentialAction\":[{\"@type\":\"ReadAction\",\"target\":[\"https:\/\/www.noticiasradioreflejos.com.ar\/2021\/nueve-parques-nacionales-sin-electricidad-tendran-ahora-energia-renovable\/\"]}]},{\"@type\":\"ImageObject\",\"inLanguage\":\"es\",\"@id\":\"https:\/\/www.noticiasradioreflejos.com.ar\/2021\/nueve-parques-nacionales-sin-electricidad-tendran-ahora-energia-renovable\/#primaryimage\",\"url\":\"https:\/\/www.telam.com.ar\/advf\/imagenes\/2020\/10\/5f91fd336b02f_1004x565.jpg\",\"contentUrl\":\"https:\/\/www.telam.com.ar\/advf\/imagenes\/2020\/10\/5f91fd336b02f_1004x565.jpg\"},{\"@type\":\"BreadcrumbList\",\"@id\":\"https:\/\/www.noticiasradioreflejos.com.ar\/2021\/nueve-parques-nacionales-sin-electricidad-tendran-ahora-energia-renovable\/#breadcrumb\",\"itemListElement\":[{\"@type\":\"ListItem\",\"position\":1,\"name\":\"Portada\",\"item\":\"https:\/\/www.noticiasradioreflejos.com.ar\/2021\/\"},{\"@type\":\"ListItem\",\"position\":2,\"name\":\"Nueve Parques Nacionales sin electricidad tendr\u00e1n ahora energ\u00eda renovable\"}]},{\"@type\":\"WebSite\",\"@id\":\"https:\/\/www.noticiasradioreflejos.com.ar\/2021\/#website\",\"url\":\"https:\/\/www.noticiasradioreflejos.com.ar\/2021\/\",\"name\":\"Noticias Radio Reflejos\",\"description\":\"Las noticias de mi comarca\",\"potentialAction\":[{\"@type\":\"SearchAction\",\"target\":{\"@type\":\"EntryPoint\",\"urlTemplate\":\"https:\/\/www.noticiasradioreflejos.com.ar\/2021\/?s={search_term_string}\"},\"query-input\":{\"@type\":\"PropertyValueSpecification\",\"valueRequired\":true,\"valueName\":\"search_term_string\"}}],\"inLanguage\":\"es\"},{\"@type\":\"Person\",\"@id\":\"https:\/\/www.noticiasradioreflejos.com.ar\/2021\/#\/schema\/person\/ad82545263dcc5ec0996818884fd5fb1\",\"name\":\"Arnaldo Botto\",\"image\":{\"@type\":\"ImageObject\",\"inLanguage\":\"es\",\"@id\":\"https:\/\/www.noticiasradioreflejos.com.ar\/2021\/#\/schema\/person\/image\/\",\"url\":\"https:\/\/secure.gravatar.com\/avatar\/55cb5e37c1efa326397366e6974cb338056df65cb50e7d64d1cf314e87504837?s=96&d=mm&r=g\",\"contentUrl\":\"https:\/\/secure.gravatar.com\/avatar\/55cb5e37c1efa326397366e6974cb338056df65cb50e7d64d1cf314e87504837?s=96&d=mm&r=g\",\"caption\":\"Arnaldo Botto\"},\"url\":\"https:\/\/www.noticiasradioreflejos.com.ar\/2021\/author\/arnaldo\/\"}]}<\/script>\n<!-- \/ Yoast SEO plugin. -->","yoast_head_json":{"title":"Nueve Parques Nacionales sin electricidad tendr\u00e1n ahora energ\u00eda renovable - Noticias Radio Reflejos","robots":{"index":"index","follow":"follow","max-snippet":"max-snippet:-1","max-image-preview":"max-image-preview:large","max-video-preview":"max-video-preview:-1"},"canonical":"https:\/\/www.noticiasradioreflejos.com.ar\/2021\/nueve-parques-nacionales-sin-electricidad-tendran-ahora-energia-renovable\/","og_locale":"es_ES","og_type":"article","og_title":"Nueve Parques Nacionales sin electricidad tendr\u00e1n ahora energ\u00eda renovable - Noticias Radio Reflejos","og_description":"As\u00ed lo establece un convenio firmado este jueves por el ministro de Ambiente y Desarrollo Sostenible, Juan Cabandi\u00e9, y el secretario de Energ\u00eda, Dar\u00edo Mart\u00ednez por el cual se invertir\u00e1n 375 millones de pesos.","og_url":"https:\/\/www.noticiasradioreflejos.com.ar\/2021\/nueve-parques-nacionales-sin-electricidad-tendran-ahora-energia-renovable\/","og_site_name":"Noticias Radio Reflejos","article_published_time":"2021-06-25T11:20:17+00:00","og_image":[{"url":"https:\/\/www.telam.com.ar\/advf\/imagenes\/2020\/10\/5f91fd336b02f_1004x565.jpg","type":"","width":"","height":""}],"author":"Arnaldo Botto","twitter_card":"summary_large_image","schema":{"@context":"https:\/\/schema.org","@graph":[{"@type":"WebPage","@id":"https:\/\/www.noticiasradioreflejos.com.ar\/2021\/nueve-parques-nacionales-sin-electricidad-tendran-ahora-energia-renovable\/","url":"https:\/\/www.noticiasradioreflejos.com.ar\/2021\/nueve-parques-nacionales-sin-electricidad-tendran-ahora-energia-renovable\/","name":"Nueve Parques Nacionales sin electricidad tendr\u00e1n ahora energ\u00eda renovable - Noticias Radio Reflejos","isPartOf":{"@id":"https:\/\/www.noticiasradioreflejos.com.ar\/2021\/#website"},"primaryImageOfPage":{"@id":"https:\/\/www.noticiasradioreflejos.com.ar\/2021\/nueve-parques-nacionales-sin-electricidad-tendran-ahora-energia-renovable\/#primaryimage"},"image":{"@id":"https:\/\/www.noticiasradioreflejos.com.ar\/2021\/nueve-parques-nacionales-sin-electricidad-tendran-ahora-energia-renovable\/#primaryimage"},"thumbnailUrl":"https:\/\/www.telam.com.ar\/advf\/imagenes\/2020\/10\/5f91fd336b02f_1004x565.jpg","datePublished":"2021-06-25T11:20:17+00:00","author":{"@id":"https:\/\/www.noticiasradioreflejos.com.ar\/2021\/#\/schema\/person\/ad82545263dcc5ec0996818884fd5fb1"},"breadcrumb":{"@id":"https:\/\/www.noticiasradioreflejos.com.ar\/2021\/nueve-parques-nacionales-sin-electricidad-tendran-ahora-energia-renovable\/#breadcrumb"},"inLanguage":"es","potentialAction":[{"@type":"ReadAction","target":["https:\/\/www.noticiasradioreflejos.com.ar\/2021\/nueve-parques-nacionales-sin-electricidad-tendran-ahora-energia-renovable\/"]}]},{"@type":"ImageObject","inLanguage":"es","@id":"https:\/\/www.noticiasradioreflejos.com.ar\/2021\/nueve-parques-nacionales-sin-electricidad-tendran-ahora-energia-renovable\/#primaryimage","url":"https:\/\/www.telam.com.ar\/advf\/imagenes\/2020\/10\/5f91fd336b02f_1004x565.jpg","contentUrl":"https:\/\/www.telam.com.ar\/advf\/imagenes\/2020\/10\/5f91fd336b02f_1004x565.jpg"},{"@type":"BreadcrumbList","@id":"https:\/\/www.noticiasradioreflejos.com.ar\/2021\/nueve-parques-nacionales-sin-electricidad-tendran-ahora-energia-renovable\/#breadcrumb","itemListElement":[{"@type":"ListItem","position":1,"name":"Portada","item":"https:\/\/www.noticiasradioreflejos.com.ar\/2021\/"},{"@type":"ListItem","position":2,"name":"Nueve Parques Nacionales sin electricidad tendr\u00e1n ahora energ\u00eda renovable"}]},{"@type":"WebSite","@id":"https:\/\/www.noticiasradioreflejos.com.ar\/2021\/#website","url":"https:\/\/www.noticiasradioreflejos.com.ar\/2021\/","name":"Noticias Radio Reflejos","description":"Las noticias de mi comarca","potentialAction":[{"@type":"SearchAction","target":{"@type":"EntryPoint","urlTemplate":"https:\/\/www.noticiasradioreflejos.com.ar\/2021\/?s={search_term_string}"},"query-input":{"@type":"PropertyValueSpecification","valueRequired":true,"valueName":"search_term_string"}}],"inLanguage":"es"},{"@type":"Person","@id":"https:\/\/www.noticiasradioreflejos.com.ar\/2021\/#\/schema\/person\/ad82545263dcc5ec0996818884fd5fb1","name":"Arnaldo Botto","image":{"@type":"ImageObject","inLanguage":"es","@id":"https:\/\/www.noticiasradioreflejos.com.ar\/2021\/#\/schema\/person\/image\/","url":"https:\/\/secure.gravatar.com\/avatar\/55cb5e37c1efa326397366e6974cb338056df65cb50e7d64d1cf314e87504837?s=96&d=mm&r=g","contentUrl":"https:\/\/secure.gravatar.com\/avatar\/55cb5e37c1efa326397366e6974cb338056df65cb50e7d64d1cf314e87504837?s=96&d=mm&r=g","caption":"Arnaldo Botto"},"url":"https:\/\/www.noticiasradioreflejos.com.ar\/2021\/author\/arnaldo\/"}]}},"_links":{"self":[{"href":"https:\/\/www.noticiasradioreflejos.com.ar\/2021\/wp-json\/wp\/v2\/posts\/59271","targetHints":{"allow":["GET"]}}],"collection":[{"href":"https:\/\/www.noticiasradioreflejos.com.ar\/2021\/wp-json\/wp\/v2\/posts"}],"about":[{"href":"https:\/\/www.noticiasradioreflejos.com.ar\/2021\/wp-json\/wp\/v2\/types\/post"}],"author":[{"embeddable":true,"href":"https:\/\/www.noticiasradioreflejos.com.ar\/2021\/wp-json\/wp\/v2\/users\/3"}],"replies":[{"embeddable":true,"href":"https:\/\/www.noticiasradioreflejos.com.ar\/2021\/wp-json\/wp\/v2\/comments?post=59271"}],"version-history":[{"count":1,"href":"https:\/\/www.noticiasradioreflejos.com.ar\/2021\/wp-json\/wp\/v2\/posts\/59271\/revisions"}],"predecessor-version":[{"id":59273,"href":"https:\/\/www.noticiasradioreflejos.com.ar\/2021\/wp-json\/wp\/v2\/posts\/59271\/revisions\/59273"}],"wp:attachment":[{"href":"https:\/\/www.noticiasradioreflejos.com.ar\/2021\/wp-json\/wp\/v2\/media?parent=59271"}],"wp:term":[{"taxonomy":"category","embeddable":true,"href":"https:\/\/www.noticiasradioreflejos.com.ar\/2021\/wp-json\/wp\/v2\/categories?post=59271"},{"taxonomy":"post_tag","embeddable":true,"href":"https:\/\/www.noticiasradioreflejos.com.ar\/2021\/wp-json\/wp\/v2\/tags?post=59271"}],"curies":[{"name":"wp","href":"https:\/\/api.w.org\/{rel}","templated":true}]}}